{"id":132153,"date":"2025-11-06T18:45:00","date_gmt":"2025-11-06T21:45:00","guid":{"rendered":"https:\/\/www.correiobraziliense.com.br\/cbradar\/?p=132153"},"modified":"2025-11-05T23:51:00","modified_gmt":"2025-11-06T02:51:00","slug":"o-que-significa-que-algumas-pessoas-nao-gostam-de-animais-segundo-a-psicologia","status":"publish","type":"post","link":"https:\/\/www.correiobraziliense.com.br\/cbradar\/o-que-significa-que-algumas-pessoas-nao-gostam-de-animais-segundo-a-psicologia\/","title":{"rendered":"O que significa que algumas pessoas n\u00e3o gostam de animais, segundo a psicologia"},"content":{"rendered":"\n<p>Os <strong>animais<\/strong>, em suas diferentes esp\u00e9cies, despertam emo\u00e7\u00f5es variadas nas pessoas, desde profundo <strong>amor<\/strong> at\u00e9 certa indiferen\u00e7a. Nem todos consideram os animais de estima\u00e7\u00e3o como membros da fam\u00edlia, e prefer\u00eancias ou experi\u00eancias individuais explicam essas diferen\u00e7as, com ra\u00edzes tanto na psicologia quanto na hist\u00f3ria pessoal de cada um.<\/p>\n\n\n\n<h2 class=\"wp-block-heading\">O que leva algumas pessoas a evitar o contato com animais<\/h2>\n\n\n\n<p>Segundo estudos de <strong>psicologia<\/strong>, n\u00e3o se deve julgar aqueles que optam por evitar animais. Muitas vezes, experi\u00eancias traum\u00e1ticas passadas ou a <strong>educa\u00e7\u00e3o<\/strong> recebida, como ter presenciado situa\u00e7\u00f5es negativas, influenciam a forma\u00e7\u00e3o desse comportamento.<\/p>\n\n\n\n<p>Esse distanciamento tamb\u00e9m pode surgir de fatores culturais ou familiares, onde crian\u00e7as criadas em ambientes sem contato com animais tendem a desenvolver uma certa avers\u00e3o.<\/p>\n\n\n\n<figure class=\"wp-block-image size-large\"><img decoding=\"async\" width=\"1024\" height=\"576\" src=\"https:\/\/www.correiobraziliense.com.br\/cbradar\/wp-content\/uploads\/2025\/11\/Aversao-a-Animais-Perspectiva-Psicologica-Alternativa-1024x576.png\" alt=\"O que significa que algumas pessoas n\u00e3o gostam de animais, segundo a psicologia\" class=\"wp-image-132156\" srcset=\"https:\/\/www.correiobraziliense.com.br\/cbradar\/wp-content\/uploads\/2025\/11\/Aversao-a-Animais-Perspectiva-Psicologica-Alternativa-1024x576.png 1024w, https:\/\/www.correiobraziliense.com.br\/cbradar\/wp-content\/uploads\/2025\/11\/Aversao-a-Animais-Perspectiva-Psicologica-Alternativa-300x169.png 300w, https:\/\/www.correiobraziliense.com.br\/cbradar\/wp-content\/uploads\/2025\/11\/Aversao-a-Animais-Perspectiva-Psicologica-Alternativa-768x432.png 768w, https:\/\/www.correiobraziliense.com.br\/cbradar\/wp-content\/uploads\/2025\/11\/Aversao-a-Animais-Perspectiva-Psicologica-Alternativa-750x422.png 750w, https:\/\/www.correiobraziliense.com.br\/cbradar\/wp-content\/uploads\/2025\/11\/Aversao-a-Animais-Perspectiva-Psicologica-Alternativa-1140x641.png 1140w, https:\/\/www.correiobraziliense.com.br\/cbradar\/wp-content\/uploads\/2025\/11\/Aversao-a-Animais-Perspectiva-Psicologica-Alternativa.png 1280w\" sizes=\"(max-width: 1024px) 100vw, 1024px\" \/><figcaption class=\"wp-element-caption\">A rela\u00e7\u00e3o affectiva com pets pode melhorar a sa\u00fade mental, ajudando a enfrentar depress\u00e3o, ansiedade e solid\u00e3o.<\/figcaption><\/figure>\n\n\n\n<h2 class=\"wp-block-heading\">Quais s\u00e3o os principais motivos para n\u00e3o ter animais de estima\u00e7\u00e3o<\/h2>\n\n\n\n<p>Os motivos para n\u00e3o possuir animais de estima\u00e7\u00e3o s\u00e3o diversos e v\u00e3o al\u00e9m da simples prefer\u00eancia pessoal. Muitas pessoas sentem preocupa\u00e7\u00e3o com aspectos pr\u00e1ticos do conv\u00edvio com um animal e preferem evitar qualquer inc\u00f4modo que isso possa trazer ao seu dia a dia.<\/p>\n\n\n\n<p>Entre as raz\u00f5es mais comuns para essa escolha, destacam-se:<\/p>\n\n\n\n<ul class=\"wp-block-list\">\n<li><strong>Prefer\u00eancia<\/strong> por um ambiente limpo e higi\u00eanico.<\/li>\n\n\n\n<li>Experi\u00eancias negativas anteriores com <strong>animais<\/strong>.<\/li>\n\n\n\n<li>Influ\u00eancia de press\u00e3o familiar ou social para n\u00e3o estabelecer v\u00ednculos com animais.<\/li>\n<\/ul>\n\n\n\n<p>Leia tamb\u00e9m: <a href=\"https:\/\/www.correiobraziliense.com.br\/cbradar\/o-que-significa-mover-os-bracos-ao-caminhar-segundo-a-psicologia\/\" target=\"_blank\" rel=\"noreferrer noopener\">O que significa mover os bra\u00e7os ao caminhar, segundo a psicologia<\/a><\/p>\n\n\n\n<h2 class=\"wp-block-heading\">O amor pelos animais \u00e9 uma caracter\u00edstica universal?<\/h2>\n\n\n\n<p>O desejo de ter <strong>animais de estima\u00e7\u00e3o<\/strong> n\u00e3o \u00e9 uma caracter\u00edstica universal \u2014 ele varia muito entre culturas e contextos sociais. Em muitas regi\u00f5es do mundo, a posse de animais de estima\u00e7\u00e3o n\u00e3o \u00e9 uma tradi\u00e7\u00e3o comum e, mesmo em sociedades onde \u00e9 normal, algumas pessoas simplesmente n\u00e3o se sentem atra\u00eddas por isso.<\/p>\n\n\n\n<p>Segundo especialistas como John Bradshaw, as diferen\u00e7as culturais e os costumes familiares moldam a afinidade pelas diferentes esp\u00e9cies animais e explicam por que nem todos desenvolvem esse apego.<\/p>\n\n\n\n<blockquote class=\"tiktok-embed\" cite=\"https:\/\/www.tiktok.com\/@mariamirato\/video\/7353701189189520645\" data-video-id=\"7353701189189520645\" style=\"max-width: 605px;min-width: 325px;\" > <section> <a target=\"_blank\" title=\"@mariamirato\" href=\"https:\/\/www.tiktok.com\/@mariamirato?refer=embed\">@mariamirato<\/a> <a title=\"psicologia\" target=\"_blank\" href=\"https:\/\/www.tiktok.com\/tag\/psicologia?refer=embed\">#psicologia<\/a> <a title=\"fyp\u30b7\" target=\"_blank\" href=\"https:\/\/www.tiktok.com\/tag\/fyp%E3%82%B7?refer=embed\">#fyp\u30b7<\/a> <a title=\"fobia\" target=\"_blank\" href=\"https:\/\/www.tiktok.com\/tag\/fobia?refer=embed\">#fobia<\/a> <a title=\"fyp\" target=\"_blank\" href=\"https:\/\/www.tiktok.com\/tag\/fyp?refer=embed\">#fyp<\/a> <a target=\"_blank\" title=\"\u266c som original - mariamirato\" href=\"https:\/\/www.tiktok.com\/music\/som-original-7353701231105166086?refer=embed\">\u266c som original &#8211; mariamirato<\/a> <\/section> <\/blockquote> <script async src=\"https:\/\/www.tiktok.com\/embed.js\"><\/script>\n\n\n\n<h2 class=\"wp-block-heading\">Como o desgosto por animais pode impactar a conviv\u00eancia<\/h2>\n\n\n\n<p>A <strong>rejei\u00e7\u00e3o<\/strong> aos animais se torna preocupante quando evolui para atos de crueldade ou maus-tratos. \u00c9 fundamental diferenciar o simples desinteresse de comportamentos agressivos, que podem indicar problemas psicol\u00f3gicos mais profundos e precisam de aten\u00e7\u00e3o especializada.<\/p>\n\n\n\n<p>Para promover uma <strong>conviv\u00eancia harmoniosa<\/strong>, \u00e9 importante respeitar todas as formas de vida, mesmo aquelas pelas quais n\u00e3o temos apre\u00e7o, estimulando a empatia e entendendo as raz\u00f5es das distintas prefer\u00eancias.<\/p>\n","protected":false},"excerpt":{"rendered":"<p>Exploramos por que algumas pessoas n\u00e3o se conectam com animais, desmistificando preconceitos e enfatizando empatia, segundo a psicologia moderna.<\/p>\n","protected":false},"author":3,"featured_media":132155,"comment_status":"open","ping_status":"open","sticky":false,"template":"","format":"standard","meta":{"_yoast_wpseo_focuskw":"pessoas n\u00e3o gostam animais","_yoast_wpseo_title":"%%title%%","_yoast_wpseo_metadesc":"Exploramos por que algumas pessoas n\u00e3o se conectam com animais, desmistificando preconceitos e enfatizando empatia, segundo a psicologia moderna.","jnews-multi-image_gallery":[],"jnews_single_post":{"format":"standard"},"jnews_primary_category":[],"jnews_social_meta":[],"jnews_override_counter":[],"footnotes":""},"categories":[112],"tags":[4089,144,404],"class_list":["post-132153","post","type-post","status-publish","format-standard","has-post-thumbnail","hentry","category-curiosidades","tag-animai","tag-curiosidades","tag-psicologia"],"yoast_head":"<!-- This site is optimized with the Yoast SEO plugin v24.6 - https:\/\/yoast.com\/wordpress\/plugins\/seo\/ -->\n<title>O que significa que algumas pessoas n\u00e3o gostam de animais, segundo a psicologia<\/title>\n<meta name=\"description\" content=\"Exploramos por que algumas pessoas n\u00e3o se conectam com animais, desmistificando preconceitos e enfatizando empatia, segundo a psicologia moderna.\" \/>\n<meta name=\"robots\" content=\"index, follow, max-snippet:-1, max-image-preview:large, max-video-preview:-1\" \/>\n<link rel=\"canonical\" href=\"https:\/\/www.correiobraziliense.com.br\/cbradar\/o-que-significa-que-algumas-pessoas-nao-gostam-de-animais-segundo-a-psicologia\/\" \/>\n<meta property=\"og:locale\" content=\"pt_BR\" \/>\n<meta property=\"og:type\" content=\"article\" \/>\n<meta property=\"og:title\" content=\"O que significa que algumas pessoas n\u00e3o gostam de animais, segundo a psicologia\" \/>\n<meta property=\"og:description\" content=\"Exploramos por que algumas pessoas n\u00e3o se conectam com animais, desmistificando preconceitos e enfatizando empatia, segundo a psicologia moderna.\" \/>\n<meta property=\"og:url\" content=\"https:\/\/www.correiobraziliense.com.br\/cbradar\/o-que-significa-que-algumas-pessoas-nao-gostam-de-animais-segundo-a-psicologia\/\" \/>\n<meta property=\"og:site_name\" content=\"Correio Braziliense - Radar\" \/>\n<meta property=\"article:published_time\" content=\"2025-11-06T21:45:00+00:00\" \/>\n<meta property=\"og:image\" content=\"https:\/\/www.correiobraziliense.com.br\/cbradar\/wp-content\/uploads\/2025\/11\/Aversao-a-Animais-Perspectiva-Psicologica.png\" \/>\n\t<meta property=\"og:image:width\" content=\"1280\" \/>\n\t<meta property=\"og:image:height\" content=\"720\" \/>\n\t<meta property=\"og:image:type\" content=\"image\/png\" \/>\n<meta name=\"author\" content=\"Larissa Carvalho\" \/>\n<meta name=\"twitter:card\" content=\"summary_large_image\" \/>\n<meta name=\"twitter:label1\" content=\"Escrito por\" \/>\n\t<meta name=\"twitter:data1\" content=\"Larissa Carvalho\" \/>\n\t<meta name=\"twitter:label2\" content=\"Est. tempo de leitura\" \/>\n\t<meta name=\"twitter:data2\" content=\"3 minutos\" \/>\n<!-- \/ Yoast SEO plugin. -->","yoast_head_json":{"title":"O que significa que algumas pessoas n\u00e3o gostam de animais, segundo a psicologia","description":"Exploramos por que algumas pessoas n\u00e3o se conectam com animais, desmistificando preconceitos e enfatizando empatia, segundo a psicologia moderna.","robots":{"index":"index","follow":"follow","max-snippet":"max-snippet:-1","max-image-preview":"max-image-preview:large","max-video-preview":"max-video-preview:-1"},"canonical":"https:\/\/www.correiobraziliense.com.br\/cbradar\/o-que-significa-que-algumas-pessoas-nao-gostam-de-animais-segundo-a-psicologia\/","og_locale":"pt_BR","og_type":"article","og_title":"O que significa que algumas pessoas n\u00e3o gostam de animais, segundo a psicologia","og_description":"Exploramos por que algumas pessoas n\u00e3o se conectam com animais, desmistificando preconceitos e enfatizando empatia, segundo a psicologia moderna.","og_url":"https:\/\/www.correiobraziliense.com.br\/cbradar\/o-que-significa-que-algumas-pessoas-nao-gostam-de-animais-segundo-a-psicologia\/","og_site_name":"Correio Braziliense - Radar","article_published_time":"2025-11-06T21:45:00+00:00","og_image":[{"width":1280,"height":720,"url":"https:\/\/www.correiobraziliense.com.br\/cbradar\/wp-content\/uploads\/2025\/11\/Aversao-a-Animais-Perspectiva-Psicologica.png","type":"image\/png"}],"author":"Larissa Carvalho","twitter_card":"summary_large_image","twitter_misc":{"Escrito por":"Larissa Carvalho","Est. tempo de leitura":"3 minutos"},"schema":{"@context":"https:\/\/schema.org","@graph":[{"@type":"WebPage","@id":"https:\/\/www.correiobraziliense.com.br\/cbradar\/o-que-significa-que-algumas-pessoas-nao-gostam-de-animais-segundo-a-psicologia\/","url":"https:\/\/www.correiobraziliense.com.br\/cbradar\/o-que-significa-que-algumas-pessoas-nao-gostam-de-animais-segundo-a-psicologia\/","name":"O que significa que algumas pessoas n\u00e3o gostam de animais, segundo a psicologia","isPartOf":{"@id":"https:\/\/www.correiobraziliense.com.br\/cbradar\/#website"},"primaryImageOfPage":{"@id":"https:\/\/www.correiobraziliense.com.br\/cbradar\/o-que-significa-que-algumas-pessoas-nao-gostam-de-animais-segundo-a-psicologia\/#primaryimage"},"image":{"@id":"https:\/\/www.correiobraziliense.com.br\/cbradar\/o-que-significa-que-algumas-pessoas-nao-gostam-de-animais-segundo-a-psicologia\/#primaryimage"},"thumbnailUrl":"https:\/\/www.correiobraziliense.com.br\/cbradar\/wp-content\/uploads\/2025\/11\/Aversao-a-Animais-Perspectiva-Psicologica.png","datePublished":"2025-11-06T21:45:00+00:00","author":{"@id":"https:\/\/www.correiobraziliense.com.br\/cbradar\/#\/schema\/person\/58422787644df994b53a19d3e56c1513"},"description":"Exploramos por que algumas pessoas n\u00e3o se conectam com animais, desmistificando preconceitos e enfatizando empatia, segundo a psicologia moderna.","breadcrumb":{"@id":"https:\/\/www.correiobraziliense.com.br\/cbradar\/o-que-significa-que-algumas-pessoas-nao-gostam-de-animais-segundo-a-psicologia\/#breadcrumb"},"inLanguage":"pt-BR","potentialAction":[{"@type":"ReadAction","target":["https:\/\/www.correiobraziliense.com.br\/cbradar\/o-que-significa-que-algumas-pessoas-nao-gostam-de-animais-segundo-a-psicologia\/"]}]},{"@type":"ImageObject","inLanguage":"pt-BR","@id":"https:\/\/www.correiobraziliense.com.br\/cbradar\/o-que-significa-que-algumas-pessoas-nao-gostam-de-animais-segundo-a-psicologia\/#primaryimage","url":"https:\/\/www.correiobraziliense.com.br\/cbradar\/wp-content\/uploads\/2025\/11\/Aversao-a-Animais-Perspectiva-Psicologica.png","contentUrl":"https:\/\/www.correiobraziliense.com.br\/cbradar\/wp-content\/uploads\/2025\/11\/Aversao-a-Animais-Perspectiva-Psicologica.png","width":1280,"height":720,"caption":"Ter um animal em casa cria uma rotina saud\u00e1vel, incentiva exerc\u00edcios f\u00edsicos e fortalece o sentimento de responsabilidade."},{"@type":"BreadcrumbList","@id":"https:\/\/www.correiobraziliense.com.br\/cbradar\/o-que-significa-que-algumas-pessoas-nao-gostam-de-animais-segundo-a-psicologia\/#breadcrumb","itemListElement":[{"@type":"ListItem","position":1,"name":"In\u00edcio","item":"https:\/\/www.correiobraziliense.com.br\/cbradar\/"},{"@type":"ListItem","position":2,"name":"O que significa que algumas pessoas n\u00e3o gostam de animais, segundo a psicologia"}]},{"@type":"WebSite","@id":"https:\/\/www.correiobraziliense.com.br\/cbradar\/#website","url":"https:\/\/www.correiobraziliense.com.br\/cbradar\/","name":"Correio Braziliense - Radar","description":"Acompanhe as \u00faltimas not\u00edcias e fique bem informado sobre tudo o que acontece no Brasil e no mundo.","potentialAction":[{"@type":"SearchAction","target":{"@type":"EntryPoint","urlTemplate":"https:\/\/www.correiobraziliense.com.br\/cbradar\/?s={search_term_string}"},"query-input":{"@type":"PropertyValueSpecification","valueRequired":true,"valueName":"search_term_string"}}],"inLanguage":"pt-BR"},{"@type":"Person","@id":"https:\/\/www.correiobraziliense.com.br\/cbradar\/#\/schema\/person\/58422787644df994b53a19d3e56c1513","name":"Larissa Carvalho","image":{"@type":"ImageObject","inLanguage":"pt-BR","@id":"https:\/\/www.correiobraziliense.com.br\/cbradar\/#\/schema\/person\/image\/","url":"https:\/\/secure.gravatar.com\/avatar\/fe4f91a0de32b52a838d0d612abdc1aa?s=96&d=mm&r=g","contentUrl":"https:\/\/secure.gravatar.com\/avatar\/fe4f91a0de32b52a838d0d612abdc1aa?s=96&d=mm&r=g","caption":"Larissa Carvalho"},"url":"https:\/\/www.correiobraziliense.com.br\/cbradar\/author\/larissamyth\/"}]}},"_links":{"self":[{"href":"https:\/\/www.correiobraziliense.com.br\/cbradar\/wp-json\/wp\/v2\/posts\/132153","targetHints":{"allow":["GET"]}}],"collection":[{"href":"https:\/\/www.correiobraziliense.com.br\/cbradar\/wp-json\/wp\/v2\/posts"}],"about":[{"href":"https:\/\/www.correiobraziliense.com.br\/cbradar\/wp-json\/wp\/v2\/types\/post"}],"author":[{"embeddable":true,"href":"https:\/\/www.correiobraziliense.com.br\/cbradar\/wp-json\/wp\/v2\/users\/3"}],"replies":[{"embeddable":true,"href":"https:\/\/www.correiobraziliense.com.br\/cbradar\/wp-json\/wp\/v2\/comments?post=132153"}],"version-history":[{"count":2,"href":"https:\/\/www.correiobraziliense.com.br\/cbradar\/wp-json\/wp\/v2\/posts\/132153\/revisions"}],"predecessor-version":[{"id":132157,"href":"https:\/\/www.correiobraziliense.com.br\/cbradar\/wp-json\/wp\/v2\/posts\/132153\/revisions\/132157"}],"wp:featuredmedia":[{"embeddable":true,"href":"https:\/\/www.correiobraziliense.com.br\/cbradar\/wp-json\/wp\/v2\/media\/132155"}],"wp:attachment":[{"href":"https:\/\/www.correiobraziliense.com.br\/cbradar\/wp-json\/wp\/v2\/media?parent=132153"}],"wp:term":[{"taxonomy":"category","embeddable":true,"href":"https:\/\/www.correiobraziliense.com.br\/cbradar\/wp-json\/wp\/v2\/categories?post=132153"},{"taxonomy":"post_tag","embeddable":true,"href":"https:\/\/www.correiobraziliense.com.br\/cbradar\/wp-json\/wp\/v2\/tags?post=132153"}],"curies":[{"name":"wp","href":"https:\/\/api.w.org\/{rel}","templated":true}]}}