{"id":13245,"date":"2025-03-18T19:15:00","date_gmt":"2025-03-18T22:15:00","guid":{"rendered":"https:\/\/www.correiobraziliense.com.br\/cbradar\/?p=13245"},"modified":"2025-03-17T12:26:26","modified_gmt":"2025-03-17T15:26:26","slug":"the-chosen-mudou-de-plataforma-e-ninguem-esperava-por-isso","status":"publish","type":"post","link":"https:\/\/www.correiobraziliense.com.br\/cbradar\/the-chosen-mudou-de-plataforma-e-ninguem-esperava-por-isso\/","title":{"rendered":"The Chosen mudou de plataforma e ningu\u00e9m esperava por isso"},"content":{"rendered":"\n<p>A s\u00e9rie \u2018The Chosen\u2019, que retrata a vida de Jesus Cristo e seus disc\u00edpulos, agora faz parte do cat\u00e1logo do Prime Video. Ap\u00f3s a remo\u00e7\u00e3o das tr\u00eas primeiras temporadas da Netflix em abril de 2025, a s\u00e9rie encontrou uma nova casa na plataforma da Amazon. Essa mudan\u00e7a representa uma nova etapa para a produ\u00e7\u00e3o, que continua a atrair espectadores ao redor do mundo com sua narrativa envolvente e abordagem inovadora dos eventos b\u00edblicos.<\/p>\n\n\n\n<p>Com a transi\u00e7\u00e3o para o Prime Video, os f\u00e3s t\u00eam a oportunidade de revisitar epis\u00f3dios anteriores e se preparar para os novos cap\u00edtulos que est\u00e3o por vir. A mudan\u00e7a amplia o alcance da s\u00e9rie, permitindo que mais pessoas tenham acesso a essa hist\u00f3ria envolvente.<\/p>\n\n\n\n<h2 class=\"wp-block-heading\">Quais s\u00e3o as novidades da quinta temporada de \u2018The Chosen\u2019?<\/h2>\n\n\n\n<p>A quinta temporada de \u2018The Chosen\u2019, intitulada \u2018The Chosen: \u00daltima Ceia\u2019, promete oferecer uma experi\u00eancia cinematogr\u00e1fica \u00fanica. Composta por oito epis\u00f3dios, a temporada se concentra nos eventos que antecedem a crucifica\u00e7\u00e3o e ressurrei\u00e7\u00e3o de Jesus Cristo. Os dois primeiros epis\u00f3dios est\u00e3o programados para estrear nos cinemas em abril de 2025, proporcionando aos f\u00e3s uma experi\u00eancia imersiva antes de serem disponibilizados no Prime Video.<\/p>\n\n\n\n<p>Essa estrat\u00e9gia de lan\u00e7amento nos cinemas visa criar um evento especial para os f\u00e3s, permitindo que eles vivenciem a hist\u00f3ria em uma tela grande e compartilhem essa experi\u00eancia com outros admiradores da s\u00e9rie.<\/p>\n\n\n\n<figure class=\"wp-block-embed aligncenter is-type-video is-provider-youtube wp-block-embed-youtube wp-embed-aspect-16-9 wp-has-aspect-ratio\"><div class=\"wp-block-embed__wrapper\">\n<div class=\"jeg_video_container jeg_video_content\"><iframe loading=\"lazy\" title=\"The Chosen: \u00daltima Ceia (Temporada 5) | TRAILER DUBLADO\" width=\"500\" height=\"281\" src=\"https:\/\/www.youtube.com\/embed\/o519C3i0Jng?feature=oembed\" frameborder=\"0\" allow=\"accelerometer; autoplay; clipboard-write; encrypted-media; gyroscope; picture-in-picture; web-share\" referrerpolicy=\"strict-origin-when-cross-origin\" allowfullscreen><\/iframe><\/div>\n<\/div><\/figure>\n\n\n\n<h2 class=\"wp-block-heading\">Por que \u2018The Chosen\u2019 \u00e9 uma s\u00e9rie \u00fanica?<\/h2>\n\n\n\n<p>\u2018The Chosen\u2019 se diferencia por sua abordagem intimista e humanizada dos personagens b\u00edblicos. A s\u00e9rie n\u00e3o apenas reconta eventos conhecidos, mas tamb\u00e9m explora as vidas pessoais e os desafios enfrentados por Jesus e seus disc\u00edpulos. Essa perspectiva \u00fanica permite que o p\u00fablico se conecte de maneira mais profunda com as hist\u00f3rias apresentadas.<\/p>\n\n\n\n<p>Al\u00e9m de sua narrativa envolvente e produ\u00e7\u00e3o de alta qualidade, \u2018The Chosen\u2019 se destaca por seu impacto cultural e religioso. A s\u00e9rie tem gerado discuss\u00f5es significativas sobre f\u00e9, esperan\u00e7a e reden\u00e7\u00e3o, atraindo um p\u00fablico diversificado que se conecta com os temas universais abordados. A capacidade da s\u00e9rie de humanizar figuras b\u00edblicas e explorar suas jornadas pessoais tem ressoado com espectadores de diferentes cren\u00e7as, promovendo di\u00e1logos inter-religiosos e inspirando reflex\u00f5es profundas.<\/p>\n\n\n\n<h2 class=\"wp-block-heading\">O que o futuro reserva para \u2018The Chosen\u2019?<\/h2>\n\n\n\n<p>Com planos para concluir na s\u00e9tima temporada, \u2018The Chosen\u2019 continua a explorar temas de f\u00e9, esperan\u00e7a e reden\u00e7\u00e3o. Os criadores est\u00e3o comprometidos em entregar uma narrativa completa e satisfat\u00f3ria, mantendo-se fi\u00e9is \u00e0 miss\u00e3o de contar a hist\u00f3ria de Jesus Cristo de maneira aut\u00eantica e inspiradora.<\/p>\n\n\n\n<p>\u00c0 medida que a s\u00e9rie avan\u00e7a, os f\u00e3s podem esperar por mais desenvolvimentos emocionantes e revela\u00e7\u00f5es sobre os personagens. \u2018The Chosen\u2019 permanece como uma das s\u00e9ries mais assistidas e comentadas, refletindo seu impacto duradouro e sua capacidade de inspirar audi\u00eancias em todo o mundo. \u00c0 medida que \u2018The Chosen\u2019 continua a expandir seu alcance, seu impacto duradouro na cultura popular e na f\u00e9 se torna cada vez mais evidente, solidificando seu lugar como uma das s\u00e9ries mais relevantes e influentes da atualidade.<\/p>\n\n\n\n<p><\/p>\n","protected":false},"excerpt":{"rendered":"<p>A s\u00e9rie \u2018The Chosen\u2019, que retrata a vida de Jesus Cristo e seus disc\u00edpulos, agora faz parte do cat\u00e1logo do Prime Video. Ap\u00f3s a remo\u00e7\u00e3o das tr\u00eas primeiras temporadas da Netflix em abril de 2025<\/p>\n","protected":false},"author":4,"featured_media":13247,"comment_status":"open","ping_status":"open","sticky":false,"template":"","format":"standard","meta":{"_yoast_wpseo_focuskw":"The Chosen","_yoast_wpseo_title":"","_yoast_wpseo_metadesc":"A s\u00e9rie \u2018The Chosen\u2019, que retrata a vida de Jesus Cristo e seus disc\u00edpulos, agora faz parte do cat\u00e1logo do Prime Video.","jnews-multi-image_gallery":[],"jnews_single_post":{"format":"standard"},"jnews_primary_category":[],"jnews_social_meta":[],"jnews_override_counter":[],"footnotes":""},"categories":[140],"post_tag":[142,2040],"class_list":["post-13245","post","type-post","status-publish","format-standard","has-post-thumbnail","hentry","category-entretenimento","tag-series","tag-the-chosen"],"yoast_head":"<!-- This site is optimized with the Yoast SEO plugin v24.6 - https:\/\/yoast.com\/wordpress\/plugins\/seo\/ -->\n<title>The Chosen mudou de plataforma e ningu\u00e9m esperava por isso - Correio Braziliense - Radar<\/title>\n<meta name=\"description\" content=\"A s\u00e9rie \u2018The Chosen\u2019, que retrata a vida de Jesus Cristo e seus disc\u00edpulos, agora faz parte do cat\u00e1logo do Prime Video.\" \/>\n<meta name=\"robots\" content=\"index, follow, max-snippet:-1, max-image-preview:large, max-video-preview:-1\" \/>\n<link rel=\"canonical\" href=\"https:\/\/www.correiobraziliense.com.br\/cbradar\/the-chosen-mudou-de-plataforma-e-ninguem-esperava-por-isso\/\" \/>\n<meta property=\"og:locale\" content=\"pt_BR\" \/>\n<meta property=\"og:type\" content=\"article\" \/>\n<meta property=\"og:title\" content=\"The Chosen mudou de plataforma e ningu\u00e9m esperava por isso - Correio Braziliense - Radar\" \/>\n<meta property=\"og:description\" content=\"A s\u00e9rie \u2018The Chosen\u2019, que retrata a vida de Jesus Cristo e seus disc\u00edpulos, agora faz parte do cat\u00e1logo do Prime Video.\" \/>\n<meta property=\"og:url\" content=\"https:\/\/www.correiobraziliense.com.br\/cbradar\/the-chosen-mudou-de-plataforma-e-ninguem-esperava-por-isso\/\" \/>\n<meta property=\"og:site_name\" content=\"Correio Braziliense - Radar\" \/>\n<meta property=\"article:published_time\" content=\"2025-03-18T22:15:00+00:00\" \/>\n<meta property=\"og:image\" content=\"https:\/\/www.correiobraziliense.com.br\/cbradar\/wp-content\/uploads\/2025\/03\/esse-25.jpg\" \/>\n\t<meta property=\"og:image:width\" content=\"1280\" \/>\n\t<meta property=\"og:image:height\" content=\"720\" \/>\n\t<meta property=\"og:image:type\" content=\"image\/jpeg\" \/>\n<meta name=\"author\" content=\"Guilherme Cremaschi\" \/>\n<meta name=\"twitter:card\" content=\"summary_large_image\" \/>\n<meta name=\"twitter:label1\" content=\"Escrito por\" \/>\n\t<meta name=\"twitter:data1\" content=\"Guilherme Cremaschi\" \/>\n\t<meta name=\"twitter:label2\" content=\"Est. tempo de leitura\" \/>\n\t<meta name=\"twitter:data2\" content=\"3 minutos\" \/>\n<!-- \/ Yoast SEO plugin. -->","yoast_head_json":{"title":"The Chosen mudou de plataforma e ningu\u00e9m esperava por isso - Correio Braziliense - Radar","description":"A s\u00e9rie \u2018The Chosen\u2019, que retrata a vida de Jesus Cristo e seus disc\u00edpulos, agora faz parte do cat\u00e1logo do Prime Video.","robots":{"index":"index","follow":"follow","max-snippet":"max-snippet:-1","max-image-preview":"max-image-preview:large","max-video-preview":"max-video-preview:-1"},"canonical":"https:\/\/www.correiobraziliense.com.br\/cbradar\/the-chosen-mudou-de-plataforma-e-ninguem-esperava-por-isso\/","og_locale":"pt_BR","og_type":"article","og_title":"The Chosen mudou de plataforma e ningu\u00e9m esperava por isso - Correio Braziliense - Radar","og_description":"A s\u00e9rie \u2018The Chosen\u2019, que retrata a vida de Jesus Cristo e seus disc\u00edpulos, agora faz parte do cat\u00e1logo do Prime Video.","og_url":"https:\/\/www.correiobraziliense.com.br\/cbradar\/the-chosen-mudou-de-plataforma-e-ninguem-esperava-por-isso\/","og_site_name":"Correio Braziliense - Radar","article_published_time":"2025-03-18T22:15:00+00:00","og_image":[{"width":1280,"height":720,"url":"https:\/\/www.correiobraziliense.com.br\/cbradar\/wp-content\/uploads\/2025\/03\/esse-25.jpg","type":"image\/jpeg"}],"author":"Guilherme Cremaschi","twitter_card":"summary_large_image","twitter_misc":{"Escrito por":"Guilherme Cremaschi","Est. tempo de leitura":"3 minutos"},"schema":{"@context":"https:\/\/schema.org","@graph":[{"@type":"WebPage","@id":"https:\/\/www.correiobraziliense.com.br\/cbradar\/the-chosen-mudou-de-plataforma-e-ninguem-esperava-por-isso\/","url":"https:\/\/www.correiobraziliense.com.br\/cbradar\/the-chosen-mudou-de-plataforma-e-ninguem-esperava-por-isso\/","name":"The Chosen mudou de plataforma e ningu\u00e9m esperava por isso - Correio Braziliense - Radar","isPartOf":{"@id":"https:\/\/www.correiobraziliense.com.br\/cbradar\/#website"},"primaryImageOfPage":{"@id":"https:\/\/www.correiobraziliense.com.br\/cbradar\/the-chosen-mudou-de-plataforma-e-ninguem-esperava-por-isso\/#primaryimage"},"image":{"@id":"https:\/\/www.correiobraziliense.com.br\/cbradar\/the-chosen-mudou-de-plataforma-e-ninguem-esperava-por-isso\/#primaryimage"},"thumbnailUrl":"https:\/\/www.correiobraziliense.com.br\/cbradar\/wp-content\/uploads\/2025\/03\/esse-25.jpg","datePublished":"2025-03-18T22:15:00+00:00","author":{"@id":"https:\/\/www.correiobraziliense.com.br\/cbradar\/#\/schema\/person\/4760856b25506e84ce34d5de2b0d95f1"},"description":"A s\u00e9rie \u2018The Chosen\u2019, que retrata a vida de Jesus Cristo e seus disc\u00edpulos, agora faz parte do cat\u00e1logo do Prime Video.","breadcrumb":{"@id":"https:\/\/www.correiobraziliense.com.br\/cbradar\/the-chosen-mudou-de-plataforma-e-ninguem-esperava-por-isso\/#breadcrumb"},"inLanguage":"pt-BR","potentialAction":[{"@type":"ReadAction","target":["https:\/\/www.correiobraziliense.com.br\/cbradar\/the-chosen-mudou-de-plataforma-e-ninguem-esperava-por-isso\/"]}]},{"@type":"ImageObject","inLanguage":"pt-BR","@id":"https:\/\/www.correiobraziliense.com.br\/cbradar\/the-chosen-mudou-de-plataforma-e-ninguem-esperava-por-isso\/#primaryimage","url":"https:\/\/www.correiobraziliense.com.br\/cbradar\/wp-content\/uploads\/2025\/03\/esse-25.jpg","contentUrl":"https:\/\/www.correiobraziliense.com.br\/cbradar\/wp-content\/uploads\/2025\/03\/esse-25.jpg","width":1280,"height":720,"caption":"The Chosen - Cr\u00e9ditos: Imagem Divulga\u00e7\u00e3o Os Escolhidos - The Chosen"},{"@type":"BreadcrumbList","@id":"https:\/\/www.correiobraziliense.com.br\/cbradar\/the-chosen-mudou-de-plataforma-e-ninguem-esperava-por-isso\/#breadcrumb","itemListElement":[{"@type":"ListItem","position":1,"name":"In\u00edcio","item":"https:\/\/www.correiobraziliense.com.br\/cbradar\/"},{"@type":"ListItem","position":2,"name":"The Chosen mudou de plataforma e ningu\u00e9m esperava por isso"}]},{"@type":"WebSite","@id":"https:\/\/www.correiobraziliense.com.br\/cbradar\/#website","url":"https:\/\/www.correiobraziliense.com.br\/cbradar\/","name":"Correio Braziliense - Radar","description":"Acompanhe as \u00faltimas not\u00edcias e fique bem informado sobre tudo o que acontece no Brasil e no mundo.","potentialAction":[{"@type":"SearchAction","target":{"@type":"EntryPoint","urlTemplate":"https:\/\/www.correiobraziliense.com.br\/cbradar\/?s={search_term_string}"},"query-input":{"@type":"PropertyValueSpecification","valueRequired":true,"valueName":"search_term_string"}}],"inLanguage":"pt-BR"},{"@type":"Person","@id":"https:\/\/www.correiobraziliense.com.br\/cbradar\/#\/schema\/person\/4760856b25506e84ce34d5de2b0d95f1","name":"Guilherme Cremaschi","image":{"@type":"ImageObject","inLanguage":"pt-BR","@id":"https:\/\/www.correiobraziliense.com.br\/cbradar\/#\/schema\/person\/image\/","url":"https:\/\/secure.gravatar.com\/avatar\/6a059d20d980bdeb1d1d6b0fa2b4633c?s=96&d=mm&r=g","contentUrl":"https:\/\/secure.gravatar.com\/avatar\/6a059d20d980bdeb1d1d6b0fa2b4633c?s=96&d=mm&r=g","caption":"Guilherme Cremaschi"},"sameAs":["https:\/\/www.correiobraziliense.com.br\/"],"url":"https:\/\/www.correiobraziliense.com.br\/cbradar\/author\/guilhermemyth\/"}]}},"_links":{"self":[{"href":"https:\/\/www.correiobraziliense.com.br\/cbradar\/wp-json\/wp\/v2\/posts\/13245","targetHints":{"allow":["GET"]}}],"collection":[{"href":"https:\/\/www.correiobraziliense.com.br\/cbradar\/wp-json\/wp\/v2\/posts"}],"about":[{"href":"https:\/\/www.correiobraziliense.com.br\/cbradar\/wp-json\/wp\/v2\/types\/post"}],"author":[{"embeddable":true,"href":"https:\/\/www.correiobraziliense.com.br\/cbradar\/wp-json\/wp\/v2\/users\/4"}],"replies":[{"embeddable":true,"href":"https:\/\/www.correiobraziliense.com.br\/cbradar\/wp-json\/wp\/v2\/comments?post=13245"}],"version-history":[{"count":3,"href":"https:\/\/www.correiobraziliense.com.br\/cbradar\/wp-json\/wp\/v2\/posts\/13245\/revisions"}],"predecessor-version":[{"id":13249,"href":"https:\/\/www.correiobraziliense.com.br\/cbradar\/wp-json\/wp\/v2\/posts\/13245\/revisions\/13249"}],"wp:featuredmedia":[{"embeddable":true,"href":"https:\/\/www.correiobraziliense.com.br\/cbradar\/wp-json\/wp\/v2\/media\/13247"}],"wp:attachment":[{"href":"https:\/\/www.correiobraziliense.com.br\/cbradar\/wp-json\/wp\/v2\/media?parent=13245"}],"wp:term":[{"taxonomy":"category","embeddable":true,"href":"https:\/\/www.correiobraziliense.com.br\/cbradar\/wp-json\/wp\/v2\/categories?post=13245"},{"taxonomy":"post_tag","embeddable":true,"href":"https:\/\/www.correiobraziliense.com.br\/cbradar\/wp-json\/wp\/v2\/post_tag?post=13245"}],"curies":[{"name":"wp","href":"https:\/\/api.w.org\/{rel}","templated":true}]}}