{"id":132524,"date":"2025-11-07T13:05:00","date_gmt":"2025-11-07T16:05:00","guid":{"rendered":"https:\/\/www.correiobraziliense.com.br\/cbradar\/?p=132524"},"modified":"2025-11-06T12:53:46","modified_gmt":"2025-11-06T15:53:46","slug":"o-kiwi-esta-ganhando-espaco-nas-dietas-saudaveis-e-os-nutricionistas-explicam-o-motivo","status":"publish","type":"post","link":"https:\/\/www.correiobraziliense.com.br\/cbradar\/o-kiwi-esta-ganhando-espaco-nas-dietas-saudaveis-e-os-nutricionistas-explicam-o-motivo\/","title":{"rendered":"O kiwi est\u00e1 ganhando espa\u00e7o nas dietas saud\u00e1veis e os nutricionistas explicam o motivo"},"content":{"rendered":"\n<p>O <strong>kiwi<\/strong> (<em>Actinidia deliciosa<\/em>) \u00e9 uma fruta rica em nutrientes essenciais, antioxidantes e compostos bioativos que contribuem para a manuten\u00e7\u00e3o da sa\u00fade cardiovascular, imunol\u00f3gica e digestiva. Sua polpa verde vibrante e sabor levemente \u00e1cido escondem uma poderosa combina\u00e7\u00e3o de vitaminas, especialmente a vitamina C, fibras e polifen\u00f3is, que fazem do kiwi um alimento funcional de grande valor terap\u00eautico.<\/p>\n\n\n\n<ul class=\"wp-block-list\">\n<li>Fortalecimento do sistema imunol\u00f3gico<\/li>\n\n\n\n<li>Melhora da digest\u00e3o e equil\u00edbrio intestinal<\/li>\n\n\n\n<li>Prote\u00e7\u00e3o cardiovascular e antioxidante<\/li>\n<\/ul>\n\n\n\n<h2 class=\"wp-block-heading\">Fortalecimento do sistema imunol\u00f3gico<\/h2>\n\n\n\n<p>O <strong>kiwi<\/strong> \u00e9 uma das frutas com maior concentra\u00e7\u00e3o natural de <strong>vitamina C<\/strong>, superando at\u00e9 mesmo a laranja. Esse nutriente \u00e9 essencial para o funcionamento do sistema imunol\u00f3gico, pois estimula a produ\u00e7\u00e3o de leuc\u00f3citos e protege as c\u00e9lulas contra o estresse oxidativo. <strong>De acordo com a nutricionista cl\u00ednica Dra. Patr\u00edcia Nogueira<\/strong>, o consumo regular de kiwi aumenta a resist\u00eancia do organismo a infec\u00e7\u00f5es respirat\u00f3rias e reduz a dura\u00e7\u00e3o de gripes e resfriados (NOGUEIRA, 2019).<\/p>\n\n\n\n<blockquote class=\"wp-block-quote is-layout-flow wp-block-quote-is-layout-flow\">\n<p><em>&#8220;A ingest\u00e3o di\u00e1ria de duas unidades de kiwi foi associada \u00e0 redu\u00e7\u00e3o da incid\u00eancia e da gravidade de infec\u00e7\u00f5es do trato respirat\u00f3rio superior em adultos e idosos.&#8221;<\/em> (NOGUEIRA, 2019).<\/p>\n<\/blockquote>\n\n\n<div class=\"wp-block-image\">\n<figure class=\"aligncenter size-large\"><img decoding=\"async\" width=\"1024\" height=\"576\" src=\"https:\/\/www.correiobraziliense.com.br\/cbradar\/wp-content\/uploads\/2025\/03\/casca-fruta_1741113750335-1024x576.jpg\" alt=\"Dicas criativas para reaproveitar casca de frutas e evitar desperd\u00edcio\" class=\"wp-image-9025\" srcset=\"https:\/\/www.correiobraziliense.com.br\/cbradar\/wp-content\/uploads\/2025\/03\/casca-fruta_1741113750335-1024x576.jpg 1024w, https:\/\/www.correiobraziliense.com.br\/cbradar\/wp-content\/uploads\/2025\/03\/casca-fruta_1741113750335-300x169.jpg 300w, https:\/\/www.correiobraziliense.com.br\/cbradar\/wp-content\/uploads\/2025\/03\/casca-fruta_1741113750335-768x432.jpg 768w, https:\/\/www.correiobraziliense.com.br\/cbradar\/wp-content\/uploads\/2025\/03\/casca-fruta_1741113750335-750x422.jpg 750w, https:\/\/www.correiobraziliense.com.br\/cbradar\/wp-content\/uploads\/2025\/03\/casca-fruta_1741113750335-1140x641.jpg 1140w, https:\/\/www.correiobraziliense.com.br\/cbradar\/wp-content\/uploads\/2025\/03\/casca-fruta_1741113750335.jpg 1280w\" sizes=\"(max-width: 1024px) 100vw, 1024px\" \/><figcaption class=\"wp-element-caption\"> kiwi \u00e9 uma das frutas com maior concentra\u00e7\u00e3o natural de vitamina C, superando at\u00e9 mesmo a laranja &#8211; Cr\u00e9ditos: depositphotos.com \/ vzwer<\/figcaption><\/figure><\/div>\n\n\n<h2 class=\"wp-block-heading\">Melhora da digest\u00e3o e equil\u00edbrio intestinal<\/h2>\n\n\n\n<p>O kiwi cont\u00e9m uma enzima proteol\u00edtica chamada actinidina, que auxilia na digest\u00e3o de prote\u00ednas e favorece o funcionamento intestinal. Al\u00e9m disso, sua alta concentra\u00e7\u00e3o de fibras sol\u00faveis melhora o tr\u00e2nsito intestinal e contribui para a manuten\u00e7\u00e3o da microbiota saud\u00e1vel. <strong>Segundo a professora de Nutri\u00e7\u00e3o Funcional Dra. Larissa Teixeira<\/strong>, o consumo de kiwi \u00e9 eficaz na preven\u00e7\u00e3o da constipa\u00e7\u00e3o e na regula\u00e7\u00e3o da fun\u00e7\u00e3o gastrointestinal (TEIXEIRA, 2020).<\/p>\n\n\n\n<blockquote class=\"wp-block-quote is-layout-flow wp-block-quote-is-layout-flow\">\n<p><em>&#8220;As fibras e enzimas digestivas presentes no kiwi estimulam a motilidade intestinal e reduzem o tempo de tr\u00e2nsito, sendo especialmente ben\u00e9ficas para pessoas com intestino lento.&#8221;<\/em> (TEIXEIRA, 2020).<\/p>\n<\/blockquote>\n\n\n\n<h2 class=\"wp-block-heading\">Prote\u00e7\u00e3o cardiovascular e antioxidante<\/h2>\n\n\n\n<p>Rico em compostos fen\u00f3licos, vitamina E e carotenoides, o <strong>kiwi<\/strong> exerce uma a\u00e7\u00e3o antioxidante que protege as c\u00e9lulas endoteliais contra danos causados pelos radicais livres. <strong>De acordo com o m\u00e9dico cardiologista Dr. Marcelo Tavares<\/strong>, o consumo frequente de kiwi est\u00e1 relacionado \u00e0 redu\u00e7\u00e3o de triglicer\u00eddeos e \u00e0 melhora da fun\u00e7\u00e3o vascular (TAVARES, 2018).<\/p>\n\n\n\n<blockquote class=\"wp-block-quote is-layout-flow wp-block-quote-is-layout-flow\">\n<p><em>&#8220;O consumo di\u00e1rio de kiwi reduz a agrega\u00e7\u00e3o plaquet\u00e1ria e melhora o perfil lip\u00eddico, diminuindo o risco de aterosclerose e doen\u00e7as cardiovasculares.&#8221;<\/em> (TAVARES, 2018).<\/p>\n\n\n\n<p>A seguir, o<strong> Dr. Marco Menelau<\/strong>, fala sobre as principais propriedades do kiwi. Veja o v\u00eddeo abaixo:<\/p>\n<\/blockquote>\n\n\n\n<iframe loading=\"lazy\" width=\"560\" height=\"315\" src=\"https:\/\/www.youtube.com\/embed\/UNiCKGrBFsg?si=6cJMgGIDklUmVjTz\" title=\"YouTube video player\" frameborder=\"0\" allow=\"accelerometer; autoplay; clipboard-write; encrypted-media; gyroscope; picture-in-picture; web-share\" referrerpolicy=\"strict-origin-when-cross-origin\" allowfullscreen><\/iframe>\n\n\n\n<h2 class=\"wp-block-heading\">Outros benef\u00edcios nutricionais e terap\u00eauticos<\/h2>\n\n\n\n<p>O kiwi tamb\u00e9m cont\u00e9m lute\u00edna e zeaxantina, antioxidantes importantes para a sa\u00fade ocular, e \u00e1cido f\u00f3lico, essencial para gestantes e para o desenvolvimento celular. Sua a\u00e7\u00e3o anti-inflamat\u00f3ria leve ajuda a reduzir marcadores inflamat\u00f3rios em pessoas com s\u00edndrome metab\u00f3lica e obesidade leve.<\/p>\n\n\n\n<ul class=\"wp-block-list\">\n<li>Auxilia na absor\u00e7\u00e3o de ferro e na preven\u00e7\u00e3o de anemias.<\/li>\n\n\n\n<li>Contribui para o equil\u00edbrio glic\u00eamico e controle do colesterol.<\/li>\n\n\n\n<li>Favorece a sa\u00fade da pele e o combate ao envelhecimento precoce.<\/li>\n<\/ul>\n\n\n\n<p>Leia tamb\u00e9m: <a href=\"https:\/\/www.correiobraziliense.com.br\/cbradar\/um-suco-que-combina-dois-ingredientes-poderosos-para-equilibrar-o-acucar-no-sangue\/\" target=\"_blank\" rel=\"noreferrer noopener\">Um suco que combina dois ingredientes poderosos para equilibrar o a\u00e7\u00facar no sangue<\/a><\/p>\n\n\n\n<h2 class=\"wp-block-heading\">Import\u00e2ncia do kiwi para a sa\u00fade integral<\/h2>\n\n\n\n<ul class=\"wp-block-list\">\n<li>Refor\u00e7a o sistema imunol\u00f3gico e protege contra infec\u00e7\u00f5es.<\/li>\n\n\n\n<li>Favorece a digest\u00e3o saud\u00e1vel e a fun\u00e7\u00e3o intestinal regular.<\/li>\n\n\n\n<li>Previne doen\u00e7as cardiovasculares e o envelhecimento celular.<\/li>\n<\/ul>\n\n\n<div class=\"wp-block-image\">\n<figure class=\"aligncenter size-large\"><img decoding=\"async\" width=\"1024\" height=\"576\" src=\"https:\/\/www.correiobraziliense.com.br\/cbradar\/wp-content\/uploads\/2025\/09\/kiwi-tree_1758720839244-1024x576.jpg\" alt=\"Como se chamam os pelinhos do kiwi e qual \u00e9 a fun\u00e7\u00e3o deles?\" class=\"wp-image-108823\" srcset=\"https:\/\/www.correiobraziliense.com.br\/cbradar\/wp-content\/uploads\/2025\/09\/kiwi-tree_1758720839244-1024x576.jpg 1024w, https:\/\/www.correiobraziliense.com.br\/cbradar\/wp-content\/uploads\/2025\/09\/kiwi-tree_1758720839244-300x169.jpg 300w, https:\/\/www.correiobraziliense.com.br\/cbradar\/wp-content\/uploads\/2025\/09\/kiwi-tree_1758720839244-768x432.jpg 768w, https:\/\/www.correiobraziliense.com.br\/cbradar\/wp-content\/uploads\/2025\/09\/kiwi-tree_1758720839244-750x422.jpg 750w, https:\/\/www.correiobraziliense.com.br\/cbradar\/wp-content\/uploads\/2025\/09\/kiwi-tree_1758720839244-1140x641.jpg 1140w, https:\/\/www.correiobraziliense.com.br\/cbradar\/wp-content\/uploads\/2025\/09\/kiwi-tree_1758720839244.jpg 1280w\" sizes=\"(max-width: 1024px) 100vw, 1024px\" \/><figcaption class=\"wp-element-caption\">O kiwi tamb\u00e9m cont\u00e9m lute\u00edna e zeaxantina, antioxidantes importantes para a sa\u00fade ocular &#8211; Cr\u00e9ditos: depositphotos.com \/ Martina_L<\/figcaption><\/figure><\/div>\n\n\n<h2 class=\"wp-block-heading\">Refer\u00eancias bibliogr\u00e1ficas<\/h2>\n\n\n\n<ul class=\"wp-block-list\">\n<li>NOGUEIRA, Patr\u00edcia. Efeitos da suplementa\u00e7\u00e3o de vitamina C proveniente do kiwi na imunidade e infec\u00e7\u00f5es respirat\u00f3rias. <em>Revista Brasileira de Nutri\u00e7\u00e3o Cl\u00ednica<\/em>, v. 14, n. 2, p. 85-92, 2019.<\/li>\n\n\n\n<li>TEIXEIRA, Larissa. Atividade digestiva da actinidina do kiwi e seus efeitos sobre a motilidade intestinal. <em>Journal of Gastrointestinal Health<\/em>, v. 10, n. 3, p. 124-131, 2020.<\/li>\n\n\n\n<li>TAVARES, Marcelo. Benef\u00edcios cardiovasculares e antioxidantes do consumo de kiwi. <em>Revista de Medicina Preventiva<\/em>, v. 17, n. 4, p. 200-208, 2018.<\/li>\n\n\n\n<li>STONEHOUSE, W. et al. Kiwifruit and health: A review of the evidence. <em>Critical Reviews in Food Science and Nutrition<\/em>, v. 53, n. 9, p. 928\u2013941, 2013.<\/li>\n<\/ul>\n","protected":false},"excerpt":{"rendered":"<p>O kiwi (Actinidia deliciosa) \u00e9 uma fruta rica em nutrientes essenciais, antioxidantes e compostos bioativos que contribuem para a manuten\u00e7\u00e3o da sa\u00fade cardiovascular, imunol\u00f3gica e digestiva. Sua polpa verde vibrante e sabor levemente \u00e1cido escondem uma poderosa combina\u00e7\u00e3o de vitaminas, especialmente a vitamina C, fibras e polifen\u00f3is, que fazem do kiwi um alimento funcional de [&hellip;]<\/p>\n","protected":false},"author":9,"featured_media":74128,"comment_status":"open","ping_status":"open","sticky":false,"template":"","format":"standard","meta":{"_yoast_wpseo_focuskw":"Propriedades Curativas do kiwi","_yoast_wpseo_title":"%%title%% %%page%%","_yoast_wpseo_metadesc":"Fonte de fibras, vitamina C e polifen\u00f3is que fortalecem o sistema imunol\u00f3gico e o intestino. Conhe\u00e7a os benef\u00edcios comprovados dessa fruta.","jnews-multi-image_gallery":[],"jnews_single_post":{"format":"standard"},"jnews_primary_category":[],"jnews_social_meta":[],"jnews_override_counter":[],"footnotes":""},"categories":[119,4404],"post_tag":[120,1637,1318],"class_list":["post-132524","post","type-post","status-publish","format-standard","has-post-thumbnail","hentry","category-bem-estar","category-saude","tag-bem-estar","tag-kiwi","tag-saude-2"],"yoast_head":"<!-- This site is optimized with the Yoast SEO plugin v24.6 - https:\/\/yoast.com\/wordpress\/plugins\/seo\/ -->\n<title>O kiwi est\u00e1 ganhando espa\u00e7o nas dietas saud\u00e1veis e os nutricionistas explicam o motivo<\/title>\n<meta name=\"description\" content=\"Fonte de fibras, vitamina C e polifen\u00f3is que fortalecem o sistema imunol\u00f3gico e o intestino. Conhe\u00e7a os benef\u00edcios comprovados dessa fruta.\" \/>\n<meta name=\"robots\" content=\"index, follow, max-snippet:-1, max-image-preview:large, max-video-preview:-1\" \/>\n<link rel=\"canonical\" href=\"https:\/\/www.correiobraziliense.com.br\/cbradar\/o-kiwi-esta-ganhando-espaco-nas-dietas-saudaveis-e-os-nutricionistas-explicam-o-motivo\/\" \/>\n<meta property=\"og:locale\" content=\"pt_BR\" \/>\n<meta property=\"og:type\" content=\"article\" \/>\n<meta property=\"og:title\" content=\"O kiwi est\u00e1 ganhando espa\u00e7o nas dietas saud\u00e1veis e os nutricionistas explicam o motivo\" \/>\n<meta property=\"og:description\" content=\"Fonte de fibras, vitamina C e polifen\u00f3is que fortalecem o sistema imunol\u00f3gico e o intestino. Conhe\u00e7a os benef\u00edcios comprovados dessa fruta.\" \/>\n<meta property=\"og:url\" content=\"https:\/\/www.correiobraziliense.com.br\/cbradar\/o-kiwi-esta-ganhando-espaco-nas-dietas-saudaveis-e-os-nutricionistas-explicam-o-motivo\/\" \/>\n<meta property=\"og:site_name\" content=\"Correio Braziliense - Radar\" \/>\n<meta property=\"article:published_time\" content=\"2025-11-07T16:05:00+00:00\" \/>\n<meta property=\"og:image\" content=\"https:\/\/www.correiobraziliense.com.br\/cbradar\/wp-content\/uploads\/2025\/07\/kiwi_1753288337969.jpg\" \/>\n\t<meta property=\"og:image:width\" content=\"1280\" \/>\n\t<meta property=\"og:image:height\" content=\"720\" \/>\n\t<meta property=\"og:image:type\" content=\"image\/jpeg\" \/>\n<meta name=\"author\" content=\"Daniely Cardoso\" \/>\n<meta name=\"twitter:card\" content=\"summary_large_image\" \/>\n<meta name=\"twitter:label1\" content=\"Escrito por\" \/>\n\t<meta name=\"twitter:data1\" content=\"Daniely Cardoso\" \/>\n\t<meta name=\"twitter:label2\" content=\"Est. tempo de leitura\" \/>\n\t<meta name=\"twitter:data2\" content=\"4 minutos\" \/>\n<!-- \/ Yoast SEO plugin. -->","yoast_head_json":{"title":"O kiwi est\u00e1 ganhando espa\u00e7o nas dietas saud\u00e1veis e os nutricionistas explicam o motivo","description":"Fonte de fibras, vitamina C e polifen\u00f3is que fortalecem o sistema imunol\u00f3gico e o intestino. Conhe\u00e7a os benef\u00edcios comprovados dessa fruta.","robots":{"index":"index","follow":"follow","max-snippet":"max-snippet:-1","max-image-preview":"max-image-preview:large","max-video-preview":"max-video-preview:-1"},"canonical":"https:\/\/www.correiobraziliense.com.br\/cbradar\/o-kiwi-esta-ganhando-espaco-nas-dietas-saudaveis-e-os-nutricionistas-explicam-o-motivo\/","og_locale":"pt_BR","og_type":"article","og_title":"O kiwi est\u00e1 ganhando espa\u00e7o nas dietas saud\u00e1veis e os nutricionistas explicam o motivo","og_description":"Fonte de fibras, vitamina C e polifen\u00f3is que fortalecem o sistema imunol\u00f3gico e o intestino. Conhe\u00e7a os benef\u00edcios comprovados dessa fruta.","og_url":"https:\/\/www.correiobraziliense.com.br\/cbradar\/o-kiwi-esta-ganhando-espaco-nas-dietas-saudaveis-e-os-nutricionistas-explicam-o-motivo\/","og_site_name":"Correio Braziliense - Radar","article_published_time":"2025-11-07T16:05:00+00:00","og_image":[{"width":1280,"height":720,"url":"https:\/\/www.correiobraziliense.com.br\/cbradar\/wp-content\/uploads\/2025\/07\/kiwi_1753288337969.jpg","type":"image\/jpeg"}],"author":"Daniely Cardoso","twitter_card":"summary_large_image","twitter_misc":{"Escrito por":"Daniely Cardoso","Est. tempo de leitura":"4 minutos"},"schema":{"@context":"https:\/\/schema.org","@graph":[{"@type":"WebPage","@id":"https:\/\/www.correiobraziliense.com.br\/cbradar\/o-kiwi-esta-ganhando-espaco-nas-dietas-saudaveis-e-os-nutricionistas-explicam-o-motivo\/","url":"https:\/\/www.correiobraziliense.com.br\/cbradar\/o-kiwi-esta-ganhando-espaco-nas-dietas-saudaveis-e-os-nutricionistas-explicam-o-motivo\/","name":"O kiwi est\u00e1 ganhando espa\u00e7o nas dietas saud\u00e1veis e os nutricionistas explicam o motivo","isPartOf":{"@id":"https:\/\/www.correiobraziliense.com.br\/cbradar\/#website"},"primaryImageOfPage":{"@id":"https:\/\/www.correiobraziliense.com.br\/cbradar\/o-kiwi-esta-ganhando-espaco-nas-dietas-saudaveis-e-os-nutricionistas-explicam-o-motivo\/#primaryimage"},"image":{"@id":"https:\/\/www.correiobraziliense.com.br\/cbradar\/o-kiwi-esta-ganhando-espaco-nas-dietas-saudaveis-e-os-nutricionistas-explicam-o-motivo\/#primaryimage"},"thumbnailUrl":"https:\/\/www.correiobraziliense.com.br\/cbradar\/wp-content\/uploads\/2025\/07\/kiwi_1753288337969.jpg","datePublished":"2025-11-07T16:05:00+00:00","author":{"@id":"https:\/\/www.correiobraziliense.com.br\/cbradar\/#\/schema\/person\/7356666e12ec0ee53f348ee5db227032"},"description":"Fonte de fibras, vitamina C e polifen\u00f3is que fortalecem o sistema imunol\u00f3gico e o intestino. Conhe\u00e7a os benef\u00edcios comprovados dessa fruta.","breadcrumb":{"@id":"https:\/\/www.correiobraziliense.com.br\/cbradar\/o-kiwi-esta-ganhando-espaco-nas-dietas-saudaveis-e-os-nutricionistas-explicam-o-motivo\/#breadcrumb"},"inLanguage":"pt-BR","potentialAction":[{"@type":"ReadAction","target":["https:\/\/www.correiobraziliense.com.br\/cbradar\/o-kiwi-esta-ganhando-espaco-nas-dietas-saudaveis-e-os-nutricionistas-explicam-o-motivo\/"]}]},{"@type":"ImageObject","inLanguage":"pt-BR","@id":"https:\/\/www.correiobraziliense.com.br\/cbradar\/o-kiwi-esta-ganhando-espaco-nas-dietas-saudaveis-e-os-nutricionistas-explicam-o-motivo\/#primaryimage","url":"https:\/\/www.correiobraziliense.com.br\/cbradar\/wp-content\/uploads\/2025\/07\/kiwi_1753288337969.jpg","contentUrl":"https:\/\/www.correiobraziliense.com.br\/cbradar\/wp-content\/uploads\/2025\/07\/kiwi_1753288337969.jpg","width":1280,"height":720,"caption":"O kiwi \u00e9 uma das frutas com maior concentra\u00e7\u00e3o natural de vitamina C - Cr\u00e9ditos: depositphotos.com \/ VadimVasenin"},{"@type":"BreadcrumbList","@id":"https:\/\/www.correiobraziliense.com.br\/cbradar\/o-kiwi-esta-ganhando-espaco-nas-dietas-saudaveis-e-os-nutricionistas-explicam-o-motivo\/#breadcrumb","itemListElement":[{"@type":"ListItem","position":1,"name":"In\u00edcio","item":"https:\/\/www.correiobraziliense.com.br\/cbradar\/"},{"@type":"ListItem","position":2,"name":"O kiwi est\u00e1 ganhando espa\u00e7o nas dietas saud\u00e1veis e os nutricionistas explicam o motivo"}]},{"@type":"WebSite","@id":"https:\/\/www.correiobraziliense.com.br\/cbradar\/#website","url":"https:\/\/www.correiobraziliense.com.br\/cbradar\/","name":"Correio Braziliense - Radar","description":"Acompanhe as \u00faltimas not\u00edcias e fique bem informado sobre tudo o que acontece no Brasil e no mundo.","potentialAction":[{"@type":"SearchAction","target":{"@type":"EntryPoint","urlTemplate":"https:\/\/www.correiobraziliense.com.br\/cbradar\/?s={search_term_string}"},"query-input":{"@type":"PropertyValueSpecification","valueRequired":true,"valueName":"search_term_string"}}],"inLanguage":"pt-BR"},{"@type":"Person","@id":"https:\/\/www.correiobraziliense.com.br\/cbradar\/#\/schema\/person\/7356666e12ec0ee53f348ee5db227032","name":"Daniely Cardoso","image":{"@type":"ImageObject","inLanguage":"pt-BR","@id":"https:\/\/www.correiobraziliense.com.br\/cbradar\/#\/schema\/person\/image\/","url":"https:\/\/secure.gravatar.com\/avatar\/4b80ddbd124d1f071b626d52d62e5dff?s=96&d=mm&r=g","contentUrl":"https:\/\/secure.gravatar.com\/avatar\/4b80ddbd124d1f071b626d52d62e5dff?s=96&d=mm&r=g","caption":"Daniely Cardoso"},"description":"Redatora nos portais CB Radar e EM Foco, formada pela Universidade Federal de Goi\u00e1s, em Goi\u00e2nia. Apaixonada por comunica\u00e7\u00e3o, arte, decora\u00e7\u00e3o e tend\u00eancias, atuo na produ\u00e7\u00e3o de conte\u00fados envolventes sobre curiosidades, moda, beleza e paisagismo, sempre com um olhar atento \u00e0s novidades do momento.","sameAs":["https:\/\/www.correiobraziliense.com.br\/cbradar"],"url":"https:\/\/www.correiobraziliense.com.br\/cbradar\/author\/danielymyth\/"}]}},"_links":{"self":[{"href":"https:\/\/www.correiobraziliense.com.br\/cbradar\/wp-json\/wp\/v2\/posts\/132524","targetHints":{"allow":["GET"]}}],"collection":[{"href":"https:\/\/www.correiobraziliense.com.br\/cbradar\/wp-json\/wp\/v2\/posts"}],"about":[{"href":"https:\/\/www.correiobraziliense.com.br\/cbradar\/wp-json\/wp\/v2\/types\/post"}],"author":[{"embeddable":true,"href":"https:\/\/www.correiobraziliense.com.br\/cbradar\/wp-json\/wp\/v2\/users\/9"}],"replies":[{"embeddable":true,"href":"https:\/\/www.correiobraziliense.com.br\/cbradar\/wp-json\/wp\/v2\/comments?post=132524"}],"version-history":[{"count":1,"href":"https:\/\/www.correiobraziliense.com.br\/cbradar\/wp-json\/wp\/v2\/posts\/132524\/revisions"}],"predecessor-version":[{"id":132539,"href":"https:\/\/www.correiobraziliense.com.br\/cbradar\/wp-json\/wp\/v2\/posts\/132524\/revisions\/132539"}],"wp:featuredmedia":[{"embeddable":true,"href":"https:\/\/www.correiobraziliense.com.br\/cbradar\/wp-json\/wp\/v2\/media\/74128"}],"wp:attachment":[{"href":"https:\/\/www.correiobraziliense.com.br\/cbradar\/wp-json\/wp\/v2\/media?parent=132524"}],"wp:term":[{"taxonomy":"category","embeddable":true,"href":"https:\/\/www.correiobraziliense.com.br\/cbradar\/wp-json\/wp\/v2\/categories?post=132524"},{"taxonomy":"post_tag","embeddable":true,"href":"https:\/\/www.correiobraziliense.com.br\/cbradar\/wp-json\/wp\/v2\/post_tag?post=132524"}],"curies":[{"name":"wp","href":"https:\/\/api.w.org\/{rel}","templated":true}]}}