{"id":132615,"date":"2025-11-07T09:55:00","date_gmt":"2025-11-07T12:55:00","guid":{"rendered":"https:\/\/www.correiobraziliense.com.br\/cbradar\/?p=132615"},"modified":"2025-11-06T15:44:04","modified_gmt":"2025-11-06T18:44:04","slug":"existe-alguma-diferenca-entre-zero-acucar-e-refrigerantes-dieteticos","status":"publish","type":"post","link":"https:\/\/www.correiobraziliense.com.br\/cbradar\/existe-alguma-diferenca-entre-zero-acucar-e-refrigerantes-dieteticos\/","title":{"rendered":"Existe alguma diferen\u00e7a entre zero a\u00e7\u00facar e refrigerantes diet\u00e9ticos?"},"content":{"rendered":"\n<p>A <strong>ind\u00fastria de refrigerantes<\/strong> evoluiu para diversificar as op\u00e7\u00f5es dispon\u00edveis e atender perfis variados de consumidores, especialmente aqueles que buscam alternativas com pouco ou nenhum a\u00e7\u00facar. Embora os refrigerantes <strong>diet<\/strong> e <strong>zero<\/strong> compartilhem semelhan\u00e7as, eles apresentam distin\u00e7\u00f5es importantes em sua formula\u00e7\u00e3o e proposta.<\/p>\n\n\n\n<h2 class=\"wp-block-heading\">Como os refrigerantes diet conquistaram o mercado?<\/h2>\n\n\n\n<p>Os <strong>refrigerantes diet<\/strong> surgiram na d\u00e9cada de 1950, voltados inicialmente para pessoas com diabetes. Com o tempo, tornaram-se populares entre quem deseja reduzir a ingest\u00e3o de a\u00e7\u00facar e calorias, apresentando um perfil de sabor diferenciado das vers\u00f5es tradicionais.<\/p>\n\n\n\n<p>A principal caracter\u00edstica dos <strong>diet<\/strong> \u00e9 o uso de um ado\u00e7ante, geralmente o aspartame. Isso resulta em uma alternativa de sabor que muitos consumidores aprenderam a apreciar. Para ilustrar o que os torna \u00fanicos, confira alguns de seus atributos:<\/p>\n\n\n\n<ul class=\"wp-block-list\">\n<li>Uso predominante de apenas um tipo de ado\u00e7ante<\/li>\n\n\n\n<li>Sabor pr\u00f3prio, diferente das vers\u00f5es tradicionais<\/li>\n\n\n\n<li>P\u00fablico-alvo voltado a pessoas com restri\u00e7\u00f5es ao a\u00e7\u00facar<\/li>\n<\/ul>\n\n\n\n<figure class=\"wp-block-image size-large\"><img decoding=\"async\" width=\"1024\" height=\"576\" src=\"https:\/\/www.correiobraziliense.com.br\/cbradar\/wp-content\/uploads\/2025\/11\/refrigerante-diet_1762454488050-1024x576.jpg\" alt=\"Existe alguma diferen\u00e7a entre zero a\u00e7\u00facar e refrigerantes diet\u00e9ticos?\" class=\"wp-image-132618\" srcset=\"https:\/\/www.correiobraziliense.com.br\/cbradar\/wp-content\/uploads\/2025\/11\/refrigerante-diet_1762454488050-1024x576.jpg 1024w, https:\/\/www.correiobraziliense.com.br\/cbradar\/wp-content\/uploads\/2025\/11\/refrigerante-diet_1762454488050-300x169.jpg 300w, https:\/\/www.correiobraziliense.com.br\/cbradar\/wp-content\/uploads\/2025\/11\/refrigerante-diet_1762454488050-768x432.jpg 768w, https:\/\/www.correiobraziliense.com.br\/cbradar\/wp-content\/uploads\/2025\/11\/refrigerante-diet_1762454488050-750x422.jpg 750w, https:\/\/www.correiobraziliense.com.br\/cbradar\/wp-content\/uploads\/2025\/11\/refrigerante-diet_1762454488050-1140x641.jpg 1140w, https:\/\/www.correiobraziliense.com.br\/cbradar\/wp-content\/uploads\/2025\/11\/refrigerante-diet_1762454488050.jpg 1280w\" sizes=\"(max-width: 1024px) 100vw, 1024px\" \/><figcaption class=\"wp-element-caption\">A vers\u00e3o diet \u00e9 direcionada principalmente para pessoas com restri\u00e7\u00f5es alimentares, como diab\u00e9ticos, e tem seu a\u00e7\u00facar substitu\u00eddo por ado\u00e7antes como aspartame. Cr\u00e9ditos: depositphotos.com \/ punsayaporn<\/figcaption><\/figure>\n\n\n\n<h2 class=\"wp-block-heading\">Por que os refrigerantes zero se tornaram uma escolha popular?<\/h2>\n\n\n\n<p>Os <strong>refrigerantes zero<\/strong> s\u00e3o uma evolu\u00e7\u00e3o dos diet e visam replicar de forma mais fiel o sabor do refrigerante tradicional. Eles utilizam uma combina\u00e7\u00e3o de ado\u00e7antes, como aspartame e acesulfame de pot\u00e1ssio, para proporcionar uma experi\u00eancia gustativa pr\u00f3xima ao original.<\/p>\n\n\n\n<p>Essa abordagem visa atrair consumidores que desejam o sabor aut\u00eantico, sem o a\u00e7\u00facar, e ajuda a ampliar a aceita\u00e7\u00e3o desses produtos no mercado.<\/p>\n\n\n\n<blockquote class=\"tiktok-embed\" cite=\"https:\/\/www.tiktok.com\/@vidinhas\/video\/7418285773864094981\" data-video-id=\"7418285773864094981\" style=\"max-width: 605px;min-width: 325px;\" > <section> <a target=\"_blank\" title=\"@vidinhas\" href=\"https:\/\/www.tiktok.com\/@vidinhas?refer=embed\">@vidinhas<\/a> voc\u00ea sabe a diferen\u00e7a entre light, diet e zero?  <a title=\"alimentacaosaudavel\" target=\"_blank\" href=\"https:\/\/www.tiktok.com\/tag\/alimentacaosaudavel?refer=embed\">#alimentacaosaudavel<\/a> <a title=\"emagrecimento\" target=\"_blank\" href=\"https:\/\/www.tiktok.com\/tag\/emagrecimento?refer=embed\">#emagrecimento<\/a> <a title=\"light\" target=\"_blank\" href=\"https:\/\/www.tiktok.com\/tag\/light?refer=embed\">#light<\/a> <a title=\"diet\" target=\"_blank\" href=\"https:\/\/www.tiktok.com\/tag\/diet?refer=embed\">#diet<\/a> <a title=\"zero\" target=\"_blank\" href=\"https:\/\/www.tiktok.com\/tag\/zero?refer=embed\">#zero<\/a> <a title=\"zeroacucar\" target=\"_blank\" href=\"https:\/\/www.tiktok.com\/tag\/zeroacucar?refer=embed\">#zeroacucar<\/a> <a title=\"cocacola\" target=\"_blank\" href=\"https:\/\/www.tiktok.com\/tag\/cocacola?refer=embed\">#cocacola<\/a> <a target=\"_blank\" title=\"\u266c som original - Vidinhas | Nutricionista\" href=\"https:\/\/www.tiktok.com\/music\/som-original-7418285801909734150?refer=embed\">\u266c som original &#8211; Vidinhas | Nutricionista<\/a> <\/section> <\/blockquote> <script async src=\"https:\/\/www.tiktok.com\/embed.js\"><\/script>\n\n\n\n<h2 class=\"wp-block-heading\">O que considerar ao escolher entre diet e zero?<\/h2>\n\n\n\n<p>A decis\u00e3o entre <strong>diet<\/strong> e <strong>zero<\/strong> depende principalmente da prefer\u00eancia individual por sabor e necessidades diet\u00e9ticas. Enquanto algumas pessoas valorizam o perfil \u00fanico do diet, outras buscam a semelhan\u00e7a do zero com o refrigerante original.<\/p>\n\n\n\n<p>O mais importante \u00e9 estar atento ao consumo de ado\u00e7antes e \u00e0s recomenda\u00e7\u00f5es de modera\u00e7\u00e3o, especialmente para pessoas com restri\u00e7\u00f5es espec\u00edficas.<\/p>\n\n\n\n<figure class=\"wp-block-table\"><table class=\"has-fixed-layout\"><thead><tr><th>Caracter\u00edstica<\/th><th>Refrigerante Diet<\/th><th>Refrigerante Zero<\/th><\/tr><\/thead><tbody><tr><td><strong>Objetivo principal<\/strong><\/td><td>Voltado para pessoas com restri\u00e7\u00f5es ao a\u00e7\u00facar, como diab\u00e9ticos<\/td><td>Busca replicar o sabor do refrigerante original, sem a\u00e7\u00facar<\/td><\/tr><tr><td><strong>Tipo e combina\u00e7\u00e3o de ado\u00e7antes<\/strong><\/td><td>Geralmente utiliza apenas um ado\u00e7ante (ex: aspartame)<\/td><td>Utiliza combina\u00e7\u00e3o de ado\u00e7antes artificiais (ex: aspartame e acessulfame de pot\u00e1ssio)<\/td><\/tr><tr><td><strong>Perfil de sabor<\/strong><\/td><td>Diferenciado em rela\u00e7\u00e3o \u00e0 vers\u00e3o tradicional<\/td><td>Mais pr\u00f3ximo ao sabor original do refrigerante comum<\/td><\/tr><tr><td><strong>Calorias e a\u00e7\u00facares<\/strong><\/td><td>Zero ou baix\u00edssimo teor de calorias e sem a\u00e7\u00facar<\/td><td>Zero calorias e sem a\u00e7\u00facar<\/td><\/tr><tr><td><strong>P\u00fablico-alvo<\/strong><\/td><td>Pessoas com necessidades espec\u00edficas, como diab\u00e9ticos<\/td><td>Consumidores em geral que procuram menos a\u00e7\u00facar mas n\u00e3o abrem m\u00e3o do sabor<\/td><\/tr><tr><td><strong>Ado\u00e7antes normalmente usados<\/strong><\/td><td>Aspartame, sacarina ou ciclamato<\/td><td>Aspartame, acessulfame de pot\u00e1ssio e sucralose<\/td><\/tr><\/tbody><\/table><\/figure>\n\n\n\n<h2 class=\"wp-block-heading\">Os ado\u00e7antes artificiais realmente s\u00e3o seguros para o consumo?<\/h2>\n\n\n\n<p>A seguran\u00e7a dos <strong>ado\u00e7antes artificiais<\/strong> segue sendo um tema debatido. Embora proporcionem redu\u00e7\u00e3o de calorias e ajudem no controle de peso, estudos indicam que o consumo excessivo pode incluir riscos potenciais \u00e0 sa\u00fade.<\/p>\n\n\n\n<p>Dessa forma, \u00e9 fundamental que os consumidores se informem, considerem suas pr\u00f3prias condi\u00e7\u00f5es e optem com consci\u00eancia ao incluir refrigerantes diet ou zero em sua rotina.<\/p>\n\n\n\n<p>Leia tamb\u00e9m: <a href=\"https:\/\/www.correiobraziliense.com.br\/cbradar\/o-que-acontece-ao-trocar-o-refrigerante-por-agua-com-gas\/\" target=\"_blank\" rel=\"noreferrer noopener\">O que acontece ao trocar o refrigerante por \u00e1gua com g\u00e1s<\/a><\/p>\n","protected":false},"excerpt":{"rendered":"<p>Descubra a diferen\u00e7a intrigante entre refrigerantes diet e zero a\u00e7\u00facar: ingredientes, marketing e sabor. Qual \u00e9 a melhor escolha para voc\u00ea?<\/p>\n","protected":false},"author":3,"featured_media":132619,"comment_status":"open","ping_status":"open","sticky":false,"template":"","format":"standard","meta":{"_yoast_wpseo_focuskw":"refrigerantes diet zero a\u00e7\u00facar","_yoast_wpseo_title":"%%title%%","_yoast_wpseo_metadesc":"Descubra a diferen\u00e7a intrigante entre refrigerantes diet e zero a\u00e7\u00facar: ingredientes, marketing e sabor. Qual \u00e9 a melhor escolha para voc\u00ea?","jnews-multi-image_gallery":[],"jnews_single_post":{"format":"standard"},"jnews_primary_category":[],"jnews_social_meta":[],"jnews_override_counter":[],"footnotes":""},"categories":[112],"post_tag":[281,1423,144,2683],"class_list":["post-132615","post","type-post","status-publish","format-standard","has-post-thumbnail","hentry","category-curiosidades","tag-alimentacao","tag-alimentos","tag-curiosidades","tag-refrigerante"],"yoast_head":"<!-- This site is optimized with the Yoast SEO plugin v24.6 - https:\/\/yoast.com\/wordpress\/plugins\/seo\/ -->\n<title>Existe alguma diferen\u00e7a entre zero a\u00e7\u00facar e refrigerantes diet\u00e9ticos?<\/title>\n<meta name=\"description\" content=\"Descubra a diferen\u00e7a intrigante entre refrigerantes diet e zero a\u00e7\u00facar: ingredientes, marketing e sabor. Qual \u00e9 a melhor escolha para voc\u00ea?\" \/>\n<meta name=\"robots\" content=\"index, follow, max-snippet:-1, max-image-preview:large, max-video-preview:-1\" \/>\n<link rel=\"canonical\" href=\"https:\/\/www.correiobraziliense.com.br\/cbradar\/existe-alguma-diferenca-entre-zero-acucar-e-refrigerantes-dieteticos\/\" \/>\n<meta property=\"og:locale\" content=\"pt_BR\" \/>\n<meta property=\"og:type\" content=\"article\" \/>\n<meta property=\"og:title\" content=\"Existe alguma diferen\u00e7a entre zero a\u00e7\u00facar e refrigerantes diet\u00e9ticos?\" \/>\n<meta property=\"og:description\" content=\"Descubra a diferen\u00e7a intrigante entre refrigerantes diet e zero a\u00e7\u00facar: ingredientes, marketing e sabor. Qual \u00e9 a melhor escolha para voc\u00ea?\" \/>\n<meta property=\"og:url\" content=\"https:\/\/www.correiobraziliense.com.br\/cbradar\/existe-alguma-diferenca-entre-zero-acucar-e-refrigerantes-dieteticos\/\" \/>\n<meta property=\"og:site_name\" content=\"Correio Braziliense - Radar\" \/>\n<meta property=\"article:published_time\" content=\"2025-11-07T12:55:00+00:00\" \/>\n<meta property=\"og:image\" content=\"https:\/\/www.correiobraziliense.com.br\/cbradar\/wp-content\/uploads\/2025\/11\/Refrigerante-Zero-vs-Diet-Google-Discover-1.png\" \/>\n\t<meta property=\"og:image:width\" content=\"1280\" \/>\n\t<meta property=\"og:image:height\" content=\"720\" \/>\n\t<meta property=\"og:image:type\" content=\"image\/png\" \/>\n<meta name=\"author\" content=\"Larissa Carvalho\" \/>\n<meta name=\"twitter:card\" content=\"summary_large_image\" \/>\n<meta name=\"twitter:label1\" content=\"Escrito por\" \/>\n\t<meta name=\"twitter:data1\" content=\"Larissa Carvalho\" \/>\n\t<meta name=\"twitter:label2\" content=\"Est. tempo de leitura\" \/>\n\t<meta name=\"twitter:data2\" content=\"4 minutos\" \/>\n<!-- \/ Yoast SEO plugin. -->","yoast_head_json":{"title":"Existe alguma diferen\u00e7a entre zero a\u00e7\u00facar e refrigerantes diet\u00e9ticos?","description":"Descubra a diferen\u00e7a intrigante entre refrigerantes diet e zero a\u00e7\u00facar: ingredientes, marketing e sabor. Qual \u00e9 a melhor escolha para voc\u00ea?","robots":{"index":"index","follow":"follow","max-snippet":"max-snippet:-1","max-image-preview":"max-image-preview:large","max-video-preview":"max-video-preview:-1"},"canonical":"https:\/\/www.correiobraziliense.com.br\/cbradar\/existe-alguma-diferenca-entre-zero-acucar-e-refrigerantes-dieteticos\/","og_locale":"pt_BR","og_type":"article","og_title":"Existe alguma diferen\u00e7a entre zero a\u00e7\u00facar e refrigerantes diet\u00e9ticos?","og_description":"Descubra a diferen\u00e7a intrigante entre refrigerantes diet e zero a\u00e7\u00facar: ingredientes, marketing e sabor. Qual \u00e9 a melhor escolha para voc\u00ea?","og_url":"https:\/\/www.correiobraziliense.com.br\/cbradar\/existe-alguma-diferenca-entre-zero-acucar-e-refrigerantes-dieteticos\/","og_site_name":"Correio Braziliense - Radar","article_published_time":"2025-11-07T12:55:00+00:00","og_image":[{"width":1280,"height":720,"url":"https:\/\/www.correiobraziliense.com.br\/cbradar\/wp-content\/uploads\/2025\/11\/Refrigerante-Zero-vs-Diet-Google-Discover-1.png","type":"image\/png"}],"author":"Larissa Carvalho","twitter_card":"summary_large_image","twitter_misc":{"Escrito por":"Larissa Carvalho","Est. tempo de leitura":"4 minutos"},"schema":{"@context":"https:\/\/schema.org","@graph":[{"@type":"WebPage","@id":"https:\/\/www.correiobraziliense.com.br\/cbradar\/existe-alguma-diferenca-entre-zero-acucar-e-refrigerantes-dieteticos\/","url":"https:\/\/www.correiobraziliense.com.br\/cbradar\/existe-alguma-diferenca-entre-zero-acucar-e-refrigerantes-dieteticos\/","name":"Existe alguma diferen\u00e7a entre zero a\u00e7\u00facar e refrigerantes diet\u00e9ticos?","isPartOf":{"@id":"https:\/\/www.correiobraziliense.com.br\/cbradar\/#website"},"primaryImageOfPage":{"@id":"https:\/\/www.correiobraziliense.com.br\/cbradar\/existe-alguma-diferenca-entre-zero-acucar-e-refrigerantes-dieteticos\/#primaryimage"},"image":{"@id":"https:\/\/www.correiobraziliense.com.br\/cbradar\/existe-alguma-diferenca-entre-zero-acucar-e-refrigerantes-dieteticos\/#primaryimage"},"thumbnailUrl":"https:\/\/www.correiobraziliense.com.br\/cbradar\/wp-content\/uploads\/2025\/11\/Refrigerante-Zero-vs-Diet-Google-Discover-1.png","datePublished":"2025-11-07T12:55:00+00:00","author":{"@id":"https:\/\/www.correiobraziliense.com.br\/cbradar\/#\/schema\/person\/58422787644df994b53a19d3e56c1513"},"description":"Descubra a diferen\u00e7a intrigante entre refrigerantes diet e zero a\u00e7\u00facar: ingredientes, marketing e sabor. Qual \u00e9 a melhor escolha para voc\u00ea?","breadcrumb":{"@id":"https:\/\/www.correiobraziliense.com.br\/cbradar\/existe-alguma-diferenca-entre-zero-acucar-e-refrigerantes-dieteticos\/#breadcrumb"},"inLanguage":"pt-BR","potentialAction":[{"@type":"ReadAction","target":["https:\/\/www.correiobraziliense.com.br\/cbradar\/existe-alguma-diferenca-entre-zero-acucar-e-refrigerantes-dieteticos\/"]}]},{"@type":"ImageObject","inLanguage":"pt-BR","@id":"https:\/\/www.correiobraziliense.com.br\/cbradar\/existe-alguma-diferenca-entre-zero-acucar-e-refrigerantes-dieteticos\/#primaryimage","url":"https:\/\/www.correiobraziliense.com.br\/cbradar\/wp-content\/uploads\/2025\/11\/Refrigerante-Zero-vs-Diet-Google-Discover-1.png","contentUrl":"https:\/\/www.correiobraziliense.com.br\/cbradar\/wp-content\/uploads\/2025\/11\/Refrigerante-Zero-vs-Diet-Google-Discover-1.png","width":1280,"height":720,"caption":"Ambos os tipos s\u00e3o ultraprocessados e cont\u00eam aditivos como corantes, acidulantes e cafe\u00edna, sem oferecer benef\u00edcios nutricionais relevantes."},{"@type":"BreadcrumbList","@id":"https:\/\/www.correiobraziliense.com.br\/cbradar\/existe-alguma-diferenca-entre-zero-acucar-e-refrigerantes-dieteticos\/#breadcrumb","itemListElement":[{"@type":"ListItem","position":1,"name":"In\u00edcio","item":"https:\/\/www.correiobraziliense.com.br\/cbradar\/"},{"@type":"ListItem","position":2,"name":"Existe alguma diferen\u00e7a entre zero a\u00e7\u00facar e refrigerantes diet\u00e9ticos?"}]},{"@type":"WebSite","@id":"https:\/\/www.correiobraziliense.com.br\/cbradar\/#website","url":"https:\/\/www.correiobraziliense.com.br\/cbradar\/","name":"Correio Braziliense - Radar","description":"Acompanhe as \u00faltimas not\u00edcias e fique bem informado sobre tudo o que acontece no Brasil e no mundo.","potentialAction":[{"@type":"SearchAction","target":{"@type":"EntryPoint","urlTemplate":"https:\/\/www.correiobraziliense.com.br\/cbradar\/?s={search_term_string}"},"query-input":{"@type":"PropertyValueSpecification","valueRequired":true,"valueName":"search_term_string"}}],"inLanguage":"pt-BR"},{"@type":"Person","@id":"https:\/\/www.correiobraziliense.com.br\/cbradar\/#\/schema\/person\/58422787644df994b53a19d3e56c1513","name":"Larissa Carvalho","image":{"@type":"ImageObject","inLanguage":"pt-BR","@id":"https:\/\/www.correiobraziliense.com.br\/cbradar\/#\/schema\/person\/image\/","url":"https:\/\/secure.gravatar.com\/avatar\/fe4f91a0de32b52a838d0d612abdc1aa?s=96&d=mm&r=g","contentUrl":"https:\/\/secure.gravatar.com\/avatar\/fe4f91a0de32b52a838d0d612abdc1aa?s=96&d=mm&r=g","caption":"Larissa Carvalho"},"url":"https:\/\/www.correiobraziliense.com.br\/cbradar\/author\/larissamyth\/"}]}},"_links":{"self":[{"href":"https:\/\/www.correiobraziliense.com.br\/cbradar\/wp-json\/wp\/v2\/posts\/132615","targetHints":{"allow":["GET"]}}],"collection":[{"href":"https:\/\/www.correiobraziliense.com.br\/cbradar\/wp-json\/wp\/v2\/posts"}],"about":[{"href":"https:\/\/www.correiobraziliense.com.br\/cbradar\/wp-json\/wp\/v2\/types\/post"}],"author":[{"embeddable":true,"href":"https:\/\/www.correiobraziliense.com.br\/cbradar\/wp-json\/wp\/v2\/users\/3"}],"replies":[{"embeddable":true,"href":"https:\/\/www.correiobraziliense.com.br\/cbradar\/wp-json\/wp\/v2\/comments?post=132615"}],"version-history":[{"count":2,"href":"https:\/\/www.correiobraziliense.com.br\/cbradar\/wp-json\/wp\/v2\/posts\/132615\/revisions"}],"predecessor-version":[{"id":132621,"href":"https:\/\/www.correiobraziliense.com.br\/cbradar\/wp-json\/wp\/v2\/posts\/132615\/revisions\/132621"}],"wp:featuredmedia":[{"embeddable":true,"href":"https:\/\/www.correiobraziliense.com.br\/cbradar\/wp-json\/wp\/v2\/media\/132619"}],"wp:attachment":[{"href":"https:\/\/www.correiobraziliense.com.br\/cbradar\/wp-json\/wp\/v2\/media?parent=132615"}],"wp:term":[{"taxonomy":"category","embeddable":true,"href":"https:\/\/www.correiobraziliense.com.br\/cbradar\/wp-json\/wp\/v2\/categories?post=132615"},{"taxonomy":"post_tag","embeddable":true,"href":"https:\/\/www.correiobraziliense.com.br\/cbradar\/wp-json\/wp\/v2\/post_tag?post=132615"}],"curies":[{"name":"wp","href":"https:\/\/api.w.org\/{rel}","templated":true}]}}