{"id":132624,"date":"2025-11-07T10:55:00","date_gmt":"2025-11-07T13:55:00","guid":{"rendered":"https:\/\/www.correiobraziliense.com.br\/cbradar\/?p=132624"},"modified":"2025-11-06T15:56:36","modified_gmt":"2025-11-06T18:56:36","slug":"o-alimento-que-antonio-banderas-deixou-de-comer-aos-60-anos-desde-que-sofreu-um-infarto","status":"publish","type":"post","link":"https:\/\/www.correiobraziliense.com.br\/cbradar\/o-alimento-que-antonio-banderas-deixou-de-comer-aos-60-anos-desde-que-sofreu-um-infarto\/","title":{"rendered":"O alimento que Antonio Banderas deixou de comer aos 60 anos desde que sofreu um infarto"},"content":{"rendered":"\n<p>A <strong>alimenta\u00e7\u00e3o<\/strong> desempenha papel fundamental na manuten\u00e7\u00e3o da sa\u00fade e influenciou diretamente a vida de Antonio Banderas ap\u00f3s o infarto que sofreu em Londres, em 2017. Desde ent\u00e3o, o ator espanhol reavaliou seus h\u00e1bitos alimentares e adotou um estilo de vida mais saud\u00e1vel, mencionando em entrevista a uma revista de sa\u00fade masculina as mudan\u00e7as significativas que fez para melhorar a <strong>sa\u00fade card\u00edaca<\/strong>.<\/p>\n\n\n\n<h2 class=\"wp-block-heading\">Como a carne vermelha pode impactar a sa\u00fade do cora\u00e7\u00e3o<\/h2>\n\n\n\n<p>Uma das principais mudan\u00e7as adotadas por Banderas foi a redu\u00e7\u00e3o do consumo de <strong>carne vermelha<\/strong>. Seguindo orienta\u00e7\u00f5es m\u00e9dicas, o ator buscou evitar produtos que elevam o colesterol LDL, conhecido como \u201ccolesterol ruim\u201d. Estudos cient\u00edficos apontam que o consumo excessivo de carne vermelha e processada aumenta os riscos de doen\u00e7as cardiovasculares.<\/p>\n\n\n\n<p>Al\u00e9m disso, carnes vermelhas s\u00e3o ricas em gorduras saturadas e colesterol, contribuindo para o endurecimento das art\u00e9rias e problemas card\u00edacos, como mostrou um estudo publicado pelo <strong><a href=\"https:\/\/www.bmj.com\/content\/371\/bmj.m4141\" target=\"_blank\" rel=\"noreferrer noopener\">The British Medical Journal (BMJ)<\/a><\/strong>.<\/p>\n\n\n\n<figure class=\"wp-block-image size-large\"><img decoding=\"async\" width=\"1024\" height=\"576\" src=\"https:\/\/www.correiobraziliense.com.br\/cbradar\/wp-content\/uploads\/2025\/11\/mosaico_1762455026516-1024x576.jpg\" alt=\"O alimento que Antonio Banderas deixou de comer aos 60 anos desde que sofreu um infarto\" class=\"wp-image-132628\" srcset=\"https:\/\/www.correiobraziliense.com.br\/cbradar\/wp-content\/uploads\/2025\/11\/mosaico_1762455026516-1024x576.jpg 1024w, https:\/\/www.correiobraziliense.com.br\/cbradar\/wp-content\/uploads\/2025\/11\/mosaico_1762455026516-300x169.jpg 300w, https:\/\/www.correiobraziliense.com.br\/cbradar\/wp-content\/uploads\/2025\/11\/mosaico_1762455026516-768x432.jpg 768w, https:\/\/www.correiobraziliense.com.br\/cbradar\/wp-content\/uploads\/2025\/11\/mosaico_1762455026516-750x422.jpg 750w, https:\/\/www.correiobraziliense.com.br\/cbradar\/wp-content\/uploads\/2025\/11\/mosaico_1762455026516-1140x641.jpg 1140w, https:\/\/www.correiobraziliense.com.br\/cbradar\/wp-content\/uploads\/2025\/11\/mosaico_1762455026516.jpg 1280w\" sizes=\"(max-width: 1024px) 100vw, 1024px\" \/><figcaption class=\"wp-element-caption\">Antonio Banderas afirmou que a experi\u00eancia do infarto o marcou para sempre, tornando-se um exemplo de mudan\u00e7a positiva para a sa\u00fade e estilo de vida. Cr\u00e9ditos: depositphotos.com \/ marischka e Cr\u00e9ditos: depositphotos.com \/ VitalikRadko<\/figcaption><\/figure>\n\n\n\n<h2 class=\"wp-block-heading\">Quais op\u00e7\u00f5es saud\u00e1veis podem substituir a carne vermelha na dieta<\/h2>\n\n\n\n<p>Para quem deseja reduzir a ingest\u00e3o de carne vermelha, especialistas recomendam incluir outras fontes de <strong>prote\u00edna saud\u00e1vel<\/strong> no card\u00e1pio. Al\u00e9m de favorecer o <strong>sistema cardiovascular<\/strong>, essas alternativas podem prolongar a expectativa de vida.<\/p>\n\n\n\n<p>Veja abaixo algumas sugest\u00f5es de substitui\u00e7\u00f5es saud\u00e1veis:<\/p>\n\n\n\n<ul class=\"wp-block-list\">\n<li>Peixes, como salm\u00e3o e sardinha<\/li>\n\n\n\n<li>Leguminosas, como feij\u00e3o e lentilha<\/li>\n\n\n\n<li>Oleaginosas, como nozes e castanhas<\/li>\n<\/ul>\n\n\n\n<p>Leia tamb\u00e9m: <a href=\"https:\/\/www.correiobraziliense.com.br\/cbradar\/esse-vegetal-amargo-esta-conquistando-medicos-por-cuidar-do-figado-e-do-coracao\/\" target=\"_blank\" rel=\"noreferrer noopener\">Esse vegetal amargo est\u00e1 conquistando m\u00e9dicos por cuidar do f\u00edgado e do cora\u00e7\u00e3o<\/a><\/p>\n\n\n\n<h2 class=\"wp-block-heading\">Quais mudan\u00e7as de estilo de vida Antonio Banderas adotou al\u00e9m da alimenta\u00e7\u00e3o<\/h2>\n\n\n\n<p>Al\u00e9m de alterar a dieta, Banderas incorporou o <strong>exerc\u00edcio f\u00edsico<\/strong> \u00e0 rotina, correndo cerca de 10 km a cada dois ou tr\u00eas dias. O ator tamb\u00e9m encontrou na culin\u00e1ria um momento de autocuidado, priorizando refei\u00e7\u00f5es equilibradas sem adotar restri\u00e7\u00f5es excessivas.<\/p>\n\n\n\n<p>Esses novos h\u00e1bitos foram fundamentais para a reabilita\u00e7\u00e3o do ator e servem de inspira\u00e7\u00e3o para quem deseja melhorar a <strong>qualidade de vida<\/strong>.<\/p>\n\n\n\n<blockquote class=\"instagram-media\" data-instgrm-captioned data-instgrm-permalink=\"https:\/\/www.instagram.com\/p\/DQMqvNgDMwZ\/?utm_source=ig_embed&amp;utm_campaign=loading\" data-instgrm-version=\"14\" style=\" background:#FFF; border:0; border-radius:3px; box-shadow:0 0 1px 0 rgba(0,0,0,0.5),0 1px 10px 0 rgba(0,0,0,0.15); margin: 1px; max-width:540px; min-width:326px; padding:0; width:99.375%; width:-webkit-calc(100% - 2px); width:calc(100% - 2px);\"><div style=\"padding:16px;\"> <a href=\"https:\/\/www.instagram.com\/p\/DQMqvNgDMwZ\/?utm_source=ig_embed&amp;utm_campaign=loading\" style=\" background:#FFFFFF; line-height:0; padding:0 0; text-align:center; text-decoration:none; width:100%;\" target=\"_blank\"> <div style=\" display: flex; flex-direction: row; align-items: center;\"> <div style=\"background-color: #F4F4F4; border-radius: 50%; flex-grow: 0; height: 40px; margin-right: 14px; width: 40px;\"><\/div> <div style=\"display: flex; flex-direction: column; flex-grow: 1; justify-content: center;\"> <div style=\" background-color: #F4F4F4; border-radius: 4px; flex-grow: 0; height: 14px; margin-bottom: 6px; width: 100px;\"><\/div> <div style=\" background-color: #F4F4F4; border-radius: 4px; flex-grow: 0; height: 14px; width: 60px;\"><\/div><\/div><\/div><div style=\"padding: 19% 0;\"><\/div> <div style=\"display:block; height:50px; margin:0 auto 12px; width:50px;\"><svg width=\"50px\" height=\"50px\" viewBox=\"0 0 60 60\" version=\"1.1\" xmlns=\"https:\/\/www.w3.org\/2000\/svg\" xmlns:xlink=\"https:\/\/www.w3.org\/1999\/xlink\"><g stroke=\"none\" stroke-width=\"1\" fill=\"none\" fill-rule=\"evenodd\"><g transform=\"translate(-511.000000, -20.000000)\" fill=\"#000000\"><g><path d=\"M556.869,30.41 C554.814,30.41 553.148,32.076 553.148,34.131 C553.148,36.186 554.814,37.852 556.869,37.852 C558.924,37.852 560.59,36.186 560.59,34.131 C560.59,32.076 558.924,30.41 556.869,30.41 M541,60.657 C535.114,60.657 530.342,55.887 530.342,50 C530.342,44.114 535.114,39.342 541,39.342 C546.887,39.342 551.658,44.114 551.658,50 C551.658,55.887 546.887,60.657 541,60.657 M541,33.886 C532.1,33.886 524.886,41.1 524.886,50 C524.886,58.899 532.1,66.113 541,66.113 C549.9,66.113 557.115,58.899 557.115,50 C557.115,41.1 549.9,33.886 541,33.886 M565.378,62.101 C565.244,65.022 564.756,66.606 564.346,67.663 C563.803,69.06 563.154,70.057 562.106,71.106 C561.058,72.155 560.06,72.803 558.662,73.347 C557.607,73.757 556.021,74.244 553.102,74.378 C549.944,74.521 548.997,74.552 541,74.552 C533.003,74.552 532.056,74.521 528.898,74.378 C525.979,74.244 524.393,73.757 523.338,73.347 C521.94,72.803 520.942,72.155 519.894,71.106 C518.846,70.057 518.197,69.06 517.654,67.663 C517.244,66.606 516.755,65.022 516.623,62.101 C516.479,58.943 516.448,57.996 516.448,50 C516.448,42.003 516.479,41.056 516.623,37.899 C516.755,34.978 517.244,33.391 517.654,32.338 C518.197,30.938 518.846,29.942 519.894,28.894 C520.942,27.846 521.94,27.196 523.338,26.654 C524.393,26.244 525.979,25.756 528.898,25.623 C532.057,25.479 533.004,25.448 541,25.448 C548.997,25.448 549.943,25.479 553.102,25.623 C556.021,25.756 557.607,26.244 558.662,26.654 C560.06,27.196 561.058,27.846 562.106,28.894 C563.154,29.942 563.803,30.938 564.346,32.338 C564.756,33.391 565.244,34.978 565.378,37.899 C565.522,41.056 565.552,42.003 565.552,50 C565.552,57.996 565.522,58.943 565.378,62.101 M570.82,37.631 C570.674,34.438 570.167,32.258 569.425,30.349 C568.659,28.377 567.633,26.702 565.965,25.035 C564.297,23.368 562.623,22.342 560.652,21.575 C558.743,20.834 556.562,20.326 553.369,20.18 C550.169,20.033 549.148,20 541,20 C532.853,20 531.831,20.033 528.631,20.18 C525.438,20.326 523.257,20.834 521.349,21.575 C519.376,22.342 517.703,23.368 516.035,25.035 C514.368,26.702 513.342,28.377 512.574,30.349 C511.834,32.258 511.326,34.438 511.181,37.631 C511.035,40.831 511,41.851 511,50 C511,58.147 511.035,59.17 511.181,62.369 C511.326,65.562 511.834,67.743 512.574,69.651 C513.342,71.625 514.368,73.296 516.035,74.965 C517.703,76.634 519.376,77.658 521.349,78.425 C523.257,79.167 525.438,79.673 528.631,79.82 C531.831,79.965 532.853,80.001 541,80.001 C549.148,80.001 550.169,79.965 553.369,79.82 C556.562,79.673 558.743,79.167 560.652,78.425 C562.623,77.658 564.297,76.634 565.965,74.965 C567.633,73.296 568.659,71.625 569.425,69.651 C570.167,67.743 570.674,65.562 570.82,62.369 C570.966,59.17 571,58.147 571,50 C571,41.851 570.966,40.831 570.82,37.631\"><\/path><\/g><\/g><\/g><\/svg><\/div><div style=\"padding-top: 8px;\"> <div style=\" color:#3897f0; font-family:Arial,sans-serif; font-size:14px; font-style:normal; font-weight:550; line-height:18px;\">Ver essa foto no Instagram<\/div><\/div><div style=\"padding: 12.5% 0;\"><\/div> <div style=\"display: flex; flex-direction: row; margin-bottom: 14px; align-items: center;\"><div> <div style=\"background-color: #F4F4F4; border-radius: 50%; height: 12.5px; width: 12.5px; transform: translateX(0px) translateY(7px);\"><\/div> <div style=\"background-color: #F4F4F4; height: 12.5px; transform: rotate(-45deg) translateX(3px) translateY(1px); width: 12.5px; flex-grow: 0; margin-right: 14px; margin-left: 2px;\"><\/div> <div style=\"background-color: #F4F4F4; border-radius: 50%; height: 12.5px; width: 12.5px; transform: translateX(9px) translateY(-18px);\"><\/div><\/div><div style=\"margin-left: 8px;\"> <div style=\" background-color: #F4F4F4; border-radius: 50%; flex-grow: 0; height: 20px; width: 20px;\"><\/div> <div style=\" width: 0; height: 0; border-top: 2px solid transparent; border-left: 6px solid #f4f4f4; border-bottom: 2px solid transparent; transform: translateX(16px) translateY(-4px) rotate(30deg)\"><\/div><\/div><div style=\"margin-left: auto;\"> <div style=\" width: 0px; border-top: 8px solid #F4F4F4; border-right: 8px solid transparent; transform: translateY(16px);\"><\/div> <div style=\" background-color: #F4F4F4; flex-grow: 0; height: 12px; width: 16px; transform: translateY(-4px);\"><\/div> <div style=\" width: 0; height: 0; border-top: 8px solid #F4F4F4; border-left: 8px solid transparent; transform: translateY(-4px) translateX(8px);\"><\/div><\/div><\/div> <div style=\"display: flex; flex-direction: column; flex-grow: 1; justify-content: center; margin-bottom: 24px;\"> <div style=\" background-color: #F4F4F4; border-radius: 4px; flex-grow: 0; height: 14px; margin-bottom: 6px; width: 224px;\"><\/div> <div style=\" background-color: #F4F4F4; border-radius: 4px; flex-grow: 0; height: 14px; width: 144px;\"><\/div><\/div><\/a><p style=\" color:#c9c8cd; font-family:Arial,sans-serif; font-size:14px; line-height:17px; margin-bottom:0; margin-top:8px; overflow:hidden; padding:8px 0 7px; text-align:center; text-overflow:ellipsis; white-space:nowrap;\"><a href=\"https:\/\/www.instagram.com\/p\/DQMqvNgDMwZ\/?utm_source=ig_embed&amp;utm_campaign=loading\" style=\" color:#c9c8cd; font-family:Arial,sans-serif; font-size:14px; font-style:normal; font-weight:normal; line-height:17px; text-decoration:none;\" target=\"_blank\">Uma publica\u00e7\u00e3o compartilhada por Antonio Banderas (@antoniobanderas)<\/a><\/p><\/div><\/blockquote>\n<script async src=\"\/\/www.instagram.com\/embed.js\"><\/script>\n\n\n\n<h2 class=\"wp-block-heading\">Quais s\u00e3o os benef\u00edcios de uma dieta equilibrada e da atividade f\u00edsica regular<\/h2>\n\n\n\n<p>Recomenda\u00e7\u00f5es da Organiza\u00e7\u00e3o Mundial da Sa\u00fade (OMS) refor\u00e7am a import\u00e2ncia de uma dieta equilibrada, com baixo teor de carne vermelha, embutidos e ultraprocessados, e a pr\u00e1tica regular de <strong>exerc\u00edcios<\/strong>. Essas diretrizes promovem bem-estar geral e reduzem o risco de doen\u00e7as card\u00edacas.<\/p>\n\n\n\n<p>A experi\u00eancia de Antonio Banderas mostra que mudan\u00e7as simples e consistentes na alimenta\u00e7\u00e3o e na rotina f\u00edsica trazem benef\u00edcios para a sa\u00fade cardiovascular e servem de exemplo para todos.<\/p>\n","protected":false},"excerpt":{"rendered":"<p>Descubra como Antonio Banderas transformou sua sa\u00fade ap\u00f3s um infarto, adotando h\u00e1bitos mais saud\u00e1veis e reduzindo o consumo de carne vermelha.<\/p>\n","protected":false},"author":3,"featured_media":132626,"comment_status":"open","ping_status":"open","sticky":false,"template":"","format":"standard","meta":{"_yoast_wpseo_focuskw":"alimento antonio banderas","_yoast_wpseo_title":"%%title%%","_yoast_wpseo_metadesc":"Descubra como Antonio Banderas transformou sua sa\u00fade ap\u00f3s um infarto, adotando h\u00e1bitos mais saud\u00e1veis e reduzindo o consumo de carne vermelha.","jnews-multi-image_gallery":[],"jnews_single_post":{"format":"standard"},"jnews_primary_category":[],"jnews_social_meta":[],"jnews_override_counter":[],"footnotes":""},"categories":[112],"tags":[281,1423,3559,144,565],"class_list":["post-132624","post","type-post","status-publish","format-standard","has-post-thumbnail","hentry","category-curiosidades","tag-alimentacao","tag-alimentos","tag-corpo-humano","tag-curiosidades","tag-saude"],"yoast_head":"<!-- This site is optimized with the Yoast SEO plugin v24.6 - https:\/\/yoast.com\/wordpress\/plugins\/seo\/ -->\n<title>O alimento que Antonio Banderas deixou de comer aos 60 anos desde que sofreu um infarto<\/title>\n<meta name=\"description\" content=\"Descubra como Antonio Banderas transformou sua sa\u00fade ap\u00f3s um infarto, adotando h\u00e1bitos mais saud\u00e1veis e reduzindo o consumo de carne vermelha.\" \/>\n<meta name=\"robots\" content=\"index, follow, max-snippet:-1, max-image-preview:large, max-video-preview:-1\" \/>\n<link rel=\"canonical\" href=\"https:\/\/www.correiobraziliense.com.br\/cbradar\/o-alimento-que-antonio-banderas-deixou-de-comer-aos-60-anos-desde-que-sofreu-um-infarto\/\" \/>\n<meta property=\"og:locale\" content=\"pt_BR\" \/>\n<meta property=\"og:type\" content=\"article\" \/>\n<meta property=\"og:title\" content=\"O alimento que Antonio Banderas deixou de comer aos 60 anos desde que sofreu um infarto\" \/>\n<meta property=\"og:description\" content=\"Descubra como Antonio Banderas transformou sua sa\u00fade ap\u00f3s um infarto, adotando h\u00e1bitos mais saud\u00e1veis e reduzindo o consumo de carne vermelha.\" \/>\n<meta property=\"og:url\" content=\"https:\/\/www.correiobraziliense.com.br\/cbradar\/o-alimento-que-antonio-banderas-deixou-de-comer-aos-60-anos-desde-que-sofreu-um-infarto\/\" \/>\n<meta property=\"og:site_name\" content=\"Correio Braziliense - Radar\" \/>\n<meta property=\"article:published_time\" content=\"2025-11-07T13:55:00+00:00\" \/>\n<meta property=\"og:image\" content=\"https:\/\/www.correiobraziliense.com.br\/cbradar\/wp-content\/uploads\/2025\/11\/mosaico_1762454743763.jpg\" \/>\n\t<meta property=\"og:image:width\" content=\"1280\" \/>\n\t<meta property=\"og:image:height\" content=\"720\" \/>\n\t<meta property=\"og:image:type\" content=\"image\/jpeg\" \/>\n<meta name=\"author\" content=\"Larissa Carvalho\" \/>\n<meta name=\"twitter:card\" content=\"summary_large_image\" \/>\n<meta name=\"twitter:label1\" content=\"Escrito por\" \/>\n\t<meta name=\"twitter:data1\" content=\"Larissa Carvalho\" \/>\n\t<meta name=\"twitter:label2\" content=\"Est. tempo de leitura\" \/>\n\t<meta name=\"twitter:data2\" content=\"3 minutos\" \/>\n<!-- \/ Yoast SEO plugin. -->","yoast_head_json":{"title":"O alimento que Antonio Banderas deixou de comer aos 60 anos desde que sofreu um infarto","description":"Descubra como Antonio Banderas transformou sua sa\u00fade ap\u00f3s um infarto, adotando h\u00e1bitos mais saud\u00e1veis e reduzindo o consumo de carne vermelha.","robots":{"index":"index","follow":"follow","max-snippet":"max-snippet:-1","max-image-preview":"max-image-preview:large","max-video-preview":"max-video-preview:-1"},"canonical":"https:\/\/www.correiobraziliense.com.br\/cbradar\/o-alimento-que-antonio-banderas-deixou-de-comer-aos-60-anos-desde-que-sofreu-um-infarto\/","og_locale":"pt_BR","og_type":"article","og_title":"O alimento que Antonio Banderas deixou de comer aos 60 anos desde que sofreu um infarto","og_description":"Descubra como Antonio Banderas transformou sua sa\u00fade ap\u00f3s um infarto, adotando h\u00e1bitos mais saud\u00e1veis e reduzindo o consumo de carne vermelha.","og_url":"https:\/\/www.correiobraziliense.com.br\/cbradar\/o-alimento-que-antonio-banderas-deixou-de-comer-aos-60-anos-desde-que-sofreu-um-infarto\/","og_site_name":"Correio Braziliense - Radar","article_published_time":"2025-11-07T13:55:00+00:00","og_image":[{"width":1280,"height":720,"url":"https:\/\/www.correiobraziliense.com.br\/cbradar\/wp-content\/uploads\/2025\/11\/mosaico_1762454743763.jpg","type":"image\/jpeg"}],"author":"Larissa Carvalho","twitter_card":"summary_large_image","twitter_misc":{"Escrito por":"Larissa Carvalho","Est. tempo de leitura":"3 minutos"},"schema":{"@context":"https:\/\/schema.org","@graph":[{"@type":"WebPage","@id":"https:\/\/www.correiobraziliense.com.br\/cbradar\/o-alimento-que-antonio-banderas-deixou-de-comer-aos-60-anos-desde-que-sofreu-um-infarto\/","url":"https:\/\/www.correiobraziliense.com.br\/cbradar\/o-alimento-que-antonio-banderas-deixou-de-comer-aos-60-anos-desde-que-sofreu-um-infarto\/","name":"O alimento que Antonio Banderas deixou de comer aos 60 anos desde que sofreu um infarto","isPartOf":{"@id":"https:\/\/www.correiobraziliense.com.br\/cbradar\/#website"},"primaryImageOfPage":{"@id":"https:\/\/www.correiobraziliense.com.br\/cbradar\/o-alimento-que-antonio-banderas-deixou-de-comer-aos-60-anos-desde-que-sofreu-um-infarto\/#primaryimage"},"image":{"@id":"https:\/\/www.correiobraziliense.com.br\/cbradar\/o-alimento-que-antonio-banderas-deixou-de-comer-aos-60-anos-desde-que-sofreu-um-infarto\/#primaryimage"},"thumbnailUrl":"https:\/\/www.correiobraziliense.com.br\/cbradar\/wp-content\/uploads\/2025\/11\/mosaico_1762454743763.jpg","datePublished":"2025-11-07T13:55:00+00:00","author":{"@id":"https:\/\/www.correiobraziliense.com.br\/cbradar\/#\/schema\/person\/58422787644df994b53a19d3e56c1513"},"description":"Descubra como Antonio Banderas transformou sua sa\u00fade ap\u00f3s um infarto, adotando h\u00e1bitos mais saud\u00e1veis e reduzindo o consumo de carne vermelha.","breadcrumb":{"@id":"https:\/\/www.correiobraziliense.com.br\/cbradar\/o-alimento-que-antonio-banderas-deixou-de-comer-aos-60-anos-desde-que-sofreu-um-infarto\/#breadcrumb"},"inLanguage":"pt-BR","potentialAction":[{"@type":"ReadAction","target":["https:\/\/www.correiobraziliense.com.br\/cbradar\/o-alimento-que-antonio-banderas-deixou-de-comer-aos-60-anos-desde-que-sofreu-um-infarto\/"]}]},{"@type":"ImageObject","inLanguage":"pt-BR","@id":"https:\/\/www.correiobraziliense.com.br\/cbradar\/o-alimento-que-antonio-banderas-deixou-de-comer-aos-60-anos-desde-que-sofreu-um-infarto\/#primaryimage","url":"https:\/\/www.correiobraziliense.com.br\/cbradar\/wp-content\/uploads\/2025\/11\/mosaico_1762454743763.jpg","contentUrl":"https:\/\/www.correiobraziliense.com.br\/cbradar\/wp-content\/uploads\/2025\/11\/mosaico_1762454743763.jpg","width":1280,"height":720,"caption":"Antonio Banderas sofreu um infarto em janeiro de 2017, em Londres, que mudou profundamente sua vis\u00e3o de vida e sa\u00fade. Cr\u00e9ditos: depositphotos.com \/ VadimVasenin e Cr\u00e9ditos: depositphotos.com \/ Featureflash"},{"@type":"BreadcrumbList","@id":"https:\/\/www.correiobraziliense.com.br\/cbradar\/o-alimento-que-antonio-banderas-deixou-de-comer-aos-60-anos-desde-que-sofreu-um-infarto\/#breadcrumb","itemListElement":[{"@type":"ListItem","position":1,"name":"In\u00edcio","item":"https:\/\/www.correiobraziliense.com.br\/cbradar\/"},{"@type":"ListItem","position":2,"name":"O alimento que Antonio Banderas deixou de comer aos 60 anos desde que sofreu um infarto"}]},{"@type":"WebSite","@id":"https:\/\/www.correiobraziliense.com.br\/cbradar\/#website","url":"https:\/\/www.correiobraziliense.com.br\/cbradar\/","name":"Correio Braziliense - Radar","description":"Acompanhe as \u00faltimas not\u00edcias e fique bem informado sobre tudo o que acontece no Brasil e no mundo.","potentialAction":[{"@type":"SearchAction","target":{"@type":"EntryPoint","urlTemplate":"https:\/\/www.correiobraziliense.com.br\/cbradar\/?s={search_term_string}"},"query-input":{"@type":"PropertyValueSpecification","valueRequired":true,"valueName":"search_term_string"}}],"inLanguage":"pt-BR"},{"@type":"Person","@id":"https:\/\/www.correiobraziliense.com.br\/cbradar\/#\/schema\/person\/58422787644df994b53a19d3e56c1513","name":"Larissa Carvalho","image":{"@type":"ImageObject","inLanguage":"pt-BR","@id":"https:\/\/www.correiobraziliense.com.br\/cbradar\/#\/schema\/person\/image\/","url":"https:\/\/secure.gravatar.com\/avatar\/fe4f91a0de32b52a838d0d612abdc1aa?s=96&d=mm&r=g","contentUrl":"https:\/\/secure.gravatar.com\/avatar\/fe4f91a0de32b52a838d0d612abdc1aa?s=96&d=mm&r=g","caption":"Larissa Carvalho"},"url":"https:\/\/www.correiobraziliense.com.br\/cbradar\/author\/larissamyth\/"}]}},"_links":{"self":[{"href":"https:\/\/www.correiobraziliense.com.br\/cbradar\/wp-json\/wp\/v2\/posts\/132624","targetHints":{"allow":["GET"]}}],"collection":[{"href":"https:\/\/www.correiobraziliense.com.br\/cbradar\/wp-json\/wp\/v2\/posts"}],"about":[{"href":"https:\/\/www.correiobraziliense.com.br\/cbradar\/wp-json\/wp\/v2\/types\/post"}],"author":[{"embeddable":true,"href":"https:\/\/www.correiobraziliense.com.br\/cbradar\/wp-json\/wp\/v2\/users\/3"}],"replies":[{"embeddable":true,"href":"https:\/\/www.correiobraziliense.com.br\/cbradar\/wp-json\/wp\/v2\/comments?post=132624"}],"version-history":[{"count":2,"href":"https:\/\/www.correiobraziliense.com.br\/cbradar\/wp-json\/wp\/v2\/posts\/132624\/revisions"}],"predecessor-version":[{"id":132631,"href":"https:\/\/www.correiobraziliense.com.br\/cbradar\/wp-json\/wp\/v2\/posts\/132624\/revisions\/132631"}],"wp:featuredmedia":[{"embeddable":true,"href":"https:\/\/www.correiobraziliense.com.br\/cbradar\/wp-json\/wp\/v2\/media\/132626"}],"wp:attachment":[{"href":"https:\/\/www.correiobraziliense.com.br\/cbradar\/wp-json\/wp\/v2\/media?parent=132624"}],"wp:term":[{"taxonomy":"category","embeddable":true,"href":"https:\/\/www.correiobraziliense.com.br\/cbradar\/wp-json\/wp\/v2\/categories?post=132624"},{"taxonomy":"post_tag","embeddable":true,"href":"https:\/\/www.correiobraziliense.com.br\/cbradar\/wp-json\/wp\/v2\/tags?post=132624"}],"curies":[{"name":"wp","href":"https:\/\/api.w.org\/{rel}","templated":true}]}}