{"id":132659,"date":"2025-11-07T15:45:00","date_gmt":"2025-11-07T18:45:00","guid":{"rendered":"https:\/\/www.correiobraziliense.com.br\/cbradar\/?p=132659"},"modified":"2025-11-06T16:58:02","modified_gmt":"2025-11-06T19:58:02","slug":"cafe-da-manha-facil-e-rico-em-proteinas-que-comeca-com-uma-tigela-de-aveia-simples","status":"publish","type":"post","link":"https:\/\/www.correiobraziliense.com.br\/cbradar\/cafe-da-manha-facil-e-rico-em-proteinas-que-comeca-com-uma-tigela-de-aveia-simples\/","title":{"rendered":"Caf\u00e9 da manh\u00e3 f\u00e1cil e rico em prote\u00ednas que come\u00e7a com uma tigela de aveia simples"},"content":{"rendered":"\n<p>Explorar op\u00e7\u00f5es para o <strong>caf\u00e9 da manh\u00e3<\/strong> que conciliem praticidade, sabor e valor nutricional ainda \u00e9 um desafio para muitas pessoas, especialmente para quem busca <strong>refei\u00e7\u00f5es matinais ricas em prote\u00ednas<\/strong> e deseja come\u00e7ar o dia com energia e saciedade. Alternativas vegetarianas \u00e0 base de plantas, como os mingaus de aveia preparados de v\u00e9spera com morango, se destacam como solu\u00e7\u00f5es pr\u00e1ticas, saud\u00e1veis e ricas em fibras e prote\u00ednas.<\/p>\n\n\n\n<h2 class=\"wp-block-heading\">Como preparar mingau de aveia de v\u00e9spera com morango de maneira simples<\/h2>\n\n\n\n<p>Para montar essa <strong>refei\u00e7\u00e3o nutritiva<\/strong>, misture <strong>aveia<\/strong> em flocos, leite, iogurte grego, morangos frescos picados, geleia de morango, mel e extrato de baunilha. Em seguida, coloque tudo em um recipiente com tampa e leve \u00e0 geladeira por pelo menos seis horas.<\/p>\n\n\n\n<p>Potes pequenos de vidro, como os de 8 on\u00e7as, s\u00e3o ideais para porcionar e transportar a <strong>aveia preparada de v\u00e9spera<\/strong>, facilitando o consumo no dia a dia.<\/p>\n\n\n\n<figure class=\"wp-block-image size-large\"><img decoding=\"async\" width=\"1024\" height=\"576\" src=\"https:\/\/www.correiobraziliense.com.br\/cbradar\/wp-content\/uploads\/2025\/11\/mosaico_1762459020756-1024x576.jpg\" alt=\"Caf\u00e9 da manh\u00e3 f\u00e1cil e rico em prote\u00ednas que come\u00e7a com uma tigela de aveia simples\" class=\"wp-image-132664\" srcset=\"https:\/\/www.correiobraziliense.com.br\/cbradar\/wp-content\/uploads\/2025\/11\/mosaico_1762459020756-1024x576.jpg 1024w, https:\/\/www.correiobraziliense.com.br\/cbradar\/wp-content\/uploads\/2025\/11\/mosaico_1762459020756-300x169.jpg 300w, https:\/\/www.correiobraziliense.com.br\/cbradar\/wp-content\/uploads\/2025\/11\/mosaico_1762459020756-768x432.jpg 768w, https:\/\/www.correiobraziliense.com.br\/cbradar\/wp-content\/uploads\/2025\/11\/mosaico_1762459020756-750x422.jpg 750w, https:\/\/www.correiobraziliense.com.br\/cbradar\/wp-content\/uploads\/2025\/11\/mosaico_1762459020756-1140x641.jpg 1140w, https:\/\/www.correiobraziliense.com.br\/cbradar\/wp-content\/uploads\/2025\/11\/mosaico_1762459020756.jpg 1280w\" sizes=\"(max-width: 1024px) 100vw, 1024px\" \/><figcaption class=\"wp-element-caption\">Variar ingredientes como sementes de chia, leite vegetal e frutas diversifica nutrientes e proporciona benef\u00edcios antioxidantes e vitam\u00ednicos. Cr\u00e9ditos: depositphotos.com \/ duskbabe e Cr\u00e9ditos: depositphotos.com \/ AntonMatyukha<\/figcaption><\/figure>\n\n\n\n<h2 class=\"wp-block-heading\">Mingau de aveia preparado de v\u00e9spera realmente \u00e9 uma boa escolha nutricional?<\/h2>\n\n\n\n<p>A combina\u00e7\u00e3o de <strong>aveia e iogurte grego<\/strong> oferece uma quantidade significativa de prote\u00ednas, chegando, em m\u00e9dia, a 18,4 gramas por por\u00e7\u00e3o. Isso contribui para alcan\u00e7ar a recomenda\u00e7\u00e3o di\u00e1ria de prote\u00ednas para adultos, que, segundo a FDA, \u00e9 de 50 gramas.<\/p>\n\n\n\n<p>Ainda, \u00e9 poss\u00edvel incrementar a receita para aumentar ainda mais o valor proteico e diversificar a <strong>alimenta\u00e7\u00e3o matinal<\/strong> com ingredientes funcionais.<\/p>\n\n\n\n<p>Leia tamb\u00e9m: <a href=\"https:\/\/www.correiobraziliense.com.br\/cbradar\/como-voce-deve-preparar-aveia-para-o-cafe-da-manha-corretamente\/\" target=\"_blank\" rel=\"noreferrer noopener\">Como voc\u00ea deve preparar aveia para o caf\u00e9 da manh\u00e3 corretamente?<\/a><\/p>\n\n\n\n<h2 class=\"wp-block-heading\">Como potencializar o mingau de aveia de v\u00e9spera e quais ingredientes utilizar<\/h2>\n\n\n\n<p>Al\u00e9m dos ingredientes b\u00e1sicos, bananas fatiadas e mirtilos ajudam a elevar o sabor e o teor de fibras da receita. \u00c9 interessante pensar tamb\u00e9m em adicionar fontes extras de prote\u00ednas e gorduras saud\u00e1veis.<\/p>\n\n\n\n<p>Abaixo est\u00e3o algumas op\u00e7\u00f5es que incrementam o conte\u00fado nutricional do preparo:<\/p>\n\n\n\n<ul class=\"wp-block-list\">\n<li>Manteiga de amendoim ou de am\u00eandoas, que fornecem entre 3,4 e 4 gramas de prote\u00edna por colher de sopa<\/li>\n\n\n\n<li>Sementes de chia, que somam 4,7 gramas de prote\u00edna por on\u00e7a<\/li>\n\n\n\n<li>Sementes de linha\u00e7a, ricas em fibras e prote\u00ednas<\/li>\n<\/ul>\n\n\n\n<blockquote class=\"tiktok-embed\" cite=\"https:\/\/www.tiktok.com\/@paolacarosella\/video\/7502845590498299142\" data-video-id=\"7502845590498299142\" style=\"max-width: 605px;min-width: 325px;\" > <section> <a target=\"_blank\" title=\"@paolacarosella\" href=\"https:\/\/www.tiktok.com\/@paolacarosella?refer=embed\">@paolacarosella<\/a> Receita b\u00e1sica do meu mingau &#8211;  1 parte de flocos de aveia para 2 partes de l\u00edquido  ( \u00bdx\u00edcara para 1 x\u00edcara )   o l\u00edquido pode ser s\u00f3 leite, s\u00f3 \u00e1gua ou \u00bd e \u00bd como eu fa\u00e7o  1 bananinha ou meia se for grande &#8211; ou pera ou ma\u00e7\u00e3 ralada, ou ameixa seca ou damasco &#8211; para ado\u00e7ar e alegrar o mingau  Pitadinha  de sal  Leva ao fogo e mexe de tanto em tanto at\u00e9 engrossar &#8211; depois de ferver geralmente em 2 minutos esta pronto  Finaliza com + banana ou sementes ou castanhas, mel, Mascavo e muita canela  Respondendo ao que  vc nem perguntou ainda  O moletom maravilhoso e da @vanessarozan  O micropore no rosto \u00e9 da @paularahal  A faca incr\u00edvel \u00e9 do @fingalferguson  As tigelas  de \u201c caf\u00e9 au lait \u201cs\u00e3o minhas e se quiser me dar mais de presente estou aceitando \u2764\ufe0f <a title=\"paolacarosella\" target=\"_blank\" href=\"https:\/\/www.tiktok.com\/tag\/paolacarosella?refer=embed\">#paolacarosella<\/a> <a title=\"foodtok\" target=\"_blank\" href=\"https:\/\/www.tiktok.com\/tag\/foodtok?refer=embed\">#foodtok<\/a> <a title=\"foodtokbrasil\" target=\"_blank\" href=\"https:\/\/www.tiktok.com\/tag\/foodtokbrasil?refer=embed\">#foodtokbrasil<\/a> <a title=\"tiktokreceita\" target=\"_blank\" href=\"https:\/\/www.tiktok.com\/tag\/tiktokreceita?refer=embed\">#tiktokreceita<\/a> <a target=\"_blank\" title=\"\u266c som original - paola.carosella\" href=\"https:\/\/www.tiktok.com\/music\/som-original-7502845627945700101?refer=embed\">\u266c som original &#8211; paola.carosella<\/a> <\/section> <\/blockquote> <script async src=\"https:\/\/www.tiktok.com\/embed.js\"><\/script>\n\n\n\n<h2 class=\"wp-block-heading\">\u00c9 vantajoso variar os ingredientes do mingau de aveia de v\u00e9spera<\/h2>\n\n\n\n<p>Adicionar diferentes frutas e manteigas de nozes amplia o potencial nutricional da receita, al\u00e9m de trazer novos sabores a cada preparo. Essa varia\u00e7\u00e3o ajuda a manter o interesse e evita a monotonia alimentar.<\/p>\n\n\n\n<p>Adotar um <strong>caf\u00e9 da manh\u00e3 diversificado<\/strong> e rico em nutrientes garante energia sustent\u00e1vel e uma combina\u00e7\u00e3o completa de vitaminas e minerais para iniciar o dia com disposi\u00e7\u00e3o.<\/p>\n","protected":false},"excerpt":{"rendered":"<p>Desfrute de um caf\u00e9 da manh\u00e3 doce e proteico com as nossas Aveias de Morango. Prepare \u00e0 noite para uma manh\u00e3 pr\u00e1tica e saborosa!<\/p>\n","protected":false},"author":3,"featured_media":132663,"comment_status":"open","ping_status":"open","sticky":false,"template":"","format":"standard","meta":{"_yoast_wpseo_focuskw":"caf\u00e9 da manh\u00e3 aveia","_yoast_wpseo_title":"%%title%%","_yoast_wpseo_metadesc":"Desfrute de um caf\u00e9 da manh\u00e3 doce e proteico com as nossas Aveias de Morango. Prepare \u00e0 noite para uma manh\u00e3 pr\u00e1tica e saborosa!","jnews-multi-image_gallery":[],"jnews_single_post":{"format":"standard"},"jnews_primary_category":[],"jnews_social_meta":[],"jnews_override_counter":[],"footnotes":""},"categories":[112],"tags":[281,1423,4319,144],"class_list":["post-132659","post","type-post","status-publish","format-standard","has-post-thumbnail","hentry","category-curiosidades","tag-alimentacao","tag-alimentos","tag-cafe-da-manha","tag-curiosidades"],"yoast_head":"<!-- This site is optimized with the Yoast SEO plugin v24.6 - https:\/\/yoast.com\/wordpress\/plugins\/seo\/ -->\n<title>Caf\u00e9 da manh\u00e3 f\u00e1cil e rico em prote\u00ednas que come\u00e7a com uma tigela de aveia simples<\/title>\n<meta name=\"description\" content=\"Desfrute de um caf\u00e9 da manh\u00e3 doce e proteico com as nossas Aveias de Morango. Prepare \u00e0 noite para uma manh\u00e3 pr\u00e1tica e saborosa!\" \/>\n<meta name=\"robots\" content=\"index, follow, max-snippet:-1, max-image-preview:large, max-video-preview:-1\" \/>\n<link rel=\"canonical\" href=\"https:\/\/www.correiobraziliense.com.br\/cbradar\/cafe-da-manha-facil-e-rico-em-proteinas-que-comeca-com-uma-tigela-de-aveia-simples\/\" \/>\n<meta property=\"og:locale\" content=\"pt_BR\" \/>\n<meta property=\"og:type\" content=\"article\" \/>\n<meta property=\"og:title\" content=\"Caf\u00e9 da manh\u00e3 f\u00e1cil e rico em prote\u00ednas que come\u00e7a com uma tigela de aveia simples\" \/>\n<meta property=\"og:description\" content=\"Desfrute de um caf\u00e9 da manh\u00e3 doce e proteico com as nossas Aveias de Morango. Prepare \u00e0 noite para uma manh\u00e3 pr\u00e1tica e saborosa!\" \/>\n<meta property=\"og:url\" content=\"https:\/\/www.correiobraziliense.com.br\/cbradar\/cafe-da-manha-facil-e-rico-em-proteinas-que-comeca-com-uma-tigela-de-aveia-simples\/\" \/>\n<meta property=\"og:site_name\" content=\"Correio Braziliense - Radar\" \/>\n<meta property=\"article:published_time\" content=\"2025-11-07T18:45:00+00:00\" \/>\n<meta property=\"og:image\" content=\"https:\/\/www.correiobraziliense.com.br\/cbradar\/wp-content\/uploads\/2025\/11\/Cafe-da-Manha-com-Aveia-Google-Discover.png\" \/>\n\t<meta property=\"og:image:width\" content=\"1280\" \/>\n\t<meta property=\"og:image:height\" content=\"720\" \/>\n\t<meta property=\"og:image:type\" content=\"image\/png\" \/>\n<meta name=\"author\" content=\"Larissa Carvalho\" \/>\n<meta name=\"twitter:card\" content=\"summary_large_image\" \/>\n<meta name=\"twitter:label1\" content=\"Escrito por\" \/>\n\t<meta name=\"twitter:data1\" content=\"Larissa Carvalho\" \/>\n\t<meta name=\"twitter:label2\" content=\"Est. tempo de leitura\" \/>\n\t<meta name=\"twitter:data2\" content=\"3 minutos\" \/>\n<!-- \/ Yoast SEO plugin. -->","yoast_head_json":{"title":"Caf\u00e9 da manh\u00e3 f\u00e1cil e rico em prote\u00ednas que come\u00e7a com uma tigela de aveia simples","description":"Desfrute de um caf\u00e9 da manh\u00e3 doce e proteico com as nossas Aveias de Morango. Prepare \u00e0 noite para uma manh\u00e3 pr\u00e1tica e saborosa!","robots":{"index":"index","follow":"follow","max-snippet":"max-snippet:-1","max-image-preview":"max-image-preview:large","max-video-preview":"max-video-preview:-1"},"canonical":"https:\/\/www.correiobraziliense.com.br\/cbradar\/cafe-da-manha-facil-e-rico-em-proteinas-que-comeca-com-uma-tigela-de-aveia-simples\/","og_locale":"pt_BR","og_type":"article","og_title":"Caf\u00e9 da manh\u00e3 f\u00e1cil e rico em prote\u00ednas que come\u00e7a com uma tigela de aveia simples","og_description":"Desfrute de um caf\u00e9 da manh\u00e3 doce e proteico com as nossas Aveias de Morango. Prepare \u00e0 noite para uma manh\u00e3 pr\u00e1tica e saborosa!","og_url":"https:\/\/www.correiobraziliense.com.br\/cbradar\/cafe-da-manha-facil-e-rico-em-proteinas-que-comeca-com-uma-tigela-de-aveia-simples\/","og_site_name":"Correio Braziliense - Radar","article_published_time":"2025-11-07T18:45:00+00:00","og_image":[{"width":1280,"height":720,"url":"https:\/\/www.correiobraziliense.com.br\/cbradar\/wp-content\/uploads\/2025\/11\/Cafe-da-Manha-com-Aveia-Google-Discover.png","type":"image\/png"}],"author":"Larissa Carvalho","twitter_card":"summary_large_image","twitter_misc":{"Escrito por":"Larissa Carvalho","Est. tempo de leitura":"3 minutos"},"schema":{"@context":"https:\/\/schema.org","@graph":[{"@type":"WebPage","@id":"https:\/\/www.correiobraziliense.com.br\/cbradar\/cafe-da-manha-facil-e-rico-em-proteinas-que-comeca-com-uma-tigela-de-aveia-simples\/","url":"https:\/\/www.correiobraziliense.com.br\/cbradar\/cafe-da-manha-facil-e-rico-em-proteinas-que-comeca-com-uma-tigela-de-aveia-simples\/","name":"Caf\u00e9 da manh\u00e3 f\u00e1cil e rico em prote\u00ednas que come\u00e7a com uma tigela de aveia simples","isPartOf":{"@id":"https:\/\/www.correiobraziliense.com.br\/cbradar\/#website"},"primaryImageOfPage":{"@id":"https:\/\/www.correiobraziliense.com.br\/cbradar\/cafe-da-manha-facil-e-rico-em-proteinas-que-comeca-com-uma-tigela-de-aveia-simples\/#primaryimage"},"image":{"@id":"https:\/\/www.correiobraziliense.com.br\/cbradar\/cafe-da-manha-facil-e-rico-em-proteinas-que-comeca-com-uma-tigela-de-aveia-simples\/#primaryimage"},"thumbnailUrl":"https:\/\/www.correiobraziliense.com.br\/cbradar\/wp-content\/uploads\/2025\/11\/Cafe-da-Manha-com-Aveia-Google-Discover.png","datePublished":"2025-11-07T18:45:00+00:00","author":{"@id":"https:\/\/www.correiobraziliense.com.br\/cbradar\/#\/schema\/person\/58422787644df994b53a19d3e56c1513"},"description":"Desfrute de um caf\u00e9 da manh\u00e3 doce e proteico com as nossas Aveias de Morango. Prepare \u00e0 noite para uma manh\u00e3 pr\u00e1tica e saborosa!","breadcrumb":{"@id":"https:\/\/www.correiobraziliense.com.br\/cbradar\/cafe-da-manha-facil-e-rico-em-proteinas-que-comeca-com-uma-tigela-de-aveia-simples\/#breadcrumb"},"inLanguage":"pt-BR","potentialAction":[{"@type":"ReadAction","target":["https:\/\/www.correiobraziliense.com.br\/cbradar\/cafe-da-manha-facil-e-rico-em-proteinas-que-comeca-com-uma-tigela-de-aveia-simples\/"]}]},{"@type":"ImageObject","inLanguage":"pt-BR","@id":"https:\/\/www.correiobraziliense.com.br\/cbradar\/cafe-da-manha-facil-e-rico-em-proteinas-que-comeca-com-uma-tigela-de-aveia-simples\/#primaryimage","url":"https:\/\/www.correiobraziliense.com.br\/cbradar\/wp-content\/uploads\/2025\/11\/Cafe-da-Manha-com-Aveia-Google-Discover.png","contentUrl":"https:\/\/www.correiobraziliense.com.br\/cbradar\/wp-content\/uploads\/2025\/11\/Cafe-da-Manha-com-Aveia-Google-Discover.png","width":1280,"height":720,"caption":"Prepare \u00e0 noite e tenha um caf\u00e9 da manh\u00e3 delicioso e pronto para come\u00e7ar o dia cheio de disposi\u00e7\u00e3o e sa\u00fade."},{"@type":"BreadcrumbList","@id":"https:\/\/www.correiobraziliense.com.br\/cbradar\/cafe-da-manha-facil-e-rico-em-proteinas-que-comeca-com-uma-tigela-de-aveia-simples\/#breadcrumb","itemListElement":[{"@type":"ListItem","position":1,"name":"In\u00edcio","item":"https:\/\/www.correiobraziliense.com.br\/cbradar\/"},{"@type":"ListItem","position":2,"name":"Caf\u00e9 da manh\u00e3 f\u00e1cil e rico em prote\u00ednas que come\u00e7a com uma tigela de aveia simples"}]},{"@type":"WebSite","@id":"https:\/\/www.correiobraziliense.com.br\/cbradar\/#website","url":"https:\/\/www.correiobraziliense.com.br\/cbradar\/","name":"Correio Braziliense - Radar","description":"Acompanhe as \u00faltimas not\u00edcias e fique bem informado sobre tudo o que acontece no Brasil e no mundo.","potentialAction":[{"@type":"SearchAction","target":{"@type":"EntryPoint","urlTemplate":"https:\/\/www.correiobraziliense.com.br\/cbradar\/?s={search_term_string}"},"query-input":{"@type":"PropertyValueSpecification","valueRequired":true,"valueName":"search_term_string"}}],"inLanguage":"pt-BR"},{"@type":"Person","@id":"https:\/\/www.correiobraziliense.com.br\/cbradar\/#\/schema\/person\/58422787644df994b53a19d3e56c1513","name":"Larissa Carvalho","image":{"@type":"ImageObject","inLanguage":"pt-BR","@id":"https:\/\/www.correiobraziliense.com.br\/cbradar\/#\/schema\/person\/image\/","url":"https:\/\/secure.gravatar.com\/avatar\/fe4f91a0de32b52a838d0d612abdc1aa?s=96&d=mm&r=g","contentUrl":"https:\/\/secure.gravatar.com\/avatar\/fe4f91a0de32b52a838d0d612abdc1aa?s=96&d=mm&r=g","caption":"Larissa Carvalho"},"url":"https:\/\/www.correiobraziliense.com.br\/cbradar\/author\/larissamyth\/"}]}},"_links":{"self":[{"href":"https:\/\/www.correiobraziliense.com.br\/cbradar\/wp-json\/wp\/v2\/posts\/132659","targetHints":{"allow":["GET"]}}],"collection":[{"href":"https:\/\/www.correiobraziliense.com.br\/cbradar\/wp-json\/wp\/v2\/posts"}],"about":[{"href":"https:\/\/www.correiobraziliense.com.br\/cbradar\/wp-json\/wp\/v2\/types\/post"}],"author":[{"embeddable":true,"href":"https:\/\/www.correiobraziliense.com.br\/cbradar\/wp-json\/wp\/v2\/users\/3"}],"replies":[{"embeddable":true,"href":"https:\/\/www.correiobraziliense.com.br\/cbradar\/wp-json\/wp\/v2\/comments?post=132659"}],"version-history":[{"count":2,"href":"https:\/\/www.correiobraziliense.com.br\/cbradar\/wp-json\/wp\/v2\/posts\/132659\/revisions"}],"predecessor-version":[{"id":132665,"href":"https:\/\/www.correiobraziliense.com.br\/cbradar\/wp-json\/wp\/v2\/posts\/132659\/revisions\/132665"}],"wp:featuredmedia":[{"embeddable":true,"href":"https:\/\/www.correiobraziliense.com.br\/cbradar\/wp-json\/wp\/v2\/media\/132663"}],"wp:attachment":[{"href":"https:\/\/www.correiobraziliense.com.br\/cbradar\/wp-json\/wp\/v2\/media?parent=132659"}],"wp:term":[{"taxonomy":"category","embeddable":true,"href":"https:\/\/www.correiobraziliense.com.br\/cbradar\/wp-json\/wp\/v2\/categories?post=132659"},{"taxonomy":"post_tag","embeddable":true,"href":"https:\/\/www.correiobraziliense.com.br\/cbradar\/wp-json\/wp\/v2\/tags?post=132659"}],"curies":[{"name":"wp","href":"https:\/\/api.w.org\/{rel}","templated":true}]}}