{"id":132671,"date":"2025-11-06T17:30:00","date_gmt":"2025-11-06T20:30:00","guid":{"rendered":"https:\/\/www.correiobraziliense.com.br\/cbradar\/?p=132671"},"modified":"2025-11-06T17:21:40","modified_gmt":"2025-11-06T20:21:40","slug":"supercomputador-revela-quando-acontecera-o-fim-do-mundo","status":"publish","type":"post","link":"https:\/\/www.correiobraziliense.com.br\/cbradar\/supercomputador-revela-quando-acontecera-o-fim-do-mundo\/","title":{"rendered":"Supercomputador revela quando acontecer\u00e1 o fim do mundo"},"content":{"rendered":"\n<p>Pesquisas em <strong>astronomia<\/strong> indicam previs\u00f5es preocupantes sobre a dura\u00e7\u00e3o da vida na Terra, estimando que em cerca de um bilh\u00e3o de anos o planeta ser\u00e1 drasticamente afetado pela evolu\u00e7\u00e3o do Sol em uma <strong>gigante vermelha<\/strong>. A equipe da <strong>NASA<\/strong> e da Universidade de Toho utilizou modelos matem\u00e1ticos e tecnologia de ponta para analisar esse cen\u00e1rio, sugerindo que o aumento da radia\u00e7\u00e3o e do calor tornar\u00e1 imposs\u00edvel a manuten\u00e7\u00e3o de ambientes habit\u00e1veis.<\/p>\n\n\n\n<h2 class=\"wp-block-heading\">Quais ser\u00e3o as mudan\u00e7as ambientais previstas para a Terra?<\/h2>\n\n\n\n<p>O futuro da Terra inclui uma progressiva redu\u00e7\u00e3o do <strong>oxig\u00eanio atmosf\u00e9rico<\/strong>, essencial para a vida. O estudo liderado por Kazumi Ozaki e Christopher Reinhard aponta que tal diminui\u00e7\u00e3o acontecer\u00e1 devido ao aumento da atividade solar, impactando diretamente a fotoss\u00edntese e provocando o colapso dos <strong>ecossistemas<\/strong>.<\/p>\n\n\n\n<p>Diante desse panorama, podemos listar as principais altera\u00e7\u00f5es esperadas no planeta:<\/p>\n\n\n\n<ul class=\"wp-block-list\">\n<li>Redu\u00e7\u00e3o dos n\u00edveis de oxig\u00eanio<\/li>\n\n\n\n<li>Extin\u00e7\u00e3o gradual da vegeta\u00e7\u00e3o<\/li>\n\n\n\n<li>Evapora\u00e7\u00e3o dos oceanos<\/li>\n\n\n\n<li>Superf\u00edcie da Terra tornando-se est\u00e9ril<\/li>\n<\/ul>\n\n\n\n<figure class=\"wp-block-image size-large\"><img decoding=\"async\" width=\"1024\" height=\"576\" src=\"https:\/\/www.correiobraziliense.com.br\/cbradar\/wp-content\/uploads\/2025\/11\/fim-do-mundo_1762460443259-1024x576.jpg\" alt=\"Supercomputador revela quando acontecer\u00e1 o fim do mundo\" class=\"wp-image-132675\" srcset=\"https:\/\/www.correiobraziliense.com.br\/cbradar\/wp-content\/uploads\/2025\/11\/fim-do-mundo_1762460443259-1024x576.jpg 1024w, https:\/\/www.correiobraziliense.com.br\/cbradar\/wp-content\/uploads\/2025\/11\/fim-do-mundo_1762460443259-300x169.jpg 300w, https:\/\/www.correiobraziliense.com.br\/cbradar\/wp-content\/uploads\/2025\/11\/fim-do-mundo_1762460443259-768x432.jpg 768w, https:\/\/www.correiobraziliense.com.br\/cbradar\/wp-content\/uploads\/2025\/11\/fim-do-mundo_1762460443259-750x422.jpg 750w, https:\/\/www.correiobraziliense.com.br\/cbradar\/wp-content\/uploads\/2025\/11\/fim-do-mundo_1762460443259-1140x641.jpg 1140w, https:\/\/www.correiobraziliense.com.br\/cbradar\/wp-content\/uploads\/2025\/11\/fim-do-mundo_1762460443259.jpg 1280w\" sizes=\"(max-width: 1024px) 100vw, 1024px\" \/><figcaption class=\"wp-element-caption\">O estudo sugere que por volta do ano 1.000.002.021 d.C., a superf\u00edcie terrestre estar\u00e1 t\u00e3o quente e seca que nenhuma forma de vida conseguir\u00e1 sobreviver. Cr\u00e9ditos: depositphotos.com \/ vicnt2815<\/figcaption><\/figure>\n\n\n\n<h2 class=\"wp-block-heading\">As tempestades solares j\u00e1 afetam a Terra?<\/h2>\n\n\n\n<p>Eventos solares come\u00e7am a apresentar sinais dessas grandes transforma\u00e7\u00f5es. Um exemplo disso foi a intensa <strong>tempestade solar<\/strong> registrada em maio de 2024, a maior em vinte anos, que interrompeu comunica\u00e7\u00f5es via sat\u00e9lite e alterou o clima terrestre.<\/p>\n\n\n\n<p>Essas ocorr\u00eancias n\u00e3o s\u00f3 afetam a atmosfera, podendo acelerar a <strong>perda de oxig\u00eanio<\/strong>, como tamb\u00e9m oferecem riscos para a nossa infraestrutura tecnol\u00f3gica e a vida na superf\u00edcie.<\/p>\n\n\n\n<h2 class=\"wp-block-heading\">O aquecimento global pode tornar a Terra inabit\u00e1vel?<\/h2>\n\n\n\n<p>Al\u00e9m dos efeitos solares, o <strong>aquecimento global<\/strong> pela a\u00e7\u00e3o humana pode criar consequ\u00eancias mais imediatas, tornando a Terra inabit\u00e1vel em um tempo menor que o inicialmente previsto.<\/p>\n\n\n\n<p>Por isso, esfor\u00e7os locais e internacionais buscam reduzir o <strong>impacto ambiental<\/strong> e mitigar os efeitos das mudan\u00e7as clim\u00e1ticas para garantir a sobreviv\u00eancia da humanidade no planeta.<\/p>\n\n\n\n<blockquote class=\"tiktok-embed\" cite=\"https:\/\/www.tiktok.com\/@minutomisterioso0\/video\/7524663365843569976\" data-video-id=\"7524663365843569976\" style=\"max-width: 605px;min-width: 325px;\" > <section> <a target=\"_blank\" title=\"@minutomisterioso0\" href=\"https:\/\/www.tiktok.com\/@minutomisterioso0?refer=embed\">@minutomisterioso0<\/a> A agenda da NASA para o \u201cfim do mundo\u201d<a title=\"conspira\u00e7\u00e3o\" target=\"_blank\" href=\"https:\/\/www.tiktok.com\/tag\/conspira%C3%A7%C3%A3o?refer=embed\">#conspira\u00e7\u00e3o<\/a> <a title=\"nasa\" target=\"_blank\" href=\"https:\/\/www.tiktok.com\/tag\/nasa?refer=embed\">#nasa<\/a> <a title=\"silentweapons\" target=\"_blank\" href=\"https:\/\/www.tiktok.com\/tag\/silentweapons?refer=embed\">#silentweapons<\/a> <a title=\"controleglobal\" target=\"_blank\" href=\"https:\/\/www.tiktok.com\/tag\/controleglobal?refer=embed\">#controleglobal<\/a> <a title=\"minutomisterioso\" target=\"_blank\" href=\"https:\/\/www.tiktok.com\/tag\/minutomisterioso?refer=embed\">#minutomisterioso<\/a> <a title=\"fyp\" target=\"_blank\" href=\"https:\/\/www.tiktok.com\/tag\/fyp?refer=embed\">#fyp<\/a> <a target=\"_blank\" title=\"\u266c Creepy simple horror ambient(1270589) - howlingindicator\" href=\"https:\/\/www.tiktok.com\/music\/Creepy-simple-horror-ambient-1270589-7122499778310572033?refer=embed\">\u266c Creepy simple horror ambient(1270589) &#8211; howlingindicator<\/a> <\/section> <\/blockquote> <script async src=\"https:\/\/www.tiktok.com\/embed.js\"><\/script>\n\n\n\n<h2 class=\"wp-block-heading\">A explora\u00e7\u00e3o espacial pode garantir o futuro da humanidade?<\/h2>\n\n\n\n<p>Diante desse quadro, as <strong>ag\u00eancias espaciais<\/strong> buscam por exoplanetas habit\u00e1veis, visando alternativas para a continuidade da vida humana fora da Terra. Essa miss\u00e3o \u00e9 considerada prioridade estrat\u00e9gica e cient\u00edfica.<\/p>\n\n\n\n<p>A adapta\u00e7\u00e3o a outros mundos, portanto, refor\u00e7a a relev\u00e2ncia das <strong>miss\u00f5es espaciais<\/strong>, que podem garantir rotas de escape no futuro e ampliar o nosso entendimento sobre o cosmos e a presen\u00e7a humana nele.<\/p>\n","protected":false},"excerpt":{"rendered":"<p>O supercomputador prev\u00ea o fim do mundo causado pela evolu\u00e7\u00e3o solar em 1.000.002.021. <\/p>\n","protected":false},"author":3,"featured_media":132674,"comment_status":"open","ping_status":"open","sticky":false,"template":"","format":"standard","meta":{"_yoast_wpseo_focuskw":"fim do mundo","_yoast_wpseo_title":"%%title%%","_yoast_wpseo_metadesc":"O supercomputador prev\u00ea o fim do mundo causado pela evolu\u00e7\u00e3o solar em 1.000.002.021.","jnews-multi-image_gallery":[],"jnews_single_post":{"format":"standard"},"jnews_primary_category":[],"jnews_social_meta":[],"jnews_override_counter":[],"footnotes":""},"categories":[112],"post_tag":[144,3895],"class_list":["post-132671","post","type-post","status-publish","format-standard","has-post-thumbnail","hentry","category-curiosidades","tag-curiosidades","tag-fim-do-mundo"],"yoast_head":"<!-- This site is optimized with the Yoast SEO plugin v24.6 - https:\/\/yoast.com\/wordpress\/plugins\/seo\/ -->\n<title>Supercomputador revela quando acontecer\u00e1 o fim do mundo<\/title>\n<meta name=\"description\" content=\"O supercomputador prev\u00ea o fim do mundo causado pela evolu\u00e7\u00e3o solar em 1.000.002.021.\" \/>\n<meta name=\"robots\" content=\"index, follow, max-snippet:-1, max-image-preview:large, max-video-preview:-1\" \/>\n<link rel=\"canonical\" href=\"https:\/\/www.correiobraziliense.com.br\/cbradar\/supercomputador-revela-quando-acontecera-o-fim-do-mundo\/\" \/>\n<meta property=\"og:locale\" content=\"pt_BR\" \/>\n<meta property=\"og:type\" content=\"article\" \/>\n<meta property=\"og:title\" content=\"Supercomputador revela quando acontecer\u00e1 o fim do mundo\" \/>\n<meta property=\"og:description\" content=\"O supercomputador prev\u00ea o fim do mundo causado pela evolu\u00e7\u00e3o solar em 1.000.002.021.\" \/>\n<meta property=\"og:url\" content=\"https:\/\/www.correiobraziliense.com.br\/cbradar\/supercomputador-revela-quando-acontecera-o-fim-do-mundo\/\" \/>\n<meta property=\"og:site_name\" content=\"Correio Braziliense - Radar\" \/>\n<meta property=\"article:published_time\" content=\"2025-11-06T20:30:00+00:00\" \/>\n<meta property=\"og:image\" content=\"https:\/\/www.correiobraziliense.com.br\/cbradar\/wp-content\/uploads\/2025\/11\/mosaico_1762460400663.jpg\" \/>\n\t<meta property=\"og:image:width\" content=\"1280\" \/>\n\t<meta property=\"og:image:height\" content=\"720\" \/>\n\t<meta property=\"og:image:type\" content=\"image\/jpeg\" \/>\n<meta name=\"author\" content=\"Larissa Carvalho\" \/>\n<meta name=\"twitter:card\" content=\"summary_large_image\" \/>\n<meta name=\"twitter:label1\" content=\"Escrito por\" \/>\n\t<meta name=\"twitter:data1\" content=\"Larissa Carvalho\" \/>\n\t<meta name=\"twitter:label2\" content=\"Est. tempo de leitura\" \/>\n\t<meta name=\"twitter:data2\" content=\"3 minutos\" \/>\n<!-- \/ Yoast SEO plugin. -->","yoast_head_json":{"title":"Supercomputador revela quando acontecer\u00e1 o fim do mundo","description":"O supercomputador prev\u00ea o fim do mundo causado pela evolu\u00e7\u00e3o solar em 1.000.002.021.","robots":{"index":"index","follow":"follow","max-snippet":"max-snippet:-1","max-image-preview":"max-image-preview:large","max-video-preview":"max-video-preview:-1"},"canonical":"https:\/\/www.correiobraziliense.com.br\/cbradar\/supercomputador-revela-quando-acontecera-o-fim-do-mundo\/","og_locale":"pt_BR","og_type":"article","og_title":"Supercomputador revela quando acontecer\u00e1 o fim do mundo","og_description":"O supercomputador prev\u00ea o fim do mundo causado pela evolu\u00e7\u00e3o solar em 1.000.002.021.","og_url":"https:\/\/www.correiobraziliense.com.br\/cbradar\/supercomputador-revela-quando-acontecera-o-fim-do-mundo\/","og_site_name":"Correio Braziliense - Radar","article_published_time":"2025-11-06T20:30:00+00:00","og_image":[{"width":1280,"height":720,"url":"https:\/\/www.correiobraziliense.com.br\/cbradar\/wp-content\/uploads\/2025\/11\/mosaico_1762460400663.jpg","type":"image\/jpeg"}],"author":"Larissa Carvalho","twitter_card":"summary_large_image","twitter_misc":{"Escrito por":"Larissa Carvalho","Est. tempo de leitura":"3 minutos"},"schema":{"@context":"https:\/\/schema.org","@graph":[{"@type":"WebPage","@id":"https:\/\/www.correiobraziliense.com.br\/cbradar\/supercomputador-revela-quando-acontecera-o-fim-do-mundo\/","url":"https:\/\/www.correiobraziliense.com.br\/cbradar\/supercomputador-revela-quando-acontecera-o-fim-do-mundo\/","name":"Supercomputador revela quando acontecer\u00e1 o fim do mundo","isPartOf":{"@id":"https:\/\/www.correiobraziliense.com.br\/cbradar\/#website"},"primaryImageOfPage":{"@id":"https:\/\/www.correiobraziliense.com.br\/cbradar\/supercomputador-revela-quando-acontecera-o-fim-do-mundo\/#primaryimage"},"image":{"@id":"https:\/\/www.correiobraziliense.com.br\/cbradar\/supercomputador-revela-quando-acontecera-o-fim-do-mundo\/#primaryimage"},"thumbnailUrl":"https:\/\/www.correiobraziliense.com.br\/cbradar\/wp-content\/uploads\/2025\/11\/mosaico_1762460400663.jpg","datePublished":"2025-11-06T20:30:00+00:00","author":{"@id":"https:\/\/www.correiobraziliense.com.br\/cbradar\/#\/schema\/person\/58422787644df994b53a19d3e56c1513"},"description":"O supercomputador prev\u00ea o fim do mundo causado pela evolu\u00e7\u00e3o solar em 1.000.002.021.","breadcrumb":{"@id":"https:\/\/www.correiobraziliense.com.br\/cbradar\/supercomputador-revela-quando-acontecera-o-fim-do-mundo\/#breadcrumb"},"inLanguage":"pt-BR","potentialAction":[{"@type":"ReadAction","target":["https:\/\/www.correiobraziliense.com.br\/cbradar\/supercomputador-revela-quando-acontecera-o-fim-do-mundo\/"]}]},{"@type":"ImageObject","inLanguage":"pt-BR","@id":"https:\/\/www.correiobraziliense.com.br\/cbradar\/supercomputador-revela-quando-acontecera-o-fim-do-mundo\/#primaryimage","url":"https:\/\/www.correiobraziliense.com.br\/cbradar\/wp-content\/uploads\/2025\/11\/mosaico_1762460400663.jpg","contentUrl":"https:\/\/www.correiobraziliense.com.br\/cbradar\/wp-content\/uploads\/2025\/11\/mosaico_1762460400663.jpg","width":1280,"height":720,"caption":"Esse processo far\u00e1 com que a temperatura e a radia\u00e7\u00e3o aumentem drasticamente, tornando imposs\u00edvel a manuten\u00e7\u00e3o de ambientes habit\u00e1veis no planeta. Cr\u00e9ditos: depositphotos.com \/ ronniechua e Cr\u00e9ditos: depositphotos.com \/ vampy1"},{"@type":"BreadcrumbList","@id":"https:\/\/www.correiobraziliense.com.br\/cbradar\/supercomputador-revela-quando-acontecera-o-fim-do-mundo\/#breadcrumb","itemListElement":[{"@type":"ListItem","position":1,"name":"In\u00edcio","item":"https:\/\/www.correiobraziliense.com.br\/cbradar\/"},{"@type":"ListItem","position":2,"name":"Supercomputador revela quando acontecer\u00e1 o fim do mundo"}]},{"@type":"WebSite","@id":"https:\/\/www.correiobraziliense.com.br\/cbradar\/#website","url":"https:\/\/www.correiobraziliense.com.br\/cbradar\/","name":"Correio Braziliense - Radar","description":"Acompanhe as \u00faltimas not\u00edcias e fique bem informado sobre tudo o que acontece no Brasil e no mundo.","potentialAction":[{"@type":"SearchAction","target":{"@type":"EntryPoint","urlTemplate":"https:\/\/www.correiobraziliense.com.br\/cbradar\/?s={search_term_string}"},"query-input":{"@type":"PropertyValueSpecification","valueRequired":true,"valueName":"search_term_string"}}],"inLanguage":"pt-BR"},{"@type":"Person","@id":"https:\/\/www.correiobraziliense.com.br\/cbradar\/#\/schema\/person\/58422787644df994b53a19d3e56c1513","name":"Larissa Carvalho","image":{"@type":"ImageObject","inLanguage":"pt-BR","@id":"https:\/\/www.correiobraziliense.com.br\/cbradar\/#\/schema\/person\/image\/","url":"https:\/\/secure.gravatar.com\/avatar\/fe4f91a0de32b52a838d0d612abdc1aa?s=96&d=mm&r=g","contentUrl":"https:\/\/secure.gravatar.com\/avatar\/fe4f91a0de32b52a838d0d612abdc1aa?s=96&d=mm&r=g","caption":"Larissa Carvalho"},"url":"https:\/\/www.correiobraziliense.com.br\/cbradar\/author\/larissamyth\/"}]}},"_links":{"self":[{"href":"https:\/\/www.correiobraziliense.com.br\/cbradar\/wp-json\/wp\/v2\/posts\/132671","targetHints":{"allow":["GET"]}}],"collection":[{"href":"https:\/\/www.correiobraziliense.com.br\/cbradar\/wp-json\/wp\/v2\/posts"}],"about":[{"href":"https:\/\/www.correiobraziliense.com.br\/cbradar\/wp-json\/wp\/v2\/types\/post"}],"author":[{"embeddable":true,"href":"https:\/\/www.correiobraziliense.com.br\/cbradar\/wp-json\/wp\/v2\/users\/3"}],"replies":[{"embeddable":true,"href":"https:\/\/www.correiobraziliense.com.br\/cbradar\/wp-json\/wp\/v2\/comments?post=132671"}],"version-history":[{"count":2,"href":"https:\/\/www.correiobraziliense.com.br\/cbradar\/wp-json\/wp\/v2\/posts\/132671\/revisions"}],"predecessor-version":[{"id":132676,"href":"https:\/\/www.correiobraziliense.com.br\/cbradar\/wp-json\/wp\/v2\/posts\/132671\/revisions\/132676"}],"wp:featuredmedia":[{"embeddable":true,"href":"https:\/\/www.correiobraziliense.com.br\/cbradar\/wp-json\/wp\/v2\/media\/132674"}],"wp:attachment":[{"href":"https:\/\/www.correiobraziliense.com.br\/cbradar\/wp-json\/wp\/v2\/media?parent=132671"}],"wp:term":[{"taxonomy":"category","embeddable":true,"href":"https:\/\/www.correiobraziliense.com.br\/cbradar\/wp-json\/wp\/v2\/categories?post=132671"},{"taxonomy":"post_tag","embeddable":true,"href":"https:\/\/www.correiobraziliense.com.br\/cbradar\/wp-json\/wp\/v2\/post_tag?post=132671"}],"curies":[{"name":"wp","href":"https:\/\/api.w.org\/{rel}","templated":true}]}}