{"id":132687,"date":"2025-11-07T18:45:00","date_gmt":"2025-11-07T21:45:00","guid":{"rendered":"https:\/\/www.correiobraziliense.com.br\/cbradar\/?p=132687"},"modified":"2025-11-06T18:53:12","modified_gmt":"2025-11-06T21:53:12","slug":"o-que-significa-vestir-roupas-vermelhas-segundo-a-psicologia","status":"publish","type":"post","link":"https:\/\/www.correiobraziliense.com.br\/cbradar\/o-que-significa-vestir-roupas-vermelhas-segundo-a-psicologia\/","title":{"rendered":"O que significa vestir roupas vermelhas, segundo a psicologia?"},"content":{"rendered":"\n<p>A <strong>cor vermelha<\/strong> \u00e9 conhecida por suas associa\u00e7\u00f5es emocionais e psicol\u00f3gicas marcantes. Vestir essa tonalidade vai al\u00e9m do apelo est\u00e9tico. Estudos em psicologia da cor sugerem que o <strong>vermelho<\/strong> evoca sentimentos de energia, seguran\u00e7a e uma presen\u00e7a emocional forte, influenciando tanto quem veste quanto a percep\u00e7\u00e3o dos outros ao redor.<\/p>\n\n\n\n<h2 class=\"wp-block-heading\">O que o vermelho representa na psicologia das cores<\/h2>\n\n\n\n<p>Segundo especialistas, o <strong>vermelho<\/strong> est\u00e1 ligado ao aumento da autoestima e \u00e0 proje\u00e7\u00e3o de poder, confian\u00e7a e paix\u00e3o, elementos essenciais em intera\u00e7\u00f5es sociais e momentos decisivos. Por isso, muitos utilizam essa cor quando desejam transmitir determina\u00e7\u00e3o e for\u00e7a.<\/p>\n\n\n\n<p>Al\u00e9m disso, o <strong>vermelho<\/strong> estimula uma sensa\u00e7\u00e3o de vitalidade e a\u00e7\u00e3o, influenciando diretamente o estado de esp\u00edrito e favorecendo uma presen\u00e7a mais marcante e en\u00e9rgica em diversas situa\u00e7\u00f5es.<\/p>\n\n\n\n<figure class=\"wp-block-image size-large\"><img decoding=\"async\" width=\"1024\" height=\"576\" src=\"https:\/\/www.correiobraziliense.com.br\/cbradar\/wp-content\/uploads\/2025\/11\/mosaico_1762464737250-1024x576.jpg\" alt=\"O que significa vestir roupas vermelhas, segundo a psicologia?\" class=\"wp-image-132690\" srcset=\"https:\/\/www.correiobraziliense.com.br\/cbradar\/wp-content\/uploads\/2025\/11\/mosaico_1762464737250-1024x576.jpg 1024w, https:\/\/www.correiobraziliense.com.br\/cbradar\/wp-content\/uploads\/2025\/11\/mosaico_1762464737250-300x169.jpg 300w, https:\/\/www.correiobraziliense.com.br\/cbradar\/wp-content\/uploads\/2025\/11\/mosaico_1762464737250-768x432.jpg 768w, https:\/\/www.correiobraziliense.com.br\/cbradar\/wp-content\/uploads\/2025\/11\/mosaico_1762464737250-750x422.jpg 750w, https:\/\/www.correiobraziliense.com.br\/cbradar\/wp-content\/uploads\/2025\/11\/mosaico_1762464737250-1140x641.jpg 1140w, https:\/\/www.correiobraziliense.com.br\/cbradar\/wp-content\/uploads\/2025\/11\/mosaico_1762464737250.jpg 1280w\" sizes=\"(max-width: 1024px) 100vw, 1024px\" \/><figcaption class=\"wp-element-caption\">A prefer\u00eancia pelo vermelho pode indicar uma personalidade extrovertida, carism\u00e1tica e vibrante, al\u00e9m de simbolizar paix\u00e3o e coragem. Cr\u00e9ditos: depositphotos.com \/ tomwang e Cr\u00e9ditos: depositphotos.com \/ Y-Boychenko<\/figcaption><\/figure>\n\n\n\n<h2 class=\"wp-block-heading\">Quais s\u00e3o os principais efeitos psicol\u00f3gicos do vermelho<\/h2>\n\n\n\n<p>A <strong>cor vermelha<\/strong> \u00e9 reconhecida por impulsionar a energia, a motiva\u00e7\u00e3o e o magnetismo pessoal. Isso pode ser importante para pessoas que buscam aumentar seu rendimento ou causar um impacto durante intera\u00e7\u00f5es e eventos sociais.<\/p>\n\n\n\n<p>Entre os efeitos mais not\u00e1veis do uso do vermelho, podemos destacar:<\/p>\n\n\n\n<ul class=\"wp-block-list\">\n<li>Aumento do sentimento de poder e confian\u00e7a<\/li>\n\n\n\n<li>Transmiss\u00e3o de autoridade e firmeza<\/li>\n\n\n\n<li>Maior atra\u00e7\u00e3o visual e impacto em ambientes sociais<\/li>\n<\/ul>\n\n\n\n<p>Vestir vermelho est\u00e1 associado a <a href=\"https:\/\/www.scientificamerican.com\/article\/how-the-color-red-influences-our-behavior\/\" target=\"_blank\" rel=\"noreferrer noopener\">sensa\u00e7\u00e3o aumentada de poder e domin\u00e2ncia<\/a>, impactando respostas fisiol\u00f3gicas como a frequ\u00eancia card\u00edaca e horm\u00f4nios relacionados \u00e0 competi\u00e7\u00e3o.<\/p>\n\n\n\n<p>Leia tamb\u00e9m: <a href=\"https:\/\/www.correiobraziliense.com.br\/cbradar\/o-que-significa-usar-sempre-o-mesmo-perfume-segundo-a-psicologia\/\" target=\"_blank\" rel=\"noreferrer noopener\">O que significa usar sempre o mesmo perfume, segundo a psicologia<\/a><\/p>\n\n\n\n<h2 class=\"wp-block-heading\">Como a cor vermelha capta facilmente a aten\u00e7\u00e3o<\/h2>\n\n\n\n<p>A capacidade do <strong>vermelho<\/strong> de destacar-se em qualquer ambiente chama a aten\u00e7\u00e3o, sendo especialmente valorizada em contextos onde visibilidade \u00e9 fundamental. O uso correto dessa cor pode contribuir para criar uma presen\u00e7a marcante e inesquec\u00edvel.<\/p>\n\n\n\n<p>No entanto, exageros devem ser evitados, pois o excesso pode provocar sensa\u00e7\u00f5es de agressividade ou ansiedade. Combinar o <strong>vermelho<\/strong> com tons neutros \u00e9 recomendado para manter harmonia visual e controlar o impacto emocional.<\/p>\n\n\n\n<blockquote class=\"tiktok-embed\" cite=\"https:\/\/www.tiktok.com\/@curiosos_epicos\/video\/7349205182003318021\" data-video-id=\"7349205182003318021\" style=\"max-width: 605px;min-width: 325px;\" > <section> <a target=\"_blank\" title=\"@curiosos_epicos\" href=\"https:\/\/www.tiktok.com\/@curiosos_epicos?refer=embed\">@curiosos_epicos<\/a> Voce gosta da cor vermelha!?! <a title=\"fatospsicol\u00f3gicos\" target=\"_blank\" href=\"https:\/\/www.tiktok.com\/tag\/fatospsicol%C3%B3gicos?refer=embed\">#fatospsicol\u00f3gicos<\/a> <a title=\"psicologia\" target=\"_blank\" href=\"https:\/\/www.tiktok.com\/tag\/psicologia?refer=embed\">#psicologia<\/a> <a title=\"psicologiadascores\" target=\"_blank\" href=\"https:\/\/www.tiktok.com\/tag\/psicologiadascores?refer=embed\">#psicologiadascores<\/a> <a title=\"vermelho\" target=\"_blank\" href=\"https:\/\/www.tiktok.com\/tag\/vermelho?refer=embed\">#vermelho<\/a> <a title=\"cores\" target=\"_blank\" href=\"https:\/\/www.tiktok.com\/tag\/cores?refer=embed\">#cores<\/a> <a title=\"fatosdapsicologia\" target=\"_blank\" href=\"https:\/\/www.tiktok.com\/tag\/fatosdapsicologia?refer=embed\">#fatosdapsicologia<\/a> <a target=\"_blank\" title=\"\u266c Where you are (Vocals only) - Halal Beats\" href=\"https:\/\/www.tiktok.com\/music\/Where-you-are-Vocals-only-6922601752583735298?refer=embed\">\u266c Where you are (Vocals only) &#8211; Halal Beats<\/a> <\/section> <\/blockquote> <script async src=\"https:\/\/www.tiktok.com\/embed.js\"><\/script>\n\n\n\n<h2 class=\"wp-block-heading\">Como escolher o momento certo para usar vermelho<\/h2>\n\n\n\n<p>Selecionar pe\u00e7as vermelhas deve ser uma decis\u00e3o consciente, levando em conta o contexto e a imagem que se deseja transmitir. Em ocasi\u00f5es sociais, o <strong>vermelho<\/strong> simboliza confian\u00e7a e desejo de destaque, mas \u00e9 importante equilibrar sua utiliza\u00e7\u00e3o para adequ\u00e1-la ao ambiente.<\/p>\n\n\n\n<p>Vestir-se de <strong>vermelho<\/strong> \u00e9 mais que uma escolha de estilo; trata-se de uma poderosa ferramenta de comunica\u00e7\u00e3o emocional, que pode fortalecer a presen\u00e7a e melhorar o \u00e2nimo de forma genu\u00edna.<\/p>\n\n\n\n<p>Portanto, usar <strong>vermelho<\/strong> n\u00e3o \u00e9 trivial. Ao adotar essa cor vibrante, \u00e9 fundamental considerar seu impacto emocional e as impress\u00f5es que pode causar nos outros.<\/p>\n","protected":false},"excerpt":{"rendered":"<p>Vestir-se de vermelho comunica poder e confian\u00e7a, influenciando como nos sentimos e somos percebidos. Descubra como essa cor impacta emo\u00e7\u00f5es e atitudes.<\/p>\n","protected":false},"author":3,"featured_media":132689,"comment_status":"open","ping_status":"open","sticky":false,"template":"","format":"standard","meta":{"_yoast_wpseo_focuskw":"vestir vermelho piscologia","_yoast_wpseo_title":"%%title%%","_yoast_wpseo_metadesc":"Vestir-se de vermelho comunica poder e confian\u00e7a, influenciando como nos sentimos e somos percebidos. Descubra como essa cor impacta emo\u00e7\u00f5es e atitudes.","jnews-multi-image_gallery":[],"jnews_single_post":{"format":"standard"},"jnews_primary_category":[],"jnews_social_meta":[],"jnews_override_counter":[],"footnotes":""},"categories":[112],"post_tag":[1034,144,404],"class_list":["post-132687","post","type-post","status-publish","format-standard","has-post-thumbnail","hentry","category-curiosidades","tag-cores","tag-curiosidades","tag-psicologia"],"yoast_head":"<!-- This site is optimized with the Yoast SEO plugin v24.6 - https:\/\/yoast.com\/wordpress\/plugins\/seo\/ -->\n<title>O que significa vestir roupas vermelhas, segundo a psicologia?<\/title>\n<meta name=\"description\" content=\"Vestir-se de vermelho comunica poder e confian\u00e7a, influenciando como nos sentimos e somos percebidos. Descubra como essa cor impacta emo\u00e7\u00f5es e atitudes.\" \/>\n<meta name=\"robots\" content=\"index, follow, max-snippet:-1, max-image-preview:large, max-video-preview:-1\" \/>\n<link rel=\"canonical\" href=\"https:\/\/www.correiobraziliense.com.br\/cbradar\/o-que-significa-vestir-roupas-vermelhas-segundo-a-psicologia\/\" \/>\n<meta property=\"og:locale\" content=\"pt_BR\" \/>\n<meta property=\"og:type\" content=\"article\" \/>\n<meta property=\"og:title\" content=\"O que significa vestir roupas vermelhas, segundo a psicologia?\" \/>\n<meta property=\"og:description\" content=\"Vestir-se de vermelho comunica poder e confian\u00e7a, influenciando como nos sentimos e somos percebidos. Descubra como essa cor impacta emo\u00e7\u00f5es e atitudes.\" \/>\n<meta property=\"og:url\" content=\"https:\/\/www.correiobraziliense.com.br\/cbradar\/o-que-significa-vestir-roupas-vermelhas-segundo-a-psicologia\/\" \/>\n<meta property=\"og:site_name\" content=\"Correio Braziliense - Radar\" \/>\n<meta property=\"article:published_time\" content=\"2025-11-07T21:45:00+00:00\" \/>\n<meta property=\"og:image\" content=\"https:\/\/www.correiobraziliense.com.br\/cbradar\/wp-content\/uploads\/2025\/11\/mosaico_1762464591608.jpg\" \/>\n\t<meta property=\"og:image:width\" content=\"1280\" \/>\n\t<meta property=\"og:image:height\" content=\"720\" \/>\n\t<meta property=\"og:image:type\" content=\"image\/jpeg\" \/>\n<meta name=\"author\" content=\"Larissa Carvalho\" \/>\n<meta name=\"twitter:card\" content=\"summary_large_image\" \/>\n<meta name=\"twitter:label1\" content=\"Escrito por\" \/>\n\t<meta name=\"twitter:data1\" content=\"Larissa Carvalho\" \/>\n\t<meta name=\"twitter:label2\" content=\"Est. tempo de leitura\" \/>\n\t<meta name=\"twitter:data2\" content=\"3 minutos\" \/>\n<!-- \/ Yoast SEO plugin. -->","yoast_head_json":{"title":"O que significa vestir roupas vermelhas, segundo a psicologia?","description":"Vestir-se de vermelho comunica poder e confian\u00e7a, influenciando como nos sentimos e somos percebidos. Descubra como essa cor impacta emo\u00e7\u00f5es e atitudes.","robots":{"index":"index","follow":"follow","max-snippet":"max-snippet:-1","max-image-preview":"max-image-preview:large","max-video-preview":"max-video-preview:-1"},"canonical":"https:\/\/www.correiobraziliense.com.br\/cbradar\/o-que-significa-vestir-roupas-vermelhas-segundo-a-psicologia\/","og_locale":"pt_BR","og_type":"article","og_title":"O que significa vestir roupas vermelhas, segundo a psicologia?","og_description":"Vestir-se de vermelho comunica poder e confian\u00e7a, influenciando como nos sentimos e somos percebidos. Descubra como essa cor impacta emo\u00e7\u00f5es e atitudes.","og_url":"https:\/\/www.correiobraziliense.com.br\/cbradar\/o-que-significa-vestir-roupas-vermelhas-segundo-a-psicologia\/","og_site_name":"Correio Braziliense - Radar","article_published_time":"2025-11-07T21:45:00+00:00","og_image":[{"width":1280,"height":720,"url":"https:\/\/www.correiobraziliense.com.br\/cbradar\/wp-content\/uploads\/2025\/11\/mosaico_1762464591608.jpg","type":"image\/jpeg"}],"author":"Larissa Carvalho","twitter_card":"summary_large_image","twitter_misc":{"Escrito por":"Larissa Carvalho","Est. tempo de leitura":"3 minutos"},"schema":{"@context":"https:\/\/schema.org","@graph":[{"@type":"WebPage","@id":"https:\/\/www.correiobraziliense.com.br\/cbradar\/o-que-significa-vestir-roupas-vermelhas-segundo-a-psicologia\/","url":"https:\/\/www.correiobraziliense.com.br\/cbradar\/o-que-significa-vestir-roupas-vermelhas-segundo-a-psicologia\/","name":"O que significa vestir roupas vermelhas, segundo a psicologia?","isPartOf":{"@id":"https:\/\/www.correiobraziliense.com.br\/cbradar\/#website"},"primaryImageOfPage":{"@id":"https:\/\/www.correiobraziliense.com.br\/cbradar\/o-que-significa-vestir-roupas-vermelhas-segundo-a-psicologia\/#primaryimage"},"image":{"@id":"https:\/\/www.correiobraziliense.com.br\/cbradar\/o-que-significa-vestir-roupas-vermelhas-segundo-a-psicologia\/#primaryimage"},"thumbnailUrl":"https:\/\/www.correiobraziliense.com.br\/cbradar\/wp-content\/uploads\/2025\/11\/mosaico_1762464591608.jpg","datePublished":"2025-11-07T21:45:00+00:00","author":{"@id":"https:\/\/www.correiobraziliense.com.br\/cbradar\/#\/schema\/person\/58422787644df994b53a19d3e56c1513"},"description":"Vestir-se de vermelho comunica poder e confian\u00e7a, influenciando como nos sentimos e somos percebidos. Descubra como essa cor impacta emo\u00e7\u00f5es e atitudes.","breadcrumb":{"@id":"https:\/\/www.correiobraziliense.com.br\/cbradar\/o-que-significa-vestir-roupas-vermelhas-segundo-a-psicologia\/#breadcrumb"},"inLanguage":"pt-BR","potentialAction":[{"@type":"ReadAction","target":["https:\/\/www.correiobraziliense.com.br\/cbradar\/o-que-significa-vestir-roupas-vermelhas-segundo-a-psicologia\/"]}]},{"@type":"ImageObject","inLanguage":"pt-BR","@id":"https:\/\/www.correiobraziliense.com.br\/cbradar\/o-que-significa-vestir-roupas-vermelhas-segundo-a-psicologia\/#primaryimage","url":"https:\/\/www.correiobraziliense.com.br\/cbradar\/wp-content\/uploads\/2025\/11\/mosaico_1762464591608.jpg","contentUrl":"https:\/\/www.correiobraziliense.com.br\/cbradar\/wp-content\/uploads\/2025\/11\/mosaico_1762464591608.jpg","width":1280,"height":720,"caption":"Vestir vermelho pode aumentar a sensa\u00e7\u00e3o de seguran\u00e7a, confian\u00e7a e presen\u00e7a, tornando a pessoa mais assertiva e determinada. Cr\u00e9ditos: depositphotos.com \/ serezniy e Cr\u00e9ditos: depositphotos.com \/ VitalikRadko"},{"@type":"BreadcrumbList","@id":"https:\/\/www.correiobraziliense.com.br\/cbradar\/o-que-significa-vestir-roupas-vermelhas-segundo-a-psicologia\/#breadcrumb","itemListElement":[{"@type":"ListItem","position":1,"name":"In\u00edcio","item":"https:\/\/www.correiobraziliense.com.br\/cbradar\/"},{"@type":"ListItem","position":2,"name":"O que significa vestir roupas vermelhas, segundo a psicologia?"}]},{"@type":"WebSite","@id":"https:\/\/www.correiobraziliense.com.br\/cbradar\/#website","url":"https:\/\/www.correiobraziliense.com.br\/cbradar\/","name":"Correio Braziliense - Radar","description":"Acompanhe as \u00faltimas not\u00edcias e fique bem informado sobre tudo o que acontece no Brasil e no mundo.","potentialAction":[{"@type":"SearchAction","target":{"@type":"EntryPoint","urlTemplate":"https:\/\/www.correiobraziliense.com.br\/cbradar\/?s={search_term_string}"},"query-input":{"@type":"PropertyValueSpecification","valueRequired":true,"valueName":"search_term_string"}}],"inLanguage":"pt-BR"},{"@type":"Person","@id":"https:\/\/www.correiobraziliense.com.br\/cbradar\/#\/schema\/person\/58422787644df994b53a19d3e56c1513","name":"Larissa Carvalho","image":{"@type":"ImageObject","inLanguage":"pt-BR","@id":"https:\/\/www.correiobraziliense.com.br\/cbradar\/#\/schema\/person\/image\/","url":"https:\/\/secure.gravatar.com\/avatar\/fe4f91a0de32b52a838d0d612abdc1aa?s=96&d=mm&r=g","contentUrl":"https:\/\/secure.gravatar.com\/avatar\/fe4f91a0de32b52a838d0d612abdc1aa?s=96&d=mm&r=g","caption":"Larissa Carvalho"},"url":"https:\/\/www.correiobraziliense.com.br\/cbradar\/author\/larissamyth\/"}]}},"_links":{"self":[{"href":"https:\/\/www.correiobraziliense.com.br\/cbradar\/wp-json\/wp\/v2\/posts\/132687","targetHints":{"allow":["GET"]}}],"collection":[{"href":"https:\/\/www.correiobraziliense.com.br\/cbradar\/wp-json\/wp\/v2\/posts"}],"about":[{"href":"https:\/\/www.correiobraziliense.com.br\/cbradar\/wp-json\/wp\/v2\/types\/post"}],"author":[{"embeddable":true,"href":"https:\/\/www.correiobraziliense.com.br\/cbradar\/wp-json\/wp\/v2\/users\/3"}],"replies":[{"embeddable":true,"href":"https:\/\/www.correiobraziliense.com.br\/cbradar\/wp-json\/wp\/v2\/comments?post=132687"}],"version-history":[{"count":2,"href":"https:\/\/www.correiobraziliense.com.br\/cbradar\/wp-json\/wp\/v2\/posts\/132687\/revisions"}],"predecessor-version":[{"id":132693,"href":"https:\/\/www.correiobraziliense.com.br\/cbradar\/wp-json\/wp\/v2\/posts\/132687\/revisions\/132693"}],"wp:featuredmedia":[{"embeddable":true,"href":"https:\/\/www.correiobraziliense.com.br\/cbradar\/wp-json\/wp\/v2\/media\/132689"}],"wp:attachment":[{"href":"https:\/\/www.correiobraziliense.com.br\/cbradar\/wp-json\/wp\/v2\/media?parent=132687"}],"wp:term":[{"taxonomy":"category","embeddable":true,"href":"https:\/\/www.correiobraziliense.com.br\/cbradar\/wp-json\/wp\/v2\/categories?post=132687"},{"taxonomy":"post_tag","embeddable":true,"href":"https:\/\/www.correiobraziliense.com.br\/cbradar\/wp-json\/wp\/v2\/post_tag?post=132687"}],"curies":[{"name":"wp","href":"https:\/\/api.w.org\/{rel}","templated":true}]}}