{"id":132766,"date":"2025-11-07T13:15:00","date_gmt":"2025-11-07T16:15:00","guid":{"rendered":"https:\/\/www.correiobraziliense.com.br\/cbradar\/?p=132766"},"modified":"2025-11-06T20:56:40","modified_gmt":"2025-11-06T23:56:40","slug":"apneia-do-sono-e-perigosa-entenda-os-riscos-reais","status":"publish","type":"post","link":"https:\/\/www.correiobraziliense.com.br\/cbradar\/apneia-do-sono-e-perigosa-entenda-os-riscos-reais\/","title":{"rendered":"Apneia do sono \u00e9 perigosa? Entenda os riscos reais"},"content":{"rendered":"\n<p>O sono reparador \u00e9 crucial para o bem-estar f\u00edsico e mental, mas muitos enfrentam dificuldades devido a problemas respirat\u00f3rios. O ronco e a <strong>Apneia do Sono<\/strong>, por exemplo, s\u00e3o condi\u00e7\u00f5es comuns que prejudicam a qualidade do descanso \u00e0 noite. Esses problemas n\u00e3o apenas afetam o descanso noturno, mas tamb\u00e9m podem levar a s\u00e9rias consequ\u00eancias \u00e0 sa\u00fade, como hipertens\u00e3o e doen\u00e7as cardiovasculares.<\/p>\n\n\n\n<p>A apneia obstrutiva do sono \u00e9 um dos principais dist\u00farbios respirat\u00f3rios durante o sono. Nesse caso, a pessoa enfrenta interrup\u00e7\u00f5es frequentes na respira\u00e7\u00e3o, o que impede o alcance do sono profundo. Isso resulta em cansa\u00e7o constante, falta de concentra\u00e7\u00e3o e irritabilidade no dia seguinte, uma vez que o corpo n\u00e3o recupera suas energias plenamente.<\/p>\n\n\n\n<h2 class=\"wp-block-heading\">Quais s\u00e3o os efeitos da apneia do sono na sa\u00fade?<\/h2>\n\n\n\n<p>De acordo com a American Academy of Sleep Medicine (AASM), a apneia do sono n\u00e3o tratada pode dobrar o risco de hipertens\u00e3o e aumentar em 30% a chance de eventos cardiovasculares, como infarto e AVC. Quando o sono \u00e9 interrompido continuamente, o organismo n\u00e3o realiza reparos essenciais, causando desequil\u00edbrios hormonais e impactando a sa\u00fade geral.<\/p>\n\n\n\n<figure class=\"wp-block-image aligncenter size-large\"><img decoding=\"async\" width=\"1024\" height=\"576\" src=\"https:\/\/www.correiobraziliense.com.br\/cbradar\/wp-content\/uploads\/2025\/05\/ronco_1748208699111-1024x576.jpg\" alt=\"\" class=\"wp-image-42932\" srcset=\"https:\/\/www.correiobraziliense.com.br\/cbradar\/wp-content\/uploads\/2025\/05\/ronco_1748208699111-1024x576.jpg 1024w, https:\/\/www.correiobraziliense.com.br\/cbradar\/wp-content\/uploads\/2025\/05\/ronco_1748208699111-300x169.jpg 300w, https:\/\/www.correiobraziliense.com.br\/cbradar\/wp-content\/uploads\/2025\/05\/ronco_1748208699111-768x432.jpg 768w, https:\/\/www.correiobraziliense.com.br\/cbradar\/wp-content\/uploads\/2025\/05\/ronco_1748208699111-750x422.jpg 750w, https:\/\/www.correiobraziliense.com.br\/cbradar\/wp-content\/uploads\/2025\/05\/ronco_1748208699111-1140x641.jpg 1140w, https:\/\/www.correiobraziliense.com.br\/cbradar\/wp-content\/uploads\/2025\/05\/ronco_1748208699111.jpg 1280w\" sizes=\"(max-width: 1024px) 100vw, 1024px\" \/><figcaption class=\"wp-element-caption\">Ronco- Cr\u00e9ditos: depositphotos.com \/ AndrewLozovyi\n\n<\/figcaption><\/figure>\n\n\n\n<h2 class=\"wp-block-heading\">O ronco deve ser encarado como um alerta?<\/h2>\n\n\n\n<p>Muitas vezes, o ronco \u00e9 ignorado, mas ele pode indicar obstru\u00e7\u00f5es nas vias respirat\u00f3rias. \u00c9 essencial considerar o ronco um sinal de alerta para investigar a qualidade do sono. Mesmo que o barulho em si pare\u00e7a apenas inconveniente, ele revela a necessidade de aten\u00e7\u00e3o m\u00e9dica especializada para assegurar o bom funcionamento respirat\u00f3rio durante a noite.<\/p>\n\n\n\n<h2 class=\"wp-block-heading\">Como \u00e9 diagnosticada e tratada a apneia do sono?<\/h2>\n\n\n\n<p>O diagn\u00f3stico de apneia obstrutiva \u00e9 realizado por meio da polissonografia, que avalia uma gama de par\u00e2metros durante o sono. Com os resultados em m\u00e3os, m\u00e9dicos especializados podem recomendar tratamentos personalizados. Estes podem incluir mudan\u00e7as no estilo de vida, emagrecimento, dispositivos orais que mant\u00eam as vias a\u00e9reas abertas, ou at\u00e9 mesmo procedimentos cir\u00fargicos em casos espec\u00edficos.<\/p>\n\n\n\n<p>Resumindo, a qualidade do sono \u00e9 vital para a <a href=\"https:\/\/www.correiobraziliense.com.br\/cbradar\/diego-wildberger-psicoterapeuta-o-trauma-invisivel-que-ainda-pode-controlar-sua-vida\/\" target=\"_blank\" rel=\"noreferrer noopener\">sa\u00fade<\/a>, destacando-se a import\u00e2ncia de procurar por sinais como ronco e sonol\u00eancia diurna. Ignorar esses sintomas pode resultar em problemas mais s\u00e9rios, tornando essencial procurar avalia\u00e7\u00e3o e tratamento adequados com um profissional de sa\u00fade quando necess\u00e1rio.<\/p>\n\n\n<a href=\"https:\/\/www.instagram.com\/dra.annaluisabf\/\" target=\"_blank\" rel=\"noopener\" style=\"text-decoration: none; color: inherit;\">\n    <span style=\"display: inline-block; border: 1px solid #ccc; border-radius: 10px; padding: 15px; max-width: 550px; font-family: sans-serif; box-shadow: 0 2px 5px rgba(0,0,0,0.1); width: 100%;\">\n\n      <!-- T\u00edtulo -->\n      <span style=\"display: block; margin: 0 0 15px 0; font-weight: bold; color: #2c3e50; text-align: center;\">\n        Entre em contato:\n      <\/span>\n\n      <!-- Linha do perfil -->\n      <span style=\"display: flex; align-items: center; gap: 15px;\">\n        <img decoding=\"async\"\n          src=\"https:\/\/www.correiobraziliense.com.br\/cbradar\/wp-content\/uploads\/2025\/08\/dra_anna_luisa.jpeg\"\n          alt=\"Foto da Dra. Anna Lu\u00edsa\"\n          style=\"border-radius: 50%; width: 80px; height: 80px; object-fit: cover;\"\n        \/>\n        <span style=\"display: flex; flex-direction: column;\">\n          <span style=\"font-size: 18px; font-weight: 700; color: #2c3e50;\">Dra. Anna Lu\u00edsa Barbosa Fernandes<\/span>\n          <span style=\"color: #555;\">CRM-GO 33.271<\/span>\n        <\/span>\n      <\/span>\n\n      <!-- Redes -->\n      <span style=\"display: flex; align-items: center; gap: 10px; margin-top: 12px;\">\n        <img decoding=\"async\" src=\"https:\/\/cdn-icons-png.flaticon.com\/24\/1384\/1384063.png\" alt=\"Instagram\" width=\"24\" height=\"24\" \/>\n        <span style=\"text-decoration: underline; color: #2c3e50;\">@dra.annaluisabf<\/span>\n      <\/span>\n\n    <\/span>\n  <\/a>","protected":false},"excerpt":{"rendered":"<p>O sono reparador \u00e9 crucial para o bem-estar f\u00edsico e mental, mas muitos enfrentam dificuldades devido a problemas respirat\u00f3rios. O ronco e a Apneia do Sono, por exemplo, s\u00e3o condi\u00e7\u00f5es comuns que prejudicam a qualidade do descanso \u00e0 noite. Esses problemas n\u00e3o apenas afetam o descanso noturno, mas tamb\u00e9m podem levar a s\u00e9rias consequ\u00eancias \u00e0 [&hellip;]<\/p>\n","protected":false},"author":14,"featured_media":101322,"comment_status":"open","ping_status":"open","sticky":false,"template":"","format":"standard","meta":{"_yoast_wpseo_focuskw":"Apneia do Sono","_yoast_wpseo_title":"","_yoast_wpseo_metadesc":"Roncar pode ser mais grave do que parece. Entenda os riscos da apneia do sono e como identificar esse dist\u00farbio silencioso.","jnews-multi-image_gallery":[],"jnews_single_post":{"format":"standard"},"jnews_primary_category":[],"jnews_social_meta":[],"jnews_override_counter":[],"footnotes":""},"categories":[4404],"post_tag":[120,1318,1313],"class_list":["post-132766","post","type-post","status-publish","format-standard","has-post-thumbnail","hentry","category-saude","tag-bem-estar","tag-saude-2","tag-sono"],"yoast_head":"<!-- This site is optimized with the Yoast SEO plugin v24.6 - https:\/\/yoast.com\/wordpress\/plugins\/seo\/ -->\n<title>Apneia do sono \u00e9 perigosa? Entenda os riscos reais - Correio Braziliense - Radar<\/title>\n<meta name=\"description\" content=\"Roncar pode ser mais grave do que parece. Entenda os riscos da apneia do sono e como identificar esse dist\u00farbio silencioso.\" \/>\n<meta name=\"robots\" content=\"index, follow, max-snippet:-1, max-image-preview:large, max-video-preview:-1\" \/>\n<link rel=\"canonical\" href=\"https:\/\/www.correiobraziliense.com.br\/cbradar\/apneia-do-sono-e-perigosa-entenda-os-riscos-reais\/\" \/>\n<meta property=\"og:locale\" content=\"pt_BR\" \/>\n<meta property=\"og:type\" content=\"article\" \/>\n<meta property=\"og:title\" content=\"Apneia do sono \u00e9 perigosa? Entenda os riscos reais - Correio Braziliense - Radar\" \/>\n<meta property=\"og:description\" content=\"Roncar pode ser mais grave do que parece. Entenda os riscos da apneia do sono e como identificar esse dist\u00farbio silencioso.\" \/>\n<meta property=\"og:url\" content=\"https:\/\/www.correiobraziliense.com.br\/cbradar\/apneia-do-sono-e-perigosa-entenda-os-riscos-reais\/\" \/>\n<meta property=\"og:site_name\" content=\"Correio Braziliense - Radar\" \/>\n<meta property=\"article:published_time\" content=\"2025-11-07T16:15:00+00:00\" \/>\n<meta property=\"og:image\" content=\"https:\/\/www.correiobraziliense.com.br\/cbradar\/wp-content\/uploads\/2025\/09\/Apneia-do-Sono_1757431809543.jpg\" \/>\n\t<meta property=\"og:image:width\" content=\"1280\" \/>\n\t<meta property=\"og:image:height\" content=\"720\" \/>\n\t<meta property=\"og:image:type\" content=\"image\/jpeg\" \/>\n<meta name=\"author\" content=\"guilherme_saude\" \/>\n<meta name=\"twitter:card\" content=\"summary_large_image\" \/>\n<meta name=\"twitter:label1\" content=\"Escrito por\" \/>\n\t<meta name=\"twitter:data1\" content=\"guilherme_saude\" \/>\n\t<meta name=\"twitter:label2\" content=\"Est. tempo de leitura\" \/>\n\t<meta name=\"twitter:data2\" content=\"3 minutos\" \/>\n<!-- \/ Yoast SEO plugin. -->","yoast_head_json":{"title":"Apneia do sono \u00e9 perigosa? Entenda os riscos reais - Correio Braziliense - Radar","description":"Roncar pode ser mais grave do que parece. Entenda os riscos da apneia do sono e como identificar esse dist\u00farbio silencioso.","robots":{"index":"index","follow":"follow","max-snippet":"max-snippet:-1","max-image-preview":"max-image-preview:large","max-video-preview":"max-video-preview:-1"},"canonical":"https:\/\/www.correiobraziliense.com.br\/cbradar\/apneia-do-sono-e-perigosa-entenda-os-riscos-reais\/","og_locale":"pt_BR","og_type":"article","og_title":"Apneia do sono \u00e9 perigosa? Entenda os riscos reais - Correio Braziliense - Radar","og_description":"Roncar pode ser mais grave do que parece. Entenda os riscos da apneia do sono e como identificar esse dist\u00farbio silencioso.","og_url":"https:\/\/www.correiobraziliense.com.br\/cbradar\/apneia-do-sono-e-perigosa-entenda-os-riscos-reais\/","og_site_name":"Correio Braziliense - Radar","article_published_time":"2025-11-07T16:15:00+00:00","og_image":[{"width":1280,"height":720,"url":"https:\/\/www.correiobraziliense.com.br\/cbradar\/wp-content\/uploads\/2025\/09\/Apneia-do-Sono_1757431809543.jpg","type":"image\/jpeg"}],"author":"guilherme_saude","twitter_card":"summary_large_image","twitter_misc":{"Escrito por":"guilherme_saude","Est. tempo de leitura":"3 minutos"},"schema":{"@context":"https:\/\/schema.org","@graph":[{"@type":"WebPage","@id":"https:\/\/www.correiobraziliense.com.br\/cbradar\/apneia-do-sono-e-perigosa-entenda-os-riscos-reais\/","url":"https:\/\/www.correiobraziliense.com.br\/cbradar\/apneia-do-sono-e-perigosa-entenda-os-riscos-reais\/","name":"Apneia do sono \u00e9 perigosa? Entenda os riscos reais - Correio Braziliense - Radar","isPartOf":{"@id":"https:\/\/www.correiobraziliense.com.br\/cbradar\/#website"},"primaryImageOfPage":{"@id":"https:\/\/www.correiobraziliense.com.br\/cbradar\/apneia-do-sono-e-perigosa-entenda-os-riscos-reais\/#primaryimage"},"image":{"@id":"https:\/\/www.correiobraziliense.com.br\/cbradar\/apneia-do-sono-e-perigosa-entenda-os-riscos-reais\/#primaryimage"},"thumbnailUrl":"https:\/\/www.correiobraziliense.com.br\/cbradar\/wp-content\/uploads\/2025\/09\/Apneia-do-Sono_1757431809543.jpg","datePublished":"2025-11-07T16:15:00+00:00","author":{"@id":"https:\/\/www.correiobraziliense.com.br\/cbradar\/#\/schema\/person\/5aa4bf3c8fa699c267933611de12978b"},"description":"Roncar pode ser mais grave do que parece. Entenda os riscos da apneia do sono e como identificar esse dist\u00farbio silencioso.","breadcrumb":{"@id":"https:\/\/www.correiobraziliense.com.br\/cbradar\/apneia-do-sono-e-perigosa-entenda-os-riscos-reais\/#breadcrumb"},"inLanguage":"pt-BR","potentialAction":[{"@type":"ReadAction","target":["https:\/\/www.correiobraziliense.com.br\/cbradar\/apneia-do-sono-e-perigosa-entenda-os-riscos-reais\/"]}]},{"@type":"ImageObject","inLanguage":"pt-BR","@id":"https:\/\/www.correiobraziliense.com.br\/cbradar\/apneia-do-sono-e-perigosa-entenda-os-riscos-reais\/#primaryimage","url":"https:\/\/www.correiobraziliense.com.br\/cbradar\/wp-content\/uploads\/2025\/09\/Apneia-do-Sono_1757431809543.jpg","contentUrl":"https:\/\/www.correiobraziliense.com.br\/cbradar\/wp-content\/uploads\/2025\/09\/Apneia-do-Sono_1757431809543.jpg","width":1280,"height":720,"caption":"Apneia do sono pode diminuir com exerc\u00edcios para garganta - Cr\u00e9ditos: depositphotos.com \/ sunemotion"},{"@type":"BreadcrumbList","@id":"https:\/\/www.correiobraziliense.com.br\/cbradar\/apneia-do-sono-e-perigosa-entenda-os-riscos-reais\/#breadcrumb","itemListElement":[{"@type":"ListItem","position":1,"name":"In\u00edcio","item":"https:\/\/www.correiobraziliense.com.br\/cbradar\/"},{"@type":"ListItem","position":2,"name":"Apneia do sono \u00e9 perigosa? Entenda os riscos reais"}]},{"@type":"WebSite","@id":"https:\/\/www.correiobraziliense.com.br\/cbradar\/#website","url":"https:\/\/www.correiobraziliense.com.br\/cbradar\/","name":"Correio Braziliense - Radar","description":"Acompanhe as \u00faltimas not\u00edcias e fique bem informado sobre tudo o que acontece no Brasil e no mundo.","potentialAction":[{"@type":"SearchAction","target":{"@type":"EntryPoint","urlTemplate":"https:\/\/www.correiobraziliense.com.br\/cbradar\/?s={search_term_string}"},"query-input":{"@type":"PropertyValueSpecification","valueRequired":true,"valueName":"search_term_string"}}],"inLanguage":"pt-BR"},{"@type":"Person","@id":"https:\/\/www.correiobraziliense.com.br\/cbradar\/#\/schema\/person\/5aa4bf3c8fa699c267933611de12978b","name":"guilherme_saude","image":{"@type":"ImageObject","inLanguage":"pt-BR","@id":"https:\/\/www.correiobraziliense.com.br\/cbradar\/#\/schema\/person\/image\/","url":"https:\/\/secure.gravatar.com\/avatar\/df9adfb835d344bc0af109d41756253f?s=96&d=mm&r=g","contentUrl":"https:\/\/secure.gravatar.com\/avatar\/df9adfb835d344bc0af109d41756253f?s=96&d=mm&r=g","caption":"guilherme_saude"},"url":"https:\/\/www.correiobraziliense.com.br\/cbradar\/author\/guilherme_saude\/"}]}},"_links":{"self":[{"href":"https:\/\/www.correiobraziliense.com.br\/cbradar\/wp-json\/wp\/v2\/posts\/132766","targetHints":{"allow":["GET"]}}],"collection":[{"href":"https:\/\/www.correiobraziliense.com.br\/cbradar\/wp-json\/wp\/v2\/posts"}],"about":[{"href":"https:\/\/www.correiobraziliense.com.br\/cbradar\/wp-json\/wp\/v2\/types\/post"}],"author":[{"embeddable":true,"href":"https:\/\/www.correiobraziliense.com.br\/cbradar\/wp-json\/wp\/v2\/users\/14"}],"replies":[{"embeddable":true,"href":"https:\/\/www.correiobraziliense.com.br\/cbradar\/wp-json\/wp\/v2\/comments?post=132766"}],"version-history":[{"count":1,"href":"https:\/\/www.correiobraziliense.com.br\/cbradar\/wp-json\/wp\/v2\/posts\/132766\/revisions"}],"predecessor-version":[{"id":132768,"href":"https:\/\/www.correiobraziliense.com.br\/cbradar\/wp-json\/wp\/v2\/posts\/132766\/revisions\/132768"}],"wp:featuredmedia":[{"embeddable":true,"href":"https:\/\/www.correiobraziliense.com.br\/cbradar\/wp-json\/wp\/v2\/media\/101322"}],"wp:attachment":[{"href":"https:\/\/www.correiobraziliense.com.br\/cbradar\/wp-json\/wp\/v2\/media?parent=132766"}],"wp:term":[{"taxonomy":"category","embeddable":true,"href":"https:\/\/www.correiobraziliense.com.br\/cbradar\/wp-json\/wp\/v2\/categories?post=132766"},{"taxonomy":"post_tag","embeddable":true,"href":"https:\/\/www.correiobraziliense.com.br\/cbradar\/wp-json\/wp\/v2\/post_tag?post=132766"}],"curies":[{"name":"wp","href":"https:\/\/api.w.org\/{rel}","templated":true}]}}