{"id":132975,"date":"2025-11-08T10:25:00","date_gmt":"2025-11-08T13:25:00","guid":{"rendered":"https:\/\/www.correiobraziliense.com.br\/cbradar\/?p=132975"},"modified":"2025-11-07T15:24:49","modified_gmt":"2025-11-07T18:24:49","slug":"a-cidade-paulista-do-interior-ideal-para-quem-busca-qualidade-de-vida-para-a-familia","status":"publish","type":"post","link":"https:\/\/www.correiobraziliense.com.br\/cbradar\/a-cidade-paulista-do-interior-ideal-para-quem-busca-qualidade-de-vida-para-a-familia\/","title":{"rendered":"A cidade paulista do interior ideal para quem busca qualidade de vida para a fam\u00edlia"},"content":{"rendered":"\n<p><strong>Piracicaba<\/strong>, no interior de <strong>S\u00e3o Paulo<\/strong>, <strong>Brasil<\/strong>, est\u00e1 situada a 164 km da capital paulista e pr\u00f3xima a <strong>Campinas<\/strong>, <strong>Limeira<\/strong> e <strong>Rio Claro<\/strong>. Conhecida como \u201cNoiva da Colina\u201d, a cidade \u00e0s margens do rio que lhe d\u00e1 nome \u00e9 ideal para morar. Vivencie o que torna este destino um polo de desenvolvimento e cultura.<\/p>\n\n\n\n<ul class=\"wp-block-list\">\n<li>Economia diversificada com ind\u00fastria, agroneg\u00f3cio e tecnologia.<\/li>\n\n\n\n<li>Educa\u00e7\u00e3o de excel\u00eancia com universidades de renome nacional.<\/li>\n\n\n\n<li>Qualidade de vida com parques, rios e infraestrutura completa.<\/li>\n<\/ul>\n\n\n\n<h2 class=\"wp-block-heading\">Por que morar em Piracicaba?<\/h2>\n\n\n\n<p><strong>Piracicaba<\/strong> possui um IDH de 0,785, segundo o <strong>Programa das Na\u00e7\u00f5es Unidas para o Desenvolvimento<\/strong>. A economia \u00e9 movida pela ind\u00fastria, agroneg\u00f3cio e setor de servi\u00e7os, <a href=\"https:\/\/piracicaba.sp.gov.br\/\" target=\"_blank\" rel=\"noreferrer noopener\"><strong>conforme a<\/strong> <strong>Prefeitura de Piracicaba<\/strong><\/a>.<\/p>\n\n\n\n<p>Com cerca de 440.835 habitantes, <a href=\"https:\/\/www.ibge.gov.br\/cidades-e-estados\/sp\/piracicaba.html\" target=\"_blank\" rel=\"noreferrer noopener\"><strong>segundo o<\/strong> <strong>IBGE<\/strong><\/a>, a cidade oferece infraestrutura robusta de sa\u00fade, educa\u00e7\u00e3o e transporte. A seguran\u00e7a e o custo de vida equilibrado atraem fam\u00edlias de toda a regi\u00e3o.<\/p>\n\n\n\n<p>O munic\u00edpio foi classificado como a 4\u00aa melhor cidade para viver no Brasil entre as 100 maiores. Servi\u00e7os p\u00fablicos eficientes e coleta de res\u00edduos com 100% de cobertura destacam a gest\u00e3o municipal.<\/p>\n\n\n\n<p>A educa\u00e7\u00e3o alcan\u00e7ou nota 6,9 no Ideb do ensino fundamental, superando a m\u00e9dia nacional. Universidades como a <strong>USP<\/strong> e <strong>Esalq<\/strong> consolidam <strong>Piracicaba<\/strong> como centro acad\u00eamico de refer\u00eancia.<\/p>\n\n\n\n<p>A renda per capita anual gira em torno de 82,5 mil reais, com pre\u00e7os de im\u00f3veis mais acess\u00edveis que em <strong>S\u00e3o Paulo<\/strong>. Fam\u00edlias encontram equil\u00edbrio entre oportunidades profissionais e qualidade de vida.<\/p>\n\n\n<div class=\"wp-block-image\">\n<figure class=\"aligncenter size-large\"><img decoding=\"async\" width=\"1024\" height=\"576\" src=\"https:\/\/www.correiobraziliense.com.br\/cbradar\/wp-content\/uploads\/2025\/08\/Edicoes-32-1024x576.png\" alt=\"A cidade paulista ideal para quem busca qualidade de vida para a fam\u00edlia\" class=\"wp-image-79153\" srcset=\"https:\/\/www.correiobraziliense.com.br\/cbradar\/wp-content\/uploads\/2025\/08\/Edicoes-32-1024x576.png 1024w, https:\/\/www.correiobraziliense.com.br\/cbradar\/wp-content\/uploads\/2025\/08\/Edicoes-32-300x169.png 300w, https:\/\/www.correiobraziliense.com.br\/cbradar\/wp-content\/uploads\/2025\/08\/Edicoes-32-768x432.png 768w, https:\/\/www.correiobraziliense.com.br\/cbradar\/wp-content\/uploads\/2025\/08\/Edicoes-32-750x422.png 750w, https:\/\/www.correiobraziliense.com.br\/cbradar\/wp-content\/uploads\/2025\/08\/Edicoes-32-1140x641.png 1140w, https:\/\/www.correiobraziliense.com.br\/cbradar\/wp-content\/uploads\/2025\/08\/Edicoes-32.png 1280w\" sizes=\"(max-width: 1024px) 100vw, 1024px\" \/><figcaption class=\"wp-element-caption\">Piracicaba \u00e9 uma cidade do interior de S\u00e3o Paulo com cerca de 440 mil habitantes em 2025. \/\/ Cr\u00e9ditos: Wikip\u00e9dia<\/figcaption><\/figure><\/div>\n\n\n<h2 class=\"wp-block-heading\">Quais s\u00e3o os melhores bairros para morar em Piracicaba?<\/h2>\n\n\n\n<ul class=\"wp-block-list\">\n<li><strong>Higien\u00f3polis<\/strong> \u00e9 nobre, com casas amplas, arboriza\u00e7\u00e3o intensa e proximidade a escolas particulares. Ideal para fam\u00edlias que buscam tranquilidade e seguran\u00e7a em \u00e1rea consolidada.<\/li>\n\n\n\n<li><strong>Jardim Elite<\/strong> combina resid\u00eancias modernas com com\u00e9rcio completo e f\u00e1cil acesso \u00e0s principais vias. Infraestrutura urbana de qualidade atrai jovens profissionais e fam\u00edlias.<\/li>\n\n\n\n<li><strong>Paulista<\/strong> oferece bairro tradicional com servi\u00e7os variados, mercados e cl\u00ednicas m\u00e9dicas. A localiza\u00e7\u00e3o central garante conveni\u00eancia no dia a dia dos moradores.<\/li>\n\n\n\n<li><strong>Campestre<\/strong> destaca-se pela tranquilidade e \u00e1reas verdes preservadas pr\u00f3ximas ao rio. Resid\u00eancias espa\u00e7osas e ambiente familiar caracterizam este bairro residencial.<\/li>\n\n\n\n<li><strong>Jardim Calif\u00f3rnia<\/strong> atrai pela infraestrutura completa com escolas, academias e restaurantes. Condom\u00ednios modernos e seguran\u00e7a fazem desta uma escolha popular.<\/li>\n<\/ul>\n\n\n\n<figure class=\"wp-block-embed aligncenter is-type-video is-provider-youtube wp-block-embed-youtube wp-embed-aspect-16-9 wp-has-aspect-ratio\"><div class=\"wp-block-embed__wrapper\">\n<div class=\"jeg_video_container jeg_video_content\"><iframe loading=\"lazy\" title=\"PIRACICABA VISTA DE CIMA | 4K\" width=\"500\" height=\"281\" src=\"https:\/\/www.youtube.com\/embed\/y-GJyv6ztzo?feature=oembed\" frameborder=\"0\" allow=\"accelerometer; autoplay; clipboard-write; encrypted-media; gyroscope; picture-in-picture; web-share\" referrerpolicy=\"strict-origin-when-cross-origin\" allowfullscreen><\/iframe><\/div>\n<\/div><\/figure>\n\n\n\n<h2 class=\"wp-block-heading\">Quais s\u00e3o as principais atra\u00e7\u00f5es tur\u00edsticas de Piracicaba?<\/h2>\n\n\n\n<p>O <strong>Engenho Central<\/strong> preserva a hist\u00f3ria industrial da cidade em complexo cultural com museus, teatros e \u00e1reas de exposi\u00e7\u00e3o. Constru\u00eddo no s\u00e9culo XIX, abriga o <strong>Sal\u00e3o Internacional de Humor de Piracicaba<\/strong>, um dos eventos mais importantes sobre humor gr\u00e1fico, segundo o <strong>Melhores Destinos<\/strong>. Espa\u00e7o tombado pelo patrim\u00f4nio hist\u00f3rico atrai visitantes interessados em cultura e arte.<\/p>\n\n\n\n<p>O <strong>Rio Piracicaba<\/strong> com cal\u00e7ad\u00e3o revitalizado oferece passeios de barco, ciclovia e \u00e1reas de conviv\u00eancia familiar. Marco urbano da cidade, proporciona vistas panor\u00e2micas e p\u00f4r do sol memor\u00e1vel, conforme a <strong>Secretaria de Turismo de Piracicaba<\/strong>. Pescadores e esportistas aproveitam as \u00e1guas tranquilas durante todo o ano.<\/p>\n\n\n\n<p>O <strong>Parque do Mirante<\/strong> encanta com trilhas ecol\u00f3gicas, vista panor\u00e2mica da cidade e contato direto com a natureza. Localizado em \u00e1rea elevada, \u00e9 ref\u00fagio para caminhadas e observa\u00e7\u00e3o de aves nativas da mata atl\u00e2ntica.<\/p>\n\n\n\n<p>A <strong>Rua do Porto<\/strong> concentra bares, restaurantes e vida noturna agitada \u00e0 beira do rio. Gastronomia diversificada e m\u00fasica ao vivo atraem moradores e turistas nos finais de semana.<\/p>\n\n\n\n<p>O <strong>Museu Prudente de Moraes<\/strong> homenageia o primeiro presidente civil do Brasil, nascido na cidade. Acervo hist\u00f3rico com documentos, fotografias e objetos pessoais revela aspectos da hist\u00f3ria nacional.<\/p>\n\n\n\n<ul class=\"wp-block-list\">\n<li><strong>Engenho Central<\/strong>: Patrim\u00f4nio industrial com Sal\u00e3o Internacional de Humor.<\/li>\n\n\n\n<li><strong>Rio Piracicaba<\/strong>: Passeios de barco e cal\u00e7ad\u00e3o revitalizado com ciclovia.<\/li>\n\n\n\n<li><strong>Parque do Mirante<\/strong>: Trilhas ecol\u00f3gicas com vista panor\u00e2mica da regi\u00e3o.<\/li>\n\n\n\n<li><strong>Rua do Porto<\/strong>: Vida noturna com bares, restaurantes e m\u00fasica ao vivo.<\/li>\n\n\n\n<li><strong>Museu Prudente de Moraes<\/strong>: Acervo sobre o primeiro presidente civil brasileiro.<\/li>\n\n\n\n<li><strong>Horto Florestal de Tupi<\/strong>: \u00c1rea de preserva\u00e7\u00e3o com trilhas e cachoeiras.<\/li>\n\n\n\n<li><strong>Teatro Municipal<\/strong>: Programa\u00e7\u00e3o cultural com espet\u00e1culos e concertos.<\/li>\n<\/ul>\n\n\n<div class=\"wp-block-image\">\n<figure class=\"aligncenter size-large\"><img decoding=\"async\" width=\"1024\" height=\"576\" src=\"https:\/\/www.correiobraziliense.com.br\/cbradar\/wp-content\/uploads\/2025\/04\/Piracicaba_1744768260132-1024x576.jpg\" alt=\"Essa cidade \u00e9 ideal para morar com sua fam\u00edlia e ter um bom emprego\" class=\"wp-image-24115\" srcset=\"https:\/\/www.correiobraziliense.com.br\/cbradar\/wp-content\/uploads\/2025\/04\/Piracicaba_1744768260132-1024x576.jpg 1024w, https:\/\/www.correiobraziliense.com.br\/cbradar\/wp-content\/uploads\/2025\/04\/Piracicaba_1744768260132-300x169.jpg 300w, https:\/\/www.correiobraziliense.com.br\/cbradar\/wp-content\/uploads\/2025\/04\/Piracicaba_1744768260132-768x432.jpg 768w, https:\/\/www.correiobraziliense.com.br\/cbradar\/wp-content\/uploads\/2025\/04\/Piracicaba_1744768260132-750x422.jpg 750w, https:\/\/www.correiobraziliense.com.br\/cbradar\/wp-content\/uploads\/2025\/04\/Piracicaba_1744768260132-1140x641.jpg 1140w, https:\/\/www.correiobraziliense.com.br\/cbradar\/wp-content\/uploads\/2025\/04\/Piracicaba_1744768260132.jpg 1280w\" sizes=\"(max-width: 1024px) 100vw, 1024px\" \/><figcaption class=\"wp-element-caption\">Piracicaba \/\/ Cr\u00e9ditos: depositphotos.com \/ eearaki@gmail.com<\/figcaption><\/figure><\/div>\n\n\n<h2 class=\"wp-block-heading\">Como \u00e9 a vida cultural em Piracicaba?<\/h2>\n\n\n\n<p><strong>Piracicaba<\/strong> vibra com o <strong>Sal\u00e3o Internacional de Humor<\/strong>, evento anual que re\u00fane cartunistas e artistas gr\u00e1ficos do mundo todo. Realizado no <strong>Engenho Central<\/strong>, \u00e9 refer\u00eancia mundial no segmento.<\/p>\n\n\n\n<p>Festivais musicais e liter\u00e1rios ampliam a programa\u00e7\u00e3o cultural ao longo do ano. Teatros e centros culturais oferecem espet\u00e1culos, exposi\u00e7\u00f5es e oficinas para todas as idades.<\/p>\n\n\n\n<p>A gastronomia local destaca pratos tradicionais do interior paulista com restaurantes que valorizam ingredientes regionais. Feiras gastron\u00f4micas celebram a produ\u00e7\u00e3o rural e culin\u00e1ria caipira.<\/p>\n\n\n\n<p>Eventos acad\u00eamicos promovidos pelas universidades atraem pesquisadores e estudantes de todo o pa\u00eds. Palestras, semin\u00e1rios e simp\u00f3sios enriquecem o ambiente intelectual da cidade.<\/p>\n\n\n\n<h2 class=\"wp-block-heading\">Por que Piracicaba \u00e9 refer\u00eancia em educa\u00e7\u00e3o e tecnologia?<\/h2>\n\n\n\n<p><strong>Piracicaba<\/strong> abriga a <strong>Escola Superior de Agricultura Luiz de Queiroz<\/strong> da <strong>USP<\/strong>, uma das mais prestigiadas institui\u00e7\u00f5es de ensino agr\u00edcola do mundo. Pesquisas em biotecnologia e agroneg\u00f3cio colocam a cidade na vanguarda da inova\u00e7\u00e3o.<\/p>\n\n\n\n<p>O ecossistema acad\u00eamico atrai investimentos em startups e empresas de tecnologia. Incubadoras de neg\u00f3cios apoiam empreendedores que desenvolvem solu\u00e7\u00f5es inovadoras para diversos setores.<\/p>\n\n\n\n<p>A ind\u00fastria local se beneficia da m\u00e3o de obra qualificada formada pelas universidades. Empresas de m\u00e9dio e grande porte encontram profissionais preparados para desafios contempor\u00e2neos.<\/p>\n\n\n\n<p>Parcerias entre universidades e setor produtivo impulsionam pesquisas aplicadas que geram patentes e produtos inovadores. <strong>Piracicaba<\/strong> consolida-se como polo de conhecimento e desenvolvimento tecnol\u00f3gico.<\/p>\n\n\n\n<h2 class=\"wp-block-heading\">A tradi\u00e7\u00e3o dos ip\u00eas e a Noiva da Colina<\/h2>\n\n\n\n<p><strong>Piracicaba<\/strong> ganhou o apelido \u201cNoiva da Colina\u201d pela beleza de suas ladeiras cobertas por ip\u00eas floridos. Na primavera, \u00e1rvores amarelas, roxas e brancas colorem ruas e avenidas da cidade.<\/p>\n\n\n\n<p>A florada dos ip\u00eas atrai fot\u00f3grafos e visitantes que buscam paisagens encantadoras. Parques e pra\u00e7as se transformam em cen\u00e1rios dignos de cart\u00e3o postal durante esta \u00e9poca.<\/p>\n\n\n<div class=\"wp-block-image\">\n<figure class=\"aligncenter size-large\"><img decoding=\"async\" width=\"1024\" height=\"576\" src=\"https:\/\/www.correiobraziliense.com.br\/cbradar\/wp-content\/uploads\/2025\/06\/Edicoes-26-1-1024x576.png\" alt=\"Essa cidade \u00e9 ideal para morar com sua fam\u00edlia e ter um bom emprego\" class=\"wp-image-58565\" srcset=\"https:\/\/www.correiobraziliense.com.br\/cbradar\/wp-content\/uploads\/2025\/06\/Edicoes-26-1-1024x576.png 1024w, https:\/\/www.correiobraziliense.com.br\/cbradar\/wp-content\/uploads\/2025\/06\/Edicoes-26-1-300x169.png 300w, https:\/\/www.correiobraziliense.com.br\/cbradar\/wp-content\/uploads\/2025\/06\/Edicoes-26-1-768x432.png 768w, https:\/\/www.correiobraziliense.com.br\/cbradar\/wp-content\/uploads\/2025\/06\/Edicoes-26-1-750x422.png 750w, https:\/\/www.correiobraziliense.com.br\/cbradar\/wp-content\/uploads\/2025\/06\/Edicoes-26-1-1140x641.png 1140w, https:\/\/www.correiobraziliense.com.br\/cbradar\/wp-content\/uploads\/2025\/06\/Edicoes-26-1.png 1280w\" sizes=\"(max-width: 1024px) 100vw, 1024px\" \/><figcaption class=\"wp-element-caption\">Piracicaba \/\/ Cr\u00e9ditos: depositphotos.com \/ eearaki@gmail.com<\/figcaption><\/figure><\/div>\n\n\n<h2 class=\"wp-block-heading\">Qual \u00e9 a melhor \u00e9poca para visitar Piracicaba?<\/h2>\n\n\n\n<p>Entre <strong>mar\u00e7o<\/strong> e <strong>maio<\/strong>, <strong>Piracicaba<\/strong> apresenta temperaturas amenas entre 18\u202f\u00b0C e 28\u202f\u00b0C, segundo o <strong>Climatempo<\/strong>. A primavera traz a florada dos ip\u00eas, criando paisagens coloridas e clima ideal para passeios ao ar livre.<\/p>\n\n\n\n<p><strong>Junho<\/strong> a <strong>agosto<\/strong> marca o inverno seco e com noites frescas, perfeito para aproveitar os restaurantes da <strong>Rua do Porto<\/strong>. Dias ensolarados favorecem caminhadas no cal\u00e7ad\u00e3o do rio.<\/p>\n\n\n\n<p><strong>Setembro<\/strong> a <strong>novembro<\/strong> oferece clima agrad\u00e1vel para trilhas no <strong>Parque do Mirante<\/strong> e visitas ao <strong>Horto Florestal de Tupi<\/strong>. Temperatura equilibrada e baixa incid\u00eancia de chuvas atraem turistas.<\/p>\n\n\n\n<p><strong>Dezembro<\/strong> e <strong>janeiro<\/strong> trazem calor intenso com chuvas ocasionais, ideais para passeios de barco no rio. Festivais de ver\u00e3o e eventos culturais animam a cidade neste per\u00edodo.<\/p>\n\n\n\n<p><strong>Leia tamb\u00e9m: <a href=\"https:\/\/www.correiobraziliense.com.br\/cbradar\/o-sao-joao-mais-famoso-do-mundo-acontece-nessa-cidade-da-paraiba\/\" target=\"_blank\" rel=\"noreferrer noopener\">O S\u00e3o Jo\u00e3o mais famoso do mundo acontece nessa cidade da Para\u00edba.<\/a><\/strong><\/p>\n\n\n\n<h2 class=\"wp-block-heading\">Vivencie Piracicaba<\/h2>\n\n\n\n<p><strong>Piracicaba<\/strong> une tradi\u00e7\u00e3o industrial e excel\u00eancia educacional em <strong>S\u00e3o Paulo<\/strong>. Do <strong>Engenho Central<\/strong> ao <strong>Rio Piracicaba<\/strong>, da <strong>Rua do Porto<\/strong> aos ip\u00eas floridos, \u00e9 um destino completo para morar e visitar. Planeje sua mudan\u00e7a ou viajem para viver o charme e a pujan\u00e7a de <strong>Piracicaba<\/strong>.<\/p>\n\n\n\n<ul class=\"wp-block-list\">\n<li>Economia diversificada com ind\u00fastria, agroneg\u00f3cio e tecnologia de ponta.<\/li>\n\n\n\n<li>Educa\u00e7\u00e3o de excel\u00eancia com universidades renomadas e pesquisa avan\u00e7ada.<\/li>\n\n\n\n<li>Cultura rica com festivais internacionais, gastronomia e patrim\u00f4nio hist\u00f3rico.<\/li>\n<\/ul>\n","protected":false},"excerpt":{"rendered":"<p>Piracicaba, no interior de S\u00e3o Paulo, Brasil, est\u00e1 situada a 164 km da capital paulista e pr\u00f3xima a Campinas, Limeira e Rio Claro. Conhecida como \u201cNoiva da Colina\u201d, a cidade \u00e0s margens do rio que lhe d\u00e1 nome \u00e9 ideal para morar. Vivencie o que torna este destino um polo de desenvolvimento e cultura. Por [&hellip;]<\/p>\n","protected":false},"author":8,"featured_media":24116,"comment_status":"open","ping_status":"open","sticky":false,"template":"","format":"standard","meta":{"_yoast_wpseo_focuskw":"cidade paulista","_yoast_wpseo_title":"","_yoast_wpseo_metadesc":"Essa cidade do interior paulista \u00e9 perfeita para quem busca seguran\u00e7a, tranquilidade e qualidade de vida para toda a fam\u00edlia.","jnews-multi-image_gallery":[],"jnews_single_post":{"format":"standard"},"jnews_primary_category":[],"jnews_social_meta":[],"jnews_override_counter":[],"footnotes":""},"categories":[108,111],"post_tag":[225,3412,278],"class_list":["post-132975","post","type-post","status-publish","format-standard","has-post-thumbnail","hentry","category-cidades","category-turismo","tag-brasil","tag-piracicaba","tag-sao-paulo"],"yoast_head":"<!-- This site is optimized with the Yoast SEO plugin v24.6 - https:\/\/yoast.com\/wordpress\/plugins\/seo\/ -->\n<title>A cidade paulista do interior ideal para quem busca qualidade de vida para a fam\u00edlia - Correio Braziliense - Radar<\/title>\n<meta name=\"description\" content=\"Essa cidade do interior paulista \u00e9 perfeita para quem busca seguran\u00e7a, tranquilidade e qualidade de vida para toda a fam\u00edlia.\" \/>\n<meta name=\"robots\" content=\"index, follow, max-snippet:-1, max-image-preview:large, max-video-preview:-1\" \/>\n<link rel=\"canonical\" href=\"https:\/\/www.correiobraziliense.com.br\/cbradar\/a-cidade-paulista-do-interior-ideal-para-quem-busca-qualidade-de-vida-para-a-familia\/\" \/>\n<meta property=\"og:locale\" content=\"pt_BR\" \/>\n<meta property=\"og:type\" content=\"article\" \/>\n<meta property=\"og:title\" content=\"A cidade paulista do interior ideal para quem busca qualidade de vida para a fam\u00edlia - Correio Braziliense - Radar\" \/>\n<meta property=\"og:description\" content=\"Essa cidade do interior paulista \u00e9 perfeita para quem busca seguran\u00e7a, tranquilidade e qualidade de vida para toda a fam\u00edlia.\" \/>\n<meta property=\"og:url\" content=\"https:\/\/www.correiobraziliense.com.br\/cbradar\/a-cidade-paulista-do-interior-ideal-para-quem-busca-qualidade-de-vida-para-a-familia\/\" \/>\n<meta property=\"og:site_name\" content=\"Correio Braziliense - Radar\" \/>\n<meta property=\"article:published_time\" content=\"2025-11-08T13:25:00+00:00\" \/>\n<meta property=\"og:image\" content=\"https:\/\/www.correiobraziliense.com.br\/cbradar\/wp-content\/uploads\/2025\/04\/Piracicaba_1744768268091.jpg\" \/>\n\t<meta property=\"og:image:width\" content=\"1280\" \/>\n\t<meta property=\"og:image:height\" content=\"720\" \/>\n\t<meta property=\"og:image:type\" content=\"image\/jpeg\" \/>\n<meta name=\"author\" content=\"Maura Pereira\" \/>\n<meta name=\"twitter:card\" content=\"summary_large_image\" \/>\n<meta name=\"twitter:label1\" content=\"Escrito por\" \/>\n\t<meta name=\"twitter:data1\" content=\"Maura Pereira\" \/>\n\t<meta name=\"twitter:label2\" content=\"Est. tempo de leitura\" \/>\n\t<meta name=\"twitter:data2\" content=\"8 minutos\" \/>\n<!-- \/ Yoast SEO plugin. -->","yoast_head_json":{"title":"A cidade paulista do interior ideal para quem busca qualidade de vida para a fam\u00edlia - Correio Braziliense - Radar","description":"Essa cidade do interior paulista \u00e9 perfeita para quem busca seguran\u00e7a, tranquilidade e qualidade de vida para toda a fam\u00edlia.","robots":{"index":"index","follow":"follow","max-snippet":"max-snippet:-1","max-image-preview":"max-image-preview:large","max-video-preview":"max-video-preview:-1"},"canonical":"https:\/\/www.correiobraziliense.com.br\/cbradar\/a-cidade-paulista-do-interior-ideal-para-quem-busca-qualidade-de-vida-para-a-familia\/","og_locale":"pt_BR","og_type":"article","og_title":"A cidade paulista do interior ideal para quem busca qualidade de vida para a fam\u00edlia - Correio Braziliense - Radar","og_description":"Essa cidade do interior paulista \u00e9 perfeita para quem busca seguran\u00e7a, tranquilidade e qualidade de vida para toda a fam\u00edlia.","og_url":"https:\/\/www.correiobraziliense.com.br\/cbradar\/a-cidade-paulista-do-interior-ideal-para-quem-busca-qualidade-de-vida-para-a-familia\/","og_site_name":"Correio Braziliense - Radar","article_published_time":"2025-11-08T13:25:00+00:00","og_image":[{"width":1280,"height":720,"url":"https:\/\/www.correiobraziliense.com.br\/cbradar\/wp-content\/uploads\/2025\/04\/Piracicaba_1744768268091.jpg","type":"image\/jpeg"}],"author":"Maura Pereira","twitter_card":"summary_large_image","twitter_misc":{"Escrito por":"Maura Pereira","Est. tempo de leitura":"8 minutos"},"schema":{"@context":"https:\/\/schema.org","@graph":[{"@type":"WebPage","@id":"https:\/\/www.correiobraziliense.com.br\/cbradar\/a-cidade-paulista-do-interior-ideal-para-quem-busca-qualidade-de-vida-para-a-familia\/","url":"https:\/\/www.correiobraziliense.com.br\/cbradar\/a-cidade-paulista-do-interior-ideal-para-quem-busca-qualidade-de-vida-para-a-familia\/","name":"A cidade paulista do interior ideal para quem busca qualidade de vida para a fam\u00edlia - Correio Braziliense - Radar","isPartOf":{"@id":"https:\/\/www.correiobraziliense.com.br\/cbradar\/#website"},"primaryImageOfPage":{"@id":"https:\/\/www.correiobraziliense.com.br\/cbradar\/a-cidade-paulista-do-interior-ideal-para-quem-busca-qualidade-de-vida-para-a-familia\/#primaryimage"},"image":{"@id":"https:\/\/www.correiobraziliense.com.br\/cbradar\/a-cidade-paulista-do-interior-ideal-para-quem-busca-qualidade-de-vida-para-a-familia\/#primaryimage"},"thumbnailUrl":"https:\/\/www.correiobraziliense.com.br\/cbradar\/wp-content\/uploads\/2025\/04\/Piracicaba_1744768268091.jpg","datePublished":"2025-11-08T13:25:00+00:00","author":{"@id":"https:\/\/www.correiobraziliense.com.br\/cbradar\/#\/schema\/person\/4053c651a9bfc785afc6f4cbc9032fd3"},"description":"Essa cidade do interior paulista \u00e9 perfeita para quem busca seguran\u00e7a, tranquilidade e qualidade de vida para toda a fam\u00edlia.","breadcrumb":{"@id":"https:\/\/www.correiobraziliense.com.br\/cbradar\/a-cidade-paulista-do-interior-ideal-para-quem-busca-qualidade-de-vida-para-a-familia\/#breadcrumb"},"inLanguage":"pt-BR","potentialAction":[{"@type":"ReadAction","target":["https:\/\/www.correiobraziliense.com.br\/cbradar\/a-cidade-paulista-do-interior-ideal-para-quem-busca-qualidade-de-vida-para-a-familia\/"]}]},{"@type":"ImageObject","inLanguage":"pt-BR","@id":"https:\/\/www.correiobraziliense.com.br\/cbradar\/a-cidade-paulista-do-interior-ideal-para-quem-busca-qualidade-de-vida-para-a-familia\/#primaryimage","url":"https:\/\/www.correiobraziliense.com.br\/cbradar\/wp-content\/uploads\/2025\/04\/Piracicaba_1744768268091.jpg","contentUrl":"https:\/\/www.correiobraziliense.com.br\/cbradar\/wp-content\/uploads\/2025\/04\/Piracicaba_1744768268091.jpg","width":1280,"height":720,"caption":"Em Piracicaba, aproveite passeios no Parque da Rua do Porto e o famoso Mercado Municipal. \/\/ Cr\u00e9ditos: depositphotos.com \/ flamiaki8"},{"@type":"BreadcrumbList","@id":"https:\/\/www.correiobraziliense.com.br\/cbradar\/a-cidade-paulista-do-interior-ideal-para-quem-busca-qualidade-de-vida-para-a-familia\/#breadcrumb","itemListElement":[{"@type":"ListItem","position":1,"name":"In\u00edcio","item":"https:\/\/www.correiobraziliense.com.br\/cbradar\/"},{"@type":"ListItem","position":2,"name":"A cidade paulista do interior ideal para quem busca qualidade de vida para a fam\u00edlia"}]},{"@type":"WebSite","@id":"https:\/\/www.correiobraziliense.com.br\/cbradar\/#website","url":"https:\/\/www.correiobraziliense.com.br\/cbradar\/","name":"Correio Braziliense - Radar","description":"Acompanhe as \u00faltimas not\u00edcias e fique bem informado sobre tudo o que acontece no Brasil e no mundo.","potentialAction":[{"@type":"SearchAction","target":{"@type":"EntryPoint","urlTemplate":"https:\/\/www.correiobraziliense.com.br\/cbradar\/?s={search_term_string}"},"query-input":{"@type":"PropertyValueSpecification","valueRequired":true,"valueName":"search_term_string"}}],"inLanguage":"pt-BR"},{"@type":"Person","@id":"https:\/\/www.correiobraziliense.com.br\/cbradar\/#\/schema\/person\/4053c651a9bfc785afc6f4cbc9032fd3","name":"Maura Pereira","image":{"@type":"ImageObject","inLanguage":"pt-BR","@id":"https:\/\/www.correiobraziliense.com.br\/cbradar\/#\/schema\/person\/image\/","url":"https:\/\/secure.gravatar.com\/avatar\/3effd6bdadfa447f15089c7f7144eaa6?s=96&d=mm&r=g","contentUrl":"https:\/\/secure.gravatar.com\/avatar\/3effd6bdadfa447f15089c7f7144eaa6?s=96&d=mm&r=g","caption":"Maura Pereira"},"sameAs":["https:\/\/www.correiobraziliense.com.br\/"],"url":"https:\/\/www.correiobraziliense.com.br\/cbradar\/author\/mauramyth\/"}]}},"_links":{"self":[{"href":"https:\/\/www.correiobraziliense.com.br\/cbradar\/wp-json\/wp\/v2\/posts\/132975","targetHints":{"allow":["GET"]}}],"collection":[{"href":"https:\/\/www.correiobraziliense.com.br\/cbradar\/wp-json\/wp\/v2\/posts"}],"about":[{"href":"https:\/\/www.correiobraziliense.com.br\/cbradar\/wp-json\/wp\/v2\/types\/post"}],"author":[{"embeddable":true,"href":"https:\/\/www.correiobraziliense.com.br\/cbradar\/wp-json\/wp\/v2\/users\/8"}],"replies":[{"embeddable":true,"href":"https:\/\/www.correiobraziliense.com.br\/cbradar\/wp-json\/wp\/v2\/comments?post=132975"}],"version-history":[{"count":11,"href":"https:\/\/www.correiobraziliense.com.br\/cbradar\/wp-json\/wp\/v2\/posts\/132975\/revisions"}],"predecessor-version":[{"id":133181,"href":"https:\/\/www.correiobraziliense.com.br\/cbradar\/wp-json\/wp\/v2\/posts\/132975\/revisions\/133181"}],"wp:featuredmedia":[{"embeddable":true,"href":"https:\/\/www.correiobraziliense.com.br\/cbradar\/wp-json\/wp\/v2\/media\/24116"}],"wp:attachment":[{"href":"https:\/\/www.correiobraziliense.com.br\/cbradar\/wp-json\/wp\/v2\/media?parent=132975"}],"wp:term":[{"taxonomy":"category","embeddable":true,"href":"https:\/\/www.correiobraziliense.com.br\/cbradar\/wp-json\/wp\/v2\/categories?post=132975"},{"taxonomy":"post_tag","embeddable":true,"href":"https:\/\/www.correiobraziliense.com.br\/cbradar\/wp-json\/wp\/v2\/post_tag?post=132975"}],"curies":[{"name":"wp","href":"https:\/\/api.w.org\/{rel}","templated":true}]}}