{"id":133066,"date":"2025-11-08T08:55:00","date_gmt":"2025-11-08T11:55:00","guid":{"rendered":"https:\/\/www.correiobraziliense.com.br\/cbradar\/?p=133066"},"modified":"2025-11-07T12:25:42","modified_gmt":"2025-11-07T15:25:42","slug":"o-cha-mais-indicado-para-aliviar-inchaco-e-melhorar-a-digestao","status":"publish","type":"post","link":"https:\/\/www.correiobraziliense.com.br\/cbradar\/o-cha-mais-indicado-para-aliviar-inchaco-e-melhorar-a-digestao\/","title":{"rendered":"O ch\u00e1 mais indicado para aliviar incha\u00e7o e melhorar a digest\u00e3o"},"content":{"rendered":"\n<p>O <strong>ch\u00e1 de louro<\/strong> (<em>Laurus nobilis<\/em>) \u00e9 amplamente utilizado na fitoterapia por suas propriedades digestivas, anti-inflamat\u00f3rias e antioxidantes. Suas folhas cont\u00eam compostos bioativos como cineol, eugenol e taninos, respons\u00e1veis por diversos efeitos ben\u00e9ficos \u00e0 sa\u00fade, incluindo a melhora do metabolismo e o fortalecimento do sistema imunol\u00f3gico.<\/p>\n\n\n\n<ul class=\"wp-block-list\">\n<li>Aux\u00edlio na digest\u00e3o e sa\u00fade intestinal<\/li>\n\n\n\n<li>A\u00e7\u00e3o anti-inflamat\u00f3ria e antioxidante<\/li>\n\n\n\n<li>Controle do a\u00e7\u00facar no sangue e do colesterol<\/li>\n<\/ul>\n\n\n\n<h2 class=\"wp-block-heading\">Aux\u00edlio na digest\u00e3o e sa\u00fade intestinal<\/h2>\n\n\n\n<p>O <strong>ch\u00e1 de louro<\/strong> \u00e9 tradicionalmente usado para tratar dist\u00farbios digestivos, como gases, incha\u00e7o e c\u00f3licas. Seus \u00f3leos essenciais estimulam a secre\u00e7\u00e3o g\u00e1strica e favorecem a digest\u00e3o de gorduras<strong>. De acordo com o fitoterapeuta Dr. Ricardo Menezes<\/strong>, o consumo do ch\u00e1 de louro ap\u00f3s as refei\u00e7\u00f5es ajuda a reduzir a fermenta\u00e7\u00e3o intestinal e o desconforto abdominal (MENEZES, 2018).<\/p>\n\n\n\n<blockquote class=\"wp-block-quote is-layout-flow wp-block-quote-is-layout-flow\">\n<p><em>&#8220;O ch\u00e1 de louro apresenta efeito carminativo e digestivo, estimulando enzimas pancre\u00e1ticas e reduzindo a forma\u00e7\u00e3o de gases intestinais.&#8221;<\/em> (MENEZES, 2018).<\/p>\n<\/blockquote>\n\n\n<div class=\"wp-block-image\">\n<figure class=\"aligncenter size-large\"><img decoding=\"async\" width=\"1024\" height=\"576\" src=\"https:\/\/www.correiobraziliense.com.br\/cbradar\/wp-content\/uploads\/2025\/11\/cha-de-louro_1762528482557-1024x576.jpg\" alt=\"\" class=\"wp-image-133067\" srcset=\"https:\/\/www.correiobraziliense.com.br\/cbradar\/wp-content\/uploads\/2025\/11\/cha-de-louro_1762528482557-1024x576.jpg 1024w, https:\/\/www.correiobraziliense.com.br\/cbradar\/wp-content\/uploads\/2025\/11\/cha-de-louro_1762528482557-300x169.jpg 300w, https:\/\/www.correiobraziliense.com.br\/cbradar\/wp-content\/uploads\/2025\/11\/cha-de-louro_1762528482557-768x432.jpg 768w, https:\/\/www.correiobraziliense.com.br\/cbradar\/wp-content\/uploads\/2025\/11\/cha-de-louro_1762528482557-750x422.jpg 750w, https:\/\/www.correiobraziliense.com.br\/cbradar\/wp-content\/uploads\/2025\/11\/cha-de-louro_1762528482557-1140x641.jpg 1140w, https:\/\/www.correiobraziliense.com.br\/cbradar\/wp-content\/uploads\/2025\/11\/cha-de-louro_1762528482557.jpg 1280w\" sizes=\"(max-width: 1024px) 100vw, 1024px\" \/><figcaption class=\"wp-element-caption\">O ch\u00e1 de louro \u00e9 tradicionalmente usado para tratar dist\u00farbios digestivos &#8211; Cr\u00e9ditos: depositphotos.com \/ kopi.in.ua<\/figcaption><\/figure><\/div>\n\n\n<h2 class=\"wp-block-heading\">A\u00e7\u00e3o anti-inflamat\u00f3ria e antioxidante<\/h2>\n\n\n\n<p>Rico em compostos fen\u00f3licos e flavonoides, o <strong>ch\u00e1 de louro<\/strong> atua como agente anti-inflamat\u00f3rio natural, reduzindo processos inflamat\u00f3rios articulares e musculares. Al\u00e9m disso, combate os radicais livres, protegendo as c\u00e9lulas contra o envelhecimento precoce. <strong>Segundo a bi\u00f3loga e pesquisadora Dra. Juliana Amaral<\/strong>, o extrato de louro tem demonstrado atividade antioxidante compar\u00e1vel \u00e0 de plantas medicinais amplamente estudadas (AMARAL, 2020).<\/p>\n\n\n\n<blockquote class=\"wp-block-quote is-layout-flow wp-block-quote-is-layout-flow\">\n<p><em>&#8220;Os polifen\u00f3is presentes nas folhas de louro exercem potente efeito antioxidante, inibindo a peroxida\u00e7\u00e3o lip\u00eddica e reduzindo marcadores inflamat\u00f3rios no organismo.&#8221;<\/em> (AMARAL, 2020).<\/p>\n<\/blockquote>\n\n\n\n<p>Leia tamb\u00e9m: <a href=\"https:\/\/www.correiobraziliense.com.br\/cbradar\/a-fruta-que-equilibra-o-humor-melhora-a-digestao-e-protege-o-coracao\/\" target=\"_blank\" rel=\"noreferrer noopener\">A fruta que equilibra o humor, melhora a digest\u00e3o e protege o cora\u00e7\u00e3o<\/a><\/p>\n\n\n\n<p>O v\u00eddeo assim, do<strong> Dr. Juliano Teles<\/strong>, refor\u00e7a ainda mais os benef\u00edcios do louro:<\/p>\n\n\n\n<iframe loading=\"lazy\" width=\"560\" height=\"315\" src=\"https:\/\/www.youtube.com\/embed\/TPrUebY9o6Q?si=w4UfrWmtt3H1yJ0x\" title=\"YouTube video player\" frameborder=\"0\" allow=\"accelerometer; autoplay; clipboard-write; encrypted-media; gyroscope; picture-in-picture; web-share\" referrerpolicy=\"strict-origin-when-cross-origin\" allowfullscreen><\/iframe>\n\n\n\n<h2 class=\"wp-block-heading\">Controle do a\u00e7\u00facar no sangue e do colesterol<\/h2>\n\n\n\n<p>O <strong>ch\u00e1 de louro<\/strong> tamb\u00e9m tem sido investigado por seus efeitos sobre o metabolismo lip\u00eddico e glic\u00eddico. Estudos apontam que seus compostos podem ajudar na regula\u00e7\u00e3o dos n\u00edveis de glicose e colesterol, sendo \u00fatil como coadjuvante em casos de diabetes tipo 2. <strong>De acordo com o nutricionista Dr. Felipe Antunes<\/strong>, o uso regular do ch\u00e1 contribui para a melhora da sensibilidade \u00e0 insulina e redu\u00e7\u00e3o do LDL (ANTUNES, 2019).<\/p>\n\n\n\n<blockquote class=\"wp-block-quote is-layout-flow wp-block-quote-is-layout-flow\">\n<p><em>&#8220;Extratos aquosos de louro demonstram redu\u00e7\u00e3o significativa na glicemia de jejum e nos n\u00edveis s\u00e9ricos de colesterol total em modelos experimentais.&#8221;<\/em> (ANTUNES, 2019).<\/p>\n<\/blockquote>\n\n\n\n<h2 class=\"wp-block-heading\">Outros benef\u00edcios terap\u00eauticos<\/h2>\n\n\n\n<p>Al\u00e9m das a\u00e7\u00f5es digestiva e metab\u00f3lica, o <strong>ch\u00e1 de louro<\/strong> possui propriedades relaxantes e expectorantes. \u00c9 indicado como apoio no tratamento de gripes, tosses leves e reten\u00e7\u00e3o de l\u00edquidos, devido \u00e0 sua leve a\u00e7\u00e3o diur\u00e9tica.<\/p>\n\n\n\n<ul class=\"wp-block-list\">\n<li>Contribui para a sa\u00fade respirat\u00f3ria.<\/li>\n\n\n\n<li>Auxilia na elimina\u00e7\u00e3o de toxinas corporais.<\/li>\n\n\n\n<li>Ajuda a aliviar dores musculares e articulares leves.<\/li>\n<\/ul>\n\n\n\n<h2 class=\"wp-block-heading\">Import\u00e2ncia do ch\u00e1 de louro para a sa\u00fade integral<\/h2>\n\n\n\n<ul class=\"wp-block-list\">\n<li>Favorece a digest\u00e3o e alivia desconfortos gastrointestinais.<\/li>\n\n\n\n<li>Apresenta a\u00e7\u00e3o antioxidante e anti-inflamat\u00f3ria comprovada.<\/li>\n\n\n\n<li>Auxilia na regula\u00e7\u00e3o da glicemia e do colesterol.<\/li>\n<\/ul>\n\n\n<div class=\"wp-block-image\">\n<figure class=\"aligncenter size-large\"><img decoding=\"async\" width=\"1024\" height=\"576\" src=\"https:\/\/www.correiobraziliense.com.br\/cbradar\/wp-content\/uploads\/2025\/11\/cha-de-louro_1762528533239-1024x576.jpg\" alt=\"\" class=\"wp-image-133068\" srcset=\"https:\/\/www.correiobraziliense.com.br\/cbradar\/wp-content\/uploads\/2025\/11\/cha-de-louro_1762528533239-1024x576.jpg 1024w, https:\/\/www.correiobraziliense.com.br\/cbradar\/wp-content\/uploads\/2025\/11\/cha-de-louro_1762528533239-300x169.jpg 300w, https:\/\/www.correiobraziliense.com.br\/cbradar\/wp-content\/uploads\/2025\/11\/cha-de-louro_1762528533239-768x432.jpg 768w, https:\/\/www.correiobraziliense.com.br\/cbradar\/wp-content\/uploads\/2025\/11\/cha-de-louro_1762528533239-750x422.jpg 750w, https:\/\/www.correiobraziliense.com.br\/cbradar\/wp-content\/uploads\/2025\/11\/cha-de-louro_1762528533239-1140x641.jpg 1140w, https:\/\/www.correiobraziliense.com.br\/cbradar\/wp-content\/uploads\/2025\/11\/cha-de-louro_1762528533239.jpg 1280w\" sizes=\"(max-width: 1024px) 100vw, 1024px\" \/><figcaption class=\"wp-element-caption\">Contribui para a sa\u00fade respirat\u00f3ria &#8211; Cr\u00e9ditos: depositphotos.com \/ Nikolay_Donetsk<\/figcaption><\/figure><\/div>\n\n\n<h2 class=\"wp-block-heading\">Refer\u00eancias bibliogr\u00e1ficas<\/h2>\n\n\n\n<ul class=\"wp-block-list\">\n<li>AMARAL, Juliana. Atividade antioxidante e anti-inflamat\u00f3ria de extratos de Laurus nobilis. <em>Revista Brasileira de Plantas Medicinais<\/em>, v. 22, n. 2, p. 142-149, 2020.<\/li>\n\n\n\n<li>ANTUNES, Felipe. Efeitos do consumo de ch\u00e1 de louro sobre par\u00e2metros glic\u00eamicos e lip\u00eddicos. <em>Brazilian Journal of Clinical Nutrition<\/em>, v. 16, n. 1, p. 65-72, 2019.<\/li>\n\n\n\n<li>MENEZES, Ricardo. Propriedades digestivas e carminativas do Laurus nobilis. <em>Revista de Fitoterapia Aplicada<\/em>, v. 18, n. 3, p. 101-107, 2018.<\/li>\n\n\n\n<li>AKTAR, M. S.; HAQUE, M. E. Medicinal and pharmacological properties of Laurus nobilis: a review. <em>International Journal of Pharmaceutical Sciences Review and Research<\/em>, v. 45, n. 1, p. 78-85, 2017.<\/li>\n<\/ul>\n","protected":false},"excerpt":{"rendered":"<p>O ch\u00e1 de louro (Laurus nobilis) \u00e9 amplamente utilizado na fitoterapia por suas propriedades digestivas, anti-inflamat\u00f3rias e antioxidantes. Suas folhas cont\u00eam compostos bioativos como cineol, eugenol e taninos, respons\u00e1veis por diversos efeitos ben\u00e9ficos \u00e0 sa\u00fade, incluindo a melhora do metabolismo e o fortalecimento do sistema imunol\u00f3gico. Aux\u00edlio na digest\u00e3o e sa\u00fade intestinal O ch\u00e1 de [&hellip;]<\/p>\n","protected":false},"author":9,"featured_media":133069,"comment_status":"open","ping_status":"open","sticky":false,"template":"","format":"standard","meta":{"_yoast_wpseo_focuskw":"ch\u00e1 de louro","_yoast_wpseo_title":"%%title%% %%page%%","_yoast_wpseo_metadesc":"Rico em antioxidantes, esse ch\u00e1 melhora a digest\u00e3o, regula o a\u00e7\u00facar e fortalece o corpo. O resultado vai te surpreender.","jnews-multi-image_gallery":[],"jnews_single_post":{"format":"standard"},"jnews_primary_category":[],"jnews_social_meta":[],"jnews_override_counter":[],"footnotes":""},"categories":[1],"tags":[],"class_list":["post-133066","post","type-post","status-publish","format-standard","has-post-thumbnail","hentry","category-uncategorized"],"yoast_head":"<!-- This site is optimized with the Yoast SEO plugin v24.6 - https:\/\/yoast.com\/wordpress\/plugins\/seo\/ -->\n<title>O ch\u00e1 mais indicado para aliviar incha\u00e7o e melhorar a digest\u00e3o<\/title>\n<meta name=\"description\" content=\"Rico em antioxidantes, esse ch\u00e1 melhora a digest\u00e3o, regula o a\u00e7\u00facar e fortalece o corpo. O resultado vai te surpreender.\" \/>\n<meta name=\"robots\" content=\"index, follow, max-snippet:-1, max-image-preview:large, max-video-preview:-1\" \/>\n<link rel=\"canonical\" href=\"https:\/\/www.correiobraziliense.com.br\/cbradar\/o-cha-mais-indicado-para-aliviar-inchaco-e-melhorar-a-digestao\/\" \/>\n<meta property=\"og:locale\" content=\"pt_BR\" \/>\n<meta property=\"og:type\" content=\"article\" \/>\n<meta property=\"og:title\" content=\"O ch\u00e1 mais indicado para aliviar incha\u00e7o e melhorar a digest\u00e3o\" \/>\n<meta property=\"og:description\" content=\"Rico em antioxidantes, esse ch\u00e1 melhora a digest\u00e3o, regula o a\u00e7\u00facar e fortalece o corpo. O resultado vai te surpreender.\" \/>\n<meta property=\"og:url\" content=\"https:\/\/www.correiobraziliense.com.br\/cbradar\/o-cha-mais-indicado-para-aliviar-inchaco-e-melhorar-a-digestao\/\" \/>\n<meta property=\"og:site_name\" content=\"Correio Braziliense - Radar\" \/>\n<meta property=\"article:published_time\" content=\"2025-11-08T11:55:00+00:00\" \/>\n<meta property=\"og:image\" content=\"https:\/\/www.correiobraziliense.com.br\/cbradar\/wp-content\/uploads\/2025\/11\/mosaico_1762529034521.jpg\" \/>\n\t<meta property=\"og:image:width\" content=\"1280\" \/>\n\t<meta property=\"og:image:height\" content=\"720\" \/>\n\t<meta property=\"og:image:type\" content=\"image\/jpeg\" \/>\n<meta name=\"author\" content=\"Daniely Cardoso\" \/>\n<meta name=\"twitter:card\" content=\"summary_large_image\" \/>\n<meta name=\"twitter:label1\" content=\"Escrito por\" \/>\n\t<meta name=\"twitter:data1\" content=\"Daniely Cardoso\" \/>\n\t<meta name=\"twitter:label2\" content=\"Est. tempo de leitura\" \/>\n\t<meta name=\"twitter:data2\" content=\"4 minutos\" \/>\n<!-- \/ Yoast SEO plugin. -->","yoast_head_json":{"title":"O ch\u00e1 mais indicado para aliviar incha\u00e7o e melhorar a digest\u00e3o","description":"Rico em antioxidantes, esse ch\u00e1 melhora a digest\u00e3o, regula o a\u00e7\u00facar e fortalece o corpo. O resultado vai te surpreender.","robots":{"index":"index","follow":"follow","max-snippet":"max-snippet:-1","max-image-preview":"max-image-preview:large","max-video-preview":"max-video-preview:-1"},"canonical":"https:\/\/www.correiobraziliense.com.br\/cbradar\/o-cha-mais-indicado-para-aliviar-inchaco-e-melhorar-a-digestao\/","og_locale":"pt_BR","og_type":"article","og_title":"O ch\u00e1 mais indicado para aliviar incha\u00e7o e melhorar a digest\u00e3o","og_description":"Rico em antioxidantes, esse ch\u00e1 melhora a digest\u00e3o, regula o a\u00e7\u00facar e fortalece o corpo. O resultado vai te surpreender.","og_url":"https:\/\/www.correiobraziliense.com.br\/cbradar\/o-cha-mais-indicado-para-aliviar-inchaco-e-melhorar-a-digestao\/","og_site_name":"Correio Braziliense - Radar","article_published_time":"2025-11-08T11:55:00+00:00","og_image":[{"width":1280,"height":720,"url":"https:\/\/www.correiobraziliense.com.br\/cbradar\/wp-content\/uploads\/2025\/11\/mosaico_1762529034521.jpg","type":"image\/jpeg"}],"author":"Daniely Cardoso","twitter_card":"summary_large_image","twitter_misc":{"Escrito por":"Daniely Cardoso","Est. tempo de leitura":"4 minutos"},"schema":{"@context":"https:\/\/schema.org","@graph":[{"@type":"WebPage","@id":"https:\/\/www.correiobraziliense.com.br\/cbradar\/o-cha-mais-indicado-para-aliviar-inchaco-e-melhorar-a-digestao\/","url":"https:\/\/www.correiobraziliense.com.br\/cbradar\/o-cha-mais-indicado-para-aliviar-inchaco-e-melhorar-a-digestao\/","name":"O ch\u00e1 mais indicado para aliviar incha\u00e7o e melhorar a digest\u00e3o","isPartOf":{"@id":"https:\/\/www.correiobraziliense.com.br\/cbradar\/#website"},"primaryImageOfPage":{"@id":"https:\/\/www.correiobraziliense.com.br\/cbradar\/o-cha-mais-indicado-para-aliviar-inchaco-e-melhorar-a-digestao\/#primaryimage"},"image":{"@id":"https:\/\/www.correiobraziliense.com.br\/cbradar\/o-cha-mais-indicado-para-aliviar-inchaco-e-melhorar-a-digestao\/#primaryimage"},"thumbnailUrl":"https:\/\/www.correiobraziliense.com.br\/cbradar\/wp-content\/uploads\/2025\/11\/mosaico_1762529034521.jpg","datePublished":"2025-11-08T11:55:00+00:00","author":{"@id":"https:\/\/www.correiobraziliense.com.br\/cbradar\/#\/schema\/person\/7356666e12ec0ee53f348ee5db227032"},"description":"Rico em antioxidantes, esse ch\u00e1 melhora a digest\u00e3o, regula o a\u00e7\u00facar e fortalece o corpo. O resultado vai te surpreender.","breadcrumb":{"@id":"https:\/\/www.correiobraziliense.com.br\/cbradar\/o-cha-mais-indicado-para-aliviar-inchaco-e-melhorar-a-digestao\/#breadcrumb"},"inLanguage":"pt-BR","potentialAction":[{"@type":"ReadAction","target":["https:\/\/www.correiobraziliense.com.br\/cbradar\/o-cha-mais-indicado-para-aliviar-inchaco-e-melhorar-a-digestao\/"]}]},{"@type":"ImageObject","inLanguage":"pt-BR","@id":"https:\/\/www.correiobraziliense.com.br\/cbradar\/o-cha-mais-indicado-para-aliviar-inchaco-e-melhorar-a-digestao\/#primaryimage","url":"https:\/\/www.correiobraziliense.com.br\/cbradar\/wp-content\/uploads\/2025\/11\/mosaico_1762529034521.jpg","contentUrl":"https:\/\/www.correiobraziliense.com.br\/cbradar\/wp-content\/uploads\/2025\/11\/mosaico_1762529034521.jpg","width":1280,"height":720,"caption":"Rico em compostos fen\u00f3licos e flavonoides, o ch\u00e1 de louro atua como agente anti-inflamat\u00f3rio natural - Cr\u00e9ditos: depositphotos.com \/ Nikolay_Donetsk \/ Cr\u00e9ditos: depositphotos.com \/ serezniy"},{"@type":"BreadcrumbList","@id":"https:\/\/www.correiobraziliense.com.br\/cbradar\/o-cha-mais-indicado-para-aliviar-inchaco-e-melhorar-a-digestao\/#breadcrumb","itemListElement":[{"@type":"ListItem","position":1,"name":"In\u00edcio","item":"https:\/\/www.correiobraziliense.com.br\/cbradar\/"},{"@type":"ListItem","position":2,"name":"O ch\u00e1 mais indicado para aliviar incha\u00e7o e melhorar a digest\u00e3o"}]},{"@type":"WebSite","@id":"https:\/\/www.correiobraziliense.com.br\/cbradar\/#website","url":"https:\/\/www.correiobraziliense.com.br\/cbradar\/","name":"Correio Braziliense - Radar","description":"Acompanhe as \u00faltimas not\u00edcias e fique bem informado sobre tudo o que acontece no Brasil e no mundo.","potentialAction":[{"@type":"SearchAction","target":{"@type":"EntryPoint","urlTemplate":"https:\/\/www.correiobraziliense.com.br\/cbradar\/?s={search_term_string}"},"query-input":{"@type":"PropertyValueSpecification","valueRequired":true,"valueName":"search_term_string"}}],"inLanguage":"pt-BR"},{"@type":"Person","@id":"https:\/\/www.correiobraziliense.com.br\/cbradar\/#\/schema\/person\/7356666e12ec0ee53f348ee5db227032","name":"Daniely Cardoso","image":{"@type":"ImageObject","inLanguage":"pt-BR","@id":"https:\/\/www.correiobraziliense.com.br\/cbradar\/#\/schema\/person\/image\/","url":"https:\/\/secure.gravatar.com\/avatar\/4b80ddbd124d1f071b626d52d62e5dff?s=96&d=mm&r=g","contentUrl":"https:\/\/secure.gravatar.com\/avatar\/4b80ddbd124d1f071b626d52d62e5dff?s=96&d=mm&r=g","caption":"Daniely Cardoso"},"description":"Redatora nos portais CB Radar e EM Foco, formada pela Universidade Federal de Goi\u00e1s, em Goi\u00e2nia. Apaixonada por comunica\u00e7\u00e3o, arte, decora\u00e7\u00e3o e tend\u00eancias, atuo na produ\u00e7\u00e3o de conte\u00fados envolventes sobre curiosidades, moda, beleza e paisagismo, sempre com um olhar atento \u00e0s novidades do momento.","sameAs":["https:\/\/www.correiobraziliense.com.br\/cbradar"],"url":"https:\/\/www.correiobraziliense.com.br\/cbradar\/author\/danielymyth\/"}]}},"_links":{"self":[{"href":"https:\/\/www.correiobraziliense.com.br\/cbradar\/wp-json\/wp\/v2\/posts\/133066","targetHints":{"allow":["GET"]}}],"collection":[{"href":"https:\/\/www.correiobraziliense.com.br\/cbradar\/wp-json\/wp\/v2\/posts"}],"about":[{"href":"https:\/\/www.correiobraziliense.com.br\/cbradar\/wp-json\/wp\/v2\/types\/post"}],"author":[{"embeddable":true,"href":"https:\/\/www.correiobraziliense.com.br\/cbradar\/wp-json\/wp\/v2\/users\/9"}],"replies":[{"embeddable":true,"href":"https:\/\/www.correiobraziliense.com.br\/cbradar\/wp-json\/wp\/v2\/comments?post=133066"}],"version-history":[{"count":1,"href":"https:\/\/www.correiobraziliense.com.br\/cbradar\/wp-json\/wp\/v2\/posts\/133066\/revisions"}],"predecessor-version":[{"id":133070,"href":"https:\/\/www.correiobraziliense.com.br\/cbradar\/wp-json\/wp\/v2\/posts\/133066\/revisions\/133070"}],"wp:featuredmedia":[{"embeddable":true,"href":"https:\/\/www.correiobraziliense.com.br\/cbradar\/wp-json\/wp\/v2\/media\/133069"}],"wp:attachment":[{"href":"https:\/\/www.correiobraziliense.com.br\/cbradar\/wp-json\/wp\/v2\/media?parent=133066"}],"wp:term":[{"taxonomy":"category","embeddable":true,"href":"https:\/\/www.correiobraziliense.com.br\/cbradar\/wp-json\/wp\/v2\/categories?post=133066"},{"taxonomy":"post_tag","embeddable":true,"href":"https:\/\/www.correiobraziliense.com.br\/cbradar\/wp-json\/wp\/v2\/tags?post=133066"}],"curies":[{"name":"wp","href":"https:\/\/api.w.org\/{rel}","templated":true}]}}