{"id":133200,"date":"2025-11-08T20:05:00","date_gmt":"2025-11-08T23:05:00","guid":{"rendered":"https:\/\/www.correiobraziliense.com.br\/cbradar\/?p=133200"},"modified":"2025-11-07T15:57:44","modified_gmt":"2025-11-07T18:57:44","slug":"o-que-o-ar-que-voce-respira-pode-estar-fazendo-com-seu-cerebro","status":"publish","type":"post","link":"https:\/\/www.correiobraziliense.com.br\/cbradar\/o-que-o-ar-que-voce-respira-pode-estar-fazendo-com-seu-cerebro\/","title":{"rendered":"O que o ar que voc\u00ea respira pode estar fazendo com seu c\u00e9rebro"},"content":{"rendered":"\n<p><a href=\"https:\/\/www.seattletimes.com\/seattle-news\/health\/what-the-air-you-breathe-may-be-doing-to-your-brain\/\" target=\"_blank\" rel=\"noreferrer noopener\">Pesquisas apontam que a <strong>polui\u00e7\u00e3o do ar<\/strong> est\u00e1 cada vez mais ligada ao aumento de doen\u00e7as <strong>neurodegenerativas<\/strong><\/a> como o Alzheimer e outras formas de dem\u00eancia, devido \u00e0 capacidade das part\u00edculas finas PM2.5 atingirem \u00f3rg\u00e3os vitais, incluindo o c\u00e9rebro.<\/p>\n\n\n\n<h2 class=\"wp-block-heading\">Como a polui\u00e7\u00e3o do ar pode prejudicar o c\u00e9rebro humano<\/h2>\n\n\n\n<p>A <strong>composi\u00e7\u00e3o do ar<\/strong> influencia diretamente a sa\u00fade e pode passar despercebida no dia a dia. As part\u00edculas de <strong>PM2.5<\/strong>, oriundas de ind\u00fastrias, ve\u00edculos e queimadas, conseguem penetrar no organismo, afetando o c\u00e9rebro e aumentando o risco de doen\u00e7as neurodegenerativas.<\/p>\n\n\n\n<p>Essas part\u00edculas est\u00e3o ligadas \u00e0 forma\u00e7\u00e3o de placas <strong>beta-amiloides<\/strong> e emaranhados de <strong>tau<\/strong>, presentes em patologias como o <strong>Alzheimer<\/strong>. Esses efeitos tendem a ser mais severos em \u00e1reas urbanas com grande concentra\u00e7\u00e3o de polui\u00e7\u00e3o.<\/p>\n\n\n\n<figure class=\"wp-block-image size-large\"><img decoding=\"async\" width=\"1024\" height=\"576\" src=\"https:\/\/www.correiobraziliense.com.br\/cbradar\/wp-content\/uploads\/2025\/11\/pessoa-ao-ar-livre_1762541808376-1024x576.jpg\" alt=\"O que o ar que voc\u00ea respira pode estar fazendo com seu c\u00e9rebro\" class=\"wp-image-133228\" srcset=\"https:\/\/www.correiobraziliense.com.br\/cbradar\/wp-content\/uploads\/2025\/11\/pessoa-ao-ar-livre_1762541808376-1024x576.jpg 1024w, https:\/\/www.correiobraziliense.com.br\/cbradar\/wp-content\/uploads\/2025\/11\/pessoa-ao-ar-livre_1762541808376-300x169.jpg 300w, https:\/\/www.correiobraziliense.com.br\/cbradar\/wp-content\/uploads\/2025\/11\/pessoa-ao-ar-livre_1762541808376-768x432.jpg 768w, https:\/\/www.correiobraziliense.com.br\/cbradar\/wp-content\/uploads\/2025\/11\/pessoa-ao-ar-livre_1762541808376-750x422.jpg 750w, https:\/\/www.correiobraziliense.com.br\/cbradar\/wp-content\/uploads\/2025\/11\/pessoa-ao-ar-livre_1762541808376-1140x641.jpg 1140w, https:\/\/www.correiobraziliense.com.br\/cbradar\/wp-content\/uploads\/2025\/11\/pessoa-ao-ar-livre_1762541808376.jpg 1280w\" sizes=\"(max-width: 1024px) 100vw, 1024px\" \/><figcaption class=\"wp-element-caption\">Vigil\u00e2ncia ambiental e a\u00e7\u00f5es individuais, como evitar \u00e1reas com alta polui\u00e7\u00e3o, s\u00e3o medidas importantes de prote\u00e7\u00e3o. Cr\u00e9ditos: depositphotos.com \/ IgorVetushko<\/figcaption><\/figure>\n\n\n\n<h2 class=\"wp-block-heading\">O que as pesquisas revelam sobre polui\u00e7\u00e3o do ar e desenvolvimento de doen\u00e7as neurodegenerativas<\/h2>\n\n\n\n<p>Estudos internacionais, como o da <strong>Universidade da Pensilv\u00e2nia<\/strong>, refor\u00e7am a associa\u00e7\u00e3o entre <strong>polui\u00e7\u00e3o do ar<\/strong> e agravamento de dem\u00eancias. Os resultados desse estudo mostraram diferen\u00e7as marcantes na sa\u00fade neural de pessoas que viveram em \u00e1reas com diferentes n\u00edveis de polui\u00e7\u00e3o.<\/p>\n\n\n\n<p>Os pesquisadores destacaram dados especialmente relevantes, listados abaixo, que mostram como viver em locais polu\u00eddos pode aumentar o risco de comprometimento cognitivo:<\/p>\n\n\n\n<ul class=\"wp-block-list\">\n<li>Aumento de quase <strong>20%<\/strong> no risco de Alzheimer severo em \u00e1reas mais polu\u00eddas<\/li>\n\n\n\n<li>Resid\u00eancia pr\u00f3xima a vias com tr\u00e1fego intenso associada a maior preju\u00edzo cognitivo<\/li>\n\n\n\n<li>Pessoas de regi\u00f5es menos polu\u00eddas demonstraram melhor preserva\u00e7\u00e3o da sa\u00fade mental<\/li>\n<\/ul>\n\n\n\n<p>Leia tamb\u00e9m: <a href=\"https:\/\/www.correiobraziliense.com.br\/cbradar\/veja-o-que-seu-cerebro-tenta-dizer-quando-voce-sonha-com-uma-celebridade\/\" target=\"_blank\" rel=\"noreferrer noopener\">Veja o que seu c\u00e9rebro tenta dizer quando voc\u00ea sonha com uma celebridade<\/a><\/p>\n\n\n\n<h2 class=\"wp-block-heading\">Como as pol\u00edticas ambientais influenciam a sa\u00fade da popula\u00e7\u00e3o<\/h2>\n\n\n\n<p>As a\u00e7\u00f5es e decis\u00f5es pol\u00edticas para o controle da <strong>polui\u00e7\u00e3o atmosf\u00e9rica<\/strong> t\u00eam impacto direto na preven\u00e7\u00e3o de doen\u00e7as cognitivas. Discuss\u00f5es sobre medidas para melhorar a qualidade do ar das cidades s\u00e3o cada vez mais frequentes e necess\u00e1rias.<\/p>\n\n\n\n<p>Pol\u00edticas que fomentam o uso de energias limpas e restringem <strong>combust\u00edveis f\u00f3sseis<\/strong> mostram bons resultados. Exemplos positivos aparecem em cidades como Londres e Paris, que criaram zonas de baixas emiss\u00f5es e limitaram a circula\u00e7\u00e3o de ve\u00edculos poluentes.<\/p>\n\n\n\n<blockquote class=\"tiktok-embed\" cite=\"https:\/\/www.tiktok.com\/@vidasaudavel777\/video\/7257276386321255686\" data-video-id=\"7257276386321255686\" style=\"max-width: 605px;min-width: 325px;\" > <section> <a target=\"_blank\" title=\"@vidasaudavel777\" href=\"https:\/\/www.tiktok.com\/@vidasaudavel777?refer=embed\">@vidasaudavel777<\/a> Cr\u00e9dito do v\u00eddeo: Dr. Denis Birman. <a title=\"poluicao\" target=\"_blank\" href=\"https:\/\/www.tiktok.com\/tag\/poluicao?refer=embed\">#poluicao<\/a> <a title=\"alzeimer\" target=\"_blank\" href=\"https:\/\/www.tiktok.com\/tag\/alzeimer?refer=embed\">#alzeimer<\/a> <a title=\"doenca\" target=\"_blank\" href=\"https:\/\/www.tiktok.com\/tag\/doenca?refer=embed\">#doenca<\/a> <a title=\"saude\" target=\"_blank\" href=\"https:\/\/www.tiktok.com\/tag\/saude?refer=embed\">#saude<\/a> <a title=\"qualidadedevida\" target=\"_blank\" href=\"https:\/\/www.tiktok.com\/tag\/qualidadedevida?refer=embed\">#qualidadedevida<\/a> <a title=\"fy\" target=\"_blank\" href=\"https:\/\/www.tiktok.com\/tag\/fy?refer=embed\">#fy<\/a> <a title=\"tiktok\" target=\"_blank\" href=\"https:\/\/www.tiktok.com\/tag\/tiktok?refer=embed\">#tiktok<\/a> <a title=\"fy\" target=\"_blank\" href=\"https:\/\/www.tiktok.com\/tag\/fy?refer=embed\">#fy<\/a> <a target=\"_blank\" title=\"\u266c som original - Vida Saud\u00e1vel\" href=\"https:\/\/www.tiktok.com\/music\/som-original-7257276406998027014?refer=embed\">\u266c som original &#8211; Vida Saud\u00e1vel<\/a> <\/section> <\/blockquote> <script async src=\"https:\/\/www.tiktok.com\/embed.js\"><\/script>\n\n\n\n<h2 class=\"wp-block-heading\">Quais atitudes podem ajudar a proteger a sa\u00fade cognitiva diante da polui\u00e7\u00e3o do ar<\/h2>\n\n\n\n<p>Reduzir a <strong>polui\u00e7\u00e3o do ar<\/strong> exige a\u00e7\u00f5es conjuntas de governos e da sociedade. Medidas como o controle de emiss\u00f5es e o incentivo a energias sustent\u00e1veis s\u00e3o fundamentais para a prote\u00e7\u00e3o da popula\u00e7\u00e3o.<\/p>\n\n\n\n<p>Al\u00e9m das a\u00e7\u00f5es governamentais, pequenas atitudes podem contribuir significativamente, destacando-se especialmente:<\/p>\n\n\n\n<ul class=\"wp-block-list\">\n<li>Escolha de meios de transporte menos poluentes<\/li>\n\n\n\n<li>Plantio e preserva\u00e7\u00e3o de \u00e1rvores urbanas<\/li>\n\n\n\n<li>Consumo consciente e sustent\u00e1vel<\/li>\n<\/ul>\n\n\n\n<p>\u00c9 fundamental apoiar mais estudos cient\u00edficos sobre os efeitos dos poluentes na sa\u00fade do c\u00e9rebro e incentivar pol\u00edticas p\u00fablicas que garantam um ambiente saud\u00e1vel para as futuras gera\u00e7\u00f5es.<\/p>\n","protected":false},"excerpt":{"rendered":"<p>Descubra como a polui\u00e7\u00e3o do ar, especialmente o PM2.5, afeta a sa\u00fade cognitiva e est\u00e1 ligada ao aumento dos casos de dem\u00eancia, segundo estudos recentes.<\/p>\n","protected":false},"author":3,"featured_media":133217,"comment_status":"open","ping_status":"open","sticky":false,"template":"","format":"standard","meta":{"_yoast_wpseo_focuskw":"ar c\u00e9rebro","_yoast_wpseo_title":"%%title%%","_yoast_wpseo_metadesc":"Descubra como a polui\u00e7\u00e3o do ar, especialmente o PM2.5, afeta a sa\u00fade cognitiva e est\u00e1 ligada ao aumento dos casos de dem\u00eancia, segundo estudos recentes.","jnews-multi-image_gallery":[],"jnews_single_post":{"format":"standard"},"jnews_primary_category":[],"jnews_social_meta":[],"jnews_override_counter":[],"footnotes":""},"categories":[112],"post_tag":[698,3559,144,2144,565],"class_list":["post-133200","post","type-post","status-publish","format-standard","has-post-thumbnail","hentry","category-curiosidades","tag-cerebro","tag-corpo-humano","tag-curiosidades","tag-poluicao","tag-saude"],"yoast_head":"<!-- This site is optimized with the Yoast SEO plugin v24.6 - https:\/\/yoast.com\/wordpress\/plugins\/seo\/ -->\n<title>O que o ar que voc\u00ea respira pode estar fazendo com seu c\u00e9rebro<\/title>\n<meta name=\"description\" content=\"Descubra como a polui\u00e7\u00e3o do ar, especialmente o PM2.5, afeta a sa\u00fade cognitiva e est\u00e1 ligada ao aumento dos casos de dem\u00eancia, segundo estudos recentes.\" \/>\n<meta name=\"robots\" content=\"index, follow, max-snippet:-1, max-image-preview:large, max-video-preview:-1\" \/>\n<link rel=\"canonical\" href=\"https:\/\/www.correiobraziliense.com.br\/cbradar\/o-que-o-ar-que-voce-respira-pode-estar-fazendo-com-seu-cerebro\/\" \/>\n<meta property=\"og:locale\" content=\"pt_BR\" \/>\n<meta property=\"og:type\" content=\"article\" \/>\n<meta property=\"og:title\" content=\"O que o ar que voc\u00ea respira pode estar fazendo com seu c\u00e9rebro\" \/>\n<meta property=\"og:description\" content=\"Descubra como a polui\u00e7\u00e3o do ar, especialmente o PM2.5, afeta a sa\u00fade cognitiva e est\u00e1 ligada ao aumento dos casos de dem\u00eancia, segundo estudos recentes.\" \/>\n<meta property=\"og:url\" content=\"https:\/\/www.correiobraziliense.com.br\/cbradar\/o-que-o-ar-que-voce-respira-pode-estar-fazendo-com-seu-cerebro\/\" \/>\n<meta property=\"og:site_name\" content=\"Correio Braziliense - Radar\" \/>\n<meta property=\"article:published_time\" content=\"2025-11-08T23:05:00+00:00\" \/>\n<meta property=\"og:image\" content=\"https:\/\/www.correiobraziliense.com.br\/cbradar\/wp-content\/uploads\/2025\/11\/mosaico_1762541346936.jpg\" \/>\n\t<meta property=\"og:image:width\" content=\"1280\" \/>\n\t<meta property=\"og:image:height\" content=\"720\" \/>\n\t<meta property=\"og:image:type\" content=\"image\/jpeg\" \/>\n<meta name=\"author\" content=\"Larissa Carvalho\" \/>\n<meta name=\"twitter:card\" content=\"summary_large_image\" \/>\n<meta name=\"twitter:label1\" content=\"Escrito por\" \/>\n\t<meta name=\"twitter:data1\" content=\"Larissa Carvalho\" \/>\n\t<meta name=\"twitter:label2\" content=\"Est. tempo de leitura\" \/>\n\t<meta name=\"twitter:data2\" content=\"3 minutos\" \/>\n<!-- \/ Yoast SEO plugin. -->","yoast_head_json":{"title":"O que o ar que voc\u00ea respira pode estar fazendo com seu c\u00e9rebro","description":"Descubra como a polui\u00e7\u00e3o do ar, especialmente o PM2.5, afeta a sa\u00fade cognitiva e est\u00e1 ligada ao aumento dos casos de dem\u00eancia, segundo estudos recentes.","robots":{"index":"index","follow":"follow","max-snippet":"max-snippet:-1","max-image-preview":"max-image-preview:large","max-video-preview":"max-video-preview:-1"},"canonical":"https:\/\/www.correiobraziliense.com.br\/cbradar\/o-que-o-ar-que-voce-respira-pode-estar-fazendo-com-seu-cerebro\/","og_locale":"pt_BR","og_type":"article","og_title":"O que o ar que voc\u00ea respira pode estar fazendo com seu c\u00e9rebro","og_description":"Descubra como a polui\u00e7\u00e3o do ar, especialmente o PM2.5, afeta a sa\u00fade cognitiva e est\u00e1 ligada ao aumento dos casos de dem\u00eancia, segundo estudos recentes.","og_url":"https:\/\/www.correiobraziliense.com.br\/cbradar\/o-que-o-ar-que-voce-respira-pode-estar-fazendo-com-seu-cerebro\/","og_site_name":"Correio Braziliense - Radar","article_published_time":"2025-11-08T23:05:00+00:00","og_image":[{"width":1280,"height":720,"url":"https:\/\/www.correiobraziliense.com.br\/cbradar\/wp-content\/uploads\/2025\/11\/mosaico_1762541346936.jpg","type":"image\/jpeg"}],"author":"Larissa Carvalho","twitter_card":"summary_large_image","twitter_misc":{"Escrito por":"Larissa Carvalho","Est. tempo de leitura":"3 minutos"},"schema":{"@context":"https:\/\/schema.org","@graph":[{"@type":"WebPage","@id":"https:\/\/www.correiobraziliense.com.br\/cbradar\/o-que-o-ar-que-voce-respira-pode-estar-fazendo-com-seu-cerebro\/","url":"https:\/\/www.correiobraziliense.com.br\/cbradar\/o-que-o-ar-que-voce-respira-pode-estar-fazendo-com-seu-cerebro\/","name":"O que o ar que voc\u00ea respira pode estar fazendo com seu c\u00e9rebro","isPartOf":{"@id":"https:\/\/www.correiobraziliense.com.br\/cbradar\/#website"},"primaryImageOfPage":{"@id":"https:\/\/www.correiobraziliense.com.br\/cbradar\/o-que-o-ar-que-voce-respira-pode-estar-fazendo-com-seu-cerebro\/#primaryimage"},"image":{"@id":"https:\/\/www.correiobraziliense.com.br\/cbradar\/o-que-o-ar-que-voce-respira-pode-estar-fazendo-com-seu-cerebro\/#primaryimage"},"thumbnailUrl":"https:\/\/www.correiobraziliense.com.br\/cbradar\/wp-content\/uploads\/2025\/11\/mosaico_1762541346936.jpg","datePublished":"2025-11-08T23:05:00+00:00","author":{"@id":"https:\/\/www.correiobraziliense.com.br\/cbradar\/#\/schema\/person\/58422787644df994b53a19d3e56c1513"},"description":"Descubra como a polui\u00e7\u00e3o do ar, especialmente o PM2.5, afeta a sa\u00fade cognitiva e est\u00e1 ligada ao aumento dos casos de dem\u00eancia, segundo estudos recentes.","breadcrumb":{"@id":"https:\/\/www.correiobraziliense.com.br\/cbradar\/o-que-o-ar-que-voce-respira-pode-estar-fazendo-com-seu-cerebro\/#breadcrumb"},"inLanguage":"pt-BR","potentialAction":[{"@type":"ReadAction","target":["https:\/\/www.correiobraziliense.com.br\/cbradar\/o-que-o-ar-que-voce-respira-pode-estar-fazendo-com-seu-cerebro\/"]}]},{"@type":"ImageObject","inLanguage":"pt-BR","@id":"https:\/\/www.correiobraziliense.com.br\/cbradar\/o-que-o-ar-que-voce-respira-pode-estar-fazendo-com-seu-cerebro\/#primaryimage","url":"https:\/\/www.correiobraziliense.com.br\/cbradar\/wp-content\/uploads\/2025\/11\/mosaico_1762541346936.jpg","contentUrl":"https:\/\/www.correiobraziliense.com.br\/cbradar\/wp-content\/uploads\/2025\/11\/mosaico_1762541346936.jpg","width":1280,"height":720,"caption":"Respirar ar mais limpo contribui para preservar a sa\u00fade do c\u00e9rebro e prevenir doen\u00e7as ligadas \u00e0 idade. Cr\u00e9ditos: depositphotos.com \/ IgorVetushko e Cr\u00e9ditos: depositphotos.com \/ IgorVetushko"},{"@type":"BreadcrumbList","@id":"https:\/\/www.correiobraziliense.com.br\/cbradar\/o-que-o-ar-que-voce-respira-pode-estar-fazendo-com-seu-cerebro\/#breadcrumb","itemListElement":[{"@type":"ListItem","position":1,"name":"In\u00edcio","item":"https:\/\/www.correiobraziliense.com.br\/cbradar\/"},{"@type":"ListItem","position":2,"name":"O que o ar que voc\u00ea respira pode estar fazendo com seu c\u00e9rebro"}]},{"@type":"WebSite","@id":"https:\/\/www.correiobraziliense.com.br\/cbradar\/#website","url":"https:\/\/www.correiobraziliense.com.br\/cbradar\/","name":"Correio Braziliense - Radar","description":"Acompanhe as \u00faltimas not\u00edcias e fique bem informado sobre tudo o que acontece no Brasil e no mundo.","potentialAction":[{"@type":"SearchAction","target":{"@type":"EntryPoint","urlTemplate":"https:\/\/www.correiobraziliense.com.br\/cbradar\/?s={search_term_string}"},"query-input":{"@type":"PropertyValueSpecification","valueRequired":true,"valueName":"search_term_string"}}],"inLanguage":"pt-BR"},{"@type":"Person","@id":"https:\/\/www.correiobraziliense.com.br\/cbradar\/#\/schema\/person\/58422787644df994b53a19d3e56c1513","name":"Larissa Carvalho","image":{"@type":"ImageObject","inLanguage":"pt-BR","@id":"https:\/\/www.correiobraziliense.com.br\/cbradar\/#\/schema\/person\/image\/","url":"https:\/\/secure.gravatar.com\/avatar\/fe4f91a0de32b52a838d0d612abdc1aa?s=96&d=mm&r=g","contentUrl":"https:\/\/secure.gravatar.com\/avatar\/fe4f91a0de32b52a838d0d612abdc1aa?s=96&d=mm&r=g","caption":"Larissa Carvalho"},"url":"https:\/\/www.correiobraziliense.com.br\/cbradar\/author\/larissamyth\/"}]}},"_links":{"self":[{"href":"https:\/\/www.correiobraziliense.com.br\/cbradar\/wp-json\/wp\/v2\/posts\/133200","targetHints":{"allow":["GET"]}}],"collection":[{"href":"https:\/\/www.correiobraziliense.com.br\/cbradar\/wp-json\/wp\/v2\/posts"}],"about":[{"href":"https:\/\/www.correiobraziliense.com.br\/cbradar\/wp-json\/wp\/v2\/types\/post"}],"author":[{"embeddable":true,"href":"https:\/\/www.correiobraziliense.com.br\/cbradar\/wp-json\/wp\/v2\/users\/3"}],"replies":[{"embeddable":true,"href":"https:\/\/www.correiobraziliense.com.br\/cbradar\/wp-json\/wp\/v2\/comments?post=133200"}],"version-history":[{"count":2,"href":"https:\/\/www.correiobraziliense.com.br\/cbradar\/wp-json\/wp\/v2\/posts\/133200\/revisions"}],"predecessor-version":[{"id":133231,"href":"https:\/\/www.correiobraziliense.com.br\/cbradar\/wp-json\/wp\/v2\/posts\/133200\/revisions\/133231"}],"wp:featuredmedia":[{"embeddable":true,"href":"https:\/\/www.correiobraziliense.com.br\/cbradar\/wp-json\/wp\/v2\/media\/133217"}],"wp:attachment":[{"href":"https:\/\/www.correiobraziliense.com.br\/cbradar\/wp-json\/wp\/v2\/media?parent=133200"}],"wp:term":[{"taxonomy":"category","embeddable":true,"href":"https:\/\/www.correiobraziliense.com.br\/cbradar\/wp-json\/wp\/v2\/categories?post=133200"},{"taxonomy":"post_tag","embeddable":true,"href":"https:\/\/www.correiobraziliense.com.br\/cbradar\/wp-json\/wp\/v2\/post_tag?post=133200"}],"curies":[{"name":"wp","href":"https:\/\/api.w.org\/{rel}","templated":true}]}}