{"id":133239,"date":"2025-11-08T12:35:00","date_gmt":"2025-11-08T15:35:00","guid":{"rendered":"https:\/\/www.correiobraziliense.com.br\/cbradar\/?p=133239"},"modified":"2025-11-07T16:06:17","modified_gmt":"2025-11-07T19:06:17","slug":"o-que-seu-cao-sente-quando-voce-o-leva-para-passear-de-acordo-com-especialistas-em-comportamento-canino","status":"publish","type":"post","link":"https:\/\/www.correiobraziliense.com.br\/cbradar\/o-que-seu-cao-sente-quando-voce-o-leva-para-passear-de-acordo-com-especialistas-em-comportamento-canino\/","title":{"rendered":"O que seu c\u00e3o sente quando voc\u00ea o leva para passear, de acordo com especialistas em comportamento canino"},"content":{"rendered":"\n<p>Levar um c\u00e3o para passear n\u00e3o \u00e9 apenas uma simples atividade f\u00edsica, mas sim um momento fundamental para o bem-estar e o desenvolvimento emocional do animal. Durante o passeio, o c\u00e3o tem a oportunidade de explorar o ambiente, interagir com outros c\u00e3es e pessoas, fortalecendo tamb\u00e9m o v\u00ednculo com seu tutor. Especialistas explicam que essa pr\u00e1tica ajuda o c\u00e3o a gastar energia, relaxar e se sentir parte de uma comunidade mais ampla.<\/p>\n\n\n\n<h2 class=\"wp-block-heading\">Por que permitir que os c\u00e3es cheirem durante os passeios \u00e9 importante<\/h2>\n\n\n\n<p>O <strong>olfato<\/strong> \u00e9 o principal sentido dos c\u00e3es, e a explora\u00e7\u00e3o de cheiros durante o passeio \u00e9 essencial para a sa\u00fade emocional deles. Quando se det\u00eam para cheirar \u00e1rvores, postes ou outras superf\u00edcies, os c\u00e3es est\u00e3o colhendo informa\u00e7\u00f5es do ambiente, o que os ajuda a compreender o espa\u00e7o ao redor e a se sentirem seguros.<\/p>\n\n\n\n<p>Especialistas como <strong><a href=\"https:\/\/barnard.edu\/profiles\/alexandra-horowitz\" target=\"_blank\" rel=\"noreferrer noopener\">Alexandra Horowitz<\/a><\/strong> refor\u00e7am que deixar o c\u00e3o cheirar durante o passeio previne frustra\u00e7\u00f5es e favorece o relaxamento, promovendo assim um comportamento mais equilibrado.<\/p>\n\n\n\n<figure class=\"wp-block-image size-large\"><img decoding=\"async\" width=\"1024\" height=\"576\" src=\"https:\/\/www.correiobraziliense.com.br\/cbradar\/wp-content\/uploads\/2025\/11\/mosaico_1762542282471-1024x576.jpg\" alt=\"O que seu c\u00e3o sente quando voc\u00ea o leva para passear, de acordo com especialistas em comportamento canino\" class=\"wp-image-133243\" srcset=\"https:\/\/www.correiobraziliense.com.br\/cbradar\/wp-content\/uploads\/2025\/11\/mosaico_1762542282471-1024x576.jpg 1024w, https:\/\/www.correiobraziliense.com.br\/cbradar\/wp-content\/uploads\/2025\/11\/mosaico_1762542282471-300x169.jpg 300w, https:\/\/www.correiobraziliense.com.br\/cbradar\/wp-content\/uploads\/2025\/11\/mosaico_1762542282471-768x432.jpg 768w, https:\/\/www.correiobraziliense.com.br\/cbradar\/wp-content\/uploads\/2025\/11\/mosaico_1762542282471-750x422.jpg 750w, https:\/\/www.correiobraziliense.com.br\/cbradar\/wp-content\/uploads\/2025\/11\/mosaico_1762542282471-1140x641.jpg 1140w, https:\/\/www.correiobraziliense.com.br\/cbradar\/wp-content\/uploads\/2025\/11\/mosaico_1762542282471.jpg 1280w\" sizes=\"(max-width: 1024px) 100vw, 1024px\" \/><figcaption class=\"wp-element-caption\">A socializa\u00e7\u00e3o obtida em passeios regulares torna os c\u00e3es mais confiantes e adapta-os a diferentes situa\u00e7\u00f5es. Cr\u00e9ditos: depositphotos.com \/ T.DenTeam e Cr\u00e9ditos: depositphotos.com \/ T.DenTeam<\/figcaption><\/figure>\n\n\n\n<h2 class=\"wp-block-heading\">Quais s\u00e3o os principais benef\u00edcios do passeio di\u00e1rio para o c\u00e3o<\/h2>\n\n\n\n<p>O passeio di\u00e1rio oferece vantagens importantes para a <strong>sa\u00fade f\u00edsica<\/strong> e mental do c\u00e3o. Al\u00e9m de ajudar a reduzir o estresse, a atividade f\u00edsica regular previne a obesidade e estimula a socializa\u00e7\u00e3o entre c\u00e3es e pessoas.<\/p>\n\n\n\n<p>Confira alguns dos benef\u00edcios mais importantes dos passeios di\u00e1rios:<\/p>\n\n\n\n<ul class=\"wp-block-list\">\n<li><strong>Redu\u00e7\u00e3o do estresse<\/strong> com libera\u00e7\u00e3o de endorfina;<\/li>\n\n\n\n<li><strong>Manuten\u00e7\u00e3o do peso saud\u00e1vel<\/strong> e preven\u00e7\u00e3o de doen\u00e7as;<\/li>\n\n\n\n<li><strong>Facilita a socializa\u00e7\u00e3o<\/strong> com outros animais e pessoas;<\/li>\n\n\n\n<li><strong>Fortalecimento do v\u00ednculo<\/strong> entre c\u00e3o e tutor.<\/li>\n<\/ul>\n\n\n\n<blockquote class=\"tiktok-embed\" cite=\"https:\/\/www.tiktok.com\/@dogsdemais\/video\/7390598786252328197\" data-video-id=\"7390598786252328197\" style=\"max-width: 605px;min-width: 325px;\" > <section> <a target=\"_blank\" title=\"@dogsdemais\" href=\"https:\/\/www.tiktok.com\/@dogsdemais?refer=embed\">@dogsdemais<\/a> 5 etapas simples para voc\u00ea ter um bom passeio com seu cachorro. <a title=\"cachorro\" target=\"_blank\" href=\"https:\/\/www.tiktok.com\/tag\/cachorro?refer=embed\">#cachorro<\/a> <a title=\"adestramento\" target=\"_blank\" href=\"https:\/\/www.tiktok.com\/tag\/adestramento?refer=embed\">#adestramento<\/a> <a target=\"_blank\" title=\"\u266c som original  - dogs demais\" href=\"https:\/\/www.tiktok.com\/music\/som-original-dogs-demais-7390599624319896325?refer=embed\">\u266c som original  &#8211; dogs demais<\/a> <\/section> <\/blockquote> <script async src=\"https:\/\/www.tiktok.com\/embed.js\"><\/script>\n\n\n\n<h2 class=\"wp-block-heading\">Como entender os sentimentos do c\u00e3o durante os passeios<\/h2>\n\n\n\n<p>Observar o comportamento do c\u00e3o durante o passeio \u00e9 fundamental para compreender o que ele est\u00e1 sentindo. Se ele anda relaxado, balan\u00e7a a cauda suavemente e cheira o ambiente com calma, indica que se sente seguro e satisfeito.<\/p>\n\n\n\n<p>Se o animal puxa a coleira, ofega intensamente ou evita contato, pode estar ansioso ou desconfort\u00e1vel. Identificar esses sinais permite ajustar o passeio para garantir o <strong>bem-estar emocional<\/strong> do seu c\u00e3o.<\/p>\n\n\n\n<p>Leia tamb\u00e9m: <a href=\"https:\/\/www.correiobraziliense.com.br\/cbradar\/a-unica-cor-de-brinquedo-que-voce-nunca-deve-comprar-para-seu-cachorro\/\" target=\"_blank\" rel=\"noreferrer noopener\">A \u00fanica cor de brinquedo que voc\u00ea nunca deve comprar para seu cachorro<\/a><\/p>\n","protected":false},"excerpt":{"rendered":"<p>Descubra o impacto emocional dos *passeios para c\u00e3es* e fortale\u00e7a seu v\u00ednculo! Especialistas revelam como esses momentos influenciam no bem-estar canino.<\/p>\n","protected":false},"author":3,"featured_media":133242,"comment_status":"open","ping_status":"open","sticky":false,"template":"","format":"standard","meta":{"_yoast_wpseo_focuskw":"o que o cachorro sente no passeio","_yoast_wpseo_title":"%%title%%","_yoast_wpseo_metadesc":"Descubra o impacto emocional dos *passeios para c\u00e3es* e fortale\u00e7a seu v\u00ednculo! Especialistas revelam como esses momentos influenciam no bem-estar canino.","jnews-multi-image_gallery":[],"jnews_single_post":{"format":"standard"},"jnews_primary_category":[],"jnews_social_meta":[],"jnews_override_counter":[],"footnotes":""},"categories":[112],"post_tag":[230,1977,378,144],"class_list":["post-133239","post","type-post","status-publish","format-standard","has-post-thumbnail","hentry","category-curiosidades","tag-animais","tag-animais-de-estimacao","tag-cachorro","tag-curiosidades"],"yoast_head":"<!-- This site is optimized with the Yoast SEO plugin v24.6 - https:\/\/yoast.com\/wordpress\/plugins\/seo\/ -->\n<title>O que seu c\u00e3o sente quando voc\u00ea o leva para passear, de acordo com especialistas em comportamento canino<\/title>\n<meta name=\"description\" content=\"Descubra o impacto emocional dos *passeios para c\u00e3es* e fortale\u00e7a seu v\u00ednculo! Especialistas revelam como esses momentos influenciam no bem-estar canino.\" \/>\n<meta name=\"robots\" content=\"index, follow, max-snippet:-1, max-image-preview:large, max-video-preview:-1\" \/>\n<link rel=\"canonical\" href=\"https:\/\/www.correiobraziliense.com.br\/cbradar\/o-que-seu-cao-sente-quando-voce-o-leva-para-passear-de-acordo-com-especialistas-em-comportamento-canino\/\" \/>\n<meta property=\"og:locale\" content=\"pt_BR\" \/>\n<meta property=\"og:type\" content=\"article\" \/>\n<meta property=\"og:title\" content=\"O que seu c\u00e3o sente quando voc\u00ea o leva para passear, de acordo com especialistas em comportamento canino\" \/>\n<meta property=\"og:description\" content=\"Descubra o impacto emocional dos *passeios para c\u00e3es* e fortale\u00e7a seu v\u00ednculo! Especialistas revelam como esses momentos influenciam no bem-estar canino.\" \/>\n<meta property=\"og:url\" content=\"https:\/\/www.correiobraziliense.com.br\/cbradar\/o-que-seu-cao-sente-quando-voce-o-leva-para-passear-de-acordo-com-especialistas-em-comportamento-canino\/\" \/>\n<meta property=\"og:site_name\" content=\"Correio Braziliense - Radar\" \/>\n<meta property=\"article:published_time\" content=\"2025-11-08T15:35:00+00:00\" \/>\n<meta property=\"og:image\" content=\"https:\/\/www.correiobraziliense.com.br\/cbradar\/wp-content\/uploads\/2025\/11\/mosaico_1762542206260.jpg\" \/>\n\t<meta property=\"og:image:width\" content=\"1280\" \/>\n\t<meta property=\"og:image:height\" content=\"720\" \/>\n\t<meta property=\"og:image:type\" content=\"image\/jpeg\" \/>\n<meta name=\"author\" content=\"Larissa Carvalho\" \/>\n<meta name=\"twitter:card\" content=\"summary_large_image\" \/>\n<meta name=\"twitter:label1\" content=\"Escrito por\" \/>\n\t<meta name=\"twitter:data1\" content=\"Larissa Carvalho\" \/>\n\t<meta name=\"twitter:label2\" content=\"Est. tempo de leitura\" \/>\n\t<meta name=\"twitter:data2\" content=\"3 minutos\" \/>\n<!-- \/ Yoast SEO plugin. -->","yoast_head_json":{"title":"O que seu c\u00e3o sente quando voc\u00ea o leva para passear, de acordo com especialistas em comportamento canino","description":"Descubra o impacto emocional dos *passeios para c\u00e3es* e fortale\u00e7a seu v\u00ednculo! Especialistas revelam como esses momentos influenciam no bem-estar canino.","robots":{"index":"index","follow":"follow","max-snippet":"max-snippet:-1","max-image-preview":"max-image-preview:large","max-video-preview":"max-video-preview:-1"},"canonical":"https:\/\/www.correiobraziliense.com.br\/cbradar\/o-que-seu-cao-sente-quando-voce-o-leva-para-passear-de-acordo-com-especialistas-em-comportamento-canino\/","og_locale":"pt_BR","og_type":"article","og_title":"O que seu c\u00e3o sente quando voc\u00ea o leva para passear, de acordo com especialistas em comportamento canino","og_description":"Descubra o impacto emocional dos *passeios para c\u00e3es* e fortale\u00e7a seu v\u00ednculo! Especialistas revelam como esses momentos influenciam no bem-estar canino.","og_url":"https:\/\/www.correiobraziliense.com.br\/cbradar\/o-que-seu-cao-sente-quando-voce-o-leva-para-passear-de-acordo-com-especialistas-em-comportamento-canino\/","og_site_name":"Correio Braziliense - Radar","article_published_time":"2025-11-08T15:35:00+00:00","og_image":[{"width":1280,"height":720,"url":"https:\/\/www.correiobraziliense.com.br\/cbradar\/wp-content\/uploads\/2025\/11\/mosaico_1762542206260.jpg","type":"image\/jpeg"}],"author":"Larissa Carvalho","twitter_card":"summary_large_image","twitter_misc":{"Escrito por":"Larissa Carvalho","Est. tempo de leitura":"3 minutos"},"schema":{"@context":"https:\/\/schema.org","@graph":[{"@type":"WebPage","@id":"https:\/\/www.correiobraziliense.com.br\/cbradar\/o-que-seu-cao-sente-quando-voce-o-leva-para-passear-de-acordo-com-especialistas-em-comportamento-canino\/","url":"https:\/\/www.correiobraziliense.com.br\/cbradar\/o-que-seu-cao-sente-quando-voce-o-leva-para-passear-de-acordo-com-especialistas-em-comportamento-canino\/","name":"O que seu c\u00e3o sente quando voc\u00ea o leva para passear, de acordo com especialistas em comportamento canino","isPartOf":{"@id":"https:\/\/www.correiobraziliense.com.br\/cbradar\/#website"},"primaryImageOfPage":{"@id":"https:\/\/www.correiobraziliense.com.br\/cbradar\/o-que-seu-cao-sente-quando-voce-o-leva-para-passear-de-acordo-com-especialistas-em-comportamento-canino\/#primaryimage"},"image":{"@id":"https:\/\/www.correiobraziliense.com.br\/cbradar\/o-que-seu-cao-sente-quando-voce-o-leva-para-passear-de-acordo-com-especialistas-em-comportamento-canino\/#primaryimage"},"thumbnailUrl":"https:\/\/www.correiobraziliense.com.br\/cbradar\/wp-content\/uploads\/2025\/11\/mosaico_1762542206260.jpg","datePublished":"2025-11-08T15:35:00+00:00","author":{"@id":"https:\/\/www.correiobraziliense.com.br\/cbradar\/#\/schema\/person\/58422787644df994b53a19d3e56c1513"},"description":"Descubra o impacto emocional dos *passeios para c\u00e3es* e fortale\u00e7a seu v\u00ednculo! Especialistas revelam como esses momentos influenciam no bem-estar canino.","breadcrumb":{"@id":"https:\/\/www.correiobraziliense.com.br\/cbradar\/o-que-seu-cao-sente-quando-voce-o-leva-para-passear-de-acordo-com-especialistas-em-comportamento-canino\/#breadcrumb"},"inLanguage":"pt-BR","potentialAction":[{"@type":"ReadAction","target":["https:\/\/www.correiobraziliense.com.br\/cbradar\/o-que-seu-cao-sente-quando-voce-o-leva-para-passear-de-acordo-com-especialistas-em-comportamento-canino\/"]}]},{"@type":"ImageObject","inLanguage":"pt-BR","@id":"https:\/\/www.correiobraziliense.com.br\/cbradar\/o-que-seu-cao-sente-quando-voce-o-leva-para-passear-de-acordo-com-especialistas-em-comportamento-canino\/#primaryimage","url":"https:\/\/www.correiobraziliense.com.br\/cbradar\/wp-content\/uploads\/2025\/11\/mosaico_1762542206260.jpg","contentUrl":"https:\/\/www.correiobraziliense.com.br\/cbradar\/wp-content\/uploads\/2025\/11\/mosaico_1762542206260.jpg","width":1280,"height":720,"caption":"Passear com seu c\u00e3o promove est\u00edmulo mental, ajudando-o a explorar cheiros, sons e ambientes variados. Cr\u00e9ditos: depositphotos.com \/ AndrewLozovyi e Cr\u00e9ditos: depositphotos.com \/ AndrewLozovyi"},{"@type":"BreadcrumbList","@id":"https:\/\/www.correiobraziliense.com.br\/cbradar\/o-que-seu-cao-sente-quando-voce-o-leva-para-passear-de-acordo-com-especialistas-em-comportamento-canino\/#breadcrumb","itemListElement":[{"@type":"ListItem","position":1,"name":"In\u00edcio","item":"https:\/\/www.correiobraziliense.com.br\/cbradar\/"},{"@type":"ListItem","position":2,"name":"O que seu c\u00e3o sente quando voc\u00ea o leva para passear, de acordo com especialistas em comportamento canino"}]},{"@type":"WebSite","@id":"https:\/\/www.correiobraziliense.com.br\/cbradar\/#website","url":"https:\/\/www.correiobraziliense.com.br\/cbradar\/","name":"Correio Braziliense - Radar","description":"Acompanhe as \u00faltimas not\u00edcias e fique bem informado sobre tudo o que acontece no Brasil e no mundo.","potentialAction":[{"@type":"SearchAction","target":{"@type":"EntryPoint","urlTemplate":"https:\/\/www.correiobraziliense.com.br\/cbradar\/?s={search_term_string}"},"query-input":{"@type":"PropertyValueSpecification","valueRequired":true,"valueName":"search_term_string"}}],"inLanguage":"pt-BR"},{"@type":"Person","@id":"https:\/\/www.correiobraziliense.com.br\/cbradar\/#\/schema\/person\/58422787644df994b53a19d3e56c1513","name":"Larissa Carvalho","image":{"@type":"ImageObject","inLanguage":"pt-BR","@id":"https:\/\/www.correiobraziliense.com.br\/cbradar\/#\/schema\/person\/image\/","url":"https:\/\/secure.gravatar.com\/avatar\/fe4f91a0de32b52a838d0d612abdc1aa?s=96&d=mm&r=g","contentUrl":"https:\/\/secure.gravatar.com\/avatar\/fe4f91a0de32b52a838d0d612abdc1aa?s=96&d=mm&r=g","caption":"Larissa Carvalho"},"url":"https:\/\/www.correiobraziliense.com.br\/cbradar\/author\/larissamyth\/"}]}},"_links":{"self":[{"href":"https:\/\/www.correiobraziliense.com.br\/cbradar\/wp-json\/wp\/v2\/posts\/133239","targetHints":{"allow":["GET"]}}],"collection":[{"href":"https:\/\/www.correiobraziliense.com.br\/cbradar\/wp-json\/wp\/v2\/posts"}],"about":[{"href":"https:\/\/www.correiobraziliense.com.br\/cbradar\/wp-json\/wp\/v2\/types\/post"}],"author":[{"embeddable":true,"href":"https:\/\/www.correiobraziliense.com.br\/cbradar\/wp-json\/wp\/v2\/users\/3"}],"replies":[{"embeddable":true,"href":"https:\/\/www.correiobraziliense.com.br\/cbradar\/wp-json\/wp\/v2\/comments?post=133239"}],"version-history":[{"count":2,"href":"https:\/\/www.correiobraziliense.com.br\/cbradar\/wp-json\/wp\/v2\/posts\/133239\/revisions"}],"predecessor-version":[{"id":133248,"href":"https:\/\/www.correiobraziliense.com.br\/cbradar\/wp-json\/wp\/v2\/posts\/133239\/revisions\/133248"}],"wp:featuredmedia":[{"embeddable":true,"href":"https:\/\/www.correiobraziliense.com.br\/cbradar\/wp-json\/wp\/v2\/media\/133242"}],"wp:attachment":[{"href":"https:\/\/www.correiobraziliense.com.br\/cbradar\/wp-json\/wp\/v2\/media?parent=133239"}],"wp:term":[{"taxonomy":"category","embeddable":true,"href":"https:\/\/www.correiobraziliense.com.br\/cbradar\/wp-json\/wp\/v2\/categories?post=133239"},{"taxonomy":"post_tag","embeddable":true,"href":"https:\/\/www.correiobraziliense.com.br\/cbradar\/wp-json\/wp\/v2\/post_tag?post=133239"}],"curies":[{"name":"wp","href":"https:\/\/api.w.org\/{rel}","templated":true}]}}