{"id":133336,"date":"2025-11-08T11:25:00","date_gmt":"2025-11-08T14:25:00","guid":{"rendered":"https:\/\/www.correiobraziliense.com.br\/cbradar\/?p=133336"},"modified":"2025-11-07T17:08:32","modified_gmt":"2025-11-07T20:08:32","slug":"estudo-revela-que-quanto-maior-a-caminhada-mais-beneficios-traz-para-sua-saude","status":"publish","type":"post","link":"https:\/\/www.correiobraziliense.com.br\/cbradar\/estudo-revela-que-quanto-maior-a-caminhada-mais-beneficios-traz-para-sua-saude\/","title":{"rendered":"Estudo revela que quanto maior a caminhada, mais benef\u00edcios traz para sua sa\u00fade"},"content":{"rendered":"\n<p>Um <strong><a href=\"https:\/\/www.acpjournals.org\/doi\/10.7326\/ANNALS-25-01547\" target=\"_blank\" rel=\"noreferrer noopener\">estudo recente<\/a><\/strong> analisou a rela\u00e7\u00e3o entre a dura\u00e7\u00e3o das caminhadas di\u00e1rias e a <strong>sa\u00fade cardiovascular<\/strong>. Os resultados indicam que caminhadas cont\u00ednuas podem trazer benef\u00edcios maiores ao cora\u00e7\u00e3o do que breves caminhadas espor\u00e1dicas, especialmente para pessoas que n\u00e3o atingem grandes volumes de passos diariamente.<\/p>\n\n\n\n<h2 class=\"wp-block-heading\">Benef\u00edcios das caminhadas cont\u00ednuas para o cora\u00e7\u00e3o<\/h2>\n\n\n\n<p>A <a href=\"https:\/\/www.memorialcare.org\/providers\/christopher-j-berg\" target=\"_blank\" rel=\"noreferrer noopener\">pesquisa acompanhou 33.560 participantes entre 40 e 79 anos que caminhavam menos de 8.000 passos por dia<\/a>, sem hist\u00f3rico pr\u00e9vio de doen\u00e7as cardiovasculares. Os dados mostraram que caminhadas de 10 a 15 minutos diariamente resultaram em risco significativamente menor de eventos como infartos e AVC.<\/p>\n\n\n\n<p>Entre aqueles com cerca de 5.000 passos di\u00e1rios, o risco caiu de 15% para 7% quando incorporaram caminhadas mais longas. Esse efeito foi ainda mais percept\u00edvel em idosos, grupos geralmente mais vulner\u00e1veis.<\/p>\n\n\n\n<figure class=\"wp-block-table\"><table class=\"has-fixed-layout\"><thead><tr><th>N\u00famero m\u00e9dio de passos\/dia<\/th><th>Dura\u00e7\u00e3o da caminhada ininterrupta<\/th><th>Redu\u00e7\u00e3o do risco cardiovascular<\/th><\/tr><\/thead><tbody><tr><td>~5.000 passos<\/td><td>Menos de 5 minutos<\/td><td>Risco mantido em 15%<\/td><\/tr><tr><td>~5.000 passos<\/td><td>10 a 15 minutos<\/td><td>Risco reduzido para 7%<\/td><\/tr><tr><td>At\u00e9 8.000 passos<\/td><td>Mais de 10 minutos<\/td><td>Risco ainda menor em idosos<\/td><\/tr><\/tbody><\/table><\/figure>\n\n\n\n<h2 class=\"wp-block-heading\">Por que caminhar por mais tempo faz bem \u00e0 sa\u00fade?<\/h2>\n\n\n\n<p>Caminhadas prolongadas oferecem \u00e0 <strong>frequ\u00eancia card\u00edaca<\/strong> e aos pulm\u00f5es um per\u00edodo de funcionamento otimizado, beneficiando o sistema cardiovascular. O exerc\u00edcio cont\u00ednuo melhora a circula\u00e7\u00e3o do sangue e o aproveitamento de oxig\u00eanio pelo corpo.<\/p>\n\n\n\n<p>De acordo com Emmanuel Stamatakis, um dos autores do estudo, o tempo maior de atividade em ritmo leve a moderado pode alcan\u00e7ar o equil\u00edbrio ideal entre volume e intensidade. Veja abaixo alguns pontos relacionados a esses benef\u00edcios:<\/p>\n\n\n\n<ul class=\"wp-block-list\">\n<li><strong>Melhora a capacidade cardiorrespirat\u00f3ria<\/strong><\/li>\n\n\n\n<li><strong>Reduz a press\u00e3o arterial<\/strong><\/li>\n\n\n\n<li><strong>Estimula a circula\u00e7\u00e3o<\/strong><\/li>\n\n\n\n<li><strong>Contribui para o controle de peso<\/strong><\/li>\n<\/ul>\n\n\n\n<p>Leia tamb\u00e9m: <a href=\"https:\/\/www.correiobraziliense.com.br\/cbradar\/um-fator-na-caminhada-pode-melhorar-a-saude-do-seu-coracao\/\" target=\"_blank\" rel=\"noreferrer noopener\">Um fator na caminhada pode melhorar a sa\u00fade do seu cora\u00e7\u00e3o<\/a><\/p>\n\n\n\n<h2 class=\"wp-block-heading\">Quanto tempo devo reservar para caminhadas?<\/h2>\n\n\n\n<p>Iniciar qualquer aumento no n\u00famero de passos \u00e9 positivo, principalmente para pessoas sedent\u00e1rias. O ideal, segundo o estudo, \u00e9 avan\u00e7ar para caminhadas ininterruptas de pelo menos 10 minutos, em ritmo acelerado, para obter mais benef\u00edcios.<\/p>\n\n\n\n<p>O cardiologista Christopher Berg ressalta que a inclus\u00e3o dessas caminhadas no cotidiano exige algum planejamento. Agendar caminhadas ap\u00f3s o trabalho ou durante intervalos pode facilitar a rotina de <strong>atividade f\u00edsica<\/strong> prolongada.<\/p>\n\n\n\n<figure class=\"wp-block-image size-large\"><img decoding=\"async\" width=\"1024\" height=\"576\" src=\"https:\/\/www.correiobraziliense.com.br\/cbradar\/wp-content\/uploads\/2025\/11\/relogio-exercicio-fisico_1762546094436-1024x576.jpg\" alt=\"Estudo revela que quanto maior a caminhada, mais benef\u00edcios traz para sua sa\u00fade\" class=\"wp-image-133342\" srcset=\"https:\/\/www.correiobraziliense.com.br\/cbradar\/wp-content\/uploads\/2025\/11\/relogio-exercicio-fisico_1762546094436-1024x576.jpg 1024w, https:\/\/www.correiobraziliense.com.br\/cbradar\/wp-content\/uploads\/2025\/11\/relogio-exercicio-fisico_1762546094436-300x169.jpg 300w, https:\/\/www.correiobraziliense.com.br\/cbradar\/wp-content\/uploads\/2025\/11\/relogio-exercicio-fisico_1762546094436-768x432.jpg 768w, https:\/\/www.correiobraziliense.com.br\/cbradar\/wp-content\/uploads\/2025\/11\/relogio-exercicio-fisico_1762546094436-750x422.jpg 750w, https:\/\/www.correiobraziliense.com.br\/cbradar\/wp-content\/uploads\/2025\/11\/relogio-exercicio-fisico_1762546094436-1140x641.jpg 1140w, https:\/\/www.correiobraziliense.com.br\/cbradar\/wp-content\/uploads\/2025\/11\/relogio-exercicio-fisico_1762546094436.jpg 1280w\" sizes=\"(max-width: 1024px) 100vw, 1024px\" \/><figcaption class=\"wp-element-caption\">Caminhar por pelo menos 20 minutos di\u00e1rios ajuda a fortalecer o cora\u00e7\u00e3o e reduz riscos de infarto e AVC. Cr\u00e9ditos: depositphotos.com \/ AllaSerebrina<\/figcaption><\/figure>\n\n\n\n<h2 class=\"wp-block-heading\">O que o estudo sinaliza sobre h\u00e1bitos saud\u00e1veis?<\/h2>\n\n\n\n<p>O estudo sugere uma associa\u00e7\u00e3o clara entre as caminhadas mais longas e menor risco de problemas cardiovasculares, mas n\u00e3o estabelece uma rela\u00e7\u00e3o causal direta. Por isso, \u00e9 importante adotar uma abordagem abrangente para a sa\u00fade.<\/p>\n\n\n\n<p>Al\u00e9m das caminhadas, uma alimenta\u00e7\u00e3o equilibrada e outras formas de atividade f\u00edsica tamb\u00e9m s\u00e3o recomendadas. Manter um <strong>estilo de vida ativo<\/strong> evita riscos e maximiza os benef\u00edcios para o cora\u00e7\u00e3o.<\/p>\n\n\n\n<blockquote class=\"tiktok-embed\" cite=\"https:\/\/www.tiktok.com\/@drdanieltales\/video\/7358488246029946118\" data-video-id=\"7358488246029946118\" style=\"max-width: 605px;min-width: 325px;\" > <section> <a target=\"_blank\" title=\"@drdanieltales\" href=\"https:\/\/www.tiktok.com\/@drdanieltales?refer=embed\">@drdanieltales<\/a> \ud83d\udeb6\u200d\u2642\ufe0f\u2728Transforme Sua Sa\u00fade com Apenas 30 Minutos por Dia!  \ud83e\udd29Voc\u00ea sabia que dedicar apenas 30 minutos di\u00e1rios \u00e0 caminhada pode revolucionar sua sa\u00fade? \ud83c\udf1f Descubra nesse v\u00eddeo de hoje as 4 mudan\u00e7as impressionantes que acontecer\u00e3o com voc\u00ea: 1\ufe0f\u20e3 Sa\u00fade Cardiovascular Melhorada: Caminhar n\u00e3o s\u00f3 fortalece seu cora\u00e7\u00e3o \ud83e\udec0, reduzindo o risco de doen\u00e7as card\u00edacas e derrames, como tamb\u00e9m ajuda a baixar a press\u00e3o arterial e o colesterol ruim. \ud83d\udc5f\ud83d\udc93 2\ufe0f\u20e3 Boost na Sa\u00fade Mental: Diga adeus ao estresse e \u00e0 ansiedade! A caminhada libera endorfinas, os \u201chorm\u00f4nios da felicidade\u201d, melhorando seu humor e combatendo a depress\u00e3o. \ud83c\udf08\ud83e\udde0 3\ufe0f\u20e3 Redu\u00e7\u00e3o de Gordura no F\u00edgado: Atrav\u00e9s da perda de peso e melhoria do metabolismo, caminhar regularmente ajuda a diminuir o ac\u00famulo de gordura no f\u00edgado, combatendo a esteatose hep\u00e1tica. \ud83c\udfc3\u200d\u2642\ufe0f\ud83c\udf43 4\ufe0f\u20e3 \u00c9 a melhor de todas!!! E est\u00e1 no final do v\u00eddeo \ud83d\ude09 \ud83d\udd14 Clique no bot\u00e3o seguir \u27a1\ufe0f @drdanieltales para n\u00e3o perder conte\u00fados di\u00e1rios que v\u00e3o enriquecer sua qualidade de vida! \ud83d\udcf2 N\u00e3o esque\u00e7a de curtir, comentar e compartilhar o v\u00eddeo com amigos e familiares que tamb\u00e9m podem beneficiar-se destas dicas valiosas. Juntos, podemos fazer uma comunidade mais saud\u00e1vel! \ud83c\udf0d\ud83d\udc9e <a title=\"sa\u00fade\" target=\"_blank\" href=\"https:\/\/www.tiktok.com\/tag\/sa%C3%BAde?refer=embed\">#Sa\u00fade<\/a> <a title=\"bemestar\" target=\"_blank\" href=\"https:\/\/www.tiktok.com\/tag\/bemestar?refer=embed\">#BemEstar<\/a> <a title=\"caminhada\" target=\"_blank\" href=\"https:\/\/www.tiktok.com\/tag\/caminhada?refer=embed\">#Caminhada<\/a> <a title=\"vidasaud\u00e1vel\" target=\"_blank\" href=\"https:\/\/www.tiktok.com\/tag\/vidasaud%C3%A1vel?refer=embed\">#VidaSaud\u00e1vel<\/a> <a title=\"medicina\" target=\"_blank\" href=\"https:\/\/www.tiktok.com\/tag\/medicina?refer=embed\">#Medicina<\/a> <a title=\"dicasdesa\u00fade\" target=\"_blank\" href=\"https:\/\/www.tiktok.com\/tag\/dicasdesa%C3%BAde?refer=embed\">#dicasdesa\u00fade<\/a> <a title=\"drdanieltales\" target=\"_blank\" href=\"https:\/\/www.tiktok.com\/tag\/drdanieltales?refer=embed\">#drdanieltales<\/a> <a title=\"saude\" target=\"_blank\" href=\"https:\/\/www.tiktok.com\/tag\/saude?refer=embed\">#Saude<\/a> <a target=\"_blank\" title=\"\u266c som original - DR DANIEL TALES\" href=\"https:\/\/www.tiktok.com\/music\/som-original-7358488270226950918?refer=embed\">\u266c som original &#8211; DR DANIEL TALES<\/a> <\/section> <\/blockquote> <script async src=\"https:\/\/www.tiktok.com\/embed.js\"><\/script>\n\n\n\n<h2 class=\"wp-block-heading\">Como posso incluir caminhadas cont\u00ednuas no meu dia a dia?<\/h2>\n\n\n\n<p>Come\u00e7ar com mudan\u00e7as pequenas e evoluir para caminhadas mais longas e r\u00e1pidas pode ser um caminho promissor para aprimorar a <strong>sa\u00fade cardiovascular<\/strong>. Planejamento facilita a integra\u00e7\u00e3o dessas atividades, tornando o exerc\u00edcio parte natural do cotidiano.<\/p>\n\n\n\n<p>Com pequenas adapta\u00e7\u00f5es na rotina e dedica\u00e7\u00e3o di\u00e1ria, \u00e9 poss\u00edvel alcan\u00e7ar melhorias significativas no bem-estar e proteger o cora\u00e7\u00e3o de forma sustent\u00e1vel.<\/p>\n","protected":false},"excerpt":{"rendered":"<p>Caminhadas de 10 a 15 minutos di\u00e1rios reduzem risco cardiovascular em 4%. Descubra por que intensificar sua rotina pode transformar sua sa\u00fade!<\/p>\n","protected":false},"author":3,"featured_media":133340,"comment_status":"open","ping_status":"open","sticky":false,"template":"","format":"standard","meta":{"_yoast_wpseo_focuskw":"caminhada benef\u00edcios","_yoast_wpseo_title":"%%title%%","_yoast_wpseo_metadesc":"Caminhadas de 10 a 15 minutos di\u00e1rios reduzem risco cardiovascular em 4%. Descubra por que intensificar sua rotina pode transformar sua sa\u00fade!","jnews-multi-image_gallery":[],"jnews_single_post":{"format":"standard"},"jnews_primary_category":[],"jnews_social_meta":[],"jnews_override_counter":[],"footnotes":""},"categories":[112],"tags":[2724,3559,144,1807,444,565],"class_list":["post-133336","post","type-post","status-publish","format-standard","has-post-thumbnail","hentry","category-curiosidades","tag-caminhada","tag-corpo-humano","tag-curiosidades","tag-exercicio","tag-exercicio-fisico","tag-saude"],"yoast_head":"<!-- This site is optimized with the Yoast SEO plugin v24.6 - https:\/\/yoast.com\/wordpress\/plugins\/seo\/ -->\n<title>Estudo revela que quanto maior a caminhada, mais benef\u00edcios traz para sua sa\u00fade<\/title>\n<meta name=\"description\" content=\"Caminhadas de 10 a 15 minutos di\u00e1rios reduzem risco cardiovascular em 4%. Descubra por que intensificar sua rotina pode transformar sua sa\u00fade!\" \/>\n<meta name=\"robots\" content=\"index, follow, max-snippet:-1, max-image-preview:large, max-video-preview:-1\" \/>\n<link rel=\"canonical\" href=\"https:\/\/www.correiobraziliense.com.br\/cbradar\/estudo-revela-que-quanto-maior-a-caminhada-mais-beneficios-traz-para-sua-saude\/\" \/>\n<meta property=\"og:locale\" content=\"pt_BR\" \/>\n<meta property=\"og:type\" content=\"article\" \/>\n<meta property=\"og:title\" content=\"Estudo revela que quanto maior a caminhada, mais benef\u00edcios traz para sua sa\u00fade\" \/>\n<meta property=\"og:description\" content=\"Caminhadas de 10 a 15 minutos di\u00e1rios reduzem risco cardiovascular em 4%. Descubra por que intensificar sua rotina pode transformar sua sa\u00fade!\" \/>\n<meta property=\"og:url\" content=\"https:\/\/www.correiobraziliense.com.br\/cbradar\/estudo-revela-que-quanto-maior-a-caminhada-mais-beneficios-traz-para-sua-saude\/\" \/>\n<meta property=\"og:site_name\" content=\"Correio Braziliense - Radar\" \/>\n<meta property=\"article:published_time\" content=\"2025-11-08T14:25:00+00:00\" \/>\n<meta property=\"og:image\" content=\"https:\/\/www.correiobraziliense.com.br\/cbradar\/wp-content\/uploads\/2025\/11\/mosaico_1762546006127.jpg\" \/>\n\t<meta property=\"og:image:width\" content=\"1280\" \/>\n\t<meta property=\"og:image:height\" content=\"720\" \/>\n\t<meta property=\"og:image:type\" content=\"image\/jpeg\" \/>\n<meta name=\"author\" content=\"Larissa Carvalho\" \/>\n<meta name=\"twitter:card\" content=\"summary_large_image\" \/>\n<meta name=\"twitter:label1\" content=\"Escrito por\" \/>\n\t<meta name=\"twitter:data1\" content=\"Larissa Carvalho\" \/>\n\t<meta name=\"twitter:label2\" content=\"Est. tempo de leitura\" \/>\n\t<meta name=\"twitter:data2\" content=\"4 minutos\" \/>\n<!-- \/ Yoast SEO plugin. -->","yoast_head_json":{"title":"Estudo revela que quanto maior a caminhada, mais benef\u00edcios traz para sua sa\u00fade","description":"Caminhadas de 10 a 15 minutos di\u00e1rios reduzem risco cardiovascular em 4%. Descubra por que intensificar sua rotina pode transformar sua sa\u00fade!","robots":{"index":"index","follow":"follow","max-snippet":"max-snippet:-1","max-image-preview":"max-image-preview:large","max-video-preview":"max-video-preview:-1"},"canonical":"https:\/\/www.correiobraziliense.com.br\/cbradar\/estudo-revela-que-quanto-maior-a-caminhada-mais-beneficios-traz-para-sua-saude\/","og_locale":"pt_BR","og_type":"article","og_title":"Estudo revela que quanto maior a caminhada, mais benef\u00edcios traz para sua sa\u00fade","og_description":"Caminhadas de 10 a 15 minutos di\u00e1rios reduzem risco cardiovascular em 4%. Descubra por que intensificar sua rotina pode transformar sua sa\u00fade!","og_url":"https:\/\/www.correiobraziliense.com.br\/cbradar\/estudo-revela-que-quanto-maior-a-caminhada-mais-beneficios-traz-para-sua-saude\/","og_site_name":"Correio Braziliense - Radar","article_published_time":"2025-11-08T14:25:00+00:00","og_image":[{"width":1280,"height":720,"url":"https:\/\/www.correiobraziliense.com.br\/cbradar\/wp-content\/uploads\/2025\/11\/mosaico_1762546006127.jpg","type":"image\/jpeg"}],"author":"Larissa Carvalho","twitter_card":"summary_large_image","twitter_misc":{"Escrito por":"Larissa Carvalho","Est. tempo de leitura":"4 minutos"},"schema":{"@context":"https:\/\/schema.org","@graph":[{"@type":"WebPage","@id":"https:\/\/www.correiobraziliense.com.br\/cbradar\/estudo-revela-que-quanto-maior-a-caminhada-mais-beneficios-traz-para-sua-saude\/","url":"https:\/\/www.correiobraziliense.com.br\/cbradar\/estudo-revela-que-quanto-maior-a-caminhada-mais-beneficios-traz-para-sua-saude\/","name":"Estudo revela que quanto maior a caminhada, mais benef\u00edcios traz para sua sa\u00fade","isPartOf":{"@id":"https:\/\/www.correiobraziliense.com.br\/cbradar\/#website"},"primaryImageOfPage":{"@id":"https:\/\/www.correiobraziliense.com.br\/cbradar\/estudo-revela-que-quanto-maior-a-caminhada-mais-beneficios-traz-para-sua-saude\/#primaryimage"},"image":{"@id":"https:\/\/www.correiobraziliense.com.br\/cbradar\/estudo-revela-que-quanto-maior-a-caminhada-mais-beneficios-traz-para-sua-saude\/#primaryimage"},"thumbnailUrl":"https:\/\/www.correiobraziliense.com.br\/cbradar\/wp-content\/uploads\/2025\/11\/mosaico_1762546006127.jpg","datePublished":"2025-11-08T14:25:00+00:00","author":{"@id":"https:\/\/www.correiobraziliense.com.br\/cbradar\/#\/schema\/person\/58422787644df994b53a19d3e56c1513"},"description":"Caminhadas de 10 a 15 minutos di\u00e1rios reduzem risco cardiovascular em 4%. Descubra por que intensificar sua rotina pode transformar sua sa\u00fade!","breadcrumb":{"@id":"https:\/\/www.correiobraziliense.com.br\/cbradar\/estudo-revela-que-quanto-maior-a-caminhada-mais-beneficios-traz-para-sua-saude\/#breadcrumb"},"inLanguage":"pt-BR","potentialAction":[{"@type":"ReadAction","target":["https:\/\/www.correiobraziliense.com.br\/cbradar\/estudo-revela-que-quanto-maior-a-caminhada-mais-beneficios-traz-para-sua-saude\/"]}]},{"@type":"ImageObject","inLanguage":"pt-BR","@id":"https:\/\/www.correiobraziliense.com.br\/cbradar\/estudo-revela-que-quanto-maior-a-caminhada-mais-beneficios-traz-para-sua-saude\/#primaryimage","url":"https:\/\/www.correiobraziliense.com.br\/cbradar\/wp-content\/uploads\/2025\/11\/mosaico_1762546006127.jpg","contentUrl":"https:\/\/www.correiobraziliense.com.br\/cbradar\/wp-content\/uploads\/2025\/11\/mosaico_1762546006127.jpg","width":1280,"height":720,"caption":"Para pessoas com baixa atividade f\u00edsica, estender o tempo di\u00e1rio de caminhada pode trazer ganhos expressivos na sa\u00fade do cora\u00e7\u00e3o. Cr\u00e9ditos: depositphotos.com \/ blasbike e Cr\u00e9ditos: depositphotos.com \/ VitalikRadko"},{"@type":"BreadcrumbList","@id":"https:\/\/www.correiobraziliense.com.br\/cbradar\/estudo-revela-que-quanto-maior-a-caminhada-mais-beneficios-traz-para-sua-saude\/#breadcrumb","itemListElement":[{"@type":"ListItem","position":1,"name":"In\u00edcio","item":"https:\/\/www.correiobraziliense.com.br\/cbradar\/"},{"@type":"ListItem","position":2,"name":"Estudo revela que quanto maior a caminhada, mais benef\u00edcios traz para sua sa\u00fade"}]},{"@type":"WebSite","@id":"https:\/\/www.correiobraziliense.com.br\/cbradar\/#website","url":"https:\/\/www.correiobraziliense.com.br\/cbradar\/","name":"Correio Braziliense - Radar","description":"Acompanhe as \u00faltimas not\u00edcias e fique bem informado sobre tudo o que acontece no Brasil e no mundo.","potentialAction":[{"@type":"SearchAction","target":{"@type":"EntryPoint","urlTemplate":"https:\/\/www.correiobraziliense.com.br\/cbradar\/?s={search_term_string}"},"query-input":{"@type":"PropertyValueSpecification","valueRequired":true,"valueName":"search_term_string"}}],"inLanguage":"pt-BR"},{"@type":"Person","@id":"https:\/\/www.correiobraziliense.com.br\/cbradar\/#\/schema\/person\/58422787644df994b53a19d3e56c1513","name":"Larissa Carvalho","image":{"@type":"ImageObject","inLanguage":"pt-BR","@id":"https:\/\/www.correiobraziliense.com.br\/cbradar\/#\/schema\/person\/image\/","url":"https:\/\/secure.gravatar.com\/avatar\/fe4f91a0de32b52a838d0d612abdc1aa?s=96&d=mm&r=g","contentUrl":"https:\/\/secure.gravatar.com\/avatar\/fe4f91a0de32b52a838d0d612abdc1aa?s=96&d=mm&r=g","caption":"Larissa Carvalho"},"url":"https:\/\/www.correiobraziliense.com.br\/cbradar\/author\/larissamyth\/"}]}},"_links":{"self":[{"href":"https:\/\/www.correiobraziliense.com.br\/cbradar\/wp-json\/wp\/v2\/posts\/133336","targetHints":{"allow":["GET"]}}],"collection":[{"href":"https:\/\/www.correiobraziliense.com.br\/cbradar\/wp-json\/wp\/v2\/posts"}],"about":[{"href":"https:\/\/www.correiobraziliense.com.br\/cbradar\/wp-json\/wp\/v2\/types\/post"}],"author":[{"embeddable":true,"href":"https:\/\/www.correiobraziliense.com.br\/cbradar\/wp-json\/wp\/v2\/users\/3"}],"replies":[{"embeddable":true,"href":"https:\/\/www.correiobraziliense.com.br\/cbradar\/wp-json\/wp\/v2\/comments?post=133336"}],"version-history":[{"count":2,"href":"https:\/\/www.correiobraziliense.com.br\/cbradar\/wp-json\/wp\/v2\/posts\/133336\/revisions"}],"predecessor-version":[{"id":133344,"href":"https:\/\/www.correiobraziliense.com.br\/cbradar\/wp-json\/wp\/v2\/posts\/133336\/revisions\/133344"}],"wp:featuredmedia":[{"embeddable":true,"href":"https:\/\/www.correiobraziliense.com.br\/cbradar\/wp-json\/wp\/v2\/media\/133340"}],"wp:attachment":[{"href":"https:\/\/www.correiobraziliense.com.br\/cbradar\/wp-json\/wp\/v2\/media?parent=133336"}],"wp:term":[{"taxonomy":"category","embeddable":true,"href":"https:\/\/www.correiobraziliense.com.br\/cbradar\/wp-json\/wp\/v2\/categories?post=133336"},{"taxonomy":"post_tag","embeddable":true,"href":"https:\/\/www.correiobraziliense.com.br\/cbradar\/wp-json\/wp\/v2\/tags?post=133336"}],"curies":[{"name":"wp","href":"https:\/\/api.w.org\/{rel}","templated":true}]}}