{"id":133398,"date":"2025-11-08T17:15:00","date_gmt":"2025-11-08T20:15:00","guid":{"rendered":"https:\/\/www.correiobraziliense.com.br\/cbradar\/?p=133398"},"modified":"2025-11-07T20:37:13","modified_gmt":"2025-11-07T23:37:13","slug":"esses-alimentos-transformam-corpo-energia-e-saude-da-pele","status":"publish","type":"post","link":"https:\/\/www.correiobraziliense.com.br\/cbradar\/esses-alimentos-transformam-corpo-energia-e-saude-da-pele\/","title":{"rendered":"Esses alimentos transformam corpo, energia e sa\u00fade da pele"},"content":{"rendered":"\n<p>Na busca por uma vida saud\u00e1vel e ativa, a alimenta\u00e7\u00e3o desempenha um papel crucial. Incorporar alimentos naturais e nutritivos na dieta pode n\u00e3o apenas aprimorar a recupera\u00e7\u00e3o muscular ap\u00f3s os <strong>Treinos<\/strong>, mas tamb\u00e9m melhorar a performance f\u00edsica e preservar a sa\u00fade da pele. Cada vez mais, atletas e pessoas que praticam atividades f\u00edsicas regularmente est\u00e3o se voltando para uma abordagem mais natural e equilibrada, reconhecendo os benef\u00edcios de uma dieta baseada em alimentos minimamente processados.<\/p>\n\n\n\n<p>Optar por alimentos naturais ricos em nutrientes essenciais pode fazer toda a diferen\u00e7a na busca por resultados vis\u00edveis e duradouros. Esses alimentos s\u00e3o absorvidos de maneira mais eficiente pelo organismo, o que contribui para uma recupera\u00e7\u00e3o r\u00e1pida ap\u00f3s Treinos intensos, manuten\u00e7\u00e3o da massa muscular e fortalecimento do sistema imunol\u00f3gico. Al\u00e9m disso, uma dieta natural e equilibrada promove a <a href=\"https:\/\/www.correiobraziliense.com.br\/cbradar\/diego-wildberger-psicoterapeuta-o-trauma-invisivel-que-ainda-pode-controlar-sua-vida\/\" target=\"_blank\" rel=\"noreferrer noopener\">sa\u00fade <\/a>da pele, j\u00e1 que alimentos frescos e sem conservantes ajudam a reduzir inflama\u00e7\u00f5es e retardar o envelhecimento precoce.<\/p>\n\n\n\n<h2 class=\"wp-block-heading\">Por que alimentos naturais s\u00e3o ideais para potencializar Treinos?<\/h2>\n\n\n\n<p>A escolha por alimentos naturais se traduz em priorizar nutrientes essenciais que o corpo assimila eficientemente. Esses alimentos s\u00e3o fundamentais para quem busca n\u00e3o apenas melhorar o desempenho f\u00edsico, mas tamb\u00e9m garantir uma recupera\u00e7\u00e3o muscular r\u00e1pida e eficaz. Ao alimentar-se com produtos n\u00e3o processados, garante-se a ingest\u00e3o optimizada de vitaminas, minerais e antioxidantes, elementos cruciais para manter a performance e a sa\u00fade em alta.<\/p>\n\n\n\n<h2 class=\"wp-block-heading\">Que alimentos naturais auxiliam na recupera\u00e7\u00e3o muscular e na sa\u00fade da pele?<\/h2>\n\n\n\n<ul class=\"wp-block-list\">\n<li><strong>Frutas vermelhas:<\/strong>\u00a0Morangos, mirtilos e framboesas s\u00e3o ricos em antioxidantes como vitamina C e flavonoides. Eles ajudam a combater radicais livres, acelerando a recupera\u00e7\u00e3o muscular e preservando a juventude da pele.<\/li>\n\n\n\n<li><strong>Peixes ricos em \u00f4mega-3:<\/strong>\u00a0Salm\u00e3o, sardinha e cavala s\u00e3o \u00f3timas fontes de \u00f4mega-3, que possui propriedades anti-inflamat\u00f3rias, auxiliando na recupera\u00e7\u00e3o muscular e mantendo a pele hidratada e protegida.<\/li>\n\n\n\n<li><strong>Castanhas e sementes:<\/strong>\u00a0Am\u00eandoas, nozes e sementes de chia ou linha\u00e7a oferecem gorduras saud\u00e1veis, prote\u00ednas e minerais essenciais para a recupera\u00e7\u00e3o muscular e a sa\u00fade cut\u00e2nea.<\/li>\n\n\n\n<li><strong>Vegetais verdes escuros:<\/strong>\u00a0Espinafre, couve e br\u00f3colis s\u00e3o ricos em vitamina C, ferro e antioxidantes, que contribuem para a regenera\u00e7\u00e3o muscular e deixam a pele mais luminosa.<\/li>\n\n\n\n<li><strong>Hidrata\u00e7\u00e3o:<\/strong>\u00a0Al\u00e9m da ingest\u00e3o de \u00e1gua, consuma \u00e1gua de coco e alimentos como pepino e melancia, que s\u00e3o ricos em \u00e1gua e ajudam a manter o corpo e a pele hidratados.<\/li>\n<\/ul>\n\n\n<div class=\"wp-block-image\">\n<figure class=\"aligncenter size-large\"><img decoding=\"async\" width=\"1024\" height=\"576\" src=\"https:\/\/www.correiobraziliense.com.br\/cbradar\/wp-content\/uploads\/2025\/08\/peixes_1755989967888-1024x576.jpg\" alt=\"\" class=\"wp-image-91922\" srcset=\"https:\/\/www.correiobraziliense.com.br\/cbradar\/wp-content\/uploads\/2025\/08\/peixes_1755989967888-1024x576.jpg 1024w, https:\/\/www.correiobraziliense.com.br\/cbradar\/wp-content\/uploads\/2025\/08\/peixes_1755989967888-300x169.jpg 300w, https:\/\/www.correiobraziliense.com.br\/cbradar\/wp-content\/uploads\/2025\/08\/peixes_1755989967888-768x432.jpg 768w, https:\/\/www.correiobraziliense.com.br\/cbradar\/wp-content\/uploads\/2025\/08\/peixes_1755989967888-750x422.jpg 750w, https:\/\/www.correiobraziliense.com.br\/cbradar\/wp-content\/uploads\/2025\/08\/peixes_1755989967888-1140x641.jpg 1140w, https:\/\/www.correiobraziliense.com.br\/cbradar\/wp-content\/uploads\/2025\/08\/peixes_1755989967888.jpg 1280w\" sizes=\"(max-width: 1024px) 100vw, 1024px\" \/><figcaption class=\"wp-element-caption\">Peixes &#8211; Cr\u00e9ditos: depositphotos.com \/ VadimVasenin<\/figcaption><\/figure><\/div>\n\n\n<h2 class=\"wp-block-heading\">Como garantir uma dieta balanceada e eficaz?<\/h2>\n\n\n\n<p>Para alcan\u00e7ar resultados desejados e manter um estilo de vida saud\u00e1vel, \u00e9 imprescind\u00edvel adotar uma dieta balanceada que inclua uma variedade de alimentos naturais. Esses alimentos fornecem ao corpo os nutrientes necess\u00e1rios para n\u00e3o apenas promover o desempenho f\u00edsico, mas tamb\u00e9m assegurar uma apar\u00eancia saud\u00e1vel e radiante. Incorporar h\u00e1bitos alimentares que privilegiem ingredientes frescos e livres de conservantes \u00e9 um passo importante para obter mais energia, vitalidade e bem-estar.<\/p>\n\n\n\n<p>A alimenta\u00e7\u00e3o limpa, focada em produtos naturais e nutritivos, se destaca como uma tend\u00eancia cada vez mais relevante para quem busca um equil\u00edbrio entre sa\u00fade f\u00edsica e est\u00e9tica. Investir em uma dieta rica em alimentos frescos proporciona uma fonte eficiente de nutrientes essenciais, favorecendo a recupera\u00e7\u00e3o muscular, a vitalidade e a manuten\u00e7\u00e3o da beleza da pele.<\/p>\n\n\n<a href=\"https:\/\/www.instagram.com\/dra.annaluisabf\/\" target=\"_blank\" rel=\"noopener\" style=\"text-decoration: none; color: inherit;\">\n    <span style=\"display: inline-block; border: 1px solid #ccc; border-radius: 10px; padding: 15px; max-width: 550px; font-family: sans-serif; box-shadow: 0 2px 5px rgba(0,0,0,0.1); width: 100%;\">\n\n      <!-- T\u00edtulo -->\n      <span style=\"display: block; margin: 0 0 15px 0; font-weight: bold; color: #2c3e50; text-align: center;\">\n        Entre em contato:\n      <\/span>\n\n      <!-- Linha do perfil -->\n      <span style=\"display: flex; align-items: center; gap: 15px;\">\n        <img decoding=\"async\"\n          src=\"https:\/\/www.correiobraziliense.com.br\/cbradar\/wp-content\/uploads\/2025\/08\/dra_anna_luisa.jpeg\"\n          alt=\"Foto da Dra. Anna Lu\u00edsa\"\n          style=\"border-radius: 50%; width: 80px; height: 80px; object-fit: cover;\"\n        \/>\n        <span style=\"display: flex; flex-direction: column;\">\n          <span style=\"font-size: 18px; font-weight: 700; color: #2c3e50;\">Dra. Anna Lu\u00edsa Barbosa Fernandes<\/span>\n          <span style=\"color: #555;\">CRM-GO 33.271<\/span>\n        <\/span>\n      <\/span>\n\n      <!-- Redes -->\n      <span style=\"display: flex; align-items: center; gap: 10px; margin-top: 12px;\">\n        <img decoding=\"async\" src=\"https:\/\/cdn-icons-png.flaticon.com\/24\/1384\/1384063.png\" alt=\"Instagram\" width=\"24\" height=\"24\" \/>\n        <span style=\"text-decoration: underline; color: #2c3e50;\">@dra.annaluisabf<\/span>\n      <\/span>\n\n    <\/span>\n  <\/a>","protected":false},"excerpt":{"rendered":"<p>Na busca por uma vida saud\u00e1vel e ativa, a alimenta\u00e7\u00e3o desempenha um papel crucial. Incorporar alimentos naturais e nutritivos na dieta pode n\u00e3o apenas aprimorar a recupera\u00e7\u00e3o muscular ap\u00f3s os Treinos, mas tamb\u00e9m melhorar a performance f\u00edsica e preservar a sa\u00fade da pele. Cada vez mais, atletas e pessoas que praticam atividades f\u00edsicas regularmente est\u00e3o [&hellip;]<\/p>\n","protected":false},"author":14,"featured_media":52641,"comment_status":"open","ping_status":"open","sticky":false,"template":"","format":"standard","meta":{"_yoast_wpseo_focuskw":"Treinos","_yoast_wpseo_title":"","_yoast_wpseo_metadesc":"Veja como a alimenta\u00e7\u00e3o natural aumenta a performance f\u00edsica, fortalece os m\u00fasculos e deixa a pele mais saud\u00e1vel.","jnews-multi-image_gallery":[],"jnews_single_post":{"format":"standard"},"jnews_primary_category":[],"jnews_social_meta":[],"jnews_override_counter":[],"footnotes":""},"categories":[4404],"post_tag":[281,1423,120,1318],"class_list":["post-133398","post","type-post","status-publish","format-standard","has-post-thumbnail","hentry","category-saude","tag-alimentacao","tag-alimentos","tag-bem-estar","tag-saude-2"],"yoast_head":"<!-- This site is optimized with the Yoast SEO plugin v24.6 - https:\/\/yoast.com\/wordpress\/plugins\/seo\/ -->\n<title>Esses alimentos transformam corpo, energia e sa\u00fade da pele - Correio Braziliense - Radar<\/title>\n<meta name=\"description\" content=\"Veja como a alimenta\u00e7\u00e3o natural aumenta a performance f\u00edsica, fortalece os m\u00fasculos e deixa a pele mais saud\u00e1vel.\" \/>\n<meta name=\"robots\" content=\"index, follow, max-snippet:-1, max-image-preview:large, max-video-preview:-1\" \/>\n<link rel=\"canonical\" href=\"https:\/\/www.correiobraziliense.com.br\/cbradar\/esses-alimentos-transformam-corpo-energia-e-saude-da-pele\/\" \/>\n<meta property=\"og:locale\" content=\"pt_BR\" \/>\n<meta property=\"og:type\" content=\"article\" \/>\n<meta property=\"og:title\" content=\"Esses alimentos transformam corpo, energia e sa\u00fade da pele - Correio Braziliense - Radar\" \/>\n<meta property=\"og:description\" content=\"Veja como a alimenta\u00e7\u00e3o natural aumenta a performance f\u00edsica, fortalece os m\u00fasculos e deixa a pele mais saud\u00e1vel.\" \/>\n<meta property=\"og:url\" content=\"https:\/\/www.correiobraziliense.com.br\/cbradar\/esses-alimentos-transformam-corpo-energia-e-saude-da-pele\/\" \/>\n<meta property=\"og:site_name\" content=\"Correio Braziliense - Radar\" \/>\n<meta property=\"article:published_time\" content=\"2025-11-08T20:15:00+00:00\" \/>\n<meta property=\"og:image\" content=\"https:\/\/www.correiobraziliense.com.br\/cbradar\/wp-content\/uploads\/2025\/06\/saude-mental_1749823871855.jpg\" \/>\n\t<meta property=\"og:image:width\" content=\"1280\" \/>\n\t<meta property=\"og:image:height\" content=\"720\" \/>\n\t<meta property=\"og:image:type\" content=\"image\/jpeg\" \/>\n<meta name=\"author\" content=\"guilherme_saude\" \/>\n<meta name=\"twitter:card\" content=\"summary_large_image\" \/>\n<meta name=\"twitter:label1\" content=\"Escrito por\" \/>\n\t<meta name=\"twitter:data1\" content=\"guilherme_saude\" \/>\n\t<meta name=\"twitter:label2\" content=\"Est. tempo de leitura\" \/>\n\t<meta name=\"twitter:data2\" content=\"4 minutos\" \/>\n<!-- \/ Yoast SEO plugin. -->","yoast_head_json":{"title":"Esses alimentos transformam corpo, energia e sa\u00fade da pele - Correio Braziliense - Radar","description":"Veja como a alimenta\u00e7\u00e3o natural aumenta a performance f\u00edsica, fortalece os m\u00fasculos e deixa a pele mais saud\u00e1vel.","robots":{"index":"index","follow":"follow","max-snippet":"max-snippet:-1","max-image-preview":"max-image-preview:large","max-video-preview":"max-video-preview:-1"},"canonical":"https:\/\/www.correiobraziliense.com.br\/cbradar\/esses-alimentos-transformam-corpo-energia-e-saude-da-pele\/","og_locale":"pt_BR","og_type":"article","og_title":"Esses alimentos transformam corpo, energia e sa\u00fade da pele - Correio Braziliense - Radar","og_description":"Veja como a alimenta\u00e7\u00e3o natural aumenta a performance f\u00edsica, fortalece os m\u00fasculos e deixa a pele mais saud\u00e1vel.","og_url":"https:\/\/www.correiobraziliense.com.br\/cbradar\/esses-alimentos-transformam-corpo-energia-e-saude-da-pele\/","og_site_name":"Correio Braziliense - Radar","article_published_time":"2025-11-08T20:15:00+00:00","og_image":[{"width":1280,"height":720,"url":"https:\/\/www.correiobraziliense.com.br\/cbradar\/wp-content\/uploads\/2025\/06\/saude-mental_1749823871855.jpg","type":"image\/jpeg"}],"author":"guilherme_saude","twitter_card":"summary_large_image","twitter_misc":{"Escrito por":"guilherme_saude","Est. tempo de leitura":"4 minutos"},"schema":{"@context":"https:\/\/schema.org","@graph":[{"@type":"WebPage","@id":"https:\/\/www.correiobraziliense.com.br\/cbradar\/esses-alimentos-transformam-corpo-energia-e-saude-da-pele\/","url":"https:\/\/www.correiobraziliense.com.br\/cbradar\/esses-alimentos-transformam-corpo-energia-e-saude-da-pele\/","name":"Esses alimentos transformam corpo, energia e sa\u00fade da pele - Correio Braziliense - Radar","isPartOf":{"@id":"https:\/\/www.correiobraziliense.com.br\/cbradar\/#website"},"primaryImageOfPage":{"@id":"https:\/\/www.correiobraziliense.com.br\/cbradar\/esses-alimentos-transformam-corpo-energia-e-saude-da-pele\/#primaryimage"},"image":{"@id":"https:\/\/www.correiobraziliense.com.br\/cbradar\/esses-alimentos-transformam-corpo-energia-e-saude-da-pele\/#primaryimage"},"thumbnailUrl":"https:\/\/www.correiobraziliense.com.br\/cbradar\/wp-content\/uploads\/2025\/06\/saude-mental_1749823871855.jpg","datePublished":"2025-11-08T20:15:00+00:00","author":{"@id":"https:\/\/www.correiobraziliense.com.br\/cbradar\/#\/schema\/person\/5aa4bf3c8fa699c267933611de12978b"},"description":"Veja como a alimenta\u00e7\u00e3o natural aumenta a performance f\u00edsica, fortalece os m\u00fasculos e deixa a pele mais saud\u00e1vel.","breadcrumb":{"@id":"https:\/\/www.correiobraziliense.com.br\/cbradar\/esses-alimentos-transformam-corpo-energia-e-saude-da-pele\/#breadcrumb"},"inLanguage":"pt-BR","potentialAction":[{"@type":"ReadAction","target":["https:\/\/www.correiobraziliense.com.br\/cbradar\/esses-alimentos-transformam-corpo-energia-e-saude-da-pele\/"]}]},{"@type":"ImageObject","inLanguage":"pt-BR","@id":"https:\/\/www.correiobraziliense.com.br\/cbradar\/esses-alimentos-transformam-corpo-energia-e-saude-da-pele\/#primaryimage","url":"https:\/\/www.correiobraziliense.com.br\/cbradar\/wp-content\/uploads\/2025\/06\/saude-mental_1749823871855.jpg","contentUrl":"https:\/\/www.correiobraziliense.com.br\/cbradar\/wp-content\/uploads\/2025\/06\/saude-mental_1749823871855.jpg","width":1280,"height":720,"caption":"Sa\u00fade - Cr\u00e9ditos: depositphotos.com \/ EpicStockMedia"},{"@type":"BreadcrumbList","@id":"https:\/\/www.correiobraziliense.com.br\/cbradar\/esses-alimentos-transformam-corpo-energia-e-saude-da-pele\/#breadcrumb","itemListElement":[{"@type":"ListItem","position":1,"name":"In\u00edcio","item":"https:\/\/www.correiobraziliense.com.br\/cbradar\/"},{"@type":"ListItem","position":2,"name":"Esses alimentos transformam corpo, energia e sa\u00fade da pele"}]},{"@type":"WebSite","@id":"https:\/\/www.correiobraziliense.com.br\/cbradar\/#website","url":"https:\/\/www.correiobraziliense.com.br\/cbradar\/","name":"Correio Braziliense - Radar","description":"Acompanhe as \u00faltimas not\u00edcias e fique bem informado sobre tudo o que acontece no Brasil e no mundo.","potentialAction":[{"@type":"SearchAction","target":{"@type":"EntryPoint","urlTemplate":"https:\/\/www.correiobraziliense.com.br\/cbradar\/?s={search_term_string}"},"query-input":{"@type":"PropertyValueSpecification","valueRequired":true,"valueName":"search_term_string"}}],"inLanguage":"pt-BR"},{"@type":"Person","@id":"https:\/\/www.correiobraziliense.com.br\/cbradar\/#\/schema\/person\/5aa4bf3c8fa699c267933611de12978b","name":"guilherme_saude","image":{"@type":"ImageObject","inLanguage":"pt-BR","@id":"https:\/\/www.correiobraziliense.com.br\/cbradar\/#\/schema\/person\/image\/","url":"https:\/\/secure.gravatar.com\/avatar\/df9adfb835d344bc0af109d41756253f?s=96&d=mm&r=g","contentUrl":"https:\/\/secure.gravatar.com\/avatar\/df9adfb835d344bc0af109d41756253f?s=96&d=mm&r=g","caption":"guilherme_saude"},"url":"https:\/\/www.correiobraziliense.com.br\/cbradar\/author\/guilherme_saude\/"}]}},"_links":{"self":[{"href":"https:\/\/www.correiobraziliense.com.br\/cbradar\/wp-json\/wp\/v2\/posts\/133398","targetHints":{"allow":["GET"]}}],"collection":[{"href":"https:\/\/www.correiobraziliense.com.br\/cbradar\/wp-json\/wp\/v2\/posts"}],"about":[{"href":"https:\/\/www.correiobraziliense.com.br\/cbradar\/wp-json\/wp\/v2\/types\/post"}],"author":[{"embeddable":true,"href":"https:\/\/www.correiobraziliense.com.br\/cbradar\/wp-json\/wp\/v2\/users\/14"}],"replies":[{"embeddable":true,"href":"https:\/\/www.correiobraziliense.com.br\/cbradar\/wp-json\/wp\/v2\/comments?post=133398"}],"version-history":[{"count":1,"href":"https:\/\/www.correiobraziliense.com.br\/cbradar\/wp-json\/wp\/v2\/posts\/133398\/revisions"}],"predecessor-version":[{"id":133400,"href":"https:\/\/www.correiobraziliense.com.br\/cbradar\/wp-json\/wp\/v2\/posts\/133398\/revisions\/133400"}],"wp:featuredmedia":[{"embeddable":true,"href":"https:\/\/www.correiobraziliense.com.br\/cbradar\/wp-json\/wp\/v2\/media\/52641"}],"wp:attachment":[{"href":"https:\/\/www.correiobraziliense.com.br\/cbradar\/wp-json\/wp\/v2\/media?parent=133398"}],"wp:term":[{"taxonomy":"category","embeddable":true,"href":"https:\/\/www.correiobraziliense.com.br\/cbradar\/wp-json\/wp\/v2\/categories?post=133398"},{"taxonomy":"post_tag","embeddable":true,"href":"https:\/\/www.correiobraziliense.com.br\/cbradar\/wp-json\/wp\/v2\/post_tag?post=133398"}],"curies":[{"name":"wp","href":"https:\/\/api.w.org\/{rel}","templated":true}]}}