{"id":133415,"date":"2025-11-09T07:45:00","date_gmt":"2025-11-09T10:45:00","guid":{"rendered":"https:\/\/www.correiobraziliense.com.br\/cbradar\/?p=133415"},"modified":"2025-11-07T20:58:37","modified_gmt":"2025-11-07T23:58:37","slug":"os-beneficios-da-maca-que-voce-precisa-conhecer-hoje","status":"publish","type":"post","link":"https:\/\/www.correiobraziliense.com.br\/cbradar\/os-beneficios-da-maca-que-voce-precisa-conhecer-hoje\/","title":{"rendered":"Os benef\u00edcios da ma\u00e7\u00e3 que voc\u00ea precisa conhecer hoje"},"content":{"rendered":"\n<p>A <strong>Ma\u00e7\u00e3 <\/strong>\u00e9 uma das frutas mais consumidas no mundo, marcando presen\u00e7a nas mesas brasileiras diariamente. Sua popularidade n\u00e3o \u00e9 por acaso; al\u00e9m de saborosa, ela \u00e9 f\u00e1cil de incluir no card\u00e1pio di\u00e1rio e traz diversos benef\u00edcios para a sa\u00fade. Rica em nutrientes, a Ma\u00e7\u00e3 auxilia na manuten\u00e7\u00e3o de uma alimenta\u00e7\u00e3o equilibrada, sendo uma aliada do bem-estar e promovendo o bom funcionamento do organismo.<\/p>\n\n\n\n<p>Rica em fibras e antioxidantes, a Ma\u00e7\u00e3 contribui significativamente para a sa\u00fade intestinal, ajudando no controle do colesterol e da glicemia. Ao longo do tempo, a fruta se consolidou como uma op\u00e7\u00e3o saud\u00e1vel para qualquer hora do dia, e sua capacidade de adapta\u00e7\u00e3o aos mais diversos pratos a torna ainda mais especial. A variedade de tipos dispon\u00edveis permite explorar diferentes aromas, texturas e sabores, o que facilita sua integra\u00e7\u00e3o tanto em prepara\u00e7\u00f5es doces quanto salgadas.<\/p>\n\n\n\n<h2 class=\"wp-block-heading\">Quais s\u00e3o os diferentes tipos de ma\u00e7\u00e3s?<\/h2>\n\n\n\n<p>Existem v\u00e1rias variedades de ma\u00e7\u00e3s, cada uma com caracter\u00edsticas \u00fanicas que influenciam seu uso culin\u00e1rio. A Ma\u00e7\u00e3 Fuji, por exemplo, \u00e9 origin\u00e1ria do Jap\u00e3o e bastante popular no Brasil. Ela se destaca por seu sabor doce e levemente \u00e1cido, com uma polpa firme e crocante. Essa variedade \u00e9 ideal para ser consumida in natura ou em saladas e sobremesas frias. Sua <a href=\"https:\/\/www.correiobraziliense.com.br\/cbradar\/diego-wildberger-psicoterapeuta-o-trauma-invisivel-que-ainda-pode-controlar-sua-vida\/\" target=\"_blank\" rel=\"noreferrer noopener\">do\u00e7ura <\/a>equilibrada tamb\u00e9m combina perfeitamente com queijos leves e carnes brancas.<\/p>\n\n\n<div class=\"wp-block-image\">\n<figure class=\"aligncenter size-large\"><img decoding=\"async\" width=\"1024\" height=\"576\" src=\"https:\/\/www.correiobraziliense.com.br\/cbradar\/wp-content\/uploads\/2025\/11\/Maca-_1762559692452-1024x576.jpg\" alt=\"\" class=\"wp-image-133416\" srcset=\"https:\/\/www.correiobraziliense.com.br\/cbradar\/wp-content\/uploads\/2025\/11\/Maca-_1762559692452-1024x576.jpg 1024w, https:\/\/www.correiobraziliense.com.br\/cbradar\/wp-content\/uploads\/2025\/11\/Maca-_1762559692452-300x169.jpg 300w, https:\/\/www.correiobraziliense.com.br\/cbradar\/wp-content\/uploads\/2025\/11\/Maca-_1762559692452-768x432.jpg 768w, https:\/\/www.correiobraziliense.com.br\/cbradar\/wp-content\/uploads\/2025\/11\/Maca-_1762559692452-750x422.jpg 750w, https:\/\/www.correiobraziliense.com.br\/cbradar\/wp-content\/uploads\/2025\/11\/Maca-_1762559692452-1140x641.jpg 1140w, https:\/\/www.correiobraziliense.com.br\/cbradar\/wp-content\/uploads\/2025\/11\/Maca-_1762559692452.jpg 1280w\" sizes=\"(max-width: 1024px) 100vw, 1024px\" \/><figcaption class=\"wp-element-caption\">Ma\u00e7\u00e3 &#8211; Cr\u00e9ditos: depositphotos.com \/ baibaz<\/figcaption><\/figure><\/div>\n\n\n<p>Outra variedade apreciada \u00e9 a Ma\u00e7\u00e3 Gala, conhecida por seu sabor suave e aroma delicado. Sua polpa macia a torna perfeita para sucos, compotas e sobremesas assadas, mantendo seu sabor mesmo ap\u00f3s o cozimento. Ela vai bem com ingredientes como canela e mel, al\u00e9m de sobremesas \u00e0 base de creme.<\/p>\n\n\n\n<h2 class=\"wp-block-heading\">Para que serve a Ma\u00e7\u00e3-verde?<\/h2>\n\n\n\n<p>A ma\u00e7\u00e3-verde, tamb\u00e9m chamada de Granny Smith, \u00e9 reconhecida por sua acidez e polpa crocante. Essa variedade \u00e9 particularmente excelente em receitas que requerem um contraste de sabores, se encaixando bem em saladas, chutneys e acompanhamentos de carnes su\u00ednas. Sua natureza \u00e1cida permite uma experi\u00eancia gastron\u00f4mica diferenciada que destaca os outros ingredientes do prato.<\/p>\n\n\n\n<h2 class=\"wp-block-heading\">Como usar a Ma\u00e7\u00e3 argentina nas receitas?<\/h2>\n\n\n\n<p>Conhecida por seu formato alongado e cor atraente, a Ma\u00e7\u00e3 argentina, ou Red Delicious, possui um sabor adocicado e textura macia, o que a torna ideal para sucos naturais e sobremesas frias. Al\u00e9m disso, ela harmoniza bem com queijos curados e sobremesas que levam chocolate, ampliando suas possibilidades de uso na culin\u00e1ria.<\/p>\n\n\n\n<p>Por fim, destaca-se a produ\u00e7\u00e3o nacional da Ma\u00e7\u00e3 no Brasil, que oferece uma fruta com sabor equilibrado e aroma marcante. Essa variedade \u00e9 vers\u00e1til o suficiente para o consumo di\u00e1rio, seja pura, em vitaminas, ou at\u00e9 mesmo em pratos salgados como salpic\u00e3o e carnes grelhadas, refor\u00e7ando sua import\u00e2ncia na dieta brasileira.<\/p>\n\n\n<a href=\"https:\/\/www.instagram.com\/dra.annaluisabf\/\" target=\"_blank\" rel=\"noopener\" style=\"text-decoration: none; color: inherit;\">\n    <span style=\"display: inline-block; border: 1px solid #ccc; border-radius: 10px; padding: 15px; max-width: 550px; font-family: sans-serif; box-shadow: 0 2px 5px rgba(0,0,0,0.1); width: 100%;\">\n\n      <!-- T\u00edtulo -->\n      <span style=\"display: block; margin: 0 0 15px 0; font-weight: bold; color: #2c3e50; text-align: center;\">\n        Entre em contato:\n      <\/span>\n\n      <!-- Linha do perfil -->\n      <span style=\"display: flex; align-items: center; gap: 15px;\">\n        <img decoding=\"async\"\n          src=\"https:\/\/www.correiobraziliense.com.br\/cbradar\/wp-content\/uploads\/2025\/08\/dra_anna_luisa.jpeg\"\n          alt=\"Foto da Dra. Anna Lu\u00edsa\"\n          style=\"border-radius: 50%; width: 80px; height: 80px; object-fit: cover;\"\n        \/>\n        <span style=\"display: flex; flex-direction: column;\">\n          <span style=\"font-size: 18px; font-weight: 700; color: #2c3e50;\">Dra. Anna Lu\u00edsa Barbosa Fernandes<\/span>\n          <span style=\"color: #555;\">CRM-GO 33.271<\/span>\n        <\/span>\n      <\/span>\n\n      <!-- Redes -->\n      <span style=\"display: flex; align-items: center; gap: 10px; margin-top: 12px;\">\n        <img decoding=\"async\" src=\"https:\/\/cdn-icons-png.flaticon.com\/24\/1384\/1384063.png\" alt=\"Instagram\" width=\"24\" height=\"24\" \/>\n        <span style=\"text-decoration: underline; color: #2c3e50;\">@dra.annaluisabf<\/span>\n      <\/span>\n\n    <\/span>\n  <\/a>","protected":false},"excerpt":{"rendered":"<p>A Ma\u00e7\u00e3 \u00e9 uma das frutas mais consumidas no mundo, marcando presen\u00e7a nas mesas brasileiras diariamente. Sua popularidade n\u00e3o \u00e9 por acaso; al\u00e9m de saborosa, ela \u00e9 f\u00e1cil de incluir no card\u00e1pio di\u00e1rio e traz diversos benef\u00edcios para a sa\u00fade. Rica em nutrientes, a Ma\u00e7\u00e3 auxilia na manuten\u00e7\u00e3o de uma alimenta\u00e7\u00e3o equilibrada, sendo uma aliada [&hellip;]<\/p>\n","protected":false},"author":14,"featured_media":105967,"comment_status":"open","ping_status":"open","sticky":false,"template":"","format":"standard","meta":{"_yoast_wpseo_focuskw":"Ma\u00e7\u00e3","_yoast_wpseo_title":"","_yoast_wpseo_metadesc":"Rica em fibras e antioxidantes, a ma\u00e7\u00e3 ajuda na sa\u00fade intestinal, reduz o colesterol e \u00e9 perfeita para pratos doces e salgados.","jnews-multi-image_gallery":[],"jnews_single_post":{"format":"standard"},"jnews_primary_category":[],"jnews_social_meta":[],"jnews_override_counter":[],"footnotes":""},"categories":[4404],"post_tag":[1423,120,1318],"class_list":["post-133415","post","type-post","status-publish","format-standard","has-post-thumbnail","hentry","category-saude","tag-alimentos","tag-bem-estar","tag-saude-2"],"yoast_head":"<!-- This site is optimized with the Yoast SEO plugin v24.6 - https:\/\/yoast.com\/wordpress\/plugins\/seo\/ -->\n<title>Os benef\u00edcios da ma\u00e7\u00e3 que voc\u00ea precisa conhecer hoje - Correio Braziliense - Radar<\/title>\n<meta name=\"description\" content=\"Rica em fibras e antioxidantes, a ma\u00e7\u00e3 ajuda na sa\u00fade intestinal, reduz o colesterol e \u00e9 perfeita para pratos doces e salgados.\" \/>\n<meta name=\"robots\" content=\"index, follow, max-snippet:-1, max-image-preview:large, max-video-preview:-1\" \/>\n<link rel=\"canonical\" href=\"https:\/\/www.correiobraziliense.com.br\/cbradar\/os-beneficios-da-maca-que-voce-precisa-conhecer-hoje\/\" \/>\n<meta property=\"og:locale\" content=\"pt_BR\" \/>\n<meta property=\"og:type\" content=\"article\" \/>\n<meta property=\"og:title\" content=\"Os benef\u00edcios da ma\u00e7\u00e3 que voc\u00ea precisa conhecer hoje - Correio Braziliense - Radar\" \/>\n<meta property=\"og:description\" content=\"Rica em fibras e antioxidantes, a ma\u00e7\u00e3 ajuda na sa\u00fade intestinal, reduz o colesterol e \u00e9 perfeita para pratos doces e salgados.\" \/>\n<meta property=\"og:url\" content=\"https:\/\/www.correiobraziliense.com.br\/cbradar\/os-beneficios-da-maca-que-voce-precisa-conhecer-hoje\/\" \/>\n<meta property=\"og:site_name\" content=\"Correio Braziliense - Radar\" \/>\n<meta property=\"article:published_time\" content=\"2025-11-09T10:45:00+00:00\" \/>\n<meta property=\"og:image\" content=\"https:\/\/www.correiobraziliense.com.br\/cbradar\/wp-content\/uploads\/2025\/09\/maca_1758232643591.jpg\" \/>\n\t<meta property=\"og:image:width\" content=\"1280\" \/>\n\t<meta property=\"og:image:height\" content=\"720\" \/>\n\t<meta property=\"og:image:type\" content=\"image\/jpeg\" \/>\n<meta name=\"author\" content=\"guilherme_saude\" \/>\n<meta name=\"twitter:card\" content=\"summary_large_image\" \/>\n<meta name=\"twitter:label1\" content=\"Escrito por\" \/>\n\t<meta name=\"twitter:data1\" content=\"guilherme_saude\" \/>\n\t<meta name=\"twitter:label2\" content=\"Est. tempo de leitura\" \/>\n\t<meta name=\"twitter:data2\" content=\"4 minutos\" \/>\n<!-- \/ Yoast SEO plugin. -->","yoast_head_json":{"title":"Os benef\u00edcios da ma\u00e7\u00e3 que voc\u00ea precisa conhecer hoje - Correio Braziliense - Radar","description":"Rica em fibras e antioxidantes, a ma\u00e7\u00e3 ajuda na sa\u00fade intestinal, reduz o colesterol e \u00e9 perfeita para pratos doces e salgados.","robots":{"index":"index","follow":"follow","max-snippet":"max-snippet:-1","max-image-preview":"max-image-preview:large","max-video-preview":"max-video-preview:-1"},"canonical":"https:\/\/www.correiobraziliense.com.br\/cbradar\/os-beneficios-da-maca-que-voce-precisa-conhecer-hoje\/","og_locale":"pt_BR","og_type":"article","og_title":"Os benef\u00edcios da ma\u00e7\u00e3 que voc\u00ea precisa conhecer hoje - Correio Braziliense - Radar","og_description":"Rica em fibras e antioxidantes, a ma\u00e7\u00e3 ajuda na sa\u00fade intestinal, reduz o colesterol e \u00e9 perfeita para pratos doces e salgados.","og_url":"https:\/\/www.correiobraziliense.com.br\/cbradar\/os-beneficios-da-maca-que-voce-precisa-conhecer-hoje\/","og_site_name":"Correio Braziliense - Radar","article_published_time":"2025-11-09T10:45:00+00:00","og_image":[{"width":1280,"height":720,"url":"https:\/\/www.correiobraziliense.com.br\/cbradar\/wp-content\/uploads\/2025\/09\/maca_1758232643591.jpg","type":"image\/jpeg"}],"author":"guilherme_saude","twitter_card":"summary_large_image","twitter_misc":{"Escrito por":"guilherme_saude","Est. tempo de leitura":"4 minutos"},"schema":{"@context":"https:\/\/schema.org","@graph":[{"@type":"WebPage","@id":"https:\/\/www.correiobraziliense.com.br\/cbradar\/os-beneficios-da-maca-que-voce-precisa-conhecer-hoje\/","url":"https:\/\/www.correiobraziliense.com.br\/cbradar\/os-beneficios-da-maca-que-voce-precisa-conhecer-hoje\/","name":"Os benef\u00edcios da ma\u00e7\u00e3 que voc\u00ea precisa conhecer hoje - Correio Braziliense - Radar","isPartOf":{"@id":"https:\/\/www.correiobraziliense.com.br\/cbradar\/#website"},"primaryImageOfPage":{"@id":"https:\/\/www.correiobraziliense.com.br\/cbradar\/os-beneficios-da-maca-que-voce-precisa-conhecer-hoje\/#primaryimage"},"image":{"@id":"https:\/\/www.correiobraziliense.com.br\/cbradar\/os-beneficios-da-maca-que-voce-precisa-conhecer-hoje\/#primaryimage"},"thumbnailUrl":"https:\/\/www.correiobraziliense.com.br\/cbradar\/wp-content\/uploads\/2025\/09\/maca_1758232643591.jpg","datePublished":"2025-11-09T10:45:00+00:00","author":{"@id":"https:\/\/www.correiobraziliense.com.br\/cbradar\/#\/schema\/person\/5aa4bf3c8fa699c267933611de12978b"},"description":"Rica em fibras e antioxidantes, a ma\u00e7\u00e3 ajuda na sa\u00fade intestinal, reduz o colesterol e \u00e9 perfeita para pratos doces e salgados.","breadcrumb":{"@id":"https:\/\/www.correiobraziliense.com.br\/cbradar\/os-beneficios-da-maca-que-voce-precisa-conhecer-hoje\/#breadcrumb"},"inLanguage":"pt-BR","potentialAction":[{"@type":"ReadAction","target":["https:\/\/www.correiobraziliense.com.br\/cbradar\/os-beneficios-da-maca-que-voce-precisa-conhecer-hoje\/"]}]},{"@type":"ImageObject","inLanguage":"pt-BR","@id":"https:\/\/www.correiobraziliense.com.br\/cbradar\/os-beneficios-da-maca-que-voce-precisa-conhecer-hoje\/#primaryimage","url":"https:\/\/www.correiobraziliense.com.br\/cbradar\/wp-content\/uploads\/2025\/09\/maca_1758232643591.jpg","contentUrl":"https:\/\/www.correiobraziliense.com.br\/cbradar\/wp-content\/uploads\/2025\/09\/maca_1758232643591.jpg","width":1280,"height":720,"caption":"A combina\u00e7\u00e3o mais promissora para sa\u00fade metab\u00f3lica - Cr\u00e9ditos: depositphotos.com \/ KateNovikova"},{"@type":"BreadcrumbList","@id":"https:\/\/www.correiobraziliense.com.br\/cbradar\/os-beneficios-da-maca-que-voce-precisa-conhecer-hoje\/#breadcrumb","itemListElement":[{"@type":"ListItem","position":1,"name":"In\u00edcio","item":"https:\/\/www.correiobraziliense.com.br\/cbradar\/"},{"@type":"ListItem","position":2,"name":"Os benef\u00edcios da ma\u00e7\u00e3 que voc\u00ea precisa conhecer hoje"}]},{"@type":"WebSite","@id":"https:\/\/www.correiobraziliense.com.br\/cbradar\/#website","url":"https:\/\/www.correiobraziliense.com.br\/cbradar\/","name":"Correio Braziliense - Radar","description":"Acompanhe as \u00faltimas not\u00edcias e fique bem informado sobre tudo o que acontece no Brasil e no mundo.","potentialAction":[{"@type":"SearchAction","target":{"@type":"EntryPoint","urlTemplate":"https:\/\/www.correiobraziliense.com.br\/cbradar\/?s={search_term_string}"},"query-input":{"@type":"PropertyValueSpecification","valueRequired":true,"valueName":"search_term_string"}}],"inLanguage":"pt-BR"},{"@type":"Person","@id":"https:\/\/www.correiobraziliense.com.br\/cbradar\/#\/schema\/person\/5aa4bf3c8fa699c267933611de12978b","name":"guilherme_saude","image":{"@type":"ImageObject","inLanguage":"pt-BR","@id":"https:\/\/www.correiobraziliense.com.br\/cbradar\/#\/schema\/person\/image\/","url":"https:\/\/secure.gravatar.com\/avatar\/df9adfb835d344bc0af109d41756253f?s=96&d=mm&r=g","contentUrl":"https:\/\/secure.gravatar.com\/avatar\/df9adfb835d344bc0af109d41756253f?s=96&d=mm&r=g","caption":"guilherme_saude"},"url":"https:\/\/www.correiobraziliense.com.br\/cbradar\/author\/guilherme_saude\/"}]}},"_links":{"self":[{"href":"https:\/\/www.correiobraziliense.com.br\/cbradar\/wp-json\/wp\/v2\/posts\/133415","targetHints":{"allow":["GET"]}}],"collection":[{"href":"https:\/\/www.correiobraziliense.com.br\/cbradar\/wp-json\/wp\/v2\/posts"}],"about":[{"href":"https:\/\/www.correiobraziliense.com.br\/cbradar\/wp-json\/wp\/v2\/types\/post"}],"author":[{"embeddable":true,"href":"https:\/\/www.correiobraziliense.com.br\/cbradar\/wp-json\/wp\/v2\/users\/14"}],"replies":[{"embeddable":true,"href":"https:\/\/www.correiobraziliense.com.br\/cbradar\/wp-json\/wp\/v2\/comments?post=133415"}],"version-history":[{"count":1,"href":"https:\/\/www.correiobraziliense.com.br\/cbradar\/wp-json\/wp\/v2\/posts\/133415\/revisions"}],"predecessor-version":[{"id":133417,"href":"https:\/\/www.correiobraziliense.com.br\/cbradar\/wp-json\/wp\/v2\/posts\/133415\/revisions\/133417"}],"wp:featuredmedia":[{"embeddable":true,"href":"https:\/\/www.correiobraziliense.com.br\/cbradar\/wp-json\/wp\/v2\/media\/105967"}],"wp:attachment":[{"href":"https:\/\/www.correiobraziliense.com.br\/cbradar\/wp-json\/wp\/v2\/media?parent=133415"}],"wp:term":[{"taxonomy":"category","embeddable":true,"href":"https:\/\/www.correiobraziliense.com.br\/cbradar\/wp-json\/wp\/v2\/categories?post=133415"},{"taxonomy":"post_tag","embeddable":true,"href":"https:\/\/www.correiobraziliense.com.br\/cbradar\/wp-json\/wp\/v2\/post_tag?post=133415"}],"curies":[{"name":"wp","href":"https:\/\/api.w.org\/{rel}","templated":true}]}}