{"id":133447,"date":"2025-11-08T16:15:00","date_gmt":"2025-11-08T19:15:00","guid":{"rendered":"https:\/\/www.correiobraziliense.com.br\/cbradar\/?p=133447"},"modified":"2025-11-07T23:00:00","modified_gmt":"2025-11-08T02:00:00","slug":"poucos-sabem-por-que-recomendam-colocar-moinhos-de-vento-no-jardim-das-casas","status":"publish","type":"post","link":"https:\/\/www.correiobraziliense.com.br\/cbradar\/poucos-sabem-por-que-recomendam-colocar-moinhos-de-vento-no-jardim-das-casas\/","title":{"rendered":"Poucos sabem por que recomendam colocar moinhos de vento no jardim das casas"},"content":{"rendered":"\n<p>Os <strong>moinhos de vento<\/strong>, muitas vezes vistos em jardins e p\u00e1tios, s\u00e3o conhecidos por seu valor decorativo, mas muitos desconhecem suas <strong>fun\u00e7\u00f5es pr\u00e1ticas<\/strong> e benef\u00edcios para a prote\u00e7\u00e3o e bem-estar dos ambientes ao ar livre.<\/p>\n\n\n\n<h2 class=\"wp-block-heading\">Como os moinhos de vento podem proteger jardins e \u00e1reas externas<\/h2>\n\n\n\n<p>Essas pe\u00e7as coloridas v\u00e3o al\u00e9m da est\u00e9tica: os <strong>moinhos de vento<\/strong> t\u00eam o objetivo principal de afastar aves, como pombos, de jardins e varandas. O movimento constante e as superf\u00edcies brilhantes criam desconforto para as aves, evitando que se aproximem dessas \u00e1reas.<\/p>\n\n\n\n<p>Por ser um m\u00e9todo <strong>seguro, n\u00e3o letal e econ\u00f4mico<\/strong> de controle de pragas, os moinhos protegem plantas e espa\u00e7os de forma eficaz, sem causar danos \u00e0 fauna local. Podem ser usados tanto em pequenos vasos quanto em grandes quintais.<\/p>\n\n\n\n<figure class=\"wp-block-image size-large\"><img decoding=\"async\" width=\"1024\" height=\"576\" src=\"https:\/\/www.correiobraziliense.com.br\/cbradar\/wp-content\/uploads\/2025\/11\/moinhos-de-vento-jardim_1762567007798-1024x576.jpg\" alt=\"Poucos sabem por que recomendam colocar moinhos de vento no jardim das casas\" class=\"wp-image-133449\" srcset=\"https:\/\/www.correiobraziliense.com.br\/cbradar\/wp-content\/uploads\/2025\/11\/moinhos-de-vento-jardim_1762567007798-1024x576.jpg 1024w, https:\/\/www.correiobraziliense.com.br\/cbradar\/wp-content\/uploads\/2025\/11\/moinhos-de-vento-jardim_1762567007798-300x169.jpg 300w, https:\/\/www.correiobraziliense.com.br\/cbradar\/wp-content\/uploads\/2025\/11\/moinhos-de-vento-jardim_1762567007798-768x432.jpg 768w, https:\/\/www.correiobraziliense.com.br\/cbradar\/wp-content\/uploads\/2025\/11\/moinhos-de-vento-jardim_1762567007798-750x422.jpg 750w, https:\/\/www.correiobraziliense.com.br\/cbradar\/wp-content\/uploads\/2025\/11\/moinhos-de-vento-jardim_1762567007798-1140x641.jpg 1140w, https:\/\/www.correiobraziliense.com.br\/cbradar\/wp-content\/uploads\/2025\/11\/moinhos-de-vento-jardim_1762567007798.jpg 1280w\" sizes=\"(max-width: 1024px) 100vw, 1024px\" \/><figcaption class=\"wp-element-caption\">Traga vida e energia renov\u00e1vel ao seu jardim com moinhos que unem tradi\u00e7\u00e3o e modernidade. Cr\u00e9ditos: depositphotos.com \/ mrsiraphol<\/figcaption><\/figure>\n\n\n\n<h2 class=\"wp-block-heading\">Quais s\u00e3o os benef\u00edcios energ\u00e9ticos dos moinhos de vento<\/h2>\n\n\n\n<p>Em algumas tradi\u00e7\u00f5es, como o <strong>Feng Shui<\/strong>, acredita-se que os moinhos auxiliam na prote\u00e7\u00e3o, promovendo a circula\u00e7\u00e3o de energias positivas e bloqueando energias negativas em resid\u00eancias e jardins. O som e o movimento atuam como filtros energ\u00e9ticos naturais.<\/p>\n\n\n\n<p>Al\u00e9m do efeito visual, o ru\u00eddo suave produzido pela rota\u00e7\u00e3o pode trazer calma, ajudando a criar um <strong>ambiente equilibrado e acolhedor<\/strong>. Assim, seu uso vai al\u00e9m da est\u00e9tica ou funcionalidade pr\u00e1tica.<\/p>\n\n\n\n<p>Leia tamb\u00e9m: <a href=\"https:\/\/www.correiobraziliense.com.br\/cbradar\/poucos-sabem-para-que-serve-despejar-vinagre-nos-tapetes-do-carro\/\" target=\"_blank\" rel=\"noreferrer noopener\">Poucos sabem para que serve despejar vinagre nos tapetes do carro<\/a><\/p>\n\n\n\n<h2 class=\"wp-block-heading\">Por que afastar pombos dos jardins \u00e9 t\u00e3o importante<\/h2>\n\n\n\n<p>A presen\u00e7a frequente de pombos traz diversos riscos \u00e0 sa\u00fade e pode causar danos a \u00e1reas externas. Eles s\u00e3o conhecidos por transmitir doen\u00e7as atrav\u00e9s de fezes e penas acumuladas no ambiente.<\/p>\n\n\n\n<p>Confira os principais problemas associados \u00e0 presen\u00e7a de pombos:<\/p>\n\n\n\n<ul class=\"wp-block-list\">\n<li><strong>Transmiss\u00e3o de doen\u00e7as<\/strong>, como histoplasmose, criptococose e salmonelose.<\/li>\n\n\n\n<li><strong>Danos \u00e0s superf\u00edcies<\/strong> e m\u00f3veis devido \u00e0 a\u00e7\u00e3o corrosiva das fezes.<\/li>\n\n\n\n<li><strong>Atrativo para parasitas<\/strong> como \u00e1caros, pulgas e carrapatos.<\/li>\n\n\n\n<li><strong>Mau cheiro<\/strong> e polui\u00e7\u00e3o visual do ambiente.<\/li>\n<\/ul>\n\n\n\n<blockquote class=\"tiktok-embed\" cite=\"https:\/\/www.tiktok.com\/@hyfer_\/video\/7056704097327598874\" data-video-id=\"7056704097327598874\" style=\"max-width: 605px;min-width: 325px;\" > <section> <a target=\"_blank\" title=\"@hyfer_\" href=\"https:\/\/www.tiktok.com\/@hyfer_?refer=embed\">@hyfer_<\/a> <p>Cute and simple garden windmills \ud83d\ude05\ud83d\ude05\ud83d\ude05<\/p> <a target=\"_blank\" title=\"\u266c original sound - Paravi !!! \u2740\u22c6.\u0cc3\u0fd4*:\uff65\" href=\"https:\/\/www.tiktok.com\/music\/original-sound-7049607667135941381?refer=embed\">\u266c original sound &#8211; Paravi !!! \u2740\u22c6.\u0cc3\u0fd4*:\uff65<\/a> <\/section> <\/blockquote> <script async src=\"https:\/\/www.tiktok.com\/embed.js\"><\/script>\n\n\n\n<h2 class=\"wp-block-heading\">Quais vantagens os moinhos de vento oferecem para seu jardim<\/h2>\n\n\n\n<p>Al\u00e9m de serem elementos <strong>decorativos e vibrantes<\/strong>, os moinhos de vento apresentam diversas vantagens pr\u00e1ticas. Seu uso \u00e9 simples, acess\u00edvel e livre de perigos para pessoas e animais dom\u00e9sticos.<\/p>\n\n\n\n<p>Por n\u00e3o exigir manuten\u00e7\u00e3o frequente e adaptarem-se facilmente a diferentes estilos de decora\u00e7\u00e3o, eles s\u00e3o considerados uma solu\u00e7\u00e3o ideal para quem deseja <strong>proteger o jardim e valorizar o espa\u00e7o<\/strong> simultaneamente.<\/p>\n\n\n\n<h2 class=\"wp-block-heading\">Como escolher o moinho de vento mais adequado para cada situa\u00e7\u00e3o<\/h2>\n\n\n\n<p>A op\u00e7\u00e3o ideal varia conforme a necessidade do espa\u00e7o e o gosto pessoal. Para quem busca afastar aves, \u00e9 recomendado selecionar modelos com <strong>material refletivo e colorido<\/strong> que aproveitem ao m\u00e1ximo a incid\u00eancia solar.<\/p>\n\n\n\n<p>J\u00e1 para quem deseja aproveitar o lado <strong>energ\u00e9tico ou relaxante<\/strong>, deve-se optar por moinhos que produzam sons suaves e estejam adequadamente protegidos contra chuva e vento intenso, garantindo maior durabilidade.<\/p>\n","protected":false},"excerpt":{"rendered":"<p>Afaste animais indesejados do jardim com moinhos de vento enquanto harmoniza o ambiente. Descubra seus benef\u00edcios decorativos e energ\u00e9ticos!<\/p>\n","protected":false},"author":3,"featured_media":133452,"comment_status":"open","ping_status":"open","sticky":false,"template":"","format":"standard","meta":{"_yoast_wpseo_focuskw":"moinhos de vento no jardim","_yoast_wpseo_title":"%%title%%","_yoast_wpseo_metadesc":"Afaste animais indesejados do jardim com moinhos de vento enquanto harmoniza o ambiente. Descubra seus benef\u00edcios decorativos e energ\u00e9ticos!","jnews-multi-image_gallery":[],"jnews_single_post":{"format":"standard"},"jnews_primary_category":[],"jnews_social_meta":[],"jnews_override_counter":[],"footnotes":""},"categories":[112],"post_tag":[144,6376,11466,8540],"class_list":["post-133447","post","type-post","status-publish","format-standard","has-post-thumbnail","hentry","category-curiosidades","tag-curiosidades","tag-feng-shui","tag-moinhos-de-vento","tag-poucos-sabem"],"yoast_head":"<!-- This site is optimized with the Yoast SEO plugin v24.6 - https:\/\/yoast.com\/wordpress\/plugins\/seo\/ -->\n<title>Poucos sabem por que recomendam colocar moinhos de vento no jardim das casas<\/title>\n<meta name=\"description\" content=\"Afaste animais indesejados do jardim com moinhos de vento enquanto harmoniza o ambiente. Descubra seus benef\u00edcios decorativos e energ\u00e9ticos!\" \/>\n<meta name=\"robots\" content=\"index, follow, max-snippet:-1, max-image-preview:large, max-video-preview:-1\" \/>\n<link rel=\"canonical\" href=\"https:\/\/www.correiobraziliense.com.br\/cbradar\/poucos-sabem-por-que-recomendam-colocar-moinhos-de-vento-no-jardim-das-casas\/\" \/>\n<meta property=\"og:locale\" content=\"pt_BR\" \/>\n<meta property=\"og:type\" content=\"article\" \/>\n<meta property=\"og:title\" content=\"Poucos sabem por que recomendam colocar moinhos de vento no jardim das casas\" \/>\n<meta property=\"og:description\" content=\"Afaste animais indesejados do jardim com moinhos de vento enquanto harmoniza o ambiente. Descubra seus benef\u00edcios decorativos e energ\u00e9ticos!\" \/>\n<meta property=\"og:url\" content=\"https:\/\/www.correiobraziliense.com.br\/cbradar\/poucos-sabem-por-que-recomendam-colocar-moinhos-de-vento-no-jardim-das-casas\/\" \/>\n<meta property=\"og:site_name\" content=\"Correio Braziliense - Radar\" \/>\n<meta property=\"article:published_time\" content=\"2025-11-08T19:15:00+00:00\" \/>\n<meta property=\"og:image\" content=\"https:\/\/www.correiobraziliense.com.br\/cbradar\/wp-content\/uploads\/2025\/11\/mosaico_1762567167811.jpg\" \/>\n\t<meta property=\"og:image:width\" content=\"1280\" \/>\n\t<meta property=\"og:image:height\" content=\"720\" \/>\n\t<meta property=\"og:image:type\" content=\"image\/jpeg\" \/>\n<meta name=\"author\" content=\"Larissa Carvalho\" \/>\n<meta name=\"twitter:card\" content=\"summary_large_image\" \/>\n<meta name=\"twitter:label1\" content=\"Escrito por\" \/>\n\t<meta name=\"twitter:data1\" content=\"Larissa Carvalho\" \/>\n\t<meta name=\"twitter:label2\" content=\"Est. tempo de leitura\" \/>\n\t<meta name=\"twitter:data2\" content=\"3 minutos\" \/>\n<!-- \/ Yoast SEO plugin. -->","yoast_head_json":{"title":"Poucos sabem por que recomendam colocar moinhos de vento no jardim das casas","description":"Afaste animais indesejados do jardim com moinhos de vento enquanto harmoniza o ambiente. Descubra seus benef\u00edcios decorativos e energ\u00e9ticos!","robots":{"index":"index","follow":"follow","max-snippet":"max-snippet:-1","max-image-preview":"max-image-preview:large","max-video-preview":"max-video-preview:-1"},"canonical":"https:\/\/www.correiobraziliense.com.br\/cbradar\/poucos-sabem-por-que-recomendam-colocar-moinhos-de-vento-no-jardim-das-casas\/","og_locale":"pt_BR","og_type":"article","og_title":"Poucos sabem por que recomendam colocar moinhos de vento no jardim das casas","og_description":"Afaste animais indesejados do jardim com moinhos de vento enquanto harmoniza o ambiente. Descubra seus benef\u00edcios decorativos e energ\u00e9ticos!","og_url":"https:\/\/www.correiobraziliense.com.br\/cbradar\/poucos-sabem-por-que-recomendam-colocar-moinhos-de-vento-no-jardim-das-casas\/","og_site_name":"Correio Braziliense - Radar","article_published_time":"2025-11-08T19:15:00+00:00","og_image":[{"width":1280,"height":720,"url":"https:\/\/www.correiobraziliense.com.br\/cbradar\/wp-content\/uploads\/2025\/11\/mosaico_1762567167811.jpg","type":"image\/jpeg"}],"author":"Larissa Carvalho","twitter_card":"summary_large_image","twitter_misc":{"Escrito por":"Larissa Carvalho","Est. tempo de leitura":"3 minutos"},"schema":{"@context":"https:\/\/schema.org","@graph":[{"@type":"WebPage","@id":"https:\/\/www.correiobraziliense.com.br\/cbradar\/poucos-sabem-por-que-recomendam-colocar-moinhos-de-vento-no-jardim-das-casas\/","url":"https:\/\/www.correiobraziliense.com.br\/cbradar\/poucos-sabem-por-que-recomendam-colocar-moinhos-de-vento-no-jardim-das-casas\/","name":"Poucos sabem por que recomendam colocar moinhos de vento no jardim das casas","isPartOf":{"@id":"https:\/\/www.correiobraziliense.com.br\/cbradar\/#website"},"primaryImageOfPage":{"@id":"https:\/\/www.correiobraziliense.com.br\/cbradar\/poucos-sabem-por-que-recomendam-colocar-moinhos-de-vento-no-jardim-das-casas\/#primaryimage"},"image":{"@id":"https:\/\/www.correiobraziliense.com.br\/cbradar\/poucos-sabem-por-que-recomendam-colocar-moinhos-de-vento-no-jardim-das-casas\/#primaryimage"},"thumbnailUrl":"https:\/\/www.correiobraziliense.com.br\/cbradar\/wp-content\/uploads\/2025\/11\/mosaico_1762567167811.jpg","datePublished":"2025-11-08T19:15:00+00:00","author":{"@id":"https:\/\/www.correiobraziliense.com.br\/cbradar\/#\/schema\/person\/58422787644df994b53a19d3e56c1513"},"description":"Afaste animais indesejados do jardim com moinhos de vento enquanto harmoniza o ambiente. Descubra seus benef\u00edcios decorativos e energ\u00e9ticos!","breadcrumb":{"@id":"https:\/\/www.correiobraziliense.com.br\/cbradar\/poucos-sabem-por-que-recomendam-colocar-moinhos-de-vento-no-jardim-das-casas\/#breadcrumb"},"inLanguage":"pt-BR","potentialAction":[{"@type":"ReadAction","target":["https:\/\/www.correiobraziliense.com.br\/cbradar\/poucos-sabem-por-que-recomendam-colocar-moinhos-de-vento-no-jardim-das-casas\/"]}]},{"@type":"ImageObject","inLanguage":"pt-BR","@id":"https:\/\/www.correiobraziliense.com.br\/cbradar\/poucos-sabem-por-que-recomendam-colocar-moinhos-de-vento-no-jardim-das-casas\/#primaryimage","url":"https:\/\/www.correiobraziliense.com.br\/cbradar\/wp-content\/uploads\/2025\/11\/mosaico_1762567167811.jpg","contentUrl":"https:\/\/www.correiobraziliense.com.br\/cbradar\/wp-content\/uploads\/2025\/11\/mosaico_1762567167811.jpg","width":1280,"height":720,"caption":"Moinhos de vento hoje tamb\u00e9m geram energia limpa, ajudando na sustentabilidade ambiental. Cr\u00e9ditos: depositphotos.com \/ mrsiraphol e Cr\u00e9ditos: depositphotos.com \/ lucianmilasan"},{"@type":"BreadcrumbList","@id":"https:\/\/www.correiobraziliense.com.br\/cbradar\/poucos-sabem-por-que-recomendam-colocar-moinhos-de-vento-no-jardim-das-casas\/#breadcrumb","itemListElement":[{"@type":"ListItem","position":1,"name":"In\u00edcio","item":"https:\/\/www.correiobraziliense.com.br\/cbradar\/"},{"@type":"ListItem","position":2,"name":"Poucos sabem por que recomendam colocar moinhos de vento no jardim das casas"}]},{"@type":"WebSite","@id":"https:\/\/www.correiobraziliense.com.br\/cbradar\/#website","url":"https:\/\/www.correiobraziliense.com.br\/cbradar\/","name":"Correio Braziliense - Radar","description":"Acompanhe as \u00faltimas not\u00edcias e fique bem informado sobre tudo o que acontece no Brasil e no mundo.","potentialAction":[{"@type":"SearchAction","target":{"@type":"EntryPoint","urlTemplate":"https:\/\/www.correiobraziliense.com.br\/cbradar\/?s={search_term_string}"},"query-input":{"@type":"PropertyValueSpecification","valueRequired":true,"valueName":"search_term_string"}}],"inLanguage":"pt-BR"},{"@type":"Person","@id":"https:\/\/www.correiobraziliense.com.br\/cbradar\/#\/schema\/person\/58422787644df994b53a19d3e56c1513","name":"Larissa Carvalho","image":{"@type":"ImageObject","inLanguage":"pt-BR","@id":"https:\/\/www.correiobraziliense.com.br\/cbradar\/#\/schema\/person\/image\/","url":"https:\/\/secure.gravatar.com\/avatar\/fe4f91a0de32b52a838d0d612abdc1aa?s=96&d=mm&r=g","contentUrl":"https:\/\/secure.gravatar.com\/avatar\/fe4f91a0de32b52a838d0d612abdc1aa?s=96&d=mm&r=g","caption":"Larissa Carvalho"},"url":"https:\/\/www.correiobraziliense.com.br\/cbradar\/author\/larissamyth\/"}]}},"_links":{"self":[{"href":"https:\/\/www.correiobraziliense.com.br\/cbradar\/wp-json\/wp\/v2\/posts\/133447","targetHints":{"allow":["GET"]}}],"collection":[{"href":"https:\/\/www.correiobraziliense.com.br\/cbradar\/wp-json\/wp\/v2\/posts"}],"about":[{"href":"https:\/\/www.correiobraziliense.com.br\/cbradar\/wp-json\/wp\/v2\/types\/post"}],"author":[{"embeddable":true,"href":"https:\/\/www.correiobraziliense.com.br\/cbradar\/wp-json\/wp\/v2\/users\/3"}],"replies":[{"embeddable":true,"href":"https:\/\/www.correiobraziliense.com.br\/cbradar\/wp-json\/wp\/v2\/comments?post=133447"}],"version-history":[{"count":2,"href":"https:\/\/www.correiobraziliense.com.br\/cbradar\/wp-json\/wp\/v2\/posts\/133447\/revisions"}],"predecessor-version":[{"id":133453,"href":"https:\/\/www.correiobraziliense.com.br\/cbradar\/wp-json\/wp\/v2\/posts\/133447\/revisions\/133453"}],"wp:featuredmedia":[{"embeddable":true,"href":"https:\/\/www.correiobraziliense.com.br\/cbradar\/wp-json\/wp\/v2\/media\/133452"}],"wp:attachment":[{"href":"https:\/\/www.correiobraziliense.com.br\/cbradar\/wp-json\/wp\/v2\/media?parent=133447"}],"wp:term":[{"taxonomy":"category","embeddable":true,"href":"https:\/\/www.correiobraziliense.com.br\/cbradar\/wp-json\/wp\/v2\/categories?post=133447"},{"taxonomy":"post_tag","embeddable":true,"href":"https:\/\/www.correiobraziliense.com.br\/cbradar\/wp-json\/wp\/v2\/post_tag?post=133447"}],"curies":[{"name":"wp","href":"https:\/\/api.w.org\/{rel}","templated":true}]}}