{"id":133754,"date":"2025-11-09T15:55:00","date_gmt":"2025-11-09T18:55:00","guid":{"rendered":"https:\/\/www.correiobraziliense.com.br\/cbradar\/?p=133754"},"modified":"2025-11-08T09:18:44","modified_gmt":"2025-11-08T12:18:44","slug":"como-a-violencia-afeta-a-saude-mental-nas-favelas","status":"publish","type":"post","link":"https:\/\/www.correiobraziliense.com.br\/cbradar\/como-a-violencia-afeta-a-saude-mental-nas-favelas\/","title":{"rendered":"Como a viol\u00eancia afeta a sa\u00fade mental nas favelas"},"content":{"rendered":"\n<p>Recentemente, uma <strong>Megaopera\u00e7\u00e3o<\/strong> policial no Rio de Janeiro, batizada de Opera\u00e7\u00e3o Conten\u00e7\u00e3o, trouxe novamente \u00e0 tona o impacto da viol\u00eancia urbana na vida das comunidades locais. Realizada nos complexos da Penha e do Alem\u00e3o, a opera\u00e7\u00e3o mobilizou cerca de 2,5 mil agentes e resultou em 121 mortes, superando o n\u00famero de v\u00edtimas do Massacre do Carandiru de 1992. Esses eventos intensos e violentos contribuem significativamente para um ambiente de medo e inseguran\u00e7a nas favelas, afetando o bem-estar dos moradores.<\/p>\n\n\n\n<p>O ambiente de viol\u00eancia constante altera a maneira como as pessoas reagem ao mundo ao seu redor. A amea\u00e7a permanente faz com que o corpo mantenha um estado de alerta cont\u00ednuo, alterando fun\u00e7\u00f5es vitais, como o sono e o apetite, e desencadeando uma s\u00e9rie de respostas fisiol\u00f3gicas e psicol\u00f3gicas. O aumento dos horm\u00f4nios do estresse, como cortisol e adrenalina, \u00e9 uma resposta natural a esse estado de vigil\u00e2ncia, mas quando se torna cr\u00f4nico, causa s\u00e9rios danos \u00e0 sa\u00fade mental e f\u00edsica dos indiv\u00edduos.<\/p>\n\n\n\n<h2 class=\"wp-block-heading\">Quais os efeitos a Longo Prazo da Exposi\u00e7\u00e3o \u00e0 Viol\u00eancia?<\/h2>\n\n\n<div class=\"wp-block-image\">\n<figure class=\"aligncenter size-large\"><img decoding=\"async\" width=\"1024\" height=\"576\" src=\"https:\/\/www.correiobraziliense.com.br\/cbradar\/wp-content\/uploads\/2025\/11\/Policia_1762604297640-1024x576.jpg\" alt=\"\" class=\"wp-image-133756\" srcset=\"https:\/\/www.correiobraziliense.com.br\/cbradar\/wp-content\/uploads\/2025\/11\/Policia_1762604297640-1024x576.jpg 1024w, https:\/\/www.correiobraziliense.com.br\/cbradar\/wp-content\/uploads\/2025\/11\/Policia_1762604297640-300x169.jpg 300w, https:\/\/www.correiobraziliense.com.br\/cbradar\/wp-content\/uploads\/2025\/11\/Policia_1762604297640-768x432.jpg 768w, https:\/\/www.correiobraziliense.com.br\/cbradar\/wp-content\/uploads\/2025\/11\/Policia_1762604297640-750x422.jpg 750w, https:\/\/www.correiobraziliense.com.br\/cbradar\/wp-content\/uploads\/2025\/11\/Policia_1762604297640-1140x641.jpg 1140w, https:\/\/www.correiobraziliense.com.br\/cbradar\/wp-content\/uploads\/2025\/11\/Policia_1762604297640.jpg 1280w\" sizes=\"(max-width: 1024px) 100vw, 1024px\" \/><figcaption class=\"wp-element-caption\">Viol\u00eancia &#8211; Cr\u00e9ditos: depositphotos.com \/ ArturVerkhovetskiy<\/figcaption><\/figure><\/div>\n\n\n<p>A exposi\u00e7\u00e3o prolongada \u00e0 viol\u00eancia urbana pode levar ao desenvolvimento de transtornos mentais, como ansiedade, depress\u00e3o e estresse p\u00f3s-traum\u00e1tico. Em crian\u00e7as e adolescentes, o impacto \u00e9 not\u00e1vel no comportamento e no desempenho escolar, enquanto nos adultos, sintomas como ins\u00f4nia e sensa\u00e7\u00e3o de impot\u00eancia s\u00e3o comuns. A incerteza sobre o futuro e a seguran\u00e7a pessoal fazem com que muitos habitantes das favelas evitem planejar a longo prazo, aumentando o sofrimento ps\u00edquico nessas comunidades.<\/p>\n\n\n\n<h2 class=\"wp-block-heading\">De que Forma o Trauma Coletivo Afeta as Comunidades?<\/h2>\n\n\n\n<p>O trauma n\u00e3o se limita a experi\u00eancias individuais; ele tamb\u00e9m afeta comunidades inteiras. O trauma individual surge de eventos extremos diretos, como a presen\u00e7a em um tiroteio ou a perda de um ente querido. J\u00e1 o trauma coletivo ocorre quando um grupo inteiro \u00e9 impactado por um evento significativo, criando um sentimento compartilhado de medo e inseguran\u00e7a que se propaga entre os moradores. Essas experi\u00eancias enfraquecem as rela\u00e7\u00f5es interpessoais e o senso comunit\u00e1rio, intensificando os desafios emocionais enfrentados pelas comunidades.<\/p>\n\n\n\n<h2 class=\"wp-block-heading\">Quais os obst\u00e1culos no Acesso ao Tratamento Psicol\u00f3gico?<\/h2>\n\n\n\n<p>Um dos principais desafios enfrentados pelas comunidades em \u00e1reas de risco \u00e9 o acesso ao atendimento psicol\u00f3gico. Muitos moradores evitam buscar ajuda profissional devido ao estigma associado aos transtornos mentais, \u00e0 falta de tempo ou \u00e0 cren\u00e7a de que \u00e9 necess\u00e1rio ser resiliente independentemente da dor. Embora haja uma disposi\u00e7\u00e3o crescente para procurar tratamento, a falta de recursos no Sistema \u00danico de <a href=\"https:\/\/www.correiobraziliense.com.br\/cbradar\/faz-mal-sentar-de-pernas-cruzadas-entenda-agora\/\" target=\"_blank\" rel=\"noreferrer noopener\">Sa\u00fade <\/a>(SUS) dificulta o acesso a medicamentos e atendimento cont\u00ednuo, perpetuando o ciclo de adoecimento mental.<\/p>\n\n\n\n<h2 class=\"wp-block-heading\">Como as Comunidades Podem Superar Esses Desafios?<\/h2>\n\n\n\n<p>A supera\u00e7\u00e3o dos desafios de sa\u00fade mental em comunidades afetadas pela viol\u00eancia urbana requer uma abordagem abrangente. Isso inclui a promo\u00e7\u00e3o de espa\u00e7os seguros onde os moradores possam expressar experi\u00eancias e emo\u00e7\u00f5es, bem como a melhoria do acesso ao cuidado psicol\u00f3gico. A cria\u00e7\u00e3o de uma rede de apoio dentro das comunidades ajuda a formar um ambiente mais resiliente e a reconectar la\u00e7os sociais, elementos essenciais para o bem-estar e a regenera\u00e7\u00e3o psicol\u00f3gica.<\/p>\n\n\n<a href=\"https:\/\/www.instagram.com\/dra.annaluisabf\/\" target=\"_blank\" rel=\"noopener\" style=\"text-decoration: none; color: inherit;\">\n    <span style=\"display: inline-block; border: 1px solid #ccc; border-radius: 10px; padding: 15px; max-width: 550px; font-family: sans-serif; box-shadow: 0 2px 5px rgba(0,0,0,0.1); width: 100%;\">\n\n      <!-- T\u00edtulo -->\n      <span style=\"display: block; margin: 0 0 15px 0; font-weight: bold; color: #2c3e50; text-align: center;\">\n        Entre em contato:\n      <\/span>\n\n      <!-- Linha do perfil -->\n      <span style=\"display: flex; align-items: center; gap: 15px;\">\n        <img decoding=\"async\"\n          src=\"https:\/\/www.correiobraziliense.com.br\/cbradar\/wp-content\/uploads\/2025\/08\/dra_anna_luisa.jpeg\"\n          alt=\"Foto da Dra. Anna Lu\u00edsa\"\n          style=\"border-radius: 50%; width: 80px; height: 80px; object-fit: cover;\"\n        \/>\n        <span style=\"display: flex; flex-direction: column;\">\n          <span style=\"font-size: 18px; font-weight: 700; color: #2c3e50;\">Dra. Anna Lu\u00edsa Barbosa Fernandes<\/span>\n          <span style=\"color: #555;\">CRM-GO 33.271<\/span>\n        <\/span>\n      <\/span>\n\n      <!-- Redes -->\n      <span style=\"display: flex; align-items: center; gap: 10px; margin-top: 12px;\">\n        <img decoding=\"async\" src=\"https:\/\/cdn-icons-png.flaticon.com\/24\/1384\/1384063.png\" alt=\"Instagram\" width=\"24\" height=\"24\" \/>\n        <span style=\"text-decoration: underline; color: #2c3e50;\">@dra.annaluisabf<\/span>\n      <\/span>\n\n    <\/span>\n  <\/a>","protected":false},"excerpt":{"rendered":"<p>Recentemente, uma Megaopera\u00e7\u00e3o policial no Rio de Janeiro, batizada de Opera\u00e7\u00e3o Conten\u00e7\u00e3o, trouxe novamente \u00e0 tona o impacto da viol\u00eancia urbana na vida das comunidades locais. Realizada nos complexos da Penha e do Alem\u00e3o, a opera\u00e7\u00e3o mobilizou cerca de 2,5 mil agentes e resultou em 121 mortes, superando o n\u00famero de v\u00edtimas do Massacre do [&hellip;]<\/p>\n","protected":false},"author":14,"featured_media":133755,"comment_status":"open","ping_status":"open","sticky":false,"template":"","format":"standard","meta":{"_yoast_wpseo_focuskw":"Megaopera\u00e7\u00e3o","_yoast_wpseo_title":"","_yoast_wpseo_metadesc":"A viol\u00eancia constante nas favelas do Rio causa estresse, ansiedade e traumas coletivos que comprometem o bem-estar dos moradores.","jnews-multi-image_gallery":[],"jnews_single_post":{"format":"standard"},"jnews_primary_category":[],"jnews_social_meta":[],"jnews_override_counter":[],"footnotes":""},"categories":[4404],"post_tag":[120,404,1318],"class_list":["post-133754","post","type-post","status-publish","format-standard","has-post-thumbnail","hentry","category-saude","tag-bem-estar","tag-psicologia","tag-saude-2"],"yoast_head":"<!-- This site is optimized with the Yoast SEO plugin v24.6 - https:\/\/yoast.com\/wordpress\/plugins\/seo\/ -->\n<title>Como a viol\u00eancia afeta a sa\u00fade mental nas favelas - Correio Braziliense - Radar<\/title>\n<meta name=\"description\" content=\"A viol\u00eancia constante nas favelas do Rio causa estresse, ansiedade e traumas coletivos que comprometem o bem-estar dos moradores.\" \/>\n<meta name=\"robots\" content=\"index, follow, max-snippet:-1, max-image-preview:large, max-video-preview:-1\" \/>\n<link rel=\"canonical\" href=\"https:\/\/www.correiobraziliense.com.br\/cbradar\/como-a-violencia-afeta-a-saude-mental-nas-favelas\/\" \/>\n<meta property=\"og:locale\" content=\"pt_BR\" \/>\n<meta property=\"og:type\" content=\"article\" \/>\n<meta property=\"og:title\" content=\"Como a viol\u00eancia afeta a sa\u00fade mental nas favelas - Correio Braziliense - Radar\" \/>\n<meta property=\"og:description\" content=\"A viol\u00eancia constante nas favelas do Rio causa estresse, ansiedade e traumas coletivos que comprometem o bem-estar dos moradores.\" \/>\n<meta property=\"og:url\" content=\"https:\/\/www.correiobraziliense.com.br\/cbradar\/como-a-violencia-afeta-a-saude-mental-nas-favelas\/\" \/>\n<meta property=\"og:site_name\" content=\"Correio Braziliense - Radar\" \/>\n<meta property=\"article:published_time\" content=\"2025-11-09T18:55:00+00:00\" \/>\n<meta property=\"og:image\" content=\"https:\/\/www.correiobraziliense.com.br\/cbradar\/wp-content\/uploads\/2025\/11\/Policia_1762604239424.jpg\" \/>\n\t<meta property=\"og:image:width\" content=\"1280\" \/>\n\t<meta property=\"og:image:height\" content=\"720\" \/>\n\t<meta property=\"og:image:type\" content=\"image\/jpeg\" \/>\n<meta name=\"author\" content=\"guilherme_saude\" \/>\n<meta name=\"twitter:card\" content=\"summary_large_image\" \/>\n<meta name=\"twitter:label1\" content=\"Escrito por\" \/>\n\t<meta name=\"twitter:data1\" content=\"guilherme_saude\" \/>\n\t<meta name=\"twitter:label2\" content=\"Est. tempo de leitura\" \/>\n\t<meta name=\"twitter:data2\" content=\"4 minutos\" \/>\n<!-- \/ Yoast SEO plugin. -->","yoast_head_json":{"title":"Como a viol\u00eancia afeta a sa\u00fade mental nas favelas - Correio Braziliense - Radar","description":"A viol\u00eancia constante nas favelas do Rio causa estresse, ansiedade e traumas coletivos que comprometem o bem-estar dos moradores.","robots":{"index":"index","follow":"follow","max-snippet":"max-snippet:-1","max-image-preview":"max-image-preview:large","max-video-preview":"max-video-preview:-1"},"canonical":"https:\/\/www.correiobraziliense.com.br\/cbradar\/como-a-violencia-afeta-a-saude-mental-nas-favelas\/","og_locale":"pt_BR","og_type":"article","og_title":"Como a viol\u00eancia afeta a sa\u00fade mental nas favelas - Correio Braziliense - Radar","og_description":"A viol\u00eancia constante nas favelas do Rio causa estresse, ansiedade e traumas coletivos que comprometem o bem-estar dos moradores.","og_url":"https:\/\/www.correiobraziliense.com.br\/cbradar\/como-a-violencia-afeta-a-saude-mental-nas-favelas\/","og_site_name":"Correio Braziliense - Radar","article_published_time":"2025-11-09T18:55:00+00:00","og_image":[{"width":1280,"height":720,"url":"https:\/\/www.correiobraziliense.com.br\/cbradar\/wp-content\/uploads\/2025\/11\/Policia_1762604239424.jpg","type":"image\/jpeg"}],"author":"guilherme_saude","twitter_card":"summary_large_image","twitter_misc":{"Escrito por":"guilherme_saude","Est. tempo de leitura":"4 minutos"},"schema":{"@context":"https:\/\/schema.org","@graph":[{"@type":"WebPage","@id":"https:\/\/www.correiobraziliense.com.br\/cbradar\/como-a-violencia-afeta-a-saude-mental-nas-favelas\/","url":"https:\/\/www.correiobraziliense.com.br\/cbradar\/como-a-violencia-afeta-a-saude-mental-nas-favelas\/","name":"Como a viol\u00eancia afeta a sa\u00fade mental nas favelas - Correio Braziliense - Radar","isPartOf":{"@id":"https:\/\/www.correiobraziliense.com.br\/cbradar\/#website"},"primaryImageOfPage":{"@id":"https:\/\/www.correiobraziliense.com.br\/cbradar\/como-a-violencia-afeta-a-saude-mental-nas-favelas\/#primaryimage"},"image":{"@id":"https:\/\/www.correiobraziliense.com.br\/cbradar\/como-a-violencia-afeta-a-saude-mental-nas-favelas\/#primaryimage"},"thumbnailUrl":"https:\/\/www.correiobraziliense.com.br\/cbradar\/wp-content\/uploads\/2025\/11\/Policia_1762604239424.jpg","datePublished":"2025-11-09T18:55:00+00:00","author":{"@id":"https:\/\/www.correiobraziliense.com.br\/cbradar\/#\/schema\/person\/5aa4bf3c8fa699c267933611de12978b"},"description":"A viol\u00eancia constante nas favelas do Rio causa estresse, ansiedade e traumas coletivos que comprometem o bem-estar dos moradores.","breadcrumb":{"@id":"https:\/\/www.correiobraziliense.com.br\/cbradar\/como-a-violencia-afeta-a-saude-mental-nas-favelas\/#breadcrumb"},"inLanguage":"pt-BR","potentialAction":[{"@type":"ReadAction","target":["https:\/\/www.correiobraziliense.com.br\/cbradar\/como-a-violencia-afeta-a-saude-mental-nas-favelas\/"]}]},{"@type":"ImageObject","inLanguage":"pt-BR","@id":"https:\/\/www.correiobraziliense.com.br\/cbradar\/como-a-violencia-afeta-a-saude-mental-nas-favelas\/#primaryimage","url":"https:\/\/www.correiobraziliense.com.br\/cbradar\/wp-content\/uploads\/2025\/11\/Policia_1762604239424.jpg","contentUrl":"https:\/\/www.correiobraziliense.com.br\/cbradar\/wp-content\/uploads\/2025\/11\/Policia_1762604239424.jpg","width":1280,"height":720,"caption":"Megaopera\u00e7\u00e3o - Cr\u00e9ditos: depositphotos.com \/ zeferli@gmail.com"},{"@type":"BreadcrumbList","@id":"https:\/\/www.correiobraziliense.com.br\/cbradar\/como-a-violencia-afeta-a-saude-mental-nas-favelas\/#breadcrumb","itemListElement":[{"@type":"ListItem","position":1,"name":"In\u00edcio","item":"https:\/\/www.correiobraziliense.com.br\/cbradar\/"},{"@type":"ListItem","position":2,"name":"Como a viol\u00eancia afeta a sa\u00fade mental nas favelas"}]},{"@type":"WebSite","@id":"https:\/\/www.correiobraziliense.com.br\/cbradar\/#website","url":"https:\/\/www.correiobraziliense.com.br\/cbradar\/","name":"Correio Braziliense - Radar","description":"Acompanhe as \u00faltimas not\u00edcias e fique bem informado sobre tudo o que acontece no Brasil e no mundo.","potentialAction":[{"@type":"SearchAction","target":{"@type":"EntryPoint","urlTemplate":"https:\/\/www.correiobraziliense.com.br\/cbradar\/?s={search_term_string}"},"query-input":{"@type":"PropertyValueSpecification","valueRequired":true,"valueName":"search_term_string"}}],"inLanguage":"pt-BR"},{"@type":"Person","@id":"https:\/\/www.correiobraziliense.com.br\/cbradar\/#\/schema\/person\/5aa4bf3c8fa699c267933611de12978b","name":"guilherme_saude","image":{"@type":"ImageObject","inLanguage":"pt-BR","@id":"https:\/\/www.correiobraziliense.com.br\/cbradar\/#\/schema\/person\/image\/","url":"https:\/\/secure.gravatar.com\/avatar\/df9adfb835d344bc0af109d41756253f?s=96&d=mm&r=g","contentUrl":"https:\/\/secure.gravatar.com\/avatar\/df9adfb835d344bc0af109d41756253f?s=96&d=mm&r=g","caption":"guilherme_saude"},"url":"https:\/\/www.correiobraziliense.com.br\/cbradar\/author\/guilherme_saude\/"}]}},"_links":{"self":[{"href":"https:\/\/www.correiobraziliense.com.br\/cbradar\/wp-json\/wp\/v2\/posts\/133754","targetHints":{"allow":["GET"]}}],"collection":[{"href":"https:\/\/www.correiobraziliense.com.br\/cbradar\/wp-json\/wp\/v2\/posts"}],"about":[{"href":"https:\/\/www.correiobraziliense.com.br\/cbradar\/wp-json\/wp\/v2\/types\/post"}],"author":[{"embeddable":true,"href":"https:\/\/www.correiobraziliense.com.br\/cbradar\/wp-json\/wp\/v2\/users\/14"}],"replies":[{"embeddable":true,"href":"https:\/\/www.correiobraziliense.com.br\/cbradar\/wp-json\/wp\/v2\/comments?post=133754"}],"version-history":[{"count":1,"href":"https:\/\/www.correiobraziliense.com.br\/cbradar\/wp-json\/wp\/v2\/posts\/133754\/revisions"}],"predecessor-version":[{"id":133757,"href":"https:\/\/www.correiobraziliense.com.br\/cbradar\/wp-json\/wp\/v2\/posts\/133754\/revisions\/133757"}],"wp:featuredmedia":[{"embeddable":true,"href":"https:\/\/www.correiobraziliense.com.br\/cbradar\/wp-json\/wp\/v2\/media\/133755"}],"wp:attachment":[{"href":"https:\/\/www.correiobraziliense.com.br\/cbradar\/wp-json\/wp\/v2\/media?parent=133754"}],"wp:term":[{"taxonomy":"category","embeddable":true,"href":"https:\/\/www.correiobraziliense.com.br\/cbradar\/wp-json\/wp\/v2\/categories?post=133754"},{"taxonomy":"post_tag","embeddable":true,"href":"https:\/\/www.correiobraziliense.com.br\/cbradar\/wp-json\/wp\/v2\/post_tag?post=133754"}],"curies":[{"name":"wp","href":"https:\/\/api.w.org\/{rel}","templated":true}]}}