{"id":133783,"date":"2025-11-10T06:05:00","date_gmt":"2025-11-10T09:05:00","guid":{"rendered":"https:\/\/www.correiobraziliense.com.br\/cbradar\/?p=133783"},"modified":"2025-11-08T09:38:49","modified_gmt":"2025-11-08T12:38:49","slug":"descoberto-os-incriveis-beneficios-das-sementes-de-girassol","status":"publish","type":"post","link":"https:\/\/www.correiobraziliense.com.br\/cbradar\/descoberto-os-incriveis-beneficios-das-sementes-de-girassol\/","title":{"rendered":"Descoberto os incr\u00edveis benef\u00edcios das sementes de girassol"},"content":{"rendered":"\n<p>As <strong>Sementes de Girassol<\/strong> t\u00eam ganhado crescente popularidade n\u00e3o apenas entre entusiastas da alimenta\u00e7\u00e3o saud\u00e1vel, mas tamb\u00e9m entre aqueles que buscam maneiras pr\u00e1ticas de incrementar sua dieta com nutrientes essenciais. Al\u00e9m de serem uma fonte valiosa de gorduras boas e antioxidantes, estas sementes proporcionam diversos benef\u00edcios \u00e0 sa\u00fade, atuando na melhoria de v\u00e1rias fun\u00e7\u00f5es corporais.<\/p>\n\n\n\n<p>Historicamente apreciadas por v\u00e1rias culturas ao redor do mundo, as Sementes de Girassol s\u00e3o um exemplo de como a natureza oferece recursos extremamente nutritivos que podem ser facilmente incorporados na alimenta\u00e7\u00e3o di\u00e1ria. Os benef\u00edcios se estendem desde a regula\u00e7\u00e3o dos n\u00edveis de colesterol at\u00e9 melhorias na sa\u00fade da pele e do cabelo.<\/p>\n\n\n\n<h2 class=\"wp-block-heading\">Por que as Sementes de Girassol ajudam na sa\u00fade cardiovascular?<\/h2>\n\n\n\n<p>Num cen\u00e1rio onde cerca de 40% da popula\u00e7\u00e3o adulta no Brasil enfrenta n\u00edveis elevados de colesterol, conforme apontado pelo Minist\u00e9rio da Sa\u00fade, as Sementes de Girassol emergem como uma solu\u00e7\u00e3o natural e eficaz. Ricas em fitoster\u00f3is, essas sementes agem competindo com o colesterol durante a absor\u00e7\u00e3o intestinal, o que contribui significativamente para a redu\u00e7\u00e3o de sua concentra\u00e7\u00e3o no sangue. Al\u00e9m de serem aliadas na <a href=\"https:\/\/www.correiobraziliense.com.br\/cbradar\/faz-mal-sentar-de-pernas-cruzadas-entenda-agora\/\" target=\"_blank\" rel=\"noreferrer noopener\">sa\u00fade <\/a>cardiovascular, elas se destacam pela capacidade de fornecer nutrientes que s\u00e3o essenciais para o corpo de forma geral.<\/p>\n\n\n\n<h2 class=\"wp-block-heading\">Quais os benef\u00edcios das Sementes de Girassol para a pele?<\/h2>\n\n\n\n<p>A capacidade das Sementes de Girassol em proteger e nutrir a pele est\u00e1 diretamente relacionada \u00e0 presen\u00e7a de \u00e1cidos graxos essenciais, como o \u00e1cido linoleico. Estes componentes s\u00e3o fundamentais para a forma\u00e7\u00e3o de uma barreira lip\u00eddica eficaz, essencial para manter a hidrata\u00e7\u00e3o e combater o envelhecimento precoce. Al\u00e9m disso, a abund\u00e2ncia de vitamina E nas sementes favorece a prote\u00e7\u00e3o da pele contra os danos causados por raios UV, trazendo uma camada adicional de cuidado quando complementada ao uso regular de protetor solar.<\/p>\n\n\n<div class=\"wp-block-image\">\n<figure class=\"aligncenter size-large\"><img decoding=\"async\" width=\"1024\" height=\"576\" src=\"https:\/\/www.correiobraziliense.com.br\/cbradar\/wp-content\/uploads\/2025\/07\/sunflower-seeds_1752496905274-1024x576.jpg\" alt=\"\" class=\"wp-image-69625\" srcset=\"https:\/\/www.correiobraziliense.com.br\/cbradar\/wp-content\/uploads\/2025\/07\/sunflower-seeds_1752496905274-1024x576.jpg 1024w, https:\/\/www.correiobraziliense.com.br\/cbradar\/wp-content\/uploads\/2025\/07\/sunflower-seeds_1752496905274-300x169.jpg 300w, https:\/\/www.correiobraziliense.com.br\/cbradar\/wp-content\/uploads\/2025\/07\/sunflower-seeds_1752496905274-768x432.jpg 768w, https:\/\/www.correiobraziliense.com.br\/cbradar\/wp-content\/uploads\/2025\/07\/sunflower-seeds_1752496905274-750x422.jpg 750w, https:\/\/www.correiobraziliense.com.br\/cbradar\/wp-content\/uploads\/2025\/07\/sunflower-seeds_1752496905274-1140x641.jpg 1140w, https:\/\/www.correiobraziliense.com.br\/cbradar\/wp-content\/uploads\/2025\/07\/sunflower-seeds_1752496905274.jpg 1280w\" sizes=\"(max-width: 1024px) 100vw, 1024px\" \/><figcaption class=\"wp-element-caption\">Sementes de Girassol &#8211; Cr\u00e9ditos: depositphotos.com \/ Sasajo<\/figcaption><\/figure><\/div>\n\n\n<h2 class=\"wp-block-heading\">Como as Sementes de Girassol impulsionam a imunidade?<\/h2>\n\n\n\n<p>A promo\u00e7\u00e3o da sa\u00fade imunol\u00f3gica \u00e9 outro ponto em que as Sementes de Girassol se destacam. Com elevadas concentra\u00e7\u00f5es de zinco e sel\u00eanio, esses pequenos gr\u00e3os operam como catalisadores na produ\u00e7\u00e3o de c\u00e9lulas de defesa, fundamentais para prevenir infec\u00e7\u00f5es e gripes. Sua inclus\u00e3o na dieta pode representar um aliado valioso no fortalecimento do sistema imunol\u00f3gico, especialmente durante meses mais frios ou \u00e9pocas de doen\u00e7as sazonais.<\/p>\n\n\n\n<ul class=\"wp-block-list\">\n<li><strong>Fonte de Energia:<\/strong>\u00a0Com uma quantidade significativa de prote\u00ednas &#8211; cerca de 17,2 gramas por 100 gramas de sementes torradas &#8211; elas possibilitam alcan\u00e7ar a meta di\u00e1ria de consumo de prote\u00ednas, auxiliando em diversos processos metab\u00f3licos.<\/li>\n\n\n\n<li><strong>Sa\u00fade Capilar:<\/strong>\u00a0Nutrientes como vitamina B6, zinco e \u00e1cido pantot\u00eanico presentes nas sementes fortalecem os fol\u00edculos capilares e incentivam um crescimento saud\u00e1vel dos fios.<\/li>\n\n\n\n<li><strong>Contribui\u00e7\u00e3o para a Saciedade:<\/strong>\u00a0Com 11,5 gramas de fibras em 100 gramas de sementes torradas, essas sementes s\u00e3o essenciais para promover a saciedade e favorecer a sa\u00fade intestinal.<\/li>\n<\/ul>\n\n\n\n<h2 class=\"wp-block-heading\">Incorporando as Sementes de Girassol na rotina alimentar<\/h2>\n\n\n\n<p>Existem in\u00fameras maneiras criativas de integrar as Sementes de Girassol nas refei\u00e7\u00f5es do dia a dia. Elas podem ser salpicadas em saladas verdejantes para adicionar uma textura crocante e um incremento nutricional, ou trituradas e misturadas em smoothies, aumentando o teor proteico e energ\u00e9tico. Para os mais aventureiros na cozinha, as sementes podem servir como base para pat\u00eas saborosos, serem integradas na massa de p\u00e3es e bolos, ou ainda compor barras de cereais caseiras, oferecendo um lanche pr\u00e1tico e saud\u00e1vel.<\/p>\n\n\n\n<p>Quando usadas de forma moderada, as Sementes de Girassol tornam-se uma parte valiosa de uma dieta equilibrada, enriquecendo cada refei\u00e7\u00e3o com sabor e benef\u00edcios multifacetados para a sa\u00fade. \u00c9 importante lembrar que, apesar de todos os seus benef\u00edcios, o consumo deve ser dosado para evitar quaisquer desequil\u00edbrios nutricionais.<\/p>\n\n\n<a href=\"https:\/\/www.instagram.com\/dra.annaluisabf\/\" target=\"_blank\" rel=\"noopener\" style=\"text-decoration: none; color: inherit;\">\n    <span style=\"display: inline-block; border: 1px solid #ccc; border-radius: 10px; padding: 15px; max-width: 550px; font-family: sans-serif; box-shadow: 0 2px 5px rgba(0,0,0,0.1); width: 100%;\">\n\n      <!-- T\u00edtulo -->\n      <span style=\"display: block; margin: 0 0 15px 0; font-weight: bold; color: #2c3e50; text-align: center;\">\n        Entre em contato:\n      <\/span>\n\n      <!-- Linha do perfil -->\n      <span style=\"display: flex; align-items: center; gap: 15px;\">\n        <img decoding=\"async\"\n          src=\"https:\/\/www.correiobraziliense.com.br\/cbradar\/wp-content\/uploads\/2025\/08\/dra_anna_luisa.jpeg\"\n          alt=\"Foto da Dra. Anna Lu\u00edsa\"\n          style=\"border-radius: 50%; width: 80px; height: 80px; object-fit: cover;\"\n        \/>\n        <span style=\"display: flex; flex-direction: column;\">\n          <span style=\"font-size: 18px; font-weight: 700; color: #2c3e50;\">Dra. Anna Lu\u00edsa Barbosa Fernandes<\/span>\n          <span style=\"color: #555;\">CRM-GO 33.271<\/span>\n        <\/span>\n      <\/span>\n\n      <!-- Redes -->\n      <span style=\"display: flex; align-items: center; gap: 10px; margin-top: 12px;\">\n        <img decoding=\"async\" src=\"https:\/\/cdn-icons-png.flaticon.com\/24\/1384\/1384063.png\" alt=\"Instagram\" width=\"24\" height=\"24\" \/>\n        <span style=\"text-decoration: underline; color: #2c3e50;\">@dra.annaluisabf<\/span>\n      <\/span>\n\n    <\/span>\n  <\/a>","protected":false},"excerpt":{"rendered":"<p>As Sementes de Girassol t\u00eam ganhado crescente popularidade n\u00e3o apenas entre entusiastas da alimenta\u00e7\u00e3o saud\u00e1vel, mas tamb\u00e9m entre aqueles que buscam maneiras pr\u00e1ticas de incrementar sua dieta com nutrientes essenciais. Al\u00e9m de serem uma fonte valiosa de gorduras boas e antioxidantes, estas sementes proporcionam diversos benef\u00edcios \u00e0 sa\u00fade, atuando na melhoria de v\u00e1rias fun\u00e7\u00f5es corporais. [&hellip;]<\/p>\n","protected":false},"author":14,"featured_media":69623,"comment_status":"open","ping_status":"open","sticky":false,"template":"","format":"standard","meta":{"_yoast_wpseo_focuskw":"Sementes de Girassol","_yoast_wpseo_title":"","_yoast_wpseo_metadesc":"Saiba como as sementes de girassol reduzem o colesterol, nutrem a pele e fortalecem o sistema imunol\u00f3gico. Descubra seus benef\u00edcios.","jnews-multi-image_gallery":[],"jnews_single_post":{"format":"standard"},"jnews_primary_category":[],"jnews_social_meta":[],"jnews_override_counter":[],"footnotes":""},"categories":[4404],"post_tag":[1423,120,1318],"class_list":["post-133783","post","type-post","status-publish","format-standard","has-post-thumbnail","hentry","category-saude","tag-alimentos","tag-bem-estar","tag-saude-2"],"yoast_head":"<!-- This site is optimized with the Yoast SEO plugin v24.6 - https:\/\/yoast.com\/wordpress\/plugins\/seo\/ -->\n<title>Descoberto os incr\u00edveis benef\u00edcios das sementes de girassol - Correio Braziliense - Radar<\/title>\n<meta name=\"description\" content=\"Saiba como as sementes de girassol reduzem o colesterol, nutrem a pele e fortalecem o sistema imunol\u00f3gico. Descubra seus benef\u00edcios.\" \/>\n<meta name=\"robots\" content=\"index, follow, max-snippet:-1, max-image-preview:large, max-video-preview:-1\" \/>\n<link rel=\"canonical\" href=\"https:\/\/www.correiobraziliense.com.br\/cbradar\/descoberto-os-incriveis-beneficios-das-sementes-de-girassol\/\" \/>\n<meta property=\"og:locale\" content=\"pt_BR\" \/>\n<meta property=\"og:type\" content=\"article\" \/>\n<meta property=\"og:title\" content=\"Descoberto os incr\u00edveis benef\u00edcios das sementes de girassol - Correio Braziliense - Radar\" \/>\n<meta property=\"og:description\" content=\"Saiba como as sementes de girassol reduzem o colesterol, nutrem a pele e fortalecem o sistema imunol\u00f3gico. Descubra seus benef\u00edcios.\" \/>\n<meta property=\"og:url\" content=\"https:\/\/www.correiobraziliense.com.br\/cbradar\/descoberto-os-incriveis-beneficios-das-sementes-de-girassol\/\" \/>\n<meta property=\"og:site_name\" content=\"Correio Braziliense - Radar\" \/>\n<meta property=\"article:published_time\" content=\"2025-11-10T09:05:00+00:00\" \/>\n<meta property=\"og:image\" content=\"https:\/\/www.correiobraziliense.com.br\/cbradar\/wp-content\/uploads\/2025\/07\/sementes-de-girassol_1752496850654.jpg\" \/>\n\t<meta property=\"og:image:width\" content=\"1280\" \/>\n\t<meta property=\"og:image:height\" content=\"720\" \/>\n\t<meta property=\"og:image:type\" content=\"image\/jpeg\" \/>\n<meta name=\"author\" content=\"guilherme_saude\" \/>\n<meta name=\"twitter:card\" content=\"summary_large_image\" \/>\n<meta name=\"twitter:label1\" content=\"Escrito por\" \/>\n\t<meta name=\"twitter:data1\" content=\"guilherme_saude\" \/>\n\t<meta name=\"twitter:label2\" content=\"Est. tempo de leitura\" \/>\n\t<meta name=\"twitter:data2\" content=\"5 minutos\" \/>\n<!-- \/ Yoast SEO plugin. -->","yoast_head_json":{"title":"Descoberto os incr\u00edveis benef\u00edcios das sementes de girassol - Correio Braziliense - Radar","description":"Saiba como as sementes de girassol reduzem o colesterol, nutrem a pele e fortalecem o sistema imunol\u00f3gico. Descubra seus benef\u00edcios.","robots":{"index":"index","follow":"follow","max-snippet":"max-snippet:-1","max-image-preview":"max-image-preview:large","max-video-preview":"max-video-preview:-1"},"canonical":"https:\/\/www.correiobraziliense.com.br\/cbradar\/descoberto-os-incriveis-beneficios-das-sementes-de-girassol\/","og_locale":"pt_BR","og_type":"article","og_title":"Descoberto os incr\u00edveis benef\u00edcios das sementes de girassol - Correio Braziliense - Radar","og_description":"Saiba como as sementes de girassol reduzem o colesterol, nutrem a pele e fortalecem o sistema imunol\u00f3gico. Descubra seus benef\u00edcios.","og_url":"https:\/\/www.correiobraziliense.com.br\/cbradar\/descoberto-os-incriveis-beneficios-das-sementes-de-girassol\/","og_site_name":"Correio Braziliense - Radar","article_published_time":"2025-11-10T09:05:00+00:00","og_image":[{"width":1280,"height":720,"url":"https:\/\/www.correiobraziliense.com.br\/cbradar\/wp-content\/uploads\/2025\/07\/sementes-de-girassol_1752496850654.jpg","type":"image\/jpeg"}],"author":"guilherme_saude","twitter_card":"summary_large_image","twitter_misc":{"Escrito por":"guilherme_saude","Est. tempo de leitura":"5 minutos"},"schema":{"@context":"https:\/\/schema.org","@graph":[{"@type":"WebPage","@id":"https:\/\/www.correiobraziliense.com.br\/cbradar\/descoberto-os-incriveis-beneficios-das-sementes-de-girassol\/","url":"https:\/\/www.correiobraziliense.com.br\/cbradar\/descoberto-os-incriveis-beneficios-das-sementes-de-girassol\/","name":"Descoberto os incr\u00edveis benef\u00edcios das sementes de girassol - Correio Braziliense - Radar","isPartOf":{"@id":"https:\/\/www.correiobraziliense.com.br\/cbradar\/#website"},"primaryImageOfPage":{"@id":"https:\/\/www.correiobraziliense.com.br\/cbradar\/descoberto-os-incriveis-beneficios-das-sementes-de-girassol\/#primaryimage"},"image":{"@id":"https:\/\/www.correiobraziliense.com.br\/cbradar\/descoberto-os-incriveis-beneficios-das-sementes-de-girassol\/#primaryimage"},"thumbnailUrl":"https:\/\/www.correiobraziliense.com.br\/cbradar\/wp-content\/uploads\/2025\/07\/sementes-de-girassol_1752496850654.jpg","datePublished":"2025-11-10T09:05:00+00:00","author":{"@id":"https:\/\/www.correiobraziliense.com.br\/cbradar\/#\/schema\/person\/5aa4bf3c8fa699c267933611de12978b"},"description":"Saiba como as sementes de girassol reduzem o colesterol, nutrem a pele e fortalecem o sistema imunol\u00f3gico. Descubra seus benef\u00edcios.","breadcrumb":{"@id":"https:\/\/www.correiobraziliense.com.br\/cbradar\/descoberto-os-incriveis-beneficios-das-sementes-de-girassol\/#breadcrumb"},"inLanguage":"pt-BR","potentialAction":[{"@type":"ReadAction","target":["https:\/\/www.correiobraziliense.com.br\/cbradar\/descoberto-os-incriveis-beneficios-das-sementes-de-girassol\/"]}]},{"@type":"ImageObject","inLanguage":"pt-BR","@id":"https:\/\/www.correiobraziliense.com.br\/cbradar\/descoberto-os-incriveis-beneficios-das-sementes-de-girassol\/#primaryimage","url":"https:\/\/www.correiobraziliense.com.br\/cbradar\/wp-content\/uploads\/2025\/07\/sementes-de-girassol_1752496850654.jpg","contentUrl":"https:\/\/www.correiobraziliense.com.br\/cbradar\/wp-content\/uploads\/2025\/07\/sementes-de-girassol_1752496850654.jpg","width":1280,"height":720,"caption":"Sementes de Girassol - Cr\u00e9ditos: depositphotos.com \/ VIZAFOTO"},{"@type":"BreadcrumbList","@id":"https:\/\/www.correiobraziliense.com.br\/cbradar\/descoberto-os-incriveis-beneficios-das-sementes-de-girassol\/#breadcrumb","itemListElement":[{"@type":"ListItem","position":1,"name":"In\u00edcio","item":"https:\/\/www.correiobraziliense.com.br\/cbradar\/"},{"@type":"ListItem","position":2,"name":"Descoberto os incr\u00edveis benef\u00edcios das sementes de girassol"}]},{"@type":"WebSite","@id":"https:\/\/www.correiobraziliense.com.br\/cbradar\/#website","url":"https:\/\/www.correiobraziliense.com.br\/cbradar\/","name":"Correio Braziliense - Radar","description":"Acompanhe as \u00faltimas not\u00edcias e fique bem informado sobre tudo o que acontece no Brasil e no mundo.","potentialAction":[{"@type":"SearchAction","target":{"@type":"EntryPoint","urlTemplate":"https:\/\/www.correiobraziliense.com.br\/cbradar\/?s={search_term_string}"},"query-input":{"@type":"PropertyValueSpecification","valueRequired":true,"valueName":"search_term_string"}}],"inLanguage":"pt-BR"},{"@type":"Person","@id":"https:\/\/www.correiobraziliense.com.br\/cbradar\/#\/schema\/person\/5aa4bf3c8fa699c267933611de12978b","name":"guilherme_saude","image":{"@type":"ImageObject","inLanguage":"pt-BR","@id":"https:\/\/www.correiobraziliense.com.br\/cbradar\/#\/schema\/person\/image\/","url":"https:\/\/secure.gravatar.com\/avatar\/df9adfb835d344bc0af109d41756253f?s=96&d=mm&r=g","contentUrl":"https:\/\/secure.gravatar.com\/avatar\/df9adfb835d344bc0af109d41756253f?s=96&d=mm&r=g","caption":"guilherme_saude"},"url":"https:\/\/www.correiobraziliense.com.br\/cbradar\/author\/guilherme_saude\/"}]}},"_links":{"self":[{"href":"https:\/\/www.correiobraziliense.com.br\/cbradar\/wp-json\/wp\/v2\/posts\/133783","targetHints":{"allow":["GET"]}}],"collection":[{"href":"https:\/\/www.correiobraziliense.com.br\/cbradar\/wp-json\/wp\/v2\/posts"}],"about":[{"href":"https:\/\/www.correiobraziliense.com.br\/cbradar\/wp-json\/wp\/v2\/types\/post"}],"author":[{"embeddable":true,"href":"https:\/\/www.correiobraziliense.com.br\/cbradar\/wp-json\/wp\/v2\/users\/14"}],"replies":[{"embeddable":true,"href":"https:\/\/www.correiobraziliense.com.br\/cbradar\/wp-json\/wp\/v2\/comments?post=133783"}],"version-history":[{"count":1,"href":"https:\/\/www.correiobraziliense.com.br\/cbradar\/wp-json\/wp\/v2\/posts\/133783\/revisions"}],"predecessor-version":[{"id":133786,"href":"https:\/\/www.correiobraziliense.com.br\/cbradar\/wp-json\/wp\/v2\/posts\/133783\/revisions\/133786"}],"wp:featuredmedia":[{"embeddable":true,"href":"https:\/\/www.correiobraziliense.com.br\/cbradar\/wp-json\/wp\/v2\/media\/69623"}],"wp:attachment":[{"href":"https:\/\/www.correiobraziliense.com.br\/cbradar\/wp-json\/wp\/v2\/media?parent=133783"}],"wp:term":[{"taxonomy":"category","embeddable":true,"href":"https:\/\/www.correiobraziliense.com.br\/cbradar\/wp-json\/wp\/v2\/categories?post=133783"},{"taxonomy":"post_tag","embeddable":true,"href":"https:\/\/www.correiobraziliense.com.br\/cbradar\/wp-json\/wp\/v2\/post_tag?post=133783"}],"curies":[{"name":"wp","href":"https:\/\/api.w.org\/{rel}","templated":true}]}}