{"id":133788,"date":"2025-11-10T07:45:00","date_gmt":"2025-11-10T10:45:00","guid":{"rendered":"https:\/\/www.correiobraziliense.com.br\/cbradar\/?p=133788"},"modified":"2025-11-08T09:43:19","modified_gmt":"2025-11-08T12:43:19","slug":"como-identificar-os-primeiros-sinais-de-perda-auditiva","status":"publish","type":"post","link":"https:\/\/www.correiobraziliense.com.br\/cbradar\/como-identificar-os-primeiros-sinais-de-perda-auditiva\/","title":{"rendered":"Como identificar os primeiros sinais de perda auditiva"},"content":{"rendered":"\n<p>Em um mundo em que a sa\u00fade \u00e9 prioridade, compreender os sinais e sintomas do corpo pode ser crucial para manter a qualidade de vida. Dentre os m\u00faltiplos sinais que o corpo emite, a <strong>Perda Auditiva <\/strong>\u00e9 um dos que pode passar despercebido e, em muitos casos, ser tratado inadequadamente. A audi\u00e7\u00e3o \u00e9 essencial para diversas intera\u00e7\u00f5es di\u00e1rias e uma perda nesta \u00e1rea pode impactar significativamente a qualidade de vida de uma pessoa. Este artigo discutir\u00e1 a import\u00e2ncia de reconhecer precocemente os sinais de Perda Auditiva, explorando as poss\u00edveis causas e abordagens para tratamento.<\/p>\n\n\n\n<p>A perda auditiva pode resultar de diversas causas, que variam desde fatores ambientais at\u00e9 raz\u00f5es gen\u00e9ticas. A exposi\u00e7\u00e3o cont\u00ednua a ru\u00eddos altos, como em locais de trabalho industriais, \u00e9 uma das causas mais comuns de defici\u00eancia auditiva, conhecida como Perda Auditiva induzida por ru\u00eddo. Al\u00e9m disso, infec\u00e7\u00f5es no ouvido, ac\u00famulo de cera e problemas gen\u00e9ticos ou cong\u00eanitos tamb\u00e9m podem contribuir para essa condi\u00e7\u00e3o. Identificar e tratar os sintomas o mais r\u00e1pido poss\u00edvel pode reduzir o impacto da Perda Auditiva na vida di\u00e1ria de uma pessoa.<\/p>\n\n\n\n<h2 class=\"wp-block-heading\">Quais s\u00e3o os principais sinais de Perda Auditiva?<\/h2>\n\n\n\n<p>Os sinais de Perda Auditiva podem ser sutis no in\u00edcio, mas tendem a se intensificar com o tempo. Um dos sinais precoces \u00e9 a dificuldade em compreender conversas, especialmente em ambientes ruidosos. Pessoas com Perda Auditiva frequentemente pedem que outros repitam palavras ou frases durante uma conversa. Al\u00e9m disso, pode haver uma tend\u00eancia a aumentar o volume da TV ou de aparelhos sonoros, por exemplo, mais do que frequentemente os outros necessitam. Esses sinais, embora aparentem ser inofensivos, muitas vezes s\u00e3o os indicadores de que \u00e9 necess\u00e1rio procurar uma avalia\u00e7\u00e3o m\u00e9dica.<\/p>\n\n\n<div class=\"wp-block-image\">\n<figure class=\"aligncenter size-large\"><img decoding=\"async\" width=\"1024\" height=\"576\" src=\"https:\/\/www.correiobraziliense.com.br\/cbradar\/wp-content\/uploads\/2025\/10\/Perda-Auditiva_1761601862559-1024x576.jpg\" alt=\"\" class=\"wp-image-127050\" srcset=\"https:\/\/www.correiobraziliense.com.br\/cbradar\/wp-content\/uploads\/2025\/10\/Perda-Auditiva_1761601862559-1024x576.jpg 1024w, https:\/\/www.correiobraziliense.com.br\/cbradar\/wp-content\/uploads\/2025\/10\/Perda-Auditiva_1761601862559-300x169.jpg 300w, https:\/\/www.correiobraziliense.com.br\/cbradar\/wp-content\/uploads\/2025\/10\/Perda-Auditiva_1761601862559-768x432.jpg 768w, https:\/\/www.correiobraziliense.com.br\/cbradar\/wp-content\/uploads\/2025\/10\/Perda-Auditiva_1761601862559-750x422.jpg 750w, https:\/\/www.correiobraziliense.com.br\/cbradar\/wp-content\/uploads\/2025\/10\/Perda-Auditiva_1761601862559-1140x641.jpg 1140w, https:\/\/www.correiobraziliense.com.br\/cbradar\/wp-content\/uploads\/2025\/10\/Perda-Auditiva_1761601862559.jpg 1280w\" sizes=\"(max-width: 1024px) 100vw, 1024px\" \/><figcaption class=\"wp-element-caption\">Perda Auditiva &#8211; Cr\u00e9ditos: depositphotos.com \/ HayDmitriy<\/figcaption><\/figure><\/div>\n\n\n<h2 class=\"wp-block-heading\">Como a Perda Auditiva pode afetar a qualidade de vida?<\/h2>\n\n\n\n<p>A Perda Auditiva pode ter efeitos abrangentes na vida de uma pessoa, afetando n\u00e3o apenas a comunica\u00e7\u00e3o, mas tamb\u00e9m o bem-estar emocional e social. Indiv\u00edduos com Perda Auditiva podem sentir isolamento, depression e ansiedade devido a dificuldades de intera\u00e7\u00e3o social. Al\u00e9m disso, a capacidade de desempenhar tarefas di\u00e1rias pode ser comprometida, afetando o trabalho e as rela\u00e7\u00f5es pessoais. Tratar a perda auditiva, portanto, n\u00e3o \u00e9 apenas uma quest\u00e3o de sa\u00fade f\u00edsica, mas tamb\u00e9m de <a href=\"https:\/\/www.correiobraziliense.com.br\/cbradar\/faz-mal-sentar-de-pernas-cruzadas-entenda-agora\/\" target=\"_blank\" rel=\"noreferrer noopener\">sa\u00fade <\/a>mental e qualidade de vida.<\/p>\n\n\n\n<h2 class=\"wp-block-heading\">Quais s\u00e3o as op\u00e7\u00f5es de tratamento para a Perda Auditiva?<\/h2>\n\n\n\n<p>O tratamento para Perda Auditiva depende da causa subjacente e do grau de defici\u00eancia. Para quem sofre de bloqueios auditivos devido a ceras, uma simples remo\u00e7\u00e3o pode restaurar a capacidade auditiva. Em casos de infec\u00e7\u00f5es, tratamentos antibi\u00f3ticos podem ser eficazes. Para perdas auditivas mais permanentes, aparelhos auditivos s\u00e3o amplamente utilizados para amplificar sons externos e melhorar a comunica\u00e7\u00e3o. Implantes cocleares s\u00e3o uma op\u00e7\u00e3o para Perda Auditiva severa, proporcionando est\u00edmulos diretos ao nervo auditivo. \u00c9 fundamental que o tratamento seja acompanhado por profissionais especializados que possam indicar o melhor caminho a seguir.<\/p>\n\n\n\n<p>Compreender a Perda Auditiva, seus sinais e tratamentos, \u00e9 fundamental para qualquer pessoa que busca manter uma boa qualidade de vida. Embora pare\u00e7a um desafio no in\u00edcio, a interven\u00e7\u00e3o m\u00e9dica adequada pode mitigar os impactos da Perda Auditiva, garantindo que a comunica\u00e7\u00e3o e as intera\u00e7\u00f5es sociais continuem a enriquecer a vida das pessoas.<\/p>\n\n\n<a href=\"https:\/\/www.instagram.com\/dra.annaluisabf\/\" target=\"_blank\" rel=\"noopener\" style=\"text-decoration: none; color: inherit;\">\n    <span style=\"display: inline-block; border: 1px solid #ccc; border-radius: 10px; padding: 15px; max-width: 550px; font-family: sans-serif; box-shadow: 0 2px 5px rgba(0,0,0,0.1); width: 100%;\">\n\n      <!-- T\u00edtulo -->\n      <span style=\"display: block; margin: 0 0 15px 0; font-weight: bold; color: #2c3e50; text-align: center;\">\n        Entre em contato:\n      <\/span>\n\n      <!-- Linha do perfil -->\n      <span style=\"display: flex; align-items: center; gap: 15px;\">\n        <img decoding=\"async\"\n          src=\"https:\/\/www.correiobraziliense.com.br\/cbradar\/wp-content\/uploads\/2025\/08\/dra_anna_luisa.jpeg\"\n          alt=\"Foto da Dra. Anna Lu\u00edsa\"\n          style=\"border-radius: 50%; width: 80px; height: 80px; object-fit: cover;\"\n        \/>\n        <span style=\"display: flex; flex-direction: column;\">\n          <span style=\"font-size: 18px; font-weight: 700; color: #2c3e50;\">Dra. Anna Lu\u00edsa Barbosa Fernandes<\/span>\n          <span style=\"color: #555;\">CRM-GO 33.271<\/span>\n        <\/span>\n      <\/span>\n\n      <!-- Redes -->\n      <span style=\"display: flex; align-items: center; gap: 10px; margin-top: 12px;\">\n        <img decoding=\"async\" src=\"https:\/\/cdn-icons-png.flaticon.com\/24\/1384\/1384063.png\" alt=\"Instagram\" width=\"24\" height=\"24\" \/>\n        <span style=\"text-decoration: underline; color: #2c3e50;\">@dra.annaluisabf<\/span>\n      <\/span>\n\n    <\/span>\n  <\/a>","protected":false},"excerpt":{"rendered":"<p>Em um mundo em que a sa\u00fade \u00e9 prioridade, compreender os sinais e sintomas do corpo pode ser crucial para manter a qualidade de vida. Dentre os m\u00faltiplos sinais que o corpo emite, a Perda Auditiva \u00e9 um dos que pode passar despercebido e, em muitos casos, ser tratado inadequadamente. A audi\u00e7\u00e3o \u00e9 essencial para [&hellip;]<\/p>\n","protected":false},"author":14,"featured_media":127048,"comment_status":"open","ping_status":"open","sticky":false,"template":"","format":"standard","meta":{"_yoast_wpseo_focuskw":"Perdas Auditivas","_yoast_wpseo_title":"","_yoast_wpseo_metadesc":"Dificuldade para ouvir pode ser um dos primeiros sinais de perda auditiva. Saiba quando procurar um m\u00e9dico e como tratar.","jnews-multi-image_gallery":[],"jnews_single_post":{"format":"standard"},"jnews_primary_category":[],"jnews_social_meta":[],"jnews_override_counter":[],"footnotes":""},"categories":[4404],"post_tag":[120,11476,1318],"class_list":["post-133788","post","type-post","status-publish","format-standard","has-post-thumbnail","hentry","category-saude","tag-bem-estar","tag-perda-auditiva","tag-saude-2"],"yoast_head":"<!-- This site is optimized with the Yoast SEO plugin v24.6 - https:\/\/yoast.com\/wordpress\/plugins\/seo\/ -->\n<title>Como identificar os primeiros sinais de perda auditiva - Correio Braziliense - Radar<\/title>\n<meta name=\"description\" content=\"Dificuldade para ouvir pode ser um dos primeiros sinais de perda auditiva. Saiba quando procurar um m\u00e9dico e como tratar.\" \/>\n<meta name=\"robots\" content=\"index, follow, max-snippet:-1, max-image-preview:large, max-video-preview:-1\" \/>\n<link rel=\"canonical\" href=\"https:\/\/www.correiobraziliense.com.br\/cbradar\/como-identificar-os-primeiros-sinais-de-perda-auditiva\/\" \/>\n<meta property=\"og:locale\" content=\"pt_BR\" \/>\n<meta property=\"og:type\" content=\"article\" \/>\n<meta property=\"og:title\" content=\"Como identificar os primeiros sinais de perda auditiva - Correio Braziliense - Radar\" \/>\n<meta property=\"og:description\" content=\"Dificuldade para ouvir pode ser um dos primeiros sinais de perda auditiva. Saiba quando procurar um m\u00e9dico e como tratar.\" \/>\n<meta property=\"og:url\" content=\"https:\/\/www.correiobraziliense.com.br\/cbradar\/como-identificar-os-primeiros-sinais-de-perda-auditiva\/\" \/>\n<meta property=\"og:site_name\" content=\"Correio Braziliense - Radar\" \/>\n<meta property=\"article:published_time\" content=\"2025-11-10T10:45:00+00:00\" \/>\n<meta property=\"og:image\" content=\"https:\/\/www.correiobraziliense.com.br\/cbradar\/wp-content\/uploads\/2025\/10\/Perda-Auditiva_1761601794558.jpg\" \/>\n\t<meta property=\"og:image:width\" content=\"1280\" \/>\n\t<meta property=\"og:image:height\" content=\"720\" \/>\n\t<meta property=\"og:image:type\" content=\"image\/jpeg\" \/>\n<meta name=\"author\" content=\"guilherme_saude\" \/>\n<meta name=\"twitter:card\" content=\"summary_large_image\" \/>\n<meta name=\"twitter:label1\" content=\"Escrito por\" \/>\n\t<meta name=\"twitter:data1\" content=\"guilherme_saude\" \/>\n\t<meta name=\"twitter:label2\" content=\"Est. tempo de leitura\" \/>\n\t<meta name=\"twitter:data2\" content=\"4 minutos\" \/>\n<!-- \/ Yoast SEO plugin. -->","yoast_head_json":{"title":"Como identificar os primeiros sinais de perda auditiva - Correio Braziliense - Radar","description":"Dificuldade para ouvir pode ser um dos primeiros sinais de perda auditiva. Saiba quando procurar um m\u00e9dico e como tratar.","robots":{"index":"index","follow":"follow","max-snippet":"max-snippet:-1","max-image-preview":"max-image-preview:large","max-video-preview":"max-video-preview:-1"},"canonical":"https:\/\/www.correiobraziliense.com.br\/cbradar\/como-identificar-os-primeiros-sinais-de-perda-auditiva\/","og_locale":"pt_BR","og_type":"article","og_title":"Como identificar os primeiros sinais de perda auditiva - Correio Braziliense - Radar","og_description":"Dificuldade para ouvir pode ser um dos primeiros sinais de perda auditiva. Saiba quando procurar um m\u00e9dico e como tratar.","og_url":"https:\/\/www.correiobraziliense.com.br\/cbradar\/como-identificar-os-primeiros-sinais-de-perda-auditiva\/","og_site_name":"Correio Braziliense - Radar","article_published_time":"2025-11-10T10:45:00+00:00","og_image":[{"width":1280,"height":720,"url":"https:\/\/www.correiobraziliense.com.br\/cbradar\/wp-content\/uploads\/2025\/10\/Perda-Auditiva_1761601794558.jpg","type":"image\/jpeg"}],"author":"guilherme_saude","twitter_card":"summary_large_image","twitter_misc":{"Escrito por":"guilherme_saude","Est. tempo de leitura":"4 minutos"},"schema":{"@context":"https:\/\/schema.org","@graph":[{"@type":"WebPage","@id":"https:\/\/www.correiobraziliense.com.br\/cbradar\/como-identificar-os-primeiros-sinais-de-perda-auditiva\/","url":"https:\/\/www.correiobraziliense.com.br\/cbradar\/como-identificar-os-primeiros-sinais-de-perda-auditiva\/","name":"Como identificar os primeiros sinais de perda auditiva - Correio Braziliense - Radar","isPartOf":{"@id":"https:\/\/www.correiobraziliense.com.br\/cbradar\/#website"},"primaryImageOfPage":{"@id":"https:\/\/www.correiobraziliense.com.br\/cbradar\/como-identificar-os-primeiros-sinais-de-perda-auditiva\/#primaryimage"},"image":{"@id":"https:\/\/www.correiobraziliense.com.br\/cbradar\/como-identificar-os-primeiros-sinais-de-perda-auditiva\/#primaryimage"},"thumbnailUrl":"https:\/\/www.correiobraziliense.com.br\/cbradar\/wp-content\/uploads\/2025\/10\/Perda-Auditiva_1761601794558.jpg","datePublished":"2025-11-10T10:45:00+00:00","author":{"@id":"https:\/\/www.correiobraziliense.com.br\/cbradar\/#\/schema\/person\/5aa4bf3c8fa699c267933611de12978b"},"description":"Dificuldade para ouvir pode ser um dos primeiros sinais de perda auditiva. Saiba quando procurar um m\u00e9dico e como tratar.","breadcrumb":{"@id":"https:\/\/www.correiobraziliense.com.br\/cbradar\/como-identificar-os-primeiros-sinais-de-perda-auditiva\/#breadcrumb"},"inLanguage":"pt-BR","potentialAction":[{"@type":"ReadAction","target":["https:\/\/www.correiobraziliense.com.br\/cbradar\/como-identificar-os-primeiros-sinais-de-perda-auditiva\/"]}]},{"@type":"ImageObject","inLanguage":"pt-BR","@id":"https:\/\/www.correiobraziliense.com.br\/cbradar\/como-identificar-os-primeiros-sinais-de-perda-auditiva\/#primaryimage","url":"https:\/\/www.correiobraziliense.com.br\/cbradar\/wp-content\/uploads\/2025\/10\/Perda-Auditiva_1761601794558.jpg","contentUrl":"https:\/\/www.correiobraziliense.com.br\/cbradar\/wp-content\/uploads\/2025\/10\/Perda-Auditiva_1761601794558.jpg","width":1280,"height":720,"caption":"Perda Auditiva - Cr\u00e9ditos: depositphotos.com \/ 9nong"},{"@type":"BreadcrumbList","@id":"https:\/\/www.correiobraziliense.com.br\/cbradar\/como-identificar-os-primeiros-sinais-de-perda-auditiva\/#breadcrumb","itemListElement":[{"@type":"ListItem","position":1,"name":"In\u00edcio","item":"https:\/\/www.correiobraziliense.com.br\/cbradar\/"},{"@type":"ListItem","position":2,"name":"Como identificar os primeiros sinais de perda auditiva"}]},{"@type":"WebSite","@id":"https:\/\/www.correiobraziliense.com.br\/cbradar\/#website","url":"https:\/\/www.correiobraziliense.com.br\/cbradar\/","name":"Correio Braziliense - Radar","description":"Acompanhe as \u00faltimas not\u00edcias e fique bem informado sobre tudo o que acontece no Brasil e no mundo.","potentialAction":[{"@type":"SearchAction","target":{"@type":"EntryPoint","urlTemplate":"https:\/\/www.correiobraziliense.com.br\/cbradar\/?s={search_term_string}"},"query-input":{"@type":"PropertyValueSpecification","valueRequired":true,"valueName":"search_term_string"}}],"inLanguage":"pt-BR"},{"@type":"Person","@id":"https:\/\/www.correiobraziliense.com.br\/cbradar\/#\/schema\/person\/5aa4bf3c8fa699c267933611de12978b","name":"guilherme_saude","image":{"@type":"ImageObject","inLanguage":"pt-BR","@id":"https:\/\/www.correiobraziliense.com.br\/cbradar\/#\/schema\/person\/image\/","url":"https:\/\/secure.gravatar.com\/avatar\/df9adfb835d344bc0af109d41756253f?s=96&d=mm&r=g","contentUrl":"https:\/\/secure.gravatar.com\/avatar\/df9adfb835d344bc0af109d41756253f?s=96&d=mm&r=g","caption":"guilherme_saude"},"url":"https:\/\/www.correiobraziliense.com.br\/cbradar\/author\/guilherme_saude\/"}]}},"_links":{"self":[{"href":"https:\/\/www.correiobraziliense.com.br\/cbradar\/wp-json\/wp\/v2\/posts\/133788","targetHints":{"allow":["GET"]}}],"collection":[{"href":"https:\/\/www.correiobraziliense.com.br\/cbradar\/wp-json\/wp\/v2\/posts"}],"about":[{"href":"https:\/\/www.correiobraziliense.com.br\/cbradar\/wp-json\/wp\/v2\/types\/post"}],"author":[{"embeddable":true,"href":"https:\/\/www.correiobraziliense.com.br\/cbradar\/wp-json\/wp\/v2\/users\/14"}],"replies":[{"embeddable":true,"href":"https:\/\/www.correiobraziliense.com.br\/cbradar\/wp-json\/wp\/v2\/comments?post=133788"}],"version-history":[{"count":1,"href":"https:\/\/www.correiobraziliense.com.br\/cbradar\/wp-json\/wp\/v2\/posts\/133788\/revisions"}],"predecessor-version":[{"id":133791,"href":"https:\/\/www.correiobraziliense.com.br\/cbradar\/wp-json\/wp\/v2\/posts\/133788\/revisions\/133791"}],"wp:featuredmedia":[{"embeddable":true,"href":"https:\/\/www.correiobraziliense.com.br\/cbradar\/wp-json\/wp\/v2\/media\/127048"}],"wp:attachment":[{"href":"https:\/\/www.correiobraziliense.com.br\/cbradar\/wp-json\/wp\/v2\/media?parent=133788"}],"wp:term":[{"taxonomy":"category","embeddable":true,"href":"https:\/\/www.correiobraziliense.com.br\/cbradar\/wp-json\/wp\/v2\/categories?post=133788"},{"taxonomy":"post_tag","embeddable":true,"href":"https:\/\/www.correiobraziliense.com.br\/cbradar\/wp-json\/wp\/v2\/post_tag?post=133788"}],"curies":[{"name":"wp","href":"https:\/\/api.w.org\/{rel}","templated":true}]}}