{"id":133870,"date":"2025-11-08T11:30:00","date_gmt":"2025-11-08T14:30:00","guid":{"rendered":"https:\/\/www.correiobraziliense.com.br\/cbradar\/?p=133870"},"modified":"2025-11-08T11:24:59","modified_gmt":"2025-11-08T14:24:59","slug":"o-que-acontece-com-seu-cerebro-apos-a-meia-noite-segundo-a-ciencia","status":"publish","type":"post","link":"https:\/\/www.correiobraziliense.com.br\/cbradar\/o-que-acontece-com-seu-cerebro-apos-a-meia-noite-segundo-a-ciencia\/","title":{"rendered":"O que acontece com seu c\u00e9rebro ap\u00f3s a meia-noite, segundo a ci\u00eancia"},"content":{"rendered":"\n<p>N\u00e3o \u00e9 incomum que as pessoas enfrentem uma s\u00e9rie desagrad\u00e1vel de pensamentos negativos durante a noite. Estudos recentes revelam que o <strong>c\u00e9rebro humano<\/strong> sofre altera\u00e7\u00f5es significativas neste per\u00edodo, o que pode impactar diretamente o julgamento, as emo\u00e7\u00f5es e at\u00e9 a tomada de decis\u00f5es. Esse fen\u00f4meno foi chamado de hip\u00f3tese \u201cA mente depois da meia-noite\u201d, indicando que as horas noturnas modificam a forma como pensamos, sentimos e agimos, trazendo riscos inesperados para o <strong>bem-estar mental<\/strong>.<\/p>\n\n\n\n<h2 class=\"wp-block-heading\">Como o per\u00edodo noturno interfere no nosso comportamento di\u00e1rio<\/h2>\n\n\n\n<p>O estudo destaca que o intervalo entre a <strong>meia-noite e as seis da manh\u00e3<\/strong> \u00e9 cr\u00edtico, pois comportamentos impulsivos e arriscados tendem a aumentar. Durante essas horas, quest\u00f5es como automutila\u00e7\u00e3o, uso excessivo de subst\u00e2ncias ou <strong>comportamento alimentar compulsivo<\/strong> tornam-se mais frequentes.<\/p>\n\n\n\n<p>Este fen\u00f4meno ocorre porque o c\u00e9rebro, nessas horas, passa a priorizar <strong>recompensas imediatas<\/strong> enquanto se concentra nos aspectos negativos. Assim, h\u00e1 uma queda significativa no <strong>autocontrole<\/strong>, tornando as decis\u00f5es mais vulner\u00e1veis ao ambiente e ao cansa\u00e7o.<\/p>\n\n\n\n<figure class=\"wp-block-image size-large\"><img decoding=\"async\" width=\"1024\" height=\"576\" src=\"https:\/\/www.correiobraziliense.com.br\/cbradar\/wp-content\/uploads\/2025\/11\/mosaico_1762611635667-1024x576.jpg\" alt=\"O que acontece com seu c\u00e9rebro ap\u00f3s a meia-noite, segundo a ci\u00eancia\" class=\"wp-image-133873\" srcset=\"https:\/\/www.correiobraziliense.com.br\/cbradar\/wp-content\/uploads\/2025\/11\/mosaico_1762611635667-1024x576.jpg 1024w, https:\/\/www.correiobraziliense.com.br\/cbradar\/wp-content\/uploads\/2025\/11\/mosaico_1762611635667-300x169.jpg 300w, https:\/\/www.correiobraziliense.com.br\/cbradar\/wp-content\/uploads\/2025\/11\/mosaico_1762611635667-768x432.jpg 768w, https:\/\/www.correiobraziliense.com.br\/cbradar\/wp-content\/uploads\/2025\/11\/mosaico_1762611635667-750x422.jpg 750w, https:\/\/www.correiobraziliense.com.br\/cbradar\/wp-content\/uploads\/2025\/11\/mosaico_1762611635667-1140x641.jpg 1140w, https:\/\/www.correiobraziliense.com.br\/cbradar\/wp-content\/uploads\/2025\/11\/mosaico_1762611635667.jpg 1280w\" sizes=\"(max-width: 1024px) 100vw, 1024px\" \/><figcaption class=\"wp-element-caption\">Estudos indicam altera\u00e7\u00f5es na cogni\u00e7\u00e3o, controle de impulsos e processamento de recompensas durante a vig\u00edlia noturna. Cr\u00e9ditos: depositphotos.com \/ AntonLozovoy e Cr\u00e9ditos: depositphotos.com \/ vampy1<\/figcaption><\/figure>\n\n\n\n<h2 class=\"wp-block-heading\">Quais altera\u00e7\u00f5es ocorrem no c\u00e9rebro durante a madrugada<\/h2>\n\n\n\n<p>Ao permanecermos acordados em hor\u00e1rios normalmente destinados ao descanso, o c\u00e9rebro experimenta um tipo de \u201ccircuito saturado\u201d. As conex\u00f5es neurais ficam sobrecarregadas e o pensamento racional diminui, deixando o indiv\u00edduo mais suscet\u00edvel a escolhas precipitadas.<\/p>\n\n\n\n<p>Este processo est\u00e1 associado \u00e0 desregula\u00e7\u00e3o de neurotransmissores como <strong>dopamina e serotonina<\/strong>, fundamentais para o humor. O <strong>c\u00f3rtex pr\u00e9-frontal<\/strong>, respons\u00e1vel pelo autocontrole, tamb\u00e9m reduz sua atividade, favorecendo a\u00e7\u00f5es impulsivas e rea\u00e7\u00f5es emocionais intensas.<\/p>\n\n\n\n<p>Leia tamb\u00e9m: <a href=\"https:\/\/www.correiobraziliense.com.br\/cbradar\/o-alimento-muito-conhecido-que-ajuda-seu-cerebro-a-envelhecer-mais-devagar\/\" target=\"_blank\" rel=\"noreferrer noopener\">O alimento muito conhecido que ajuda seu c\u00e9rebro a envelhecer mais devagar<\/a><\/p>\n\n\n\n<h2 class=\"wp-block-heading\">Por que respeitar o rel\u00f3gio biol\u00f3gico \u00e9 essencial para nossa sa\u00fade<\/h2>\n\n\n\n<p>Respeitar o <strong>rel\u00f3gio biol\u00f3gico<\/strong> n\u00e3o s\u00f3 favorece o equil\u00edbrio da sa\u00fade mental, como tamb\u00e9m previne comportamentos prejudiciais. Al\u00e9m de manter o corpo alinhado aos ritmos naturais, preserva-se o bom humor e a clareza mental.<\/p>\n\n\n\n<p>Nesse contexto, \u00e9 importante destacar alguns motivos pelos quais o respeito ao ritmo do corpo faz diferen\u00e7a na vida di\u00e1ria:<\/p>\n\n\n\n<ul class=\"wp-block-list\">\n<li><strong>Redu\u00e7\u00e3o do risco de transtornos emocionais<\/strong><\/li>\n\n\n\n<li><strong>Melhora na capacidade de concentra\u00e7\u00e3o<\/strong><\/li>\n\n\n\n<li><strong>Diminui\u00e7\u00e3o da impulsividade durante a noite<\/strong><\/li>\n\n\n\n<li><strong>Mais efic\u00e1cia na regula\u00e7\u00e3o do estresse<\/strong><\/li>\n<\/ul>\n\n\n\n<blockquote class=\"tiktok-embed\" cite=\"https:\/\/www.tiktok.com\/@drpauloportodemelo\/video\/7569017946945654024\" data-video-id=\"7569017946945654024\" style=\"max-width: 605px;min-width: 325px;\" > <section> <a target=\"_blank\" title=\"@drpauloportodemelo\" href=\"https:\/\/www.tiktok.com\/@drpauloportodemelo?refer=embed\">@drpauloportodemelo<\/a> <p>O que acontece com seu c\u00e9rebro quando voc\u00ea tem o h\u00e1bito ap\u00f3s as 23 horas. <\/p> <a target=\"_blank\" title=\"\u266c som original - Dr Paulo Porto de Melo\" href=\"https:\/\/www.tiktok.com\/music\/som-original-7569017977963514631?refer=embed\">\u266c som original &#8211; Dr Paulo Porto de Melo<\/a> <\/section> <\/blockquote> <script async src=\"https:\/\/www.tiktok.com\/embed.js\"><\/script>\n\n\n\n<h2 class=\"wp-block-heading\">Como proteger a mente e o corpo atrav\u00e9s do sono adequado<\/h2>\n\n\n\n<p>Dormir bem \u00e9 uma estrat\u00e9gia n\u00e3o apenas para o descanso f\u00edsico, mas tamb\u00e9m para a <strong>prote\u00e7\u00e3o mental<\/strong>. Dados recentes refor\u00e7am que priorizar o sono \u00e9 uma ferramenta fundamental para a preven\u00e7\u00e3o de dist\u00farbios emocionais.<\/p>\n\n\n\n<p>Reconhecer que o momento do dia influencia o funcionamento cerebral apoia novas abordagens em sa\u00fade mental. Evitar est\u00edmulos intensos durante a noite e seguir rotinas de sono equilibradas pode fazer diferen\u00e7a para grupos vulner\u00e1veis, como trabalhadores noturnos ou pessoas com ins\u00f4nia cr\u00f4nica.<\/p>\n","protected":false},"excerpt":{"rendered":"<p>Descubra como a &#8216;Mente Ap\u00f3s a Meia-Noite&#8217; afeta emo\u00e7\u00f5es e decis\u00f5es. C\u00e9rebro n\u00e3o est\u00e1 pronto para a vig\u00edlia noturna. Saiba mais agora!<\/p>\n","protected":false},"author":3,"featured_media":133872,"comment_status":"open","ping_status":"open","sticky":false,"template":"","format":"standard","meta":{"_yoast_wpseo_focuskw":"c\u00e9rebro meia-noite","_yoast_wpseo_title":"%%title%%","_yoast_wpseo_metadesc":"Descubra como a 'Mente Ap\u00f3s a Meia-Noite' afeta emo\u00e7\u00f5es e decis\u00f5es. C\u00e9rebro n\u00e3o est\u00e1 pronto para a vig\u00edlia noturna. Saiba mais agora!","jnews-multi-image_gallery":[],"jnews_single_post":{"format":"standard"},"jnews_primary_category":[],"jnews_social_meta":[],"jnews_override_counter":[],"footnotes":""},"categories":[112],"tags":[698,3559,144,565,1313],"class_list":["post-133870","post","type-post","status-publish","format-standard","has-post-thumbnail","hentry","category-curiosidades","tag-cerebro","tag-corpo-humano","tag-curiosidades","tag-saude","tag-sono"],"yoast_head":"<!-- This site is optimized with the Yoast SEO plugin v24.6 - https:\/\/yoast.com\/wordpress\/plugins\/seo\/ -->\n<title>O que acontece com seu c\u00e9rebro ap\u00f3s a meia-noite, segundo a ci\u00eancia<\/title>\n<meta name=\"description\" content=\"Descubra como a &#039;Mente Ap\u00f3s a Meia-Noite&#039; afeta emo\u00e7\u00f5es e decis\u00f5es. C\u00e9rebro n\u00e3o est\u00e1 pronto para a vig\u00edlia noturna. Saiba mais agora!\" \/>\n<meta name=\"robots\" content=\"index, follow, max-snippet:-1, max-image-preview:large, max-video-preview:-1\" \/>\n<link rel=\"canonical\" href=\"https:\/\/www.correiobraziliense.com.br\/cbradar\/o-que-acontece-com-seu-cerebro-apos-a-meia-noite-segundo-a-ciencia\/\" \/>\n<meta property=\"og:locale\" content=\"pt_BR\" \/>\n<meta property=\"og:type\" content=\"article\" \/>\n<meta property=\"og:title\" content=\"O que acontece com seu c\u00e9rebro ap\u00f3s a meia-noite, segundo a ci\u00eancia\" \/>\n<meta property=\"og:description\" content=\"Descubra como a &#039;Mente Ap\u00f3s a Meia-Noite&#039; afeta emo\u00e7\u00f5es e decis\u00f5es. C\u00e9rebro n\u00e3o est\u00e1 pronto para a vig\u00edlia noturna. Saiba mais agora!\" \/>\n<meta property=\"og:url\" content=\"https:\/\/www.correiobraziliense.com.br\/cbradar\/o-que-acontece-com-seu-cerebro-apos-a-meia-noite-segundo-a-ciencia\/\" \/>\n<meta property=\"og:site_name\" content=\"Correio Braziliense - Radar\" \/>\n<meta property=\"article:published_time\" content=\"2025-11-08T14:30:00+00:00\" \/>\n<meta property=\"og:image\" content=\"https:\/\/www.correiobraziliense.com.br\/cbradar\/wp-content\/uploads\/2025\/11\/Cerebro-e-Meia-Noite-Realista.png\" \/>\n\t<meta property=\"og:image:width\" content=\"1280\" \/>\n\t<meta property=\"og:image:height\" content=\"720\" \/>\n\t<meta property=\"og:image:type\" content=\"image\/png\" \/>\n<meta name=\"author\" content=\"Larissa Carvalho\" \/>\n<meta name=\"twitter:card\" content=\"summary_large_image\" \/>\n<meta name=\"twitter:label1\" content=\"Escrito por\" \/>\n\t<meta name=\"twitter:data1\" content=\"Larissa Carvalho\" \/>\n\t<meta name=\"twitter:label2\" content=\"Est. tempo de leitura\" \/>\n\t<meta name=\"twitter:data2\" content=\"3 minutos\" \/>\n<!-- \/ Yoast SEO plugin. -->","yoast_head_json":{"title":"O que acontece com seu c\u00e9rebro ap\u00f3s a meia-noite, segundo a ci\u00eancia","description":"Descubra como a 'Mente Ap\u00f3s a Meia-Noite' afeta emo\u00e7\u00f5es e decis\u00f5es. C\u00e9rebro n\u00e3o est\u00e1 pronto para a vig\u00edlia noturna. Saiba mais agora!","robots":{"index":"index","follow":"follow","max-snippet":"max-snippet:-1","max-image-preview":"max-image-preview:large","max-video-preview":"max-video-preview:-1"},"canonical":"https:\/\/www.correiobraziliense.com.br\/cbradar\/o-que-acontece-com-seu-cerebro-apos-a-meia-noite-segundo-a-ciencia\/","og_locale":"pt_BR","og_type":"article","og_title":"O que acontece com seu c\u00e9rebro ap\u00f3s a meia-noite, segundo a ci\u00eancia","og_description":"Descubra como a 'Mente Ap\u00f3s a Meia-Noite' afeta emo\u00e7\u00f5es e decis\u00f5es. C\u00e9rebro n\u00e3o est\u00e1 pronto para a vig\u00edlia noturna. Saiba mais agora!","og_url":"https:\/\/www.correiobraziliense.com.br\/cbradar\/o-que-acontece-com-seu-cerebro-apos-a-meia-noite-segundo-a-ciencia\/","og_site_name":"Correio Braziliense - Radar","article_published_time":"2025-11-08T14:30:00+00:00","og_image":[{"width":1280,"height":720,"url":"https:\/\/www.correiobraziliense.com.br\/cbradar\/wp-content\/uploads\/2025\/11\/Cerebro-e-Meia-Noite-Realista.png","type":"image\/png"}],"author":"Larissa Carvalho","twitter_card":"summary_large_image","twitter_misc":{"Escrito por":"Larissa Carvalho","Est. tempo de leitura":"3 minutos"},"schema":{"@context":"https:\/\/schema.org","@graph":[{"@type":"WebPage","@id":"https:\/\/www.correiobraziliense.com.br\/cbradar\/o-que-acontece-com-seu-cerebro-apos-a-meia-noite-segundo-a-ciencia\/","url":"https:\/\/www.correiobraziliense.com.br\/cbradar\/o-que-acontece-com-seu-cerebro-apos-a-meia-noite-segundo-a-ciencia\/","name":"O que acontece com seu c\u00e9rebro ap\u00f3s a meia-noite, segundo a ci\u00eancia","isPartOf":{"@id":"https:\/\/www.correiobraziliense.com.br\/cbradar\/#website"},"primaryImageOfPage":{"@id":"https:\/\/www.correiobraziliense.com.br\/cbradar\/o-que-acontece-com-seu-cerebro-apos-a-meia-noite-segundo-a-ciencia\/#primaryimage"},"image":{"@id":"https:\/\/www.correiobraziliense.com.br\/cbradar\/o-que-acontece-com-seu-cerebro-apos-a-meia-noite-segundo-a-ciencia\/#primaryimage"},"thumbnailUrl":"https:\/\/www.correiobraziliense.com.br\/cbradar\/wp-content\/uploads\/2025\/11\/Cerebro-e-Meia-Noite-Realista.png","datePublished":"2025-11-08T14:30:00+00:00","author":{"@id":"https:\/\/www.correiobraziliense.com.br\/cbradar\/#\/schema\/person\/58422787644df994b53a19d3e56c1513"},"description":"Descubra como a 'Mente Ap\u00f3s a Meia-Noite' afeta emo\u00e7\u00f5es e decis\u00f5es. C\u00e9rebro n\u00e3o est\u00e1 pronto para a vig\u00edlia noturna. Saiba mais agora!","breadcrumb":{"@id":"https:\/\/www.correiobraziliense.com.br\/cbradar\/o-que-acontece-com-seu-cerebro-apos-a-meia-noite-segundo-a-ciencia\/#breadcrumb"},"inLanguage":"pt-BR","potentialAction":[{"@type":"ReadAction","target":["https:\/\/www.correiobraziliense.com.br\/cbradar\/o-que-acontece-com-seu-cerebro-apos-a-meia-noite-segundo-a-ciencia\/"]}]},{"@type":"ImageObject","inLanguage":"pt-BR","@id":"https:\/\/www.correiobraziliense.com.br\/cbradar\/o-que-acontece-com-seu-cerebro-apos-a-meia-noite-segundo-a-ciencia\/#primaryimage","url":"https:\/\/www.correiobraziliense.com.br\/cbradar\/wp-content\/uploads\/2025\/11\/Cerebro-e-Meia-Noite-Realista.png","contentUrl":"https:\/\/www.correiobraziliense.com.br\/cbradar\/wp-content\/uploads\/2025\/11\/Cerebro-e-Meia-Noite-Realista.png","width":1280,"height":720,"caption":"Ficar acordado \u00e0 noite deixa a mente mais suscet\u00edvel a sentimentos ruins, por isso \u00e9 importante cuidar do sono."},{"@type":"BreadcrumbList","@id":"https:\/\/www.correiobraziliense.com.br\/cbradar\/o-que-acontece-com-seu-cerebro-apos-a-meia-noite-segundo-a-ciencia\/#breadcrumb","itemListElement":[{"@type":"ListItem","position":1,"name":"In\u00edcio","item":"https:\/\/www.correiobraziliense.com.br\/cbradar\/"},{"@type":"ListItem","position":2,"name":"O que acontece com seu c\u00e9rebro ap\u00f3s a meia-noite, segundo a ci\u00eancia"}]},{"@type":"WebSite","@id":"https:\/\/www.correiobraziliense.com.br\/cbradar\/#website","url":"https:\/\/www.correiobraziliense.com.br\/cbradar\/","name":"Correio Braziliense - Radar","description":"Acompanhe as \u00faltimas not\u00edcias e fique bem informado sobre tudo o que acontece no Brasil e no mundo.","potentialAction":[{"@type":"SearchAction","target":{"@type":"EntryPoint","urlTemplate":"https:\/\/www.correiobraziliense.com.br\/cbradar\/?s={search_term_string}"},"query-input":{"@type":"PropertyValueSpecification","valueRequired":true,"valueName":"search_term_string"}}],"inLanguage":"pt-BR"},{"@type":"Person","@id":"https:\/\/www.correiobraziliense.com.br\/cbradar\/#\/schema\/person\/58422787644df994b53a19d3e56c1513","name":"Larissa Carvalho","image":{"@type":"ImageObject","inLanguage":"pt-BR","@id":"https:\/\/www.correiobraziliense.com.br\/cbradar\/#\/schema\/person\/image\/","url":"https:\/\/secure.gravatar.com\/avatar\/fe4f91a0de32b52a838d0d612abdc1aa?s=96&d=mm&r=g","contentUrl":"https:\/\/secure.gravatar.com\/avatar\/fe4f91a0de32b52a838d0d612abdc1aa?s=96&d=mm&r=g","caption":"Larissa Carvalho"},"url":"https:\/\/www.correiobraziliense.com.br\/cbradar\/author\/larissamyth\/"}]}},"_links":{"self":[{"href":"https:\/\/www.correiobraziliense.com.br\/cbradar\/wp-json\/wp\/v2\/posts\/133870","targetHints":{"allow":["GET"]}}],"collection":[{"href":"https:\/\/www.correiobraziliense.com.br\/cbradar\/wp-json\/wp\/v2\/posts"}],"about":[{"href":"https:\/\/www.correiobraziliense.com.br\/cbradar\/wp-json\/wp\/v2\/types\/post"}],"author":[{"embeddable":true,"href":"https:\/\/www.correiobraziliense.com.br\/cbradar\/wp-json\/wp\/v2\/users\/3"}],"replies":[{"embeddable":true,"href":"https:\/\/www.correiobraziliense.com.br\/cbradar\/wp-json\/wp\/v2\/comments?post=133870"}],"version-history":[{"count":2,"href":"https:\/\/www.correiobraziliense.com.br\/cbradar\/wp-json\/wp\/v2\/posts\/133870\/revisions"}],"predecessor-version":[{"id":133874,"href":"https:\/\/www.correiobraziliense.com.br\/cbradar\/wp-json\/wp\/v2\/posts\/133870\/revisions\/133874"}],"wp:featuredmedia":[{"embeddable":true,"href":"https:\/\/www.correiobraziliense.com.br\/cbradar\/wp-json\/wp\/v2\/media\/133872"}],"wp:attachment":[{"href":"https:\/\/www.correiobraziliense.com.br\/cbradar\/wp-json\/wp\/v2\/media?parent=133870"}],"wp:term":[{"taxonomy":"category","embeddable":true,"href":"https:\/\/www.correiobraziliense.com.br\/cbradar\/wp-json\/wp\/v2\/categories?post=133870"},{"taxonomy":"post_tag","embeddable":true,"href":"https:\/\/www.correiobraziliense.com.br\/cbradar\/wp-json\/wp\/v2\/tags?post=133870"}],"curies":[{"name":"wp","href":"https:\/\/api.w.org\/{rel}","templated":true}]}}