{"id":13388,"date":"2025-03-18T15:50:00","date_gmt":"2025-03-18T18:50:00","guid":{"rendered":"https:\/\/www.correiobraziliense.com.br\/cbradar\/?p=13388"},"modified":"2025-03-17T17:29:35","modified_gmt":"2025-03-17T20:29:35","slug":"essa-cidade-na-bahia-registrou-a-maior-temperatura-do-pais","status":"publish","type":"post","link":"https:\/\/www.correiobraziliense.com.br\/cbradar\/essa-cidade-na-bahia-registrou-a-maior-temperatura-do-pais\/","title":{"rendered":"Essa cidade na Bahia registrou a maior temperatura do pa\u00eds"},"content":{"rendered":"\n<p>Nos \u00faltimos dias, a cidade de <strong>Ibotirama<\/strong>, localizada no oeste da <strong>Bahia<\/strong>, tem se destacado por registrar algumas das temperaturas mais altas do Brasil. No s\u00e1bado, 15 de mar\u00e7o de 2025, os term\u00f4metros marcaram impressionantes 39,1\u202f\u00b0C, tornando-se a cidade mais quente do pa\u00eds naquele dia. Este fen\u00f4meno n\u00e3o \u00e9 isolado, mas parte de uma tend\u00eancia de aumento de temperaturas em v\u00e1rias regi\u00f5es do Brasil.<\/p>\n\n\n\n<p>Al\u00e9m de Ibotirama, outras cidades tamb\u00e9m enfrentaram calor intenso. <strong>Ara\u00e7ua\u00ed<\/strong>, em <strong>Minas Gerais,<\/strong> e <strong>P\u00e3o de A\u00e7\u00facar<\/strong>, em <strong>Alagoas<\/strong>, registraram temperaturas de 38,4\u202f\u00b0C e 38,2\u202f\u00b0C, respectivamente. Esses dados s\u00e3o fornecidos pelo <strong><a href=\"https:\/\/portal.inmet.gov.br\/\" target=\"_blank\" rel=\"noreferrer noopener\">Instituto Nacional de Meteorologia (Inmet)<\/a><\/strong>, que monitora de perto as varia\u00e7\u00f5es clim\u00e1ticas em todo o territ\u00f3rio nacional.<\/p>\n\n\n\n<h2 class=\"wp-block-heading\">Quais fatores contribuem para as altas temperaturas em Ibotirama?<\/h2>\n\n\n\n<p>A localiza\u00e7\u00e3o geogr\u00e1fica de Ibotirama \u00e9 um dos fatores que contribuem para as altas temperaturas. Situada no semi\u00e1rido baiano, a cidade \u00e9 caracterizada por um clima quente e seco, com baixa umidade relativa do ar. Al\u00e9m disso, a aus\u00eancia de grandes massas de \u00e1gua nas proximidades dificulta a regula\u00e7\u00e3o t\u00e9rmica, resultando em temperaturas extremas durante o dia.<\/p>\n\n\n\n<p>Outro fator importante \u00e9 a influ\u00eancia das mudan\u00e7as clim\u00e1ticas globais, que t\u00eam intensificado eventos de calor extremo em v\u00e1rias partes do mundo. A eleva\u00e7\u00e3o das temperaturas m\u00e9dias globais afeta diretamente o clima local, exacerbando as condi\u00e7\u00f5es j\u00e1 \u00e1ridas da regi\u00e3o.<\/p>\n\n\n\n<figure class=\"wp-block-image size-large\"><img decoding=\"async\" width=\"1024\" height=\"576\" src=\"https:\/\/www.correiobraziliense.com.br\/cbradar\/wp-content\/uploads\/2025\/03\/Ibotirama-1024x576.png\" alt=\"Essa cidade na Bahia registrou a maior temperatura do pa\u00eds\" class=\"wp-image-13390\" srcset=\"https:\/\/www.correiobraziliense.com.br\/cbradar\/wp-content\/uploads\/2025\/03\/Ibotirama-1024x576.png 1024w, https:\/\/www.correiobraziliense.com.br\/cbradar\/wp-content\/uploads\/2025\/03\/Ibotirama-300x169.png 300w, https:\/\/www.correiobraziliense.com.br\/cbradar\/wp-content\/uploads\/2025\/03\/Ibotirama-768x432.png 768w, https:\/\/www.correiobraziliense.com.br\/cbradar\/wp-content\/uploads\/2025\/03\/Ibotirama-750x422.png 750w, https:\/\/www.correiobraziliense.com.br\/cbradar\/wp-content\/uploads\/2025\/03\/Ibotirama-1140x641.png 1140w, https:\/\/www.correiobraziliense.com.br\/cbradar\/wp-content\/uploads\/2025\/03\/Ibotirama.png 1280w\" sizes=\"(max-width: 1024px) 100vw, 1024px\" \/><figcaption class=\"wp-element-caption\">Ibotirama. Fonte: Arley Cruzper, CC BY-SA 4.0, via Wikimedia Commons<\/figcaption><\/figure>\n\n\n\n<h2 class=\"wp-block-heading\">Como a popula\u00e7\u00e3o de Ibotirama est\u00e1 lidando com o calor intenso?<\/h2>\n\n\n\n<p>Os moradores de Ibotirama t\u00eam adotado diversas estrat\u00e9gias para lidar com o calor intenso. O uso de roupas leves e a ingest\u00e3o constante de l\u00edquidos s\u00e3o pr\u00e1ticas comuns para evitar a desidrata\u00e7\u00e3o. Al\u00e9m disso, muitos procuram abrigo em locais climatizados durante as horas mais quentes do dia.<\/p>\n\n\n\n<p>A cidade tamb\u00e9m tem investido em infraestrutura para mitigar os efeitos do calor. A instala\u00e7\u00e3o de sistemas de irriga\u00e7\u00e3o em \u00e1reas verdes e a cria\u00e7\u00e3o de espa\u00e7os p\u00fablicos sombreados s\u00e3o algumas das medidas adotadas para melhorar a qualidade de vida dos habitantes.<\/p>\n\n\n\n<h2 class=\"wp-block-heading\">Quais s\u00e3o as previs\u00f5es clim\u00e1ticas para os pr\u00f3ximos dias?<\/h2>\n\n\n\n<p>De acordo com o Inmet, as previs\u00f5es para os pr\u00f3ximos dias em Ibotirama indicam a continuidade do calor intenso. A expectativa \u00e9 de que as temperaturas m\u00e1ximas alcancem novamente a marca dos 39\u202f\u00b0C. No entanto, a cidade tamb\u00e9m experimenta uma alta amplitude t\u00e9rmica, com varia\u00e7\u00f5es que podem ultrapassar os 10\u202f\u00b0C entre o dia e a noite.<\/p>\n\n\n\n<p>Durante a noite, as temperaturas tendem a cair significativamente, chegando a 22\u202f\u00b0C, o que pode surpreender aqueles que n\u00e3o est\u00e3o preparados para a mudan\u00e7a brusca. Essa varia\u00e7\u00e3o t\u00e9rmica requer que a popula\u00e7\u00e3o esteja sempre atenta \u00e0s condi\u00e7\u00f5es clim\u00e1ticas para se adaptar adequadamente.<\/p>\n\n\n\n<h2 class=\"wp-block-heading\">Impactos do calor em outras regi\u00f5es da Bahia<\/h2>\n\n\n\n<p>Al\u00e9m de Ibotirama, outras cidades baianas tamb\u00e9m t\u00eam registrado temperaturas elevadas. No domingo, 16 de mar\u00e7o de 2025, Euclides da Cunha atingiu 37,5\u202f\u00b0C, enquanto Barreiras marcou 36,9\u202f\u00b0C. Essas condi\u00e7\u00f5es clim\u00e1ticas extremas t\u00eam impactos significativos na agricultura, no abastecimento de \u00e1gua e na sa\u00fade p\u00fablica.<\/p>\n\n\n\n<p>As autoridades locais est\u00e3o em alerta, monitorando a situa\u00e7\u00e3o e implementando medidas para minimizar os efeitos adversos do calor sobre a popula\u00e7\u00e3o. A conscientiza\u00e7\u00e3o sobre a import\u00e2ncia da hidrata\u00e7\u00e3o e a preven\u00e7\u00e3o de doen\u00e7as relacionadas ao calor s\u00e3o prioridades nas campanhas de sa\u00fade p\u00fablica.<\/p>\n","protected":false},"excerpt":{"rendered":"<p>Fatores geogr\u00e1ficos e mudan\u00e7as clim\u00e1ticas contribuem para o calor intenso. Veja como a popula\u00e7\u00e3o lida com as altas temperaturas!<\/p>\n","protected":false},"author":3,"featured_media":13389,"comment_status":"open","ping_status":"open","sticky":false,"template":"","format":"standard","meta":{"_yoast_wpseo_focuskw":"cidade bahia maior temperatura","_yoast_wpseo_title":"%%title%%","_yoast_wpseo_metadesc":"Fatores geogr\u00e1ficos e mudan\u00e7as clim\u00e1ticas contribuem para o calor intenso. Veja como a popula\u00e7\u00e3o lida com as altas temperaturas!","jnews-multi-image_gallery":[],"jnews_single_post":{"format":"standard"},"jnews_primary_category":[],"jnews_social_meta":[],"jnews_override_counter":[],"footnotes":""},"categories":[108],"post_tag":[109],"class_list":["post-13388","post","type-post","status-publish","format-standard","has-post-thumbnail","hentry","category-cidades","tag-cidades"],"yoast_head":"<!-- This site is optimized with the Yoast SEO plugin v24.6 - https:\/\/yoast.com\/wordpress\/plugins\/seo\/ -->\n<title>Essa cidade na Bahia registrou a maior temperatura do pa\u00eds<\/title>\n<meta name=\"description\" content=\"Fatores geogr\u00e1ficos e mudan\u00e7as clim\u00e1ticas contribuem para o calor intenso. Veja como a popula\u00e7\u00e3o lida com as altas temperaturas!\" \/>\n<meta name=\"robots\" content=\"index, follow, max-snippet:-1, max-image-preview:large, max-video-preview:-1\" \/>\n<link rel=\"canonical\" href=\"https:\/\/www.correiobraziliense.com.br\/cbradar\/essa-cidade-na-bahia-registrou-a-maior-temperatura-do-pais\/\" \/>\n<meta property=\"og:locale\" content=\"pt_BR\" \/>\n<meta property=\"og:type\" content=\"article\" \/>\n<meta property=\"og:title\" content=\"Essa cidade na Bahia registrou a maior temperatura do pa\u00eds\" \/>\n<meta property=\"og:description\" content=\"Fatores geogr\u00e1ficos e mudan\u00e7as clim\u00e1ticas contribuem para o calor intenso. Veja como a popula\u00e7\u00e3o lida com as altas temperaturas!\" \/>\n<meta property=\"og:url\" content=\"https:\/\/www.correiobraziliense.com.br\/cbradar\/essa-cidade-na-bahia-registrou-a-maior-temperatura-do-pais\/\" \/>\n<meta property=\"og:site_name\" content=\"Correio Braziliense - Radar\" \/>\n<meta property=\"article:published_time\" content=\"2025-03-18T18:50:00+00:00\" \/>\n<meta property=\"og:image\" content=\"https:\/\/www.correiobraziliense.com.br\/cbradar\/wp-content\/uploads\/2025\/03\/calor_1742240010436.jpg\" \/>\n\t<meta property=\"og:image:width\" content=\"1280\" \/>\n\t<meta property=\"og:image:height\" content=\"720\" \/>\n\t<meta property=\"og:image:type\" content=\"image\/jpeg\" \/>\n<meta name=\"author\" content=\"Larissa Carvalho\" \/>\n<meta name=\"twitter:card\" content=\"summary_large_image\" \/>\n<meta name=\"twitter:label1\" content=\"Escrito por\" \/>\n\t<meta name=\"twitter:data1\" content=\"Larissa Carvalho\" \/>\n\t<meta name=\"twitter:label2\" content=\"Est. tempo de leitura\" \/>\n\t<meta name=\"twitter:data2\" content=\"4 minutos\" \/>\n<!-- \/ Yoast SEO plugin. -->","yoast_head_json":{"title":"Essa cidade na Bahia registrou a maior temperatura do pa\u00eds","description":"Fatores geogr\u00e1ficos e mudan\u00e7as clim\u00e1ticas contribuem para o calor intenso. Veja como a popula\u00e7\u00e3o lida com as altas temperaturas!","robots":{"index":"index","follow":"follow","max-snippet":"max-snippet:-1","max-image-preview":"max-image-preview:large","max-video-preview":"max-video-preview:-1"},"canonical":"https:\/\/www.correiobraziliense.com.br\/cbradar\/essa-cidade-na-bahia-registrou-a-maior-temperatura-do-pais\/","og_locale":"pt_BR","og_type":"article","og_title":"Essa cidade na Bahia registrou a maior temperatura do pa\u00eds","og_description":"Fatores geogr\u00e1ficos e mudan\u00e7as clim\u00e1ticas contribuem para o calor intenso. Veja como a popula\u00e7\u00e3o lida com as altas temperaturas!","og_url":"https:\/\/www.correiobraziliense.com.br\/cbradar\/essa-cidade-na-bahia-registrou-a-maior-temperatura-do-pais\/","og_site_name":"Correio Braziliense - Radar","article_published_time":"2025-03-18T18:50:00+00:00","og_image":[{"width":1280,"height":720,"url":"https:\/\/www.correiobraziliense.com.br\/cbradar\/wp-content\/uploads\/2025\/03\/calor_1742240010436.jpg","type":"image\/jpeg"}],"author":"Larissa Carvalho","twitter_card":"summary_large_image","twitter_misc":{"Escrito por":"Larissa Carvalho","Est. tempo de leitura":"4 minutos"},"schema":{"@context":"https:\/\/schema.org","@graph":[{"@type":"WebPage","@id":"https:\/\/www.correiobraziliense.com.br\/cbradar\/essa-cidade-na-bahia-registrou-a-maior-temperatura-do-pais\/","url":"https:\/\/www.correiobraziliense.com.br\/cbradar\/essa-cidade-na-bahia-registrou-a-maior-temperatura-do-pais\/","name":"Essa cidade na Bahia registrou a maior temperatura do pa\u00eds","isPartOf":{"@id":"https:\/\/www.correiobraziliense.com.br\/cbradar\/#website"},"primaryImageOfPage":{"@id":"https:\/\/www.correiobraziliense.com.br\/cbradar\/essa-cidade-na-bahia-registrou-a-maior-temperatura-do-pais\/#primaryimage"},"image":{"@id":"https:\/\/www.correiobraziliense.com.br\/cbradar\/essa-cidade-na-bahia-registrou-a-maior-temperatura-do-pais\/#primaryimage"},"thumbnailUrl":"https:\/\/www.correiobraziliense.com.br\/cbradar\/wp-content\/uploads\/2025\/03\/calor_1742240010436.jpg","datePublished":"2025-03-18T18:50:00+00:00","author":{"@id":"https:\/\/www.correiobraziliense.com.br\/cbradar\/#\/schema\/person\/58422787644df994b53a19d3e56c1513"},"description":"Fatores geogr\u00e1ficos e mudan\u00e7as clim\u00e1ticas contribuem para o calor intenso. Veja como a popula\u00e7\u00e3o lida com as altas temperaturas!","breadcrumb":{"@id":"https:\/\/www.correiobraziliense.com.br\/cbradar\/essa-cidade-na-bahia-registrou-a-maior-temperatura-do-pais\/#breadcrumb"},"inLanguage":"pt-BR","potentialAction":[{"@type":"ReadAction","target":["https:\/\/www.correiobraziliense.com.br\/cbradar\/essa-cidade-na-bahia-registrou-a-maior-temperatura-do-pais\/"]}]},{"@type":"ImageObject","inLanguage":"pt-BR","@id":"https:\/\/www.correiobraziliense.com.br\/cbradar\/essa-cidade-na-bahia-registrou-a-maior-temperatura-do-pais\/#primaryimage","url":"https:\/\/www.correiobraziliense.com.br\/cbradar\/wp-content\/uploads\/2025\/03\/calor_1742240010436.jpg","contentUrl":"https:\/\/www.correiobraziliense.com.br\/cbradar\/wp-content\/uploads\/2025\/03\/calor_1742240010436.jpg","width":1280,"height":720,"caption":"Calor. Cr\u00e9ditos: depositphotos.com \/ VladisChern"},{"@type":"BreadcrumbList","@id":"https:\/\/www.correiobraziliense.com.br\/cbradar\/essa-cidade-na-bahia-registrou-a-maior-temperatura-do-pais\/#breadcrumb","itemListElement":[{"@type":"ListItem","position":1,"name":"In\u00edcio","item":"https:\/\/www.correiobraziliense.com.br\/cbradar\/"},{"@type":"ListItem","position":2,"name":"Essa cidade na Bahia registrou a maior temperatura do pa\u00eds"}]},{"@type":"WebSite","@id":"https:\/\/www.correiobraziliense.com.br\/cbradar\/#website","url":"https:\/\/www.correiobraziliense.com.br\/cbradar\/","name":"Correio Braziliense - Radar","description":"Acompanhe as \u00faltimas not\u00edcias e fique bem informado sobre tudo o que acontece no Brasil e no mundo.","potentialAction":[{"@type":"SearchAction","target":{"@type":"EntryPoint","urlTemplate":"https:\/\/www.correiobraziliense.com.br\/cbradar\/?s={search_term_string}"},"query-input":{"@type":"PropertyValueSpecification","valueRequired":true,"valueName":"search_term_string"}}],"inLanguage":"pt-BR"},{"@type":"Person","@id":"https:\/\/www.correiobraziliense.com.br\/cbradar\/#\/schema\/person\/58422787644df994b53a19d3e56c1513","name":"Larissa Carvalho","image":{"@type":"ImageObject","inLanguage":"pt-BR","@id":"https:\/\/www.correiobraziliense.com.br\/cbradar\/#\/schema\/person\/image\/","url":"https:\/\/secure.gravatar.com\/avatar\/fe4f91a0de32b52a838d0d612abdc1aa?s=96&d=mm&r=g","contentUrl":"https:\/\/secure.gravatar.com\/avatar\/fe4f91a0de32b52a838d0d612abdc1aa?s=96&d=mm&r=g","caption":"Larissa Carvalho"},"url":"https:\/\/www.correiobraziliense.com.br\/cbradar\/author\/larissamyth\/"}]}},"_links":{"self":[{"href":"https:\/\/www.correiobraziliense.com.br\/cbradar\/wp-json\/wp\/v2\/posts\/13388","targetHints":{"allow":["GET"]}}],"collection":[{"href":"https:\/\/www.correiobraziliense.com.br\/cbradar\/wp-json\/wp\/v2\/posts"}],"about":[{"href":"https:\/\/www.correiobraziliense.com.br\/cbradar\/wp-json\/wp\/v2\/types\/post"}],"author":[{"embeddable":true,"href":"https:\/\/www.correiobraziliense.com.br\/cbradar\/wp-json\/wp\/v2\/users\/3"}],"replies":[{"embeddable":true,"href":"https:\/\/www.correiobraziliense.com.br\/cbradar\/wp-json\/wp\/v2\/comments?post=13388"}],"version-history":[{"count":1,"href":"https:\/\/www.correiobraziliense.com.br\/cbradar\/wp-json\/wp\/v2\/posts\/13388\/revisions"}],"predecessor-version":[{"id":13391,"href":"https:\/\/www.correiobraziliense.com.br\/cbradar\/wp-json\/wp\/v2\/posts\/13388\/revisions\/13391"}],"wp:featuredmedia":[{"embeddable":true,"href":"https:\/\/www.correiobraziliense.com.br\/cbradar\/wp-json\/wp\/v2\/media\/13389"}],"wp:attachment":[{"href":"https:\/\/www.correiobraziliense.com.br\/cbradar\/wp-json\/wp\/v2\/media?parent=13388"}],"wp:term":[{"taxonomy":"category","embeddable":true,"href":"https:\/\/www.correiobraziliense.com.br\/cbradar\/wp-json\/wp\/v2\/categories?post=13388"},{"taxonomy":"post_tag","embeddable":true,"href":"https:\/\/www.correiobraziliense.com.br\/cbradar\/wp-json\/wp\/v2\/post_tag?post=13388"}],"curies":[{"name":"wp","href":"https:\/\/api.w.org\/{rel}","templated":true}]}}