{"id":13392,"date":"2025-03-18T17:50:00","date_gmt":"2025-03-18T20:50:00","guid":{"rendered":"https:\/\/www.correiobraziliense.com.br\/cbradar\/?p=13392"},"modified":"2025-03-17T17:27:31","modified_gmt":"2025-03-17T20:27:31","slug":"essa-cidade-oferece-quase-400-mil-para-brasileiros-irem-morar-la","status":"publish","type":"post","link":"https:\/\/www.correiobraziliense.com.br\/cbradar\/essa-cidade-oferece-quase-400-mil-para-brasileiros-irem-morar-la\/","title":{"rendered":"Essa cidade oferece quase 400 mil para brasileiros irem morar l\u00e1"},"content":{"rendered":"\n<p>Em uma tentativa de revitalizar sua popula\u00e7\u00e3o, a pequena vila de <strong>Albinen<\/strong>, localizada na <strong>Su\u00ed\u00e7a<\/strong>, implementou um programa inovador que oferece incentivos financeiros para novos moradores. Desde 2023, a vila, que possui menos de 300 habitantes, busca atrair pessoas dispostas a se estabelecerem permanentemente em sua comunidade. Este programa surgiu como uma resposta ao \u00eaxodo dos jovens e ao envelhecimento populacional que a vila enfrenta.<\/p>\n\n\n\n<p>O programa de incentivo em Albinen oferece uma quantia significativa para aqueles que decidirem se mudar para l\u00e1. Casais podem receber at\u00e9 CHF 50.000, aproximadamente R$ 328 mil, com um adicional de CHF 10.000, cerca de R$ 65 mil, por cada crian\u00e7a. Solteiros tamb\u00e9m s\u00e3o bem-vindos e podem receber CHF 25.000, o equivalente a R$ 164 mil. Apesar da atratividade financeira, \u00e9 importante considerar que Albinen \u00e9 uma vila pequena e remota, o que pode n\u00e3o agradar a todos.<\/p>\n\n\n\n<h2 class=\"wp-block-heading\">Quais s\u00e3o os requisitos para participar do programa?<\/h2>\n\n\n\n<p>Para aqueles interessados em aproveitar o incentivo, h\u00e1 algumas condi\u00e7\u00f5es a serem cumpridas. Primeiramente, \u00e9 necess\u00e1rio realizar um investimento m\u00ednimo de CHF 200.000, ou R$ 1,3 milh\u00e3o, na vila. Este investimento pode ser na compra de uma nova casa, im\u00f3veis ou na reforma de propriedades existentes. Al\u00e9m disso, pelo menos 70% dos custos de constru\u00e7\u00e3o devem ser cobertos pelos residentes ou por empresas locais.<\/p>\n\n\n\n<p>Outros crit\u00e9rios incluem a idade m\u00e1xima de 45 anos no momento da inscri\u00e7\u00e3o e o compromisso de residir na vila por pelo menos dez anos. Caso o residente decida sair antes desse per\u00edodo, ser\u00e1 necess\u00e1rio devolver o dinheiro recebido. Al\u00e9m disso, \u00e9 preciso ter um passaporte su\u00ed\u00e7o ou uma autoriza\u00e7\u00e3o de resid\u00eancia permanente para se qualificar para o programa.<\/p>\n\n\n\n<figure class=\"wp-block-image size-large\"><img decoding=\"async\" width=\"1024\" height=\"576\" src=\"https:\/\/www.correiobraziliense.com.br\/cbradar\/wp-content\/uploads\/2025\/03\/Suica_1742240295297-1024x576.jpg\" alt=\"Essa cidade oferece quase 400 mil para brasileiros irem morar l\u00e1\" class=\"wp-image-13394\" srcset=\"https:\/\/www.correiobraziliense.com.br\/cbradar\/wp-content\/uploads\/2025\/03\/Suica_1742240295297-1024x576.jpg 1024w, https:\/\/www.correiobraziliense.com.br\/cbradar\/wp-content\/uploads\/2025\/03\/Suica_1742240295297-300x169.jpg 300w, https:\/\/www.correiobraziliense.com.br\/cbradar\/wp-content\/uploads\/2025\/03\/Suica_1742240295297-768x432.jpg 768w, https:\/\/www.correiobraziliense.com.br\/cbradar\/wp-content\/uploads\/2025\/03\/Suica_1742240295297-750x422.jpg 750w, https:\/\/www.correiobraziliense.com.br\/cbradar\/wp-content\/uploads\/2025\/03\/Suica_1742240295297-1140x641.jpg 1140w, https:\/\/www.correiobraziliense.com.br\/cbradar\/wp-content\/uploads\/2025\/03\/Suica_1742240295297.jpg 1280w\" sizes=\"(max-width: 1024px) 100vw, 1024px\" \/><figcaption class=\"wp-element-caption\">Sui\u00e7a. Cr\u00e9ditos: depositphotos.com \/ DaLiu<\/figcaption><\/figure>\n\n\n\n<h2 class=\"wp-block-heading\">Por que Albinen est\u00e1 oferecendo esse incentivo?<\/h2>\n\n\n\n<p>A decis\u00e3o de Albinen de oferecer incentivos financeiros est\u00e1 enraizada em sua necessidade de revitalizar a comunidade. Com o decl\u00ednio populacional, a vila enfrenta desafios como a diminui\u00e7\u00e3o de servi\u00e7os locais e a falta de dinamismo econ\u00f4mico. Ao atrair novos moradores, Albinen espera n\u00e3o apenas aumentar sua popula\u00e7\u00e3o, mas tamb\u00e9m estimular a economia local e garantir a sustentabilidade de sua comunidade a longo prazo.<\/p>\n\n\n\n<h2 class=\"wp-block-heading\">Quais s\u00e3o os desafios de viver em Albinen?<\/h2>\n\n\n\n<p>Embora a oferta financeira seja atraente, viver em Albinen vem com seus pr\u00f3prios desafios. A vila \u00e9 relativamente isolada, distante de grandes centros urbanos, o que pode ser um fator limitante para aqueles que buscam oportunidades de emprego ou acesso a servi\u00e7os mais diversificados. Al\u00e9m disso, o clima alpino pode ser rigoroso, especialmente para aqueles n\u00e3o acostumados a invernos rigorosos.<\/p>\n\n\n\n<p>Em suma, o programa de incentivo de Albinen \u00e9 uma oportunidade \u00fanica para aqueles que buscam uma mudan\u00e7a de vida e est\u00e3o dispostos a investir em uma comunidade pequena e acolhedora. No entanto, \u00e9 essencial considerar todos os aspectos da vida em uma vila remota antes de tomar uma decis\u00e3o t\u00e3o significativa.<\/p>\n","protected":false},"excerpt":{"rendered":"<p>Uma vila su\u00ed\u00e7a est\u00e1 oferecendo dinheiro para atrair novos moradores e revitalizar sua comunidade.<\/p>\n","protected":false},"author":3,"featured_media":13393,"comment_status":"open","ping_status":"open","sticky":false,"template":"","format":"standard","meta":{"_yoast_wpseo_focuskw":"cidade 400 brasileiros","_yoast_wpseo_title":"%%title%%","_yoast_wpseo_metadesc":"Uma vila su\u00ed\u00e7a est\u00e1 oferecendo dinheiro para atrair novos moradores e revitalizar sua comunidade.","jnews-multi-image_gallery":[],"jnews_single_post":{"format":"standard"},"jnews_primary_category":[],"jnews_social_meta":[],"jnews_override_counter":[],"footnotes":""},"categories":[108],"post_tag":[109],"class_list":["post-13392","post","type-post","status-publish","format-standard","has-post-thumbnail","hentry","category-cidades","tag-cidades"],"yoast_head":"<!-- This site is optimized with the Yoast SEO plugin v24.6 - https:\/\/yoast.com\/wordpress\/plugins\/seo\/ -->\n<title>Essa cidade oferece quase 400 mil para brasileiros irem morar l\u00e1<\/title>\n<meta name=\"description\" content=\"Uma vila su\u00ed\u00e7a est\u00e1 oferecendo dinheiro para atrair novos moradores e revitalizar sua comunidade.\" \/>\n<meta name=\"robots\" content=\"index, follow, max-snippet:-1, max-image-preview:large, max-video-preview:-1\" \/>\n<link rel=\"canonical\" href=\"https:\/\/www.correiobraziliense.com.br\/cbradar\/essa-cidade-oferece-quase-400-mil-para-brasileiros-irem-morar-la\/\" \/>\n<meta property=\"og:locale\" content=\"pt_BR\" \/>\n<meta property=\"og:type\" content=\"article\" \/>\n<meta property=\"og:title\" content=\"Essa cidade oferece quase 400 mil para brasileiros irem morar l\u00e1\" \/>\n<meta property=\"og:description\" content=\"Uma vila su\u00ed\u00e7a est\u00e1 oferecendo dinheiro para atrair novos moradores e revitalizar sua comunidade.\" \/>\n<meta property=\"og:url\" content=\"https:\/\/www.correiobraziliense.com.br\/cbradar\/essa-cidade-oferece-quase-400-mil-para-brasileiros-irem-morar-la\/\" \/>\n<meta property=\"og:site_name\" content=\"Correio Braziliense - Radar\" \/>\n<meta property=\"article:published_time\" content=\"2025-03-18T20:50:00+00:00\" \/>\n<meta property=\"og:image\" content=\"https:\/\/www.correiobraziliense.com.br\/cbradar\/wp-content\/uploads\/2025\/03\/Suica_1742240277071.jpg\" \/>\n\t<meta property=\"og:image:width\" content=\"1280\" \/>\n\t<meta property=\"og:image:height\" content=\"720\" \/>\n\t<meta property=\"og:image:type\" content=\"image\/jpeg\" \/>\n<meta name=\"author\" content=\"Larissa Carvalho\" \/>\n<meta name=\"twitter:card\" content=\"summary_large_image\" \/>\n<meta name=\"twitter:label1\" content=\"Escrito por\" \/>\n\t<meta name=\"twitter:data1\" content=\"Larissa Carvalho\" \/>\n\t<meta name=\"twitter:label2\" content=\"Est. tempo de leitura\" \/>\n\t<meta name=\"twitter:data2\" content=\"4 minutos\" \/>\n<!-- \/ Yoast SEO plugin. -->","yoast_head_json":{"title":"Essa cidade oferece quase 400 mil para brasileiros irem morar l\u00e1","description":"Uma vila su\u00ed\u00e7a est\u00e1 oferecendo dinheiro para atrair novos moradores e revitalizar sua comunidade.","robots":{"index":"index","follow":"follow","max-snippet":"max-snippet:-1","max-image-preview":"max-image-preview:large","max-video-preview":"max-video-preview:-1"},"canonical":"https:\/\/www.correiobraziliense.com.br\/cbradar\/essa-cidade-oferece-quase-400-mil-para-brasileiros-irem-morar-la\/","og_locale":"pt_BR","og_type":"article","og_title":"Essa cidade oferece quase 400 mil para brasileiros irem morar l\u00e1","og_description":"Uma vila su\u00ed\u00e7a est\u00e1 oferecendo dinheiro para atrair novos moradores e revitalizar sua comunidade.","og_url":"https:\/\/www.correiobraziliense.com.br\/cbradar\/essa-cidade-oferece-quase-400-mil-para-brasileiros-irem-morar-la\/","og_site_name":"Correio Braziliense - Radar","article_published_time":"2025-03-18T20:50:00+00:00","og_image":[{"width":1280,"height":720,"url":"https:\/\/www.correiobraziliense.com.br\/cbradar\/wp-content\/uploads\/2025\/03\/Suica_1742240277071.jpg","type":"image\/jpeg"}],"author":"Larissa Carvalho","twitter_card":"summary_large_image","twitter_misc":{"Escrito por":"Larissa Carvalho","Est. tempo de leitura":"4 minutos"},"schema":{"@context":"https:\/\/schema.org","@graph":[{"@type":"WebPage","@id":"https:\/\/www.correiobraziliense.com.br\/cbradar\/essa-cidade-oferece-quase-400-mil-para-brasileiros-irem-morar-la\/","url":"https:\/\/www.correiobraziliense.com.br\/cbradar\/essa-cidade-oferece-quase-400-mil-para-brasileiros-irem-morar-la\/","name":"Essa cidade oferece quase 400 mil para brasileiros irem morar l\u00e1","isPartOf":{"@id":"https:\/\/www.correiobraziliense.com.br\/cbradar\/#website"},"primaryImageOfPage":{"@id":"https:\/\/www.correiobraziliense.com.br\/cbradar\/essa-cidade-oferece-quase-400-mil-para-brasileiros-irem-morar-la\/#primaryimage"},"image":{"@id":"https:\/\/www.correiobraziliense.com.br\/cbradar\/essa-cidade-oferece-quase-400-mil-para-brasileiros-irem-morar-la\/#primaryimage"},"thumbnailUrl":"https:\/\/www.correiobraziliense.com.br\/cbradar\/wp-content\/uploads\/2025\/03\/Suica_1742240277071.jpg","datePublished":"2025-03-18T20:50:00+00:00","author":{"@id":"https:\/\/www.correiobraziliense.com.br\/cbradar\/#\/schema\/person\/58422787644df994b53a19d3e56c1513"},"description":"Uma vila su\u00ed\u00e7a est\u00e1 oferecendo dinheiro para atrair novos moradores e revitalizar sua comunidade.","breadcrumb":{"@id":"https:\/\/www.correiobraziliense.com.br\/cbradar\/essa-cidade-oferece-quase-400-mil-para-brasileiros-irem-morar-la\/#breadcrumb"},"inLanguage":"pt-BR","potentialAction":[{"@type":"ReadAction","target":["https:\/\/www.correiobraziliense.com.br\/cbradar\/essa-cidade-oferece-quase-400-mil-para-brasileiros-irem-morar-la\/"]}]},{"@type":"ImageObject","inLanguage":"pt-BR","@id":"https:\/\/www.correiobraziliense.com.br\/cbradar\/essa-cidade-oferece-quase-400-mil-para-brasileiros-irem-morar-la\/#primaryimage","url":"https:\/\/www.correiobraziliense.com.br\/cbradar\/wp-content\/uploads\/2025\/03\/Suica_1742240277071.jpg","contentUrl":"https:\/\/www.correiobraziliense.com.br\/cbradar\/wp-content\/uploads\/2025\/03\/Suica_1742240277071.jpg","width":1280,"height":720,"caption":"Su\u00ed\u00e7a. Cr\u00e9ditos: depositphotos.com \/ YuliyaKirayonakBO"},{"@type":"BreadcrumbList","@id":"https:\/\/www.correiobraziliense.com.br\/cbradar\/essa-cidade-oferece-quase-400-mil-para-brasileiros-irem-morar-la\/#breadcrumb","itemListElement":[{"@type":"ListItem","position":1,"name":"In\u00edcio","item":"https:\/\/www.correiobraziliense.com.br\/cbradar\/"},{"@type":"ListItem","position":2,"name":"Essa cidade oferece quase 400 mil para brasileiros irem morar l\u00e1"}]},{"@type":"WebSite","@id":"https:\/\/www.correiobraziliense.com.br\/cbradar\/#website","url":"https:\/\/www.correiobraziliense.com.br\/cbradar\/","name":"Correio Braziliense - Radar","description":"Acompanhe as \u00faltimas not\u00edcias e fique bem informado sobre tudo o que acontece no Brasil e no mundo.","potentialAction":[{"@type":"SearchAction","target":{"@type":"EntryPoint","urlTemplate":"https:\/\/www.correiobraziliense.com.br\/cbradar\/?s={search_term_string}"},"query-input":{"@type":"PropertyValueSpecification","valueRequired":true,"valueName":"search_term_string"}}],"inLanguage":"pt-BR"},{"@type":"Person","@id":"https:\/\/www.correiobraziliense.com.br\/cbradar\/#\/schema\/person\/58422787644df994b53a19d3e56c1513","name":"Larissa Carvalho","image":{"@type":"ImageObject","inLanguage":"pt-BR","@id":"https:\/\/www.correiobraziliense.com.br\/cbradar\/#\/schema\/person\/image\/","url":"https:\/\/secure.gravatar.com\/avatar\/fe4f91a0de32b52a838d0d612abdc1aa?s=96&d=mm&r=g","contentUrl":"https:\/\/secure.gravatar.com\/avatar\/fe4f91a0de32b52a838d0d612abdc1aa?s=96&d=mm&r=g","caption":"Larissa Carvalho"},"url":"https:\/\/www.correiobraziliense.com.br\/cbradar\/author\/larissamyth\/"}]}},"_links":{"self":[{"href":"https:\/\/www.correiobraziliense.com.br\/cbradar\/wp-json\/wp\/v2\/posts\/13392","targetHints":{"allow":["GET"]}}],"collection":[{"href":"https:\/\/www.correiobraziliense.com.br\/cbradar\/wp-json\/wp\/v2\/posts"}],"about":[{"href":"https:\/\/www.correiobraziliense.com.br\/cbradar\/wp-json\/wp\/v2\/types\/post"}],"author":[{"embeddable":true,"href":"https:\/\/www.correiobraziliense.com.br\/cbradar\/wp-json\/wp\/v2\/users\/3"}],"replies":[{"embeddable":true,"href":"https:\/\/www.correiobraziliense.com.br\/cbradar\/wp-json\/wp\/v2\/comments?post=13392"}],"version-history":[{"count":1,"href":"https:\/\/www.correiobraziliense.com.br\/cbradar\/wp-json\/wp\/v2\/posts\/13392\/revisions"}],"predecessor-version":[{"id":13395,"href":"https:\/\/www.correiobraziliense.com.br\/cbradar\/wp-json\/wp\/v2\/posts\/13392\/revisions\/13395"}],"wp:featuredmedia":[{"embeddable":true,"href":"https:\/\/www.correiobraziliense.com.br\/cbradar\/wp-json\/wp\/v2\/media\/13393"}],"wp:attachment":[{"href":"https:\/\/www.correiobraziliense.com.br\/cbradar\/wp-json\/wp\/v2\/media?parent=13392"}],"wp:term":[{"taxonomy":"category","embeddable":true,"href":"https:\/\/www.correiobraziliense.com.br\/cbradar\/wp-json\/wp\/v2\/categories?post=13392"},{"taxonomy":"post_tag","embeddable":true,"href":"https:\/\/www.correiobraziliense.com.br\/cbradar\/wp-json\/wp\/v2\/post_tag?post=13392"}],"curies":[{"name":"wp","href":"https:\/\/api.w.org\/{rel}","templated":true}]}}