{"id":133952,"date":"2025-11-09T15:45:00","date_gmt":"2025-11-09T18:45:00","guid":{"rendered":"https:\/\/www.correiobraziliense.com.br\/cbradar\/?p=133952"},"modified":"2025-11-08T13:20:51","modified_gmt":"2025-11-08T16:20:51","slug":"como-conservar-alface-corretamente-na-geladeira-e-manter-fresco-por-mais-tempo","status":"publish","type":"post","link":"https:\/\/www.correiobraziliense.com.br\/cbradar\/como-conservar-alface-corretamente-na-geladeira-e-manter-fresco-por-mais-tempo\/","title":{"rendered":"Como conservar alface corretamente na geladeira e manter fresco por mais tempo"},"content":{"rendered":"\n<p>Comprar alface e v\u00ea-la murchar logo ap\u00f3s a compra \u00e9 uma frustra\u00e7\u00e3o comum para quem deseja manter uma alimenta\u00e7\u00e3o saud\u00e1vel. Felizmente, h\u00e1 solu\u00e7\u00f5es simples e eficazes para <strong>conservar a alface<\/strong> e evitar desperd\u00edcios.<\/p>\n\n\n\n<h2 class=\"wp-block-heading\">Como armazenar a alface corretamente e garantir sua frescura<\/h2>\n\n\n\n<p>O primeiro passo \u00e9 realizar a <strong>lavagem adequada das folhas<\/strong>. Certifique-se de eliminar res\u00edduos de sujeira e agrot\u00f3xicos, garantindo mais seguran\u00e7a ao consumir a alface.<\/p>\n\n\n\n<p>Ap\u00f3s a lavagem, \u00e9 fundamental <strong>secar bem as folhas<\/strong> utilizando um secador de alface ou, caso n\u00e3o tenha, papel toalha ou um pano limpo. <strong>Folhas totalmente secas<\/strong> evitam que a umidade acelere a decomposi\u00e7\u00e3o do vegetal, aumentando sua durabilidade.<\/p>\n\n\n\n<figure class=\"wp-block-image size-large\"><img decoding=\"async\" width=\"1024\" height=\"576\" src=\"https:\/\/www.correiobraziliense.com.br\/cbradar\/wp-content\/uploads\/2025\/11\/Conservacao-de-Alface-1024x576.png\" alt=\"Como conservar alface corretamente na geladeira e manter fresco por mais tempo\" class=\"wp-image-133955\" srcset=\"https:\/\/www.correiobraziliense.com.br\/cbradar\/wp-content\/uploads\/2025\/11\/Conservacao-de-Alface-1024x576.png 1024w, https:\/\/www.correiobraziliense.com.br\/cbradar\/wp-content\/uploads\/2025\/11\/Conservacao-de-Alface-300x169.png 300w, https:\/\/www.correiobraziliense.com.br\/cbradar\/wp-content\/uploads\/2025\/11\/Conservacao-de-Alface-768x432.png 768w, https:\/\/www.correiobraziliense.com.br\/cbradar\/wp-content\/uploads\/2025\/11\/Conservacao-de-Alface-750x422.png 750w, https:\/\/www.correiobraziliense.com.br\/cbradar\/wp-content\/uploads\/2025\/11\/Conservacao-de-Alface-1140x641.png 1140w, https:\/\/www.correiobraziliense.com.br\/cbradar\/wp-content\/uploads\/2025\/11\/Conservacao-de-Alface.png 1280w\" sizes=\"(max-width: 1024px) 100vw, 1024px\" \/><figcaption class=\"wp-element-caption\">Quer sua alface sempre verdinha? Lave, seque bem e guarde com papel toalha na geladeira, simples assim!<\/figcaption><\/figure>\n\n\n\n<h2 class=\"wp-block-heading\">O que \u00e9 o m\u00e9todo do papel toalha para conservar alface<\/h2>\n\n\n\n<p>Com as folhas limpas e secas, o ideal \u00e9 armazen\u00e1-las em um <strong>recipiente herm\u00e9tico<\/strong>. O segredo est\u00e1 em <strong>forrar o fundo<\/strong> do recipiente com papel toalha limpo e seco, antes de colocar as folhas.<\/p>\n\n\n\n<p>O papel toalha atua como <strong>absorvente de umidade<\/strong>, retirando o excesso que ficaria em contato com a alface. Assim, essa t\u00e9cnica simples pode prolongar a frescura da alface por at\u00e9 uma semana na geladeira.<\/p>\n\n\n\n<h2 class=\"wp-block-heading\">Como manter a alface fresca na geladeira por mais tempo<\/h2>\n\n\n\n<p>Para que o m\u00e9todo do papel toalha funcione ainda melhor, \u00e9 importante considerar a <strong>temperatura e posi\u00e7\u00e3o adequada<\/strong> do armazenamento na geladeira. O compartimento de vegetais costuma oferecer o ambiente ideal para hortali\u00e7as.<\/p>\n\n\n\n<p>Al\u00e9m disso, evitar abrir a geladeira repetidamente ajuda a proteger a alface de varia\u00e7\u00f5es bruscas de temperatura, <strong>preservando a textura e frescura<\/strong> das folhas.<\/p>\n\n\n\n<blockquote class=\"tiktok-embed\" cite=\"https:\/\/www.tiktok.com\/@jenifercamy\/video\/7372621989170760966\" data-video-id=\"7372621989170760966\" style=\"max-width: 605px;min-width: 325px;\" > <section> <a target=\"_blank\" title=\"@jenifercamy\" href=\"https:\/\/www.tiktok.com\/@jenifercamy?refer=embed\">@jenifercamy<\/a> dica \u00f3tima pra guardar e conservar o alface sem murchar \ud83e\udd6c <a title=\"dica\" target=\"_blank\" href=\"https:\/\/www.tiktok.com\/tag\/dica?refer=embed\">#dica<\/a> <a title=\"donadecasa\" target=\"_blank\" href=\"https:\/\/www.tiktok.com\/tag\/donadecasa?refer=embed\">#donadecasa<\/a> <a title=\"donadecasareal\" target=\"_blank\" href=\"https:\/\/www.tiktok.com\/tag\/donadecasareal?refer=embed\">#donadecasareal<\/a> <a title=\"conservaralface\" target=\"_blank\" href=\"https:\/\/www.tiktok.com\/tag\/conservaralface?refer=embed\">#conservaralface<\/a> <a title=\"alface\" target=\"_blank\" href=\"https:\/\/www.tiktok.com\/tag\/alface?refer=embed\">#alface<\/a> <a title=\"conservaralimentos\" target=\"_blank\" href=\"https:\/\/www.tiktok.com\/tag\/conservaralimentos?refer=embed\">#conservaralimentos<\/a> <a target=\"_blank\" title=\"\u266c som original - Jeni Camy\" href=\"https:\/\/www.tiktok.com\/music\/som-original-7372622040515136262?refer=embed\">\u266c som original &#8211; Jeni Camy<\/a> <\/section> <\/blockquote> <script async src=\"https:\/\/www.tiktok.com\/embed.js\"><\/script>\n\n\n\n<p>Leia tamb\u00e9m: <a href=\"https:\/\/www.correiobraziliense.com.br\/cbradar\/o-truque-com-vinagre-que-deixa-alface-mais-segura-e-saborosa\/\" target=\"_blank\" rel=\"noreferrer noopener\">O truque com vinagre que deixa alface mais segura e saborosa<\/a><\/p>\n\n\n\n<h2 class=\"wp-block-heading\">Quais s\u00e3o as dicas pr\u00e1ticas para armazenar alface corretamente<\/h2>\n\n\n\n<p>Para garantir os melhores resultados, adotar alguns cuidados extras pode fazer diferen\u00e7a na hora de conservar a alface. Seguir orienta\u00e7\u00f5es simples potencializa o efeito do papel toalha e evita desperd\u00edcios. Confira algumas dicas essenciais:<\/p>\n\n\n\n<ul class=\"wp-block-list\">\n<li><strong>Mantenha espa\u00e7o entre as folhas:<\/strong> N\u00e3o sobrecarregue o recipiente, permitindo a circula\u00e7\u00e3o de ar.<\/li>\n\n\n\n<li><strong>Evite folhas \u00famidas:<\/strong> Qualquer umidade restante pode acelerar a deteriora\u00e7\u00e3o.<\/li>\n\n\n\n<li><strong>Troque o papel toalha:<\/strong> Quando estiver \u00famido, substitua por um novo para continuar absorvendo o excesso de \u00e1gua.<\/li>\n<\/ul>\n\n\n\n<p>Se deseja ainda mais longevidade, experimente tamb\u00e9m adicionar um peda\u00e7o de papel manteiga junto ao papel toalha, pois ele auxilia ainda mais no controle da umidade e pode manter as folhas frescas por at\u00e9 dez dias.<\/p>\n\n\n\n<p>Com aten\u00e7\u00e3o aos detalhes e o uso desse <strong>truque simples<\/strong>, \u00e9 poss\u00edvel <strong>reduzir o desperd\u00edcio<\/strong> e desfrutar de uma salada fresca por mais tempo. O m\u00e9todo do papel toalha, aliado a um armazenamento cuidadoso, transforma o preparo da salada em uma experi\u00eancia mais sustent\u00e1vel e pr\u00e1tica.<\/p>\n","protected":false},"excerpt":{"rendered":"<p>Comprar alface e v\u00ea-la murchar no dia seguinte \u00e9 frustrante. Descubra como conservar alface corretamente na geladeira.<\/p>\n","protected":false},"author":3,"featured_media":133954,"comment_status":"open","ping_status":"open","sticky":false,"template":"","format":"standard","meta":{"_yoast_wpseo_focuskw":"conservar alface geladeira","_yoast_wpseo_title":"%%title%%","_yoast_wpseo_metadesc":"Comprar alface e v\u00ea-la murchar no dia seguinte \u00e9 frustrante. Descubra como conservar alface corretamente na geladeira.","jnews-multi-image_gallery":[],"jnews_single_post":{"format":"standard"},"jnews_primary_category":[],"jnews_social_meta":[],"jnews_override_counter":[],"footnotes":""},"categories":[112],"post_tag":[1110,281,1423,144,1016],"class_list":["post-133952","post","type-post","status-publish","format-standard","has-post-thumbnail","hentry","category-curiosidades","tag-alface","tag-alimentacao","tag-alimentos","tag-curiosidades","tag-geladeira"],"yoast_head":"<!-- This site is optimized with the Yoast SEO plugin v24.6 - https:\/\/yoast.com\/wordpress\/plugins\/seo\/ -->\n<title>Como conservar alface corretamente na geladeira e manter fresco por mais tempo<\/title>\n<meta name=\"description\" content=\"Comprar alface e v\u00ea-la murchar no dia seguinte \u00e9 frustrante. Descubra como conservar alface corretamente na geladeira.\" \/>\n<meta name=\"robots\" content=\"index, follow, max-snippet:-1, max-image-preview:large, max-video-preview:-1\" \/>\n<link rel=\"canonical\" href=\"https:\/\/www.correiobraziliense.com.br\/cbradar\/como-conservar-alface-corretamente-na-geladeira-e-manter-fresco-por-mais-tempo\/\" \/>\n<meta property=\"og:locale\" content=\"pt_BR\" \/>\n<meta property=\"og:type\" content=\"article\" \/>\n<meta property=\"og:title\" content=\"Como conservar alface corretamente na geladeira e manter fresco por mais tempo\" \/>\n<meta property=\"og:description\" content=\"Comprar alface e v\u00ea-la murchar no dia seguinte \u00e9 frustrante. Descubra como conservar alface corretamente na geladeira.\" \/>\n<meta property=\"og:url\" content=\"https:\/\/www.correiobraziliense.com.br\/cbradar\/como-conservar-alface-corretamente-na-geladeira-e-manter-fresco-por-mais-tempo\/\" \/>\n<meta property=\"og:site_name\" content=\"Correio Braziliense - Radar\" \/>\n<meta property=\"article:published_time\" content=\"2025-11-09T18:45:00+00:00\" \/>\n<meta property=\"og:image\" content=\"https:\/\/www.correiobraziliense.com.br\/cbradar\/wp-content\/uploads\/2025\/11\/geladeira_1762618584354.jpg\" \/>\n\t<meta property=\"og:image:width\" content=\"1280\" \/>\n\t<meta property=\"og:image:height\" content=\"720\" \/>\n\t<meta property=\"og:image:type\" content=\"image\/jpeg\" \/>\n<meta name=\"author\" content=\"Larissa Carvalho\" \/>\n<meta name=\"twitter:card\" content=\"summary_large_image\" \/>\n<meta name=\"twitter:label1\" content=\"Escrito por\" \/>\n\t<meta name=\"twitter:data1\" content=\"Larissa Carvalho\" \/>\n\t<meta name=\"twitter:label2\" content=\"Est. tempo de leitura\" \/>\n\t<meta name=\"twitter:data2\" content=\"3 minutos\" \/>\n<!-- \/ Yoast SEO plugin. -->","yoast_head_json":{"title":"Como conservar alface corretamente na geladeira e manter fresco por mais tempo","description":"Comprar alface e v\u00ea-la murchar no dia seguinte \u00e9 frustrante. Descubra como conservar alface corretamente na geladeira.","robots":{"index":"index","follow":"follow","max-snippet":"max-snippet:-1","max-image-preview":"max-image-preview:large","max-video-preview":"max-video-preview:-1"},"canonical":"https:\/\/www.correiobraziliense.com.br\/cbradar\/como-conservar-alface-corretamente-na-geladeira-e-manter-fresco-por-mais-tempo\/","og_locale":"pt_BR","og_type":"article","og_title":"Como conservar alface corretamente na geladeira e manter fresco por mais tempo","og_description":"Comprar alface e v\u00ea-la murchar no dia seguinte \u00e9 frustrante. Descubra como conservar alface corretamente na geladeira.","og_url":"https:\/\/www.correiobraziliense.com.br\/cbradar\/como-conservar-alface-corretamente-na-geladeira-e-manter-fresco-por-mais-tempo\/","og_site_name":"Correio Braziliense - Radar","article_published_time":"2025-11-09T18:45:00+00:00","og_image":[{"width":1280,"height":720,"url":"https:\/\/www.correiobraziliense.com.br\/cbradar\/wp-content\/uploads\/2025\/11\/geladeira_1762618584354.jpg","type":"image\/jpeg"}],"author":"Larissa Carvalho","twitter_card":"summary_large_image","twitter_misc":{"Escrito por":"Larissa Carvalho","Est. tempo de leitura":"3 minutos"},"schema":{"@context":"https:\/\/schema.org","@graph":[{"@type":"WebPage","@id":"https:\/\/www.correiobraziliense.com.br\/cbradar\/como-conservar-alface-corretamente-na-geladeira-e-manter-fresco-por-mais-tempo\/","url":"https:\/\/www.correiobraziliense.com.br\/cbradar\/como-conservar-alface-corretamente-na-geladeira-e-manter-fresco-por-mais-tempo\/","name":"Como conservar alface corretamente na geladeira e manter fresco por mais tempo","isPartOf":{"@id":"https:\/\/www.correiobraziliense.com.br\/cbradar\/#website"},"primaryImageOfPage":{"@id":"https:\/\/www.correiobraziliense.com.br\/cbradar\/como-conservar-alface-corretamente-na-geladeira-e-manter-fresco-por-mais-tempo\/#primaryimage"},"image":{"@id":"https:\/\/www.correiobraziliense.com.br\/cbradar\/como-conservar-alface-corretamente-na-geladeira-e-manter-fresco-por-mais-tempo\/#primaryimage"},"thumbnailUrl":"https:\/\/www.correiobraziliense.com.br\/cbradar\/wp-content\/uploads\/2025\/11\/geladeira_1762618584354.jpg","datePublished":"2025-11-09T18:45:00+00:00","author":{"@id":"https:\/\/www.correiobraziliense.com.br\/cbradar\/#\/schema\/person\/58422787644df994b53a19d3e56c1513"},"description":"Comprar alface e v\u00ea-la murchar no dia seguinte \u00e9 frustrante. Descubra como conservar alface corretamente na geladeira.","breadcrumb":{"@id":"https:\/\/www.correiobraziliense.com.br\/cbradar\/como-conservar-alface-corretamente-na-geladeira-e-manter-fresco-por-mais-tempo\/#breadcrumb"},"inLanguage":"pt-BR","potentialAction":[{"@type":"ReadAction","target":["https:\/\/www.correiobraziliense.com.br\/cbradar\/como-conservar-alface-corretamente-na-geladeira-e-manter-fresco-por-mais-tempo\/"]}]},{"@type":"ImageObject","inLanguage":"pt-BR","@id":"https:\/\/www.correiobraziliense.com.br\/cbradar\/como-conservar-alface-corretamente-na-geladeira-e-manter-fresco-por-mais-tempo\/#primaryimage","url":"https:\/\/www.correiobraziliense.com.br\/cbradar\/wp-content\/uploads\/2025\/11\/geladeira_1762618584354.jpg","contentUrl":"https:\/\/www.correiobraziliense.com.br\/cbradar\/wp-content\/uploads\/2025\/11\/geladeira_1762618584354.jpg","width":1280,"height":720,"caption":"Com cuidados simples, como evitar a umidade e armazenar na gaveta de legumes da geladeira, sua alface permanece crocante por mais tempo. Cr\u00e9ditos: depositphotos.com \/ AndrewLozovyi"},{"@type":"BreadcrumbList","@id":"https:\/\/www.correiobraziliense.com.br\/cbradar\/como-conservar-alface-corretamente-na-geladeira-e-manter-fresco-por-mais-tempo\/#breadcrumb","itemListElement":[{"@type":"ListItem","position":1,"name":"In\u00edcio","item":"https:\/\/www.correiobraziliense.com.br\/cbradar\/"},{"@type":"ListItem","position":2,"name":"Como conservar alface corretamente na geladeira e manter fresco por mais tempo"}]},{"@type":"WebSite","@id":"https:\/\/www.correiobraziliense.com.br\/cbradar\/#website","url":"https:\/\/www.correiobraziliense.com.br\/cbradar\/","name":"Correio Braziliense - Radar","description":"Acompanhe as \u00faltimas not\u00edcias e fique bem informado sobre tudo o que acontece no Brasil e no mundo.","potentialAction":[{"@type":"SearchAction","target":{"@type":"EntryPoint","urlTemplate":"https:\/\/www.correiobraziliense.com.br\/cbradar\/?s={search_term_string}"},"query-input":{"@type":"PropertyValueSpecification","valueRequired":true,"valueName":"search_term_string"}}],"inLanguage":"pt-BR"},{"@type":"Person","@id":"https:\/\/www.correiobraziliense.com.br\/cbradar\/#\/schema\/person\/58422787644df994b53a19d3e56c1513","name":"Larissa Carvalho","image":{"@type":"ImageObject","inLanguage":"pt-BR","@id":"https:\/\/www.correiobraziliense.com.br\/cbradar\/#\/schema\/person\/image\/","url":"https:\/\/secure.gravatar.com\/avatar\/fe4f91a0de32b52a838d0d612abdc1aa?s=96&d=mm&r=g","contentUrl":"https:\/\/secure.gravatar.com\/avatar\/fe4f91a0de32b52a838d0d612abdc1aa?s=96&d=mm&r=g","caption":"Larissa Carvalho"},"url":"https:\/\/www.correiobraziliense.com.br\/cbradar\/author\/larissamyth\/"}]}},"_links":{"self":[{"href":"https:\/\/www.correiobraziliense.com.br\/cbradar\/wp-json\/wp\/v2\/posts\/133952","targetHints":{"allow":["GET"]}}],"collection":[{"href":"https:\/\/www.correiobraziliense.com.br\/cbradar\/wp-json\/wp\/v2\/posts"}],"about":[{"href":"https:\/\/www.correiobraziliense.com.br\/cbradar\/wp-json\/wp\/v2\/types\/post"}],"author":[{"embeddable":true,"href":"https:\/\/www.correiobraziliense.com.br\/cbradar\/wp-json\/wp\/v2\/users\/3"}],"replies":[{"embeddable":true,"href":"https:\/\/www.correiobraziliense.com.br\/cbradar\/wp-json\/wp\/v2\/comments?post=133952"}],"version-history":[{"count":2,"href":"https:\/\/www.correiobraziliense.com.br\/cbradar\/wp-json\/wp\/v2\/posts\/133952\/revisions"}],"predecessor-version":[{"id":133956,"href":"https:\/\/www.correiobraziliense.com.br\/cbradar\/wp-json\/wp\/v2\/posts\/133952\/revisions\/133956"}],"wp:featuredmedia":[{"embeddable":true,"href":"https:\/\/www.correiobraziliense.com.br\/cbradar\/wp-json\/wp\/v2\/media\/133954"}],"wp:attachment":[{"href":"https:\/\/www.correiobraziliense.com.br\/cbradar\/wp-json\/wp\/v2\/media?parent=133952"}],"wp:term":[{"taxonomy":"category","embeddable":true,"href":"https:\/\/www.correiobraziliense.com.br\/cbradar\/wp-json\/wp\/v2\/categories?post=133952"},{"taxonomy":"post_tag","embeddable":true,"href":"https:\/\/www.correiobraziliense.com.br\/cbradar\/wp-json\/wp\/v2\/post_tag?post=133952"}],"curies":[{"name":"wp","href":"https:\/\/api.w.org\/{rel}","templated":true}]}}