{"id":133967,"date":"2025-11-09T17:25:00","date_gmt":"2025-11-09T20:25:00","guid":{"rendered":"https:\/\/www.correiobraziliense.com.br\/cbradar\/?p=133967"},"modified":"2025-11-08T14:59:53","modified_gmt":"2025-11-08T17:59:53","slug":"as-mulheres-nao-tem-as-mesmas-necessidades-nutricionais-aos-20-40-ou-60-anos-diz-especialista","status":"publish","type":"post","link":"https:\/\/www.correiobraziliense.com.br\/cbradar\/as-mulheres-nao-tem-as-mesmas-necessidades-nutricionais-aos-20-40-ou-60-anos-diz-especialista\/","title":{"rendered":"As mulheres n\u00e3o t\u00eam as mesmas necessidades nutricionais aos 20, 40 ou 60 anos, diz especialista"},"content":{"rendered":"\n<p>A <strong>nutri\u00e7\u00e3o<\/strong> \u00e9 um pilar fundamental para a <strong>sa\u00fade feminina<\/strong>, impactando tanto o equil\u00edbrio hormonal quanto o bem-estar f\u00edsico e emocional ao longo das diversas fases da vida. Devido \u00e0s flutua\u00e7\u00f5es hormonais t\u00edpicas da mulher, as necessidades alimentares mudam significativamente, e adaptar-se nutricionalmente \u00e9 indispens\u00e1vel para promover sa\u00fade, longevidade e preven\u00e7\u00e3o de doen\u00e7as.<\/p>\n\n\n\n<h2 class=\"wp-block-heading\">Como a alimenta\u00e7\u00e3o influencia o equil\u00edbrio hormonal feminino e sua import\u00e2ncia na rotina di\u00e1ria?<\/h2>\n\n\n\n<p>As <strong>hormonas<\/strong> s\u00e3o mensageiras essenciais para regular metabolismo, sono, imunidade, apetite e emo\u00e7\u00f5es. Por isso, as dificuldades hormonais, como as do ciclo menstrual ou da menopausa, pedem aten\u00e7\u00e3o especial na dieta para mitigar sintomas e garantir o bom funcionamento do organismo. As informa\u00e7\u00f5es s\u00e3o da doutura em Biomedicina, <strong><a href=\"https:\/\/www.linkedin.com\/in\/isabelmartorell\/?originalSubdomain=es\" target=\"_blank\" rel=\"noreferrer noopener\">Isabel Martorell<\/a><\/strong>.<\/p>\n\n\n\n<p>Em momentos de maior oscila\u00e7\u00e3o hormonal, \u00e9 \u00fatil refor\u00e7ar nutrientes fundamentais para o corpo. Veja abaixo alguns exemplos de nutrientes importantes para diferentes fases hormonais:<\/p>\n\n\n\n<ul class=\"wp-block-list\">\n<li><strong>Ferro e prote\u00edna:<\/strong> para compensar perdas durante o ciclo menstrual<\/li>\n\n\n\n<li><strong>\u00c1cidos graxos \u00f4mega-3:<\/strong> auxiliam na inflama\u00e7\u00e3o e no humor<\/li>\n\n\n\n<li><strong>C\u00e1lcio e vitamina D:<\/strong> fundamentais no per\u00edodo de decl\u00ednio hormonal<\/li>\n<\/ul>\n\n\n\n<h2 class=\"wp-block-heading\">Quais s\u00e3o as necessidades nutricionais predominantes em cada fase da vida da mulher?<\/h2>\n\n\n\n<p>Na <strong>adolesc\u00eancia<\/strong>, o crescimento acelerado exige variedade alimentar, fortalecendo ossos e prevenindo defici\u00eancia de ferro. Dos 20 aos 30 anos, antioxidantes, vitaminas do complexo B e alimentos ricos em \u00e1cido f\u00f3lico sustentam a sa\u00fade ovariana e a fertilidade.<\/p>\n\n\n\n<p>J\u00e1 a partir dos 30 anos at\u00e9 a maturidade, as prioridades mudam: o foco passa a ser em manter reservas nutricionais, cuidando do metabolismo e apoiando o corpo diante da diminui\u00e7\u00e3o de horm\u00f4nios. A tabela a seguir resume as recomenda\u00e7\u00f5es espec\u00edficas para cada faixa et\u00e1ria:<\/p>\n\n\n\n<figure class=\"wp-block-table\"><table class=\"has-fixed-layout\"><tbody><tr><th>Faixa Et\u00e1ria<\/th><th>Principais Necessidades Nutricionais<\/th><th>Nutrientes Recomendados<\/th><th>Observa\u00e7\u00f5es<\/th><\/tr><tr><td>Adolesc\u00eancia (12-18 anos)<\/td><td>Crescimento, in\u00edcio da matura\u00e7\u00e3o sexual<\/td><td>C\u00e1lcio, ferro, prote\u00ednas, zinco, vitaminas A, C e D<\/td><td>Atentar para reposi\u00e7\u00e3o de ferro devido ao in\u00edcio da menstrua\u00e7\u00e3o<\/td><\/tr><tr><td>20-30 anos<\/td><td>Manuten\u00e7\u00e3o da fertilidade e sa\u00fade ovariana<\/td><td>\u00c1cido f\u00f3lico, ferro, antioxidantes, \u00f4mega-3, vitaminas do complexo B<\/td><td>Evitar dietas restritivas e priorizar variedade<\/td><\/tr><tr><td>30-40 anos<\/td><td>Prepara\u00e7\u00e3o para gesta\u00e7\u00e3o, sa\u00fade metab\u00f3lica<\/td><td>Antioxidantes, ferro, c\u00e1lcio, vitamina D, prote\u00ednas magras<\/td><td>Manter reservas nutricionais adequadas<\/td><\/tr><tr><td>40-50 anos<\/td><td>Perimenopausa, in\u00edcio de decl\u00ednio hormonal<\/td><td>C\u00e1lcio, magn\u00e9sio, vitamina D, fibras, prote\u00ednas de alta qualidade<\/td><td>Ajustar ingest\u00e3o cal\u00f3rica e proteger sa\u00fade \u00f3ssea<\/td><\/tr><tr><td>50+ anos<\/td><td>Menopausa e p\u00f3s-menopausa<\/td><td>C\u00e1lcio, vitamina D, fitoestr\u00f3genos, fibras, \u00e1cidos graxos insaturados<\/td><td>Preven\u00e7\u00e3o de osteoporose e controle de sintomas t\u00edpicos<\/td><\/tr><\/tbody><\/table><\/figure>\n\n\n\n<p>Leia tamb\u00e9m: <a href=\"https:\/\/www.correiobraziliense.com.br\/cbradar\/o-kiwi-esta-ganhando-espaco-nas-dietas-saudaveis-e-os-nutricionistas-explicam-o-motivo\/\" target=\"_blank\" rel=\"noreferrer noopener\">O kiwi est\u00e1 ganhando espa\u00e7o nas dietas saud\u00e1veis e os nutricionistas explicam o motivo<\/a><\/p>\n\n\n\n<h2 class=\"wp-block-heading\">De que maneira a dieta contribui para a sa\u00fade feminina ap\u00f3s os 40 anos?<\/h2>\n\n\n\n<p>Ap\u00f3s os <strong>40 anos<\/strong>, as adapta\u00e7\u00f5es no organismo feminino exigem escolhas alimentares mais conscientes. A redu\u00e7\u00e3o do metabolismo e o desequil\u00edbrio dos horm\u00f4nios refor\u00e7am a import\u00e2ncia de manter um controle cal\u00f3rico e priorizar nutrientes que auxiliem na manuten\u00e7\u00e3o muscular e \u00f3ssea.<\/p>\n\n\n\n<p>Al\u00e9m disso, vale destacar que <strong>prote\u00ednas de alta qualidade<\/strong>, fibras, magn\u00e9sio e vitaminas do complexo B s\u00e3o fundamentais para preservar a vitalidade e o equil\u00edbrio do corpo durante essa fase.<\/p>\n\n\n\n<figure class=\"wp-block-image size-large\"><img decoding=\"async\" width=\"1024\" height=\"576\" src=\"https:\/\/www.correiobraziliense.com.br\/cbradar\/wp-content\/uploads\/2025\/11\/pessoa-comendo_1762624743850-1024x576.jpg\" alt=\"As mulheres n\u00e3o t\u00eam as mesmas necessidades nutricionais aos 20, 40 ou 60 anos, diz especialista\" class=\"wp-image-133970\" srcset=\"https:\/\/www.correiobraziliense.com.br\/cbradar\/wp-content\/uploads\/2025\/11\/pessoa-comendo_1762624743850-1024x576.jpg 1024w, https:\/\/www.correiobraziliense.com.br\/cbradar\/wp-content\/uploads\/2025\/11\/pessoa-comendo_1762624743850-300x169.jpg 300w, https:\/\/www.correiobraziliense.com.br\/cbradar\/wp-content\/uploads\/2025\/11\/pessoa-comendo_1762624743850-768x432.jpg 768w, https:\/\/www.correiobraziliense.com.br\/cbradar\/wp-content\/uploads\/2025\/11\/pessoa-comendo_1762624743850-750x422.jpg 750w, https:\/\/www.correiobraziliense.com.br\/cbradar\/wp-content\/uploads\/2025\/11\/pessoa-comendo_1762624743850-1140x641.jpg 1140w, https:\/\/www.correiobraziliense.com.br\/cbradar\/wp-content\/uploads\/2025\/11\/pessoa-comendo_1762624743850.jpg 1280w\" sizes=\"(max-width: 1024px) 100vw, 1024px\" \/><figcaption class=\"wp-element-caption\">Comer bem ajuda a manter a energia, o humor e o corpo em equil\u00edbrio durante todas as fases femininas. Cr\u00e9ditos: depositphotos.com \/ AndrewLozovyi<\/figcaption><\/figure>\n\n\n\n<h2 class=\"wp-block-heading\">Qual \u00e9 a rela\u00e7\u00e3o entre alimenta\u00e7\u00e3o adequada e menopausa saud\u00e1vel?<\/h2>\n\n\n\n<p>A chegada da <strong>menopausa<\/strong> representa uma transforma\u00e7\u00e3o, especialmente para a sa\u00fade \u00f3ssea e cardiovascular. A ingest\u00e3o de c\u00e1lcio e vitamina D deve ser refor\u00e7ada j\u00e1 nos primeiros sinais de mudan\u00e7a hormonal, assim como a escolha de gorduras mais saud\u00e1veis.<\/p>\n\n\n\n<p>Para auxiliar as mulheres durante a menopausa, \u00e9 recomend\u00e1vel acrescentar ao card\u00e1pio alguns alimentos que colaboram para o conforto e sa\u00fade geral:<\/p>\n\n\n\n<ul class=\"wp-block-list\">\n<li><strong>Latic\u00ednios ou equivalentes vegetais enriquecidos:<\/strong> para manter a densidade \u00f3ssea<\/li>\n\n\n\n<li><strong>Fontes de fitoestr\u00f3genos:<\/strong> como soja e linha\u00e7a, que podem amenizar sintomas como calor<\/li>\n\n\n\n<li><strong>Peixes e azeite de oliva:<\/strong> promovem sa\u00fade cardiovascular e ajudam no controle do colesterol<\/li>\n\n\n\n<li><strong>Frutas e legumes:<\/strong> fornecem fibras e antioxidantes importantes para imunidade<\/li>\n<\/ul>\n\n\n\n<p>Adaptar a <strong>alimenta\u00e7\u00e3o \u00e0s transforma\u00e7\u00f5es naturais da mulher<\/strong> se traduz em mais qualidade de vida, prevenindo doen\u00e7as e potencializando o bem-estar. Com aten\u00e7\u00e3o personalizada \u00e0 nutri\u00e7\u00e3o em cada fase, as mulheres encontram ferramentas valiosas para superar os desafios hormonais e envelhecer com sa\u00fade e vitalidade.<\/p>\n","protected":false},"excerpt":{"rendered":"<p>Descubra como uma dieta equilibrada pode ser a chave para a sa\u00fade hormonal feminina, favorecendo cada fase da vida de forma natural e eficaz.<\/p>\n","protected":false},"author":3,"featured_media":133969,"comment_status":"open","ping_status":"open","sticky":false,"template":"","format":"standard","meta":{"_yoast_wpseo_focuskw":"mulheres necessidades nutricionais","_yoast_wpseo_title":"%%title%%","_yoast_wpseo_metadesc":"Descubra como uma dieta equilibrada pode ser a chave para a sa\u00fade hormonal feminina, favorecendo cada fase da vida de forma natural e eficaz.","jnews-multi-image_gallery":[],"jnews_single_post":{"format":"standard"},"jnews_primary_category":[],"jnews_social_meta":[],"jnews_override_counter":[],"footnotes":""},"categories":[112],"post_tag":[281,1423,3559,144,565],"class_list":["post-133967","post","type-post","status-publish","format-standard","has-post-thumbnail","hentry","category-curiosidades","tag-alimentacao","tag-alimentos","tag-corpo-humano","tag-curiosidades","tag-saude"],"yoast_head":"<!-- This site is optimized with the Yoast SEO plugin v24.6 - https:\/\/yoast.com\/wordpress\/plugins\/seo\/ -->\n<title>As mulheres n\u00e3o t\u00eam as mesmas necessidades nutricionais aos 20, 40 ou 60 anos, diz especialista<\/title>\n<meta name=\"description\" content=\"Descubra como uma dieta equilibrada pode ser a chave para a sa\u00fade hormonal feminina, favorecendo cada fase da vida de forma natural e eficaz.\" \/>\n<meta name=\"robots\" content=\"index, follow, max-snippet:-1, max-image-preview:large, max-video-preview:-1\" \/>\n<link rel=\"canonical\" href=\"https:\/\/www.correiobraziliense.com.br\/cbradar\/as-mulheres-nao-tem-as-mesmas-necessidades-nutricionais-aos-20-40-ou-60-anos-diz-especialista\/\" \/>\n<meta property=\"og:locale\" content=\"pt_BR\" \/>\n<meta property=\"og:type\" content=\"article\" \/>\n<meta property=\"og:title\" content=\"As mulheres n\u00e3o t\u00eam as mesmas necessidades nutricionais aos 20, 40 ou 60 anos, diz especialista\" \/>\n<meta property=\"og:description\" content=\"Descubra como uma dieta equilibrada pode ser a chave para a sa\u00fade hormonal feminina, favorecendo cada fase da vida de forma natural e eficaz.\" \/>\n<meta property=\"og:url\" content=\"https:\/\/www.correiobraziliense.com.br\/cbradar\/as-mulheres-nao-tem-as-mesmas-necessidades-nutricionais-aos-20-40-ou-60-anos-diz-especialista\/\" \/>\n<meta property=\"og:site_name\" content=\"Correio Braziliense - Radar\" \/>\n<meta property=\"article:published_time\" content=\"2025-11-09T20:25:00+00:00\" \/>\n<meta property=\"og:image\" content=\"https:\/\/www.correiobraziliense.com.br\/cbradar\/wp-content\/uploads\/2025\/11\/mosaico_1762621072990.jpg\" \/>\n\t<meta property=\"og:image:width\" content=\"1280\" \/>\n\t<meta property=\"og:image:height\" content=\"720\" \/>\n\t<meta property=\"og:image:type\" content=\"image\/jpeg\" \/>\n<meta name=\"author\" content=\"Larissa Carvalho\" \/>\n<meta name=\"twitter:card\" content=\"summary_large_image\" \/>\n<meta name=\"twitter:label1\" content=\"Escrito por\" \/>\n\t<meta name=\"twitter:data1\" content=\"Larissa Carvalho\" \/>\n\t<meta name=\"twitter:label2\" content=\"Est. tempo de leitura\" \/>\n\t<meta name=\"twitter:data2\" content=\"5 minutos\" \/>\n<!-- \/ Yoast SEO plugin. -->","yoast_head_json":{"title":"As mulheres n\u00e3o t\u00eam as mesmas necessidades nutricionais aos 20, 40 ou 60 anos, diz especialista","description":"Descubra como uma dieta equilibrada pode ser a chave para a sa\u00fade hormonal feminina, favorecendo cada fase da vida de forma natural e eficaz.","robots":{"index":"index","follow":"follow","max-snippet":"max-snippet:-1","max-image-preview":"max-image-preview:large","max-video-preview":"max-video-preview:-1"},"canonical":"https:\/\/www.correiobraziliense.com.br\/cbradar\/as-mulheres-nao-tem-as-mesmas-necessidades-nutricionais-aos-20-40-ou-60-anos-diz-especialista\/","og_locale":"pt_BR","og_type":"article","og_title":"As mulheres n\u00e3o t\u00eam as mesmas necessidades nutricionais aos 20, 40 ou 60 anos, diz especialista","og_description":"Descubra como uma dieta equilibrada pode ser a chave para a sa\u00fade hormonal feminina, favorecendo cada fase da vida de forma natural e eficaz.","og_url":"https:\/\/www.correiobraziliense.com.br\/cbradar\/as-mulheres-nao-tem-as-mesmas-necessidades-nutricionais-aos-20-40-ou-60-anos-diz-especialista\/","og_site_name":"Correio Braziliense - Radar","article_published_time":"2025-11-09T20:25:00+00:00","og_image":[{"width":1280,"height":720,"url":"https:\/\/www.correiobraziliense.com.br\/cbradar\/wp-content\/uploads\/2025\/11\/mosaico_1762621072990.jpg","type":"image\/jpeg"}],"author":"Larissa Carvalho","twitter_card":"summary_large_image","twitter_misc":{"Escrito por":"Larissa Carvalho","Est. tempo de leitura":"5 minutos"},"schema":{"@context":"https:\/\/schema.org","@graph":[{"@type":"WebPage","@id":"https:\/\/www.correiobraziliense.com.br\/cbradar\/as-mulheres-nao-tem-as-mesmas-necessidades-nutricionais-aos-20-40-ou-60-anos-diz-especialista\/","url":"https:\/\/www.correiobraziliense.com.br\/cbradar\/as-mulheres-nao-tem-as-mesmas-necessidades-nutricionais-aos-20-40-ou-60-anos-diz-especialista\/","name":"As mulheres n\u00e3o t\u00eam as mesmas necessidades nutricionais aos 20, 40 ou 60 anos, diz especialista","isPartOf":{"@id":"https:\/\/www.correiobraziliense.com.br\/cbradar\/#website"},"primaryImageOfPage":{"@id":"https:\/\/www.correiobraziliense.com.br\/cbradar\/as-mulheres-nao-tem-as-mesmas-necessidades-nutricionais-aos-20-40-ou-60-anos-diz-especialista\/#primaryimage"},"image":{"@id":"https:\/\/www.correiobraziliense.com.br\/cbradar\/as-mulheres-nao-tem-as-mesmas-necessidades-nutricionais-aos-20-40-ou-60-anos-diz-especialista\/#primaryimage"},"thumbnailUrl":"https:\/\/www.correiobraziliense.com.br\/cbradar\/wp-content\/uploads\/2025\/11\/mosaico_1762621072990.jpg","datePublished":"2025-11-09T20:25:00+00:00","author":{"@id":"https:\/\/www.correiobraziliense.com.br\/cbradar\/#\/schema\/person\/58422787644df994b53a19d3e56c1513"},"description":"Descubra como uma dieta equilibrada pode ser a chave para a sa\u00fade hormonal feminina, favorecendo cada fase da vida de forma natural e eficaz.","breadcrumb":{"@id":"https:\/\/www.correiobraziliense.com.br\/cbradar\/as-mulheres-nao-tem-as-mesmas-necessidades-nutricionais-aos-20-40-ou-60-anos-diz-especialista\/#breadcrumb"},"inLanguage":"pt-BR","potentialAction":[{"@type":"ReadAction","target":["https:\/\/www.correiobraziliense.com.br\/cbradar\/as-mulheres-nao-tem-as-mesmas-necessidades-nutricionais-aos-20-40-ou-60-anos-diz-especialista\/"]}]},{"@type":"ImageObject","inLanguage":"pt-BR","@id":"https:\/\/www.correiobraziliense.com.br\/cbradar\/as-mulheres-nao-tem-as-mesmas-necessidades-nutricionais-aos-20-40-ou-60-anos-diz-especialista\/#primaryimage","url":"https:\/\/www.correiobraziliense.com.br\/cbradar\/wp-content\/uploads\/2025\/11\/mosaico_1762621072990.jpg","contentUrl":"https:\/\/www.correiobraziliense.com.br\/cbradar\/wp-content\/uploads\/2025\/11\/mosaico_1762621072990.jpg","width":1280,"height":720,"caption":"Adaptar a alimenta\u00e7\u00e3o ao ciclo hormonal promove sa\u00fade completa, longevidade e qualidade de vida para as mulheres. Cr\u00e9ditos: depositphotos.com \/ gpointstudio e Cr\u00e9ditos: depositphotos.com \/ ViktoriiaDyachenko"},{"@type":"BreadcrumbList","@id":"https:\/\/www.correiobraziliense.com.br\/cbradar\/as-mulheres-nao-tem-as-mesmas-necessidades-nutricionais-aos-20-40-ou-60-anos-diz-especialista\/#breadcrumb","itemListElement":[{"@type":"ListItem","position":1,"name":"In\u00edcio","item":"https:\/\/www.correiobraziliense.com.br\/cbradar\/"},{"@type":"ListItem","position":2,"name":"As mulheres n\u00e3o t\u00eam as mesmas necessidades nutricionais aos 20, 40 ou 60 anos, diz especialista"}]},{"@type":"WebSite","@id":"https:\/\/www.correiobraziliense.com.br\/cbradar\/#website","url":"https:\/\/www.correiobraziliense.com.br\/cbradar\/","name":"Correio Braziliense - Radar","description":"Acompanhe as \u00faltimas not\u00edcias e fique bem informado sobre tudo o que acontece no Brasil e no mundo.","potentialAction":[{"@type":"SearchAction","target":{"@type":"EntryPoint","urlTemplate":"https:\/\/www.correiobraziliense.com.br\/cbradar\/?s={search_term_string}"},"query-input":{"@type":"PropertyValueSpecification","valueRequired":true,"valueName":"search_term_string"}}],"inLanguage":"pt-BR"},{"@type":"Person","@id":"https:\/\/www.correiobraziliense.com.br\/cbradar\/#\/schema\/person\/58422787644df994b53a19d3e56c1513","name":"Larissa Carvalho","image":{"@type":"ImageObject","inLanguage":"pt-BR","@id":"https:\/\/www.correiobraziliense.com.br\/cbradar\/#\/schema\/person\/image\/","url":"https:\/\/secure.gravatar.com\/avatar\/fe4f91a0de32b52a838d0d612abdc1aa?s=96&d=mm&r=g","contentUrl":"https:\/\/secure.gravatar.com\/avatar\/fe4f91a0de32b52a838d0d612abdc1aa?s=96&d=mm&r=g","caption":"Larissa Carvalho"},"url":"https:\/\/www.correiobraziliense.com.br\/cbradar\/author\/larissamyth\/"}]}},"_links":{"self":[{"href":"https:\/\/www.correiobraziliense.com.br\/cbradar\/wp-json\/wp\/v2\/posts\/133967","targetHints":{"allow":["GET"]}}],"collection":[{"href":"https:\/\/www.correiobraziliense.com.br\/cbradar\/wp-json\/wp\/v2\/posts"}],"about":[{"href":"https:\/\/www.correiobraziliense.com.br\/cbradar\/wp-json\/wp\/v2\/types\/post"}],"author":[{"embeddable":true,"href":"https:\/\/www.correiobraziliense.com.br\/cbradar\/wp-json\/wp\/v2\/users\/3"}],"replies":[{"embeddable":true,"href":"https:\/\/www.correiobraziliense.com.br\/cbradar\/wp-json\/wp\/v2\/comments?post=133967"}],"version-history":[{"count":2,"href":"https:\/\/www.correiobraziliense.com.br\/cbradar\/wp-json\/wp\/v2\/posts\/133967\/revisions"}],"predecessor-version":[{"id":133971,"href":"https:\/\/www.correiobraziliense.com.br\/cbradar\/wp-json\/wp\/v2\/posts\/133967\/revisions\/133971"}],"wp:featuredmedia":[{"embeddable":true,"href":"https:\/\/www.correiobraziliense.com.br\/cbradar\/wp-json\/wp\/v2\/media\/133969"}],"wp:attachment":[{"href":"https:\/\/www.correiobraziliense.com.br\/cbradar\/wp-json\/wp\/v2\/media?parent=133967"}],"wp:term":[{"taxonomy":"category","embeddable":true,"href":"https:\/\/www.correiobraziliense.com.br\/cbradar\/wp-json\/wp\/v2\/categories?post=133967"},{"taxonomy":"post_tag","embeddable":true,"href":"https:\/\/www.correiobraziliense.com.br\/cbradar\/wp-json\/wp\/v2\/post_tag?post=133967"}],"curies":[{"name":"wp","href":"https:\/\/api.w.org\/{rel}","templated":true}]}}