{"id":134052,"date":"2025-11-09T20:05:00","date_gmt":"2025-11-09T23:05:00","guid":{"rendered":"https:\/\/www.correiobraziliense.com.br\/cbradar\/?p=134052"},"modified":"2025-11-08T16:19:52","modified_gmt":"2025-11-08T19:19:52","slug":"por-que-o-corpo-se-sente-mais-cansado-em-novembro-e-como-recuperar-energia","status":"publish","type":"post","link":"https:\/\/www.correiobraziliense.com.br\/cbradar\/por-que-o-corpo-se-sente-mais-cansado-em-novembro-e-como-recuperar-energia\/","title":{"rendered":"Por que o corpo se sente mais cansado em novembro e como recuperar energia"},"content":{"rendered":"\n<p>Ao final do ano, \u00e9 comum sentir o peso do <strong>cansa\u00e7o acumulado<\/strong>, impactando rotina e disposi\u00e7\u00e3o; por isso, pequenas mudan\u00e7as podem renovar energias e restaurar o equil\u00edbrio para enfrentar os desafios di\u00e1rios com mais sa\u00fade.<\/p>\n\n\n\n<h2 class=\"wp-block-heading\">Por que separar trabalho e vida pessoal faz diferen\u00e7a na rotina<\/h2>\n\n\n\n<p>Manter uma <strong>separa\u00e7\u00e3o clara entre vida profissional e pessoal<\/strong> \u00e9 recomendado por especialistas para reduzir o esgotamento. Ao finalizar o expediente, \u00e9 importante mudar o foco e buscar pr\u00e1ticas que proporcionem satisfa\u00e7\u00e3o e relaxamento.<\/p>\n\n\n\n<p>Atividades como caminhada, esportes, leitura ou hobbies ajudam a tirar o estresse do dia a dia. Pr\u00e1ticas de <strong>medita\u00e7\u00e3o<\/strong> ou <strong>mindfulness<\/strong> tamb\u00e9m podem ser grandes aliadas para desacelerar a mente ap\u00f3s um dia intenso.<\/p>\n\n\n\n<figure class=\"wp-block-image size-large\"><img decoding=\"async\" width=\"1024\" height=\"576\" src=\"https:\/\/www.correiobraziliense.com.br\/cbradar\/wp-content\/uploads\/2025\/11\/pessoa-cansada_1762629569335-1024x576.jpg\" alt=\"Por que o corpo se sente mais cansado em novembro e como recuperar energia\" class=\"wp-image-134060\" srcset=\"https:\/\/www.correiobraziliense.com.br\/cbradar\/wp-content\/uploads\/2025\/11\/pessoa-cansada_1762629569335-1024x576.jpg 1024w, https:\/\/www.correiobraziliense.com.br\/cbradar\/wp-content\/uploads\/2025\/11\/pessoa-cansada_1762629569335-300x169.jpg 300w, https:\/\/www.correiobraziliense.com.br\/cbradar\/wp-content\/uploads\/2025\/11\/pessoa-cansada_1762629569335-768x432.jpg 768w, https:\/\/www.correiobraziliense.com.br\/cbradar\/wp-content\/uploads\/2025\/11\/pessoa-cansada_1762629569335-750x422.jpg 750w, https:\/\/www.correiobraziliense.com.br\/cbradar\/wp-content\/uploads\/2025\/11\/pessoa-cansada_1762629569335-1140x641.jpg 1140w, https:\/\/www.correiobraziliense.com.br\/cbradar\/wp-content\/uploads\/2025\/11\/pessoa-cansada_1762629569335.jpg 1280w\" sizes=\"(max-width: 1024px) 100vw, 1024px\" \/><figcaption class=\"wp-element-caption\">Pequenas mudan\u00e7as na rotina, como reservar momentos para descanso e autocuidado, podem renov\u00e1-lo e ajudar a manter o equil\u00edbrio. Cr\u00e9ditos: depositphotos.com \/ IgorVetushko<\/figcaption><\/figure>\n\n\n\n<h2 class=\"wp-block-heading\">O sono de qualidade proporciona recupera\u00e7\u00e3o do corpo e mente<\/h2>\n\n\n\n<p>O <strong>sono adequado<\/strong> \u00e9 fundamental para restaurar as energias e manter o bom funcionamento do organismo. Dormir uma m\u00e9dia de oito horas promove melhor fun\u00e7\u00e3o cognitiva e previne problemas como falhas de mem\u00f3ria.<\/p>\n\n\n\n<p>Se o descanso n\u00e3o \u00e9 suficiente, o rendimento e o bem-estar caem. Para melhorar o sono, \u00e9 recomendado adotar rotinas regulares e evitar eletr\u00f4nicos antes de dormir, tornando o ambiente mais relaxante. Confira algumas dicas essenciais:<\/p>\n\n\n\n<ul class=\"wp-block-list\">\n<li>Desenvolva hor\u00e1rios fixos para dormir e acordar<\/li>\n\n\n\n<li>Mantenha o ambiente escuro e silencioso<\/li>\n\n\n\n<li>Evite refei\u00e7\u00f5es pesadas ou cafe\u00edna \u00e0 noite<\/li>\n<\/ul>\n\n\n\n<p>Leia tamb\u00e9m: <a href=\"https:\/\/www.correiobraziliense.com.br\/cbradar\/a-psicologia-explica-o-que-significa-nao-conseguir-chorar\/\" target=\"_blank\" rel=\"noreferrer noopener\">A psicologia explica o que significa n\u00e3o conseguir chorar<\/a><\/p>\n\n\n\n<h2 class=\"wp-block-heading\">Quais h\u00e1bitos alimentares ajudam a manter a energia<\/h2>\n\n\n\n<p>Os h\u00e1bitos alimentares t\u00eam impacto direto na <strong>disposi\u00e7\u00e3o di\u00e1ria<\/strong>. Manter uma alimenta\u00e7\u00e3o equilibrada ajuda a garantir energia constante e auxilia tanto no corpo quanto na mente.<\/p>\n\n\n\n<p>Fracionar a alimenta\u00e7\u00e3o, beber bastante \u00e1gua e optar por alimentos naturais s\u00e3o formas eficazes de manter o vigor ao longo do dia. Seguir algumas orienta\u00e7\u00f5es pode fazer toda a diferen\u00e7a.<\/p>\n\n\n\n<blockquote class=\"tiktok-embed\" cite=\"https:\/\/www.tiktok.com\/@liviaoliveirapsicologa\/video\/7315012537911708933\" data-video-id=\"7315012537911708933\" style=\"max-width: 605px;min-width: 325px;\" > <section> <a target=\"_blank\" title=\"@liviaoliveirapsicologa\" href=\"https:\/\/www.tiktok.com\/@liviaoliveirapsicologa?refer=embed\">@liviaoliveirapsicologa<\/a> De onde vem tanto cansa\u00e7o?  <a title=\"psicologia\" target=\"_blank\" href=\"https:\/\/www.tiktok.com\/tag\/psicologia?refer=embed\">#psicologia<\/a> <a title=\"saudemental\" target=\"_blank\" href=\"https:\/\/www.tiktok.com\/tag\/saudemental?refer=embed\">#saudemental<\/a> <a title=\"comportamento\" target=\"_blank\" href=\"https:\/\/www.tiktok.com\/tag\/comportamento?refer=embed\">#comportamento<\/a> <a title=\"cansa\u00e7omental\" target=\"_blank\" href=\"https:\/\/www.tiktok.com\/tag\/cansa%C3%A7omental?refer=embed\">#cansa\u00e7omental<\/a> <a title=\"cansada\" target=\"_blank\" href=\"https:\/\/www.tiktok.com\/tag\/cansada?refer=embed\">#cansada<\/a> <a title=\"reflex\u00e3o\" target=\"_blank\" href=\"https:\/\/www.tiktok.com\/tag\/reflex%C3%A3o?refer=embed\">#reflex\u00e3o<\/a> <a title=\"finaldeano\" target=\"_blank\" href=\"https:\/\/www.tiktok.com\/tag\/finaldeano?refer=embed\">#finaldeano<\/a> <a title=\"vida\" target=\"_blank\" href=\"https:\/\/www.tiktok.com\/tag\/vida?refer=embed\">#vida<\/a> <a title=\"foryou\" target=\"_blank\" href=\"https:\/\/www.tiktok.com\/tag\/foryou?refer=embed\">#foryou<\/a> <a target=\"_blank\" title=\"\u266c Sun Is Rising - ZydSounds\" href=\"https:\/\/www.tiktok.com\/music\/Sun-Is-Rising-7052196715847223297?refer=embed\">\u266c Sun Is Rising &#8211; ZydSounds<\/a> <\/section> <\/blockquote> <script async src=\"https:\/\/www.tiktok.com\/embed.js\"><\/script>\n\n\n\n<h2 class=\"wp-block-heading\">Como a atividade f\u00edsica pode aumentar sua disposi\u00e7\u00e3o<\/h2>\n\n\n\n<p>A pr\u00e1tica de <strong>exerc\u00edcios f\u00edsicos regulares<\/strong> \u00e9 um dos maiores aliados contra o cansa\u00e7o. Sess\u00f5es curtas, a partir de 20 minutos di\u00e1rios, j\u00e1 trazem benef\u00edcios, inclusive para quem est\u00e1 come\u00e7ando.<\/p>\n\n\n\n<p>Esportes individuais ou coletivos, sobretudo ao ar livre, auxiliam a melhorar o humor e o bem-estar, enquanto promovem a socializa\u00e7\u00e3o. Aposte tamb\u00e9m no acompanhamento de um profissional de sa\u00fade para adaptar a atividade \u00e0s suas necessidades reais.<\/p>\n","protected":false},"excerpt":{"rendered":"<p>Recupere suas energias ao final do ano com h\u00e1bitos eficazes para combater a fadiga. Descubra t\u00e9cnicas anti-estresse e otimize sua rotina.<\/p>\n","protected":false},"author":3,"featured_media":134057,"comment_status":"open","ping_status":"open","sticky":false,"template":"","format":"standard","meta":{"_yoast_wpseo_focuskw":"corpo mais cansado novembro","_yoast_wpseo_title":"%%title%%","_yoast_wpseo_metadesc":"Recupere suas energias ao final do ano com h\u00e1bitos eficazes para combater a fadiga. Descubra t\u00e9cnicas anti-estresse e otimize sua rotina.","jnews-multi-image_gallery":[],"jnews_single_post":{"format":"standard"},"jnews_primary_category":[],"jnews_social_meta":[],"jnews_override_counter":[],"footnotes":""},"categories":[112],"post_tag":[4280,144,11282,404],"class_list":["post-134052","post","type-post","status-publish","format-standard","has-post-thumbnail","hentry","category-curiosidades","tag-cansaco","tag-curiosidades","tag-exaustao","tag-psicologia"],"yoast_head":"<!-- This site is optimized with the Yoast SEO plugin v24.6 - https:\/\/yoast.com\/wordpress\/plugins\/seo\/ -->\n<title>Por que o corpo se sente mais cansado em novembro e como recuperar energia<\/title>\n<meta name=\"description\" content=\"Recupere suas energias ao final do ano com h\u00e1bitos eficazes para combater a fadiga. Descubra t\u00e9cnicas anti-estresse e otimize sua rotina.\" \/>\n<meta name=\"robots\" content=\"index, follow, max-snippet:-1, max-image-preview:large, max-video-preview:-1\" \/>\n<link rel=\"canonical\" href=\"https:\/\/www.correiobraziliense.com.br\/cbradar\/por-que-o-corpo-se-sente-mais-cansado-em-novembro-e-como-recuperar-energia\/\" \/>\n<meta property=\"og:locale\" content=\"pt_BR\" \/>\n<meta property=\"og:type\" content=\"article\" \/>\n<meta property=\"og:title\" content=\"Por que o corpo se sente mais cansado em novembro e como recuperar energia\" \/>\n<meta property=\"og:description\" content=\"Recupere suas energias ao final do ano com h\u00e1bitos eficazes para combater a fadiga. Descubra t\u00e9cnicas anti-estresse e otimize sua rotina.\" \/>\n<meta property=\"og:url\" content=\"https:\/\/www.correiobraziliense.com.br\/cbradar\/por-que-o-corpo-se-sente-mais-cansado-em-novembro-e-como-recuperar-energia\/\" \/>\n<meta property=\"og:site_name\" content=\"Correio Braziliense - Radar\" \/>\n<meta property=\"article:published_time\" content=\"2025-11-09T23:05:00+00:00\" \/>\n<meta property=\"og:image\" content=\"https:\/\/www.correiobraziliense.com.br\/cbradar\/wp-content\/uploads\/2025\/11\/mosaico_1762629476716.jpg\" \/>\n\t<meta property=\"og:image:width\" content=\"1280\" \/>\n\t<meta property=\"og:image:height\" content=\"720\" \/>\n\t<meta property=\"og:image:type\" content=\"image\/jpeg\" \/>\n<meta name=\"author\" content=\"Larissa Carvalho\" \/>\n<meta name=\"twitter:card\" content=\"summary_large_image\" \/>\n<meta name=\"twitter:label1\" content=\"Escrito por\" \/>\n\t<meta name=\"twitter:data1\" content=\"Larissa Carvalho\" \/>\n\t<meta name=\"twitter:label2\" content=\"Est. tempo de leitura\" \/>\n\t<meta name=\"twitter:data2\" content=\"3 minutos\" \/>\n<!-- \/ Yoast SEO plugin. -->","yoast_head_json":{"title":"Por que o corpo se sente mais cansado em novembro e como recuperar energia","description":"Recupere suas energias ao final do ano com h\u00e1bitos eficazes para combater a fadiga. Descubra t\u00e9cnicas anti-estresse e otimize sua rotina.","robots":{"index":"index","follow":"follow","max-snippet":"max-snippet:-1","max-image-preview":"max-image-preview:large","max-video-preview":"max-video-preview:-1"},"canonical":"https:\/\/www.correiobraziliense.com.br\/cbradar\/por-que-o-corpo-se-sente-mais-cansado-em-novembro-e-como-recuperar-energia\/","og_locale":"pt_BR","og_type":"article","og_title":"Por que o corpo se sente mais cansado em novembro e como recuperar energia","og_description":"Recupere suas energias ao final do ano com h\u00e1bitos eficazes para combater a fadiga. Descubra t\u00e9cnicas anti-estresse e otimize sua rotina.","og_url":"https:\/\/www.correiobraziliense.com.br\/cbradar\/por-que-o-corpo-se-sente-mais-cansado-em-novembro-e-como-recuperar-energia\/","og_site_name":"Correio Braziliense - Radar","article_published_time":"2025-11-09T23:05:00+00:00","og_image":[{"width":1280,"height":720,"url":"https:\/\/www.correiobraziliense.com.br\/cbradar\/wp-content\/uploads\/2025\/11\/mosaico_1762629476716.jpg","type":"image\/jpeg"}],"author":"Larissa Carvalho","twitter_card":"summary_large_image","twitter_misc":{"Escrito por":"Larissa Carvalho","Est. tempo de leitura":"3 minutos"},"schema":{"@context":"https:\/\/schema.org","@graph":[{"@type":"WebPage","@id":"https:\/\/www.correiobraziliense.com.br\/cbradar\/por-que-o-corpo-se-sente-mais-cansado-em-novembro-e-como-recuperar-energia\/","url":"https:\/\/www.correiobraziliense.com.br\/cbradar\/por-que-o-corpo-se-sente-mais-cansado-em-novembro-e-como-recuperar-energia\/","name":"Por que o corpo se sente mais cansado em novembro e como recuperar energia","isPartOf":{"@id":"https:\/\/www.correiobraziliense.com.br\/cbradar\/#website"},"primaryImageOfPage":{"@id":"https:\/\/www.correiobraziliense.com.br\/cbradar\/por-que-o-corpo-se-sente-mais-cansado-em-novembro-e-como-recuperar-energia\/#primaryimage"},"image":{"@id":"https:\/\/www.correiobraziliense.com.br\/cbradar\/por-que-o-corpo-se-sente-mais-cansado-em-novembro-e-como-recuperar-energia\/#primaryimage"},"thumbnailUrl":"https:\/\/www.correiobraziliense.com.br\/cbradar\/wp-content\/uploads\/2025\/11\/mosaico_1762629476716.jpg","datePublished":"2025-11-09T23:05:00+00:00","author":{"@id":"https:\/\/www.correiobraziliense.com.br\/cbradar\/#\/schema\/person\/58422787644df994b53a19d3e56c1513"},"description":"Recupere suas energias ao final do ano com h\u00e1bitos eficazes para combater a fadiga. Descubra t\u00e9cnicas anti-estresse e otimize sua rotina.","breadcrumb":{"@id":"https:\/\/www.correiobraziliense.com.br\/cbradar\/por-que-o-corpo-se-sente-mais-cansado-em-novembro-e-como-recuperar-energia\/#breadcrumb"},"inLanguage":"pt-BR","potentialAction":[{"@type":"ReadAction","target":["https:\/\/www.correiobraziliense.com.br\/cbradar\/por-que-o-corpo-se-sente-mais-cansado-em-novembro-e-como-recuperar-energia\/"]}]},{"@type":"ImageObject","inLanguage":"pt-BR","@id":"https:\/\/www.correiobraziliense.com.br\/cbradar\/por-que-o-corpo-se-sente-mais-cansado-em-novembro-e-como-recuperar-energia\/#primaryimage","url":"https:\/\/www.correiobraziliense.com.br\/cbradar\/wp-content\/uploads\/2025\/11\/mosaico_1762629476716.jpg","contentUrl":"https:\/\/www.correiobraziliense.com.br\/cbradar\/wp-content\/uploads\/2025\/11\/mosaico_1762629476716.jpg","width":1280,"height":720,"caption":"Exerc\u00edcios, medita\u00e7\u00e3o, lazer e apoio emocional s\u00e3o estrat\u00e9gias indicadas para aliviar o estresse do per\u00edodo e revitalizar as energias. Cr\u00e9ditos: depositphotos.com \/ EdZbarzhyvetsky e Cr\u00e9ditos: depositphotos.com \/ masterwilu"},{"@type":"BreadcrumbList","@id":"https:\/\/www.correiobraziliense.com.br\/cbradar\/por-que-o-corpo-se-sente-mais-cansado-em-novembro-e-como-recuperar-energia\/#breadcrumb","itemListElement":[{"@type":"ListItem","position":1,"name":"In\u00edcio","item":"https:\/\/www.correiobraziliense.com.br\/cbradar\/"},{"@type":"ListItem","position":2,"name":"Por que o corpo se sente mais cansado em novembro e como recuperar energia"}]},{"@type":"WebSite","@id":"https:\/\/www.correiobraziliense.com.br\/cbradar\/#website","url":"https:\/\/www.correiobraziliense.com.br\/cbradar\/","name":"Correio Braziliense - Radar","description":"Acompanhe as \u00faltimas not\u00edcias e fique bem informado sobre tudo o que acontece no Brasil e no mundo.","potentialAction":[{"@type":"SearchAction","target":{"@type":"EntryPoint","urlTemplate":"https:\/\/www.correiobraziliense.com.br\/cbradar\/?s={search_term_string}"},"query-input":{"@type":"PropertyValueSpecification","valueRequired":true,"valueName":"search_term_string"}}],"inLanguage":"pt-BR"},{"@type":"Person","@id":"https:\/\/www.correiobraziliense.com.br\/cbradar\/#\/schema\/person\/58422787644df994b53a19d3e56c1513","name":"Larissa Carvalho","image":{"@type":"ImageObject","inLanguage":"pt-BR","@id":"https:\/\/www.correiobraziliense.com.br\/cbradar\/#\/schema\/person\/image\/","url":"https:\/\/secure.gravatar.com\/avatar\/fe4f91a0de32b52a838d0d612abdc1aa?s=96&d=mm&r=g","contentUrl":"https:\/\/secure.gravatar.com\/avatar\/fe4f91a0de32b52a838d0d612abdc1aa?s=96&d=mm&r=g","caption":"Larissa Carvalho"},"url":"https:\/\/www.correiobraziliense.com.br\/cbradar\/author\/larissamyth\/"}]}},"_links":{"self":[{"href":"https:\/\/www.correiobraziliense.com.br\/cbradar\/wp-json\/wp\/v2\/posts\/134052","targetHints":{"allow":["GET"]}}],"collection":[{"href":"https:\/\/www.correiobraziliense.com.br\/cbradar\/wp-json\/wp\/v2\/posts"}],"about":[{"href":"https:\/\/www.correiobraziliense.com.br\/cbradar\/wp-json\/wp\/v2\/types\/post"}],"author":[{"embeddable":true,"href":"https:\/\/www.correiobraziliense.com.br\/cbradar\/wp-json\/wp\/v2\/users\/3"}],"replies":[{"embeddable":true,"href":"https:\/\/www.correiobraziliense.com.br\/cbradar\/wp-json\/wp\/v2\/comments?post=134052"}],"version-history":[{"count":2,"href":"https:\/\/www.correiobraziliense.com.br\/cbradar\/wp-json\/wp\/v2\/posts\/134052\/revisions"}],"predecessor-version":[{"id":134061,"href":"https:\/\/www.correiobraziliense.com.br\/cbradar\/wp-json\/wp\/v2\/posts\/134052\/revisions\/134061"}],"wp:featuredmedia":[{"embeddable":true,"href":"https:\/\/www.correiobraziliense.com.br\/cbradar\/wp-json\/wp\/v2\/media\/134057"}],"wp:attachment":[{"href":"https:\/\/www.correiobraziliense.com.br\/cbradar\/wp-json\/wp\/v2\/media?parent=134052"}],"wp:term":[{"taxonomy":"category","embeddable":true,"href":"https:\/\/www.correiobraziliense.com.br\/cbradar\/wp-json\/wp\/v2\/categories?post=134052"},{"taxonomy":"post_tag","embeddable":true,"href":"https:\/\/www.correiobraziliense.com.br\/cbradar\/wp-json\/wp\/v2\/post_tag?post=134052"}],"curies":[{"name":"wp","href":"https:\/\/api.w.org\/{rel}","templated":true}]}}