{"id":13412,"date":"2025-03-18T13:50:00","date_gmt":"2025-03-18T16:50:00","guid":{"rendered":"https:\/\/www.correiobraziliense.com.br\/cbradar\/?p=13412"},"modified":"2025-03-17T17:29:44","modified_gmt":"2025-03-17T20:29:44","slug":"esses-sao-os-melhores-celulares-para-quem-busca-uma-boa-camera","status":"publish","type":"post","link":"https:\/\/www.correiobraziliense.com.br\/cbradar\/esses-sao-os-melhores-celulares-para-quem-busca-uma-boa-camera\/","title":{"rendered":"Esses s\u00e3o os melhores celulares para quem busca uma boa c\u00e2mera"},"content":{"rendered":"\n<p>Com o avan\u00e7o tecnol\u00f3gico, escolher um celular com a melhor c\u00e2mera pode ser uma tarefa desafiadora. Em 2025, o mercado est\u00e1 repleto de op\u00e7\u00f5es que variam desde modelos b\u00e1sicos at\u00e9 os mais sofisticados. Este artigo apresenta uma sele\u00e7\u00e3o dos melhores celulares dispon\u00edveis, focando na qualidade das c\u00e2meras traseiras e na capacidade de filmagem, essenciais para criadores de conte\u00fado.<\/p>\n\n\n\n<p>Os dispositivos foram testados em diversas condi\u00e7\u00f5es de ilumina\u00e7\u00e3o para garantir a precis\u00e3o na captura de imagens. Al\u00e9m disso, foram considerados aspectos como a experi\u00eancia de uso e o custo-benef\u00edcio. Os modelos est\u00e3o organizados por faixa de pre\u00e7o, proporcionando op\u00e7\u00f5es para diferentes or\u00e7amentos.<\/p>\n\n\n\n<h2 class=\"wp-block-heading\">Quais s\u00e3o os destaques em c\u00e2meras de celulares em 2025?<\/h2>\n\n\n\n<p>Entre os destaques, o&nbsp;<strong>Samsung Galaxy S25 Ultra<\/strong>&nbsp;se sobressai como o melhor para fotografias. Com uma nova c\u00e2mera ultrawide de 50 MP, ele oferece imagens com excelente HDR, cores precisas e detalhes n\u00edtidos. Al\u00e9m disso, o dispositivo possui uma tela brilhante, som potente e uma bateria de longa dura\u00e7\u00e3o.<\/p>\n\n\n\n<p>Outro destaque \u00e9 o&nbsp;<strong>Apple iPhone 16 Pro Max<\/strong>, que se destaca na grava\u00e7\u00e3o de v\u00eddeos. A atualiza\u00e7\u00e3o para um sensor ultrawide de 48 MP melhora a qualidade das capturas, aproximando-se da c\u00e2mera principal. O iPhone tamb\u00e9m oferece uma experi\u00eancia multim\u00eddia superior e desempenho de alto n\u00edvel.<\/p>\n\n\n\n<figure class=\"wp-block-image size-large\"><img decoding=\"async\" width=\"1024\" height=\"576\" src=\"https:\/\/www.correiobraziliense.com.br\/cbradar\/wp-content\/uploads\/2025\/03\/celulares_1742241903989-1024x576.jpg\" alt=\"Esses s\u00e3o os melhores celulares para quem busca uma boa c\u00e2mera\" class=\"wp-image-13414\" srcset=\"https:\/\/www.correiobraziliense.com.br\/cbradar\/wp-content\/uploads\/2025\/03\/celulares_1742241903989-1024x576.jpg 1024w, https:\/\/www.correiobraziliense.com.br\/cbradar\/wp-content\/uploads\/2025\/03\/celulares_1742241903989-300x169.jpg 300w, https:\/\/www.correiobraziliense.com.br\/cbradar\/wp-content\/uploads\/2025\/03\/celulares_1742241903989-768x432.jpg 768w, https:\/\/www.correiobraziliense.com.br\/cbradar\/wp-content\/uploads\/2025\/03\/celulares_1742241903989-750x422.jpg 750w, https:\/\/www.correiobraziliense.com.br\/cbradar\/wp-content\/uploads\/2025\/03\/celulares_1742241903989-1140x641.jpg 1140w, https:\/\/www.correiobraziliense.com.br\/cbradar\/wp-content\/uploads\/2025\/03\/celulares_1742241903989.jpg 1280w\" sizes=\"(max-width: 1024px) 100vw, 1024px\" \/><figcaption class=\"wp-element-caption\">Celulares. Cr\u00e9ditos: depositphotos.com \/ dechevm<\/figcaption><\/figure>\n\n\n\n<h2 class=\"wp-block-heading\">Quais s\u00e3o as op\u00e7\u00f5es intermedi\u00e1rias e de entrada?<\/h2>\n\n\n\n<p>Para quem busca um equil\u00edbrio entre pre\u00e7o e qualidade, o&nbsp;<strong>Motorola Edge 50 Ultra<\/strong>&nbsp;\u00e9 uma excelente escolha. Com recursos de intelig\u00eancia artificial, ele melhora a nitidez e reduz tremores nas fotos. Al\u00e9m disso, possui uma tela pOLED de 144 Hz e som est\u00e9reo de qualidade.<\/p>\n\n\n\n<p>No segmento intermedi\u00e1rio, o&nbsp;<strong>realme 12 Pro Plus<\/strong>&nbsp;se destaca com sua c\u00e2mera teleobjetiva perisc\u00f3pica, oferecendo uma experi\u00eancia fotogr\u00e1fica avan\u00e7ada para sua faixa de pre\u00e7o. Ele tamb\u00e9m conta com um design elegante e uma tela AMOLED vibrante.<\/p>\n\n\n\n<h2 class=\"wp-block-heading\">Quais s\u00e3o as op\u00e7\u00f5es mais acess\u00edveis?<\/h2>\n\n\n\n<p>Para quem busca um modelo mais acess\u00edvel, o&nbsp;<strong>Redmi Note 13<\/strong>&nbsp;\u00e9 uma \u00f3tima op\u00e7\u00e3o. Com uma c\u00e2mera principal de 108 MP, ele captura fotos detalhadas, especialmente em condi\u00e7\u00f5es de boa ilumina\u00e7\u00e3o. O dispositivo tamb\u00e9m oferece uma tela de 120 Hz e um design bem-acabado.<\/p>\n\n\n\n<p>Outra op\u00e7\u00e3o econ\u00f4mica \u00e9 o&nbsp;<strong>Samsung Galaxy A15 5G<\/strong>, que proporciona boas fotos com baixo ru\u00eddo e riqueza de detalhes. Sua c\u00e2mera ultrawide e o modo noturno s\u00e3o eficazes, e o aparelho possui uma tela de qualidade e bateria duradoura.<\/p>\n\n\n\n<h2 class=\"wp-block-heading\">Como escolher o celular ideal para fotografia?<\/h2>\n\n\n\n<p>Ao escolher um celular para fotografia, \u00e9 importante considerar n\u00e3o apenas a resolu\u00e7\u00e3o da c\u00e2mera, mas tamb\u00e9m a qualidade do processamento de imagem, a capacidade de filmagem e a experi\u00eancia geral do usu\u00e1rio. Avaliar o custo-benef\u00edcio e as necessidades pessoais tamb\u00e9m s\u00e3o fatores cruciais na decis\u00e3o de compra.<\/p>\n\n\n\n<p>Com tantas op\u00e7\u00f5es dispon\u00edveis, \u00e9 poss\u00edvel encontrar um dispositivo que atenda \u00e0s expectativas, seja para uso profissional ou para capturar momentos do dia a dia. A escolha certa pode transformar a maneira como se registra e compartilha experi\u00eancias visuais.<\/p>\n","protected":false},"excerpt":{"rendered":"<p>Explore a nossa sele\u00e7\u00e3o dos melhores celulares com c\u00e2mera de 2025, organizados por faixa de pre\u00e7o para facilitar a sua escolha.<\/p>\n","protected":false},"author":3,"featured_media":13413,"comment_status":"open","ping_status":"open","sticky":false,"template":"","format":"standard","meta":{"_yoast_wpseo_focuskw":"celulares boa c\u00e2mera","_yoast_wpseo_title":"%%title%%","_yoast_wpseo_metadesc":"Explore a nossa sele\u00e7\u00e3o dos melhores celulares com c\u00e2mera de 2025, organizados por faixa de pre\u00e7o para facilitar a sua escolha.","jnews-multi-image_gallery":[],"jnews_single_post":{"format":"standard"},"jnews_primary_category":[],"jnews_social_meta":[],"jnews_override_counter":[],"footnotes":""},"categories":[115],"post_tag":[238,114],"class_list":["post-13412","post","type-post","status-publish","format-standard","has-post-thumbnail","hentry","category-tecnologia","tag-celulares","tag-tecnologia"],"yoast_head":"<!-- This site is optimized with the Yoast SEO plugin v24.6 - https:\/\/yoast.com\/wordpress\/plugins\/seo\/ -->\n<title>Esses s\u00e3o os melhores celulares para quem busca uma boa c\u00e2mera<\/title>\n<meta name=\"description\" content=\"Explore a nossa sele\u00e7\u00e3o dos melhores celulares com c\u00e2mera de 2025, organizados por faixa de pre\u00e7o para facilitar a sua escolha.\" \/>\n<meta name=\"robots\" content=\"index, follow, max-snippet:-1, max-image-preview:large, max-video-preview:-1\" \/>\n<link rel=\"canonical\" href=\"https:\/\/www.correiobraziliense.com.br\/cbradar\/esses-sao-os-melhores-celulares-para-quem-busca-uma-boa-camera\/\" \/>\n<meta property=\"og:locale\" content=\"pt_BR\" \/>\n<meta property=\"og:type\" content=\"article\" \/>\n<meta property=\"og:title\" content=\"Esses s\u00e3o os melhores celulares para quem busca uma boa c\u00e2mera\" \/>\n<meta property=\"og:description\" content=\"Explore a nossa sele\u00e7\u00e3o dos melhores celulares com c\u00e2mera de 2025, organizados por faixa de pre\u00e7o para facilitar a sua escolha.\" \/>\n<meta property=\"og:url\" content=\"https:\/\/www.correiobraziliense.com.br\/cbradar\/esses-sao-os-melhores-celulares-para-quem-busca-uma-boa-camera\/\" \/>\n<meta property=\"og:site_name\" content=\"Correio Braziliense - Radar\" \/>\n<meta property=\"article:published_time\" content=\"2025-03-18T16:50:00+00:00\" \/>\n<meta property=\"og:image\" content=\"https:\/\/www.correiobraziliense.com.br\/cbradar\/wp-content\/uploads\/2025\/03\/celulares_1742241881550.jpg\" \/>\n\t<meta property=\"og:image:width\" content=\"1280\" \/>\n\t<meta property=\"og:image:height\" content=\"720\" \/>\n\t<meta property=\"og:image:type\" content=\"image\/jpeg\" \/>\n<meta name=\"author\" content=\"Larissa Carvalho\" \/>\n<meta name=\"twitter:card\" content=\"summary_large_image\" \/>\n<meta name=\"twitter:label1\" content=\"Escrito por\" \/>\n\t<meta name=\"twitter:data1\" content=\"Larissa Carvalho\" \/>\n\t<meta name=\"twitter:label2\" content=\"Est. tempo de leitura\" \/>\n\t<meta name=\"twitter:data2\" content=\"4 minutos\" \/>\n<!-- \/ Yoast SEO plugin. -->","yoast_head_json":{"title":"Esses s\u00e3o os melhores celulares para quem busca uma boa c\u00e2mera","description":"Explore a nossa sele\u00e7\u00e3o dos melhores celulares com c\u00e2mera de 2025, organizados por faixa de pre\u00e7o para facilitar a sua escolha.","robots":{"index":"index","follow":"follow","max-snippet":"max-snippet:-1","max-image-preview":"max-image-preview:large","max-video-preview":"max-video-preview:-1"},"canonical":"https:\/\/www.correiobraziliense.com.br\/cbradar\/esses-sao-os-melhores-celulares-para-quem-busca-uma-boa-camera\/","og_locale":"pt_BR","og_type":"article","og_title":"Esses s\u00e3o os melhores celulares para quem busca uma boa c\u00e2mera","og_description":"Explore a nossa sele\u00e7\u00e3o dos melhores celulares com c\u00e2mera de 2025, organizados por faixa de pre\u00e7o para facilitar a sua escolha.","og_url":"https:\/\/www.correiobraziliense.com.br\/cbradar\/esses-sao-os-melhores-celulares-para-quem-busca-uma-boa-camera\/","og_site_name":"Correio Braziliense - Radar","article_published_time":"2025-03-18T16:50:00+00:00","og_image":[{"width":1280,"height":720,"url":"https:\/\/www.correiobraziliense.com.br\/cbradar\/wp-content\/uploads\/2025\/03\/celulares_1742241881550.jpg","type":"image\/jpeg"}],"author":"Larissa Carvalho","twitter_card":"summary_large_image","twitter_misc":{"Escrito por":"Larissa Carvalho","Est. tempo de leitura":"4 minutos"},"schema":{"@context":"https:\/\/schema.org","@graph":[{"@type":"WebPage","@id":"https:\/\/www.correiobraziliense.com.br\/cbradar\/esses-sao-os-melhores-celulares-para-quem-busca-uma-boa-camera\/","url":"https:\/\/www.correiobraziliense.com.br\/cbradar\/esses-sao-os-melhores-celulares-para-quem-busca-uma-boa-camera\/","name":"Esses s\u00e3o os melhores celulares para quem busca uma boa c\u00e2mera","isPartOf":{"@id":"https:\/\/www.correiobraziliense.com.br\/cbradar\/#website"},"primaryImageOfPage":{"@id":"https:\/\/www.correiobraziliense.com.br\/cbradar\/esses-sao-os-melhores-celulares-para-quem-busca-uma-boa-camera\/#primaryimage"},"image":{"@id":"https:\/\/www.correiobraziliense.com.br\/cbradar\/esses-sao-os-melhores-celulares-para-quem-busca-uma-boa-camera\/#primaryimage"},"thumbnailUrl":"https:\/\/www.correiobraziliense.com.br\/cbradar\/wp-content\/uploads\/2025\/03\/celulares_1742241881550.jpg","datePublished":"2025-03-18T16:50:00+00:00","author":{"@id":"https:\/\/www.correiobraziliense.com.br\/cbradar\/#\/schema\/person\/58422787644df994b53a19d3e56c1513"},"description":"Explore a nossa sele\u00e7\u00e3o dos melhores celulares com c\u00e2mera de 2025, organizados por faixa de pre\u00e7o para facilitar a sua escolha.","breadcrumb":{"@id":"https:\/\/www.correiobraziliense.com.br\/cbradar\/esses-sao-os-melhores-celulares-para-quem-busca-uma-boa-camera\/#breadcrumb"},"inLanguage":"pt-BR","potentialAction":[{"@type":"ReadAction","target":["https:\/\/www.correiobraziliense.com.br\/cbradar\/esses-sao-os-melhores-celulares-para-quem-busca-uma-boa-camera\/"]}]},{"@type":"ImageObject","inLanguage":"pt-BR","@id":"https:\/\/www.correiobraziliense.com.br\/cbradar\/esses-sao-os-melhores-celulares-para-quem-busca-uma-boa-camera\/#primaryimage","url":"https:\/\/www.correiobraziliense.com.br\/cbradar\/wp-content\/uploads\/2025\/03\/celulares_1742241881550.jpg","contentUrl":"https:\/\/www.correiobraziliense.com.br\/cbradar\/wp-content\/uploads\/2025\/03\/celulares_1742241881550.jpg","width":1280,"height":720,"caption":"Celulares. Cr\u00e9ditos: depositphotos.com \/ LDProd"},{"@type":"BreadcrumbList","@id":"https:\/\/www.correiobraziliense.com.br\/cbradar\/esses-sao-os-melhores-celulares-para-quem-busca-uma-boa-camera\/#breadcrumb","itemListElement":[{"@type":"ListItem","position":1,"name":"In\u00edcio","item":"https:\/\/www.correiobraziliense.com.br\/cbradar\/"},{"@type":"ListItem","position":2,"name":"Esses s\u00e3o os melhores celulares para quem busca uma boa c\u00e2mera"}]},{"@type":"WebSite","@id":"https:\/\/www.correiobraziliense.com.br\/cbradar\/#website","url":"https:\/\/www.correiobraziliense.com.br\/cbradar\/","name":"Correio Braziliense - Radar","description":"Acompanhe as \u00faltimas not\u00edcias e fique bem informado sobre tudo o que acontece no Brasil e no mundo.","potentialAction":[{"@type":"SearchAction","target":{"@type":"EntryPoint","urlTemplate":"https:\/\/www.correiobraziliense.com.br\/cbradar\/?s={search_term_string}"},"query-input":{"@type":"PropertyValueSpecification","valueRequired":true,"valueName":"search_term_string"}}],"inLanguage":"pt-BR"},{"@type":"Person","@id":"https:\/\/www.correiobraziliense.com.br\/cbradar\/#\/schema\/person\/58422787644df994b53a19d3e56c1513","name":"Larissa Carvalho","image":{"@type":"ImageObject","inLanguage":"pt-BR","@id":"https:\/\/www.correiobraziliense.com.br\/cbradar\/#\/schema\/person\/image\/","url":"https:\/\/secure.gravatar.com\/avatar\/fe4f91a0de32b52a838d0d612abdc1aa?s=96&d=mm&r=g","contentUrl":"https:\/\/secure.gravatar.com\/avatar\/fe4f91a0de32b52a838d0d612abdc1aa?s=96&d=mm&r=g","caption":"Larissa Carvalho"},"url":"https:\/\/www.correiobraziliense.com.br\/cbradar\/author\/larissamyth\/"}]}},"_links":{"self":[{"href":"https:\/\/www.correiobraziliense.com.br\/cbradar\/wp-json\/wp\/v2\/posts\/13412","targetHints":{"allow":["GET"]}}],"collection":[{"href":"https:\/\/www.correiobraziliense.com.br\/cbradar\/wp-json\/wp\/v2\/posts"}],"about":[{"href":"https:\/\/www.correiobraziliense.com.br\/cbradar\/wp-json\/wp\/v2\/types\/post"}],"author":[{"embeddable":true,"href":"https:\/\/www.correiobraziliense.com.br\/cbradar\/wp-json\/wp\/v2\/users\/3"}],"replies":[{"embeddable":true,"href":"https:\/\/www.correiobraziliense.com.br\/cbradar\/wp-json\/wp\/v2\/comments?post=13412"}],"version-history":[{"count":1,"href":"https:\/\/www.correiobraziliense.com.br\/cbradar\/wp-json\/wp\/v2\/posts\/13412\/revisions"}],"predecessor-version":[{"id":13415,"href":"https:\/\/www.correiobraziliense.com.br\/cbradar\/wp-json\/wp\/v2\/posts\/13412\/revisions\/13415"}],"wp:featuredmedia":[{"embeddable":true,"href":"https:\/\/www.correiobraziliense.com.br\/cbradar\/wp-json\/wp\/v2\/media\/13413"}],"wp:attachment":[{"href":"https:\/\/www.correiobraziliense.com.br\/cbradar\/wp-json\/wp\/v2\/media?parent=13412"}],"wp:term":[{"taxonomy":"category","embeddable":true,"href":"https:\/\/www.correiobraziliense.com.br\/cbradar\/wp-json\/wp\/v2\/categories?post=13412"},{"taxonomy":"post_tag","embeddable":true,"href":"https:\/\/www.correiobraziliense.com.br\/cbradar\/wp-json\/wp\/v2\/post_tag?post=13412"}],"curies":[{"name":"wp","href":"https:\/\/api.w.org\/{rel}","templated":true}]}}