{"id":13416,"date":"2025-03-18T20:50:00","date_gmt":"2025-03-18T23:50:00","guid":{"rendered":"https:\/\/www.correiobraziliense.com.br\/cbradar\/?p=13416"},"modified":"2025-03-17T17:27:25","modified_gmt":"2025-03-17T20:27:25","slug":"apple-pode-lancar-dois-novos-monitores-que-vao-balancar-o-mercado","status":"publish","type":"post","link":"https:\/\/www.correiobraziliense.com.br\/cbradar\/apple-pode-lancar-dois-novos-monitores-que-vao-balancar-o-mercado\/","title":{"rendered":"Apple pode lan\u00e7ar dois novos monitores que v\u00e3o balan\u00e7ar o mercado"},"content":{"rendered":"\n<p>A <strong><a href=\"https:\/\/www.apple.com\/br\/store?cid=aos-br-kwgo-brand\" target=\"_blank\" rel=\"noreferrer noopener\">Apple<\/a> <\/strong>est\u00e1 possivelmente desenvolvendo dois novos monitores externos, conforme informa\u00e7\u00f5es recentes divulgadas por <strong>Mark Gurman<\/strong>, jornalista da <strong>Bloomberg<\/strong>. Gurman \u00e9 conhecido por antecipar lan\u00e7amentos da empresa, e suas revela\u00e7\u00f5es indicam que os dispositivos est\u00e3o em diferentes fases de planejamento. A expectativa \u00e9 que esses monitores cheguem ao mercado entre o final de 2025 e o in\u00edcio de 2026.<\/p>\n\n\n\n<p>Na sua newsletter <strong>Power On<\/strong>, Gurman trouxe detalhes sobre os poss\u00edveis novos monitores. O primeiro modelo seria uma vers\u00e3o atualizada do <strong>Studio Display,<\/strong> identificado internamente pelo codinome &#8220;J427&#8221;. Apesar de o modelo atual ter um pre\u00e7o competitivo e design atraente, h\u00e1 uma necessidade urgente de melhorias nas especifica\u00e7\u00f5es t\u00e9cnicas.<\/p>\n\n\n\n<h2 class=\"wp-block-heading\">Quais s\u00e3o as expectativas para o novo Studio Display?<\/h2>\n\n\n\n<p>O novo Studio Display, segundo Gurman, deve receber atualiza\u00e7\u00f5es significativas em \u00e1reas como qualidade da tela, taxa de atualiza\u00e7\u00e3o e conectividade. Essas melhorias s\u00e3o vistas como essenciais para manter a competitividade do produto no mercado de monitores externos. A Apple busca atender tanto usu\u00e1rios casuais quanto profissionais que necessitam de alto desempenho em suas atividades di\u00e1rias.<\/p>\n\n\n\n<p>O codinome &#8220;J427&#8221; sugere que a Apple est\u00e1 comprometida em oferecer um produto que se destaque n\u00e3o apenas pelo design, mas tamb\u00e9m pela performance t\u00e9cnica. As atualiza\u00e7\u00f5es previstas podem incluir melhorias na resolu\u00e7\u00e3o da tela e na tecnologia de painel, al\u00e9m de uma conectividade mais robusta para suportar as demandas dos usu\u00e1rios modernos.<\/p>\n\n\n\n<figure class=\"wp-block-image size-large\"><img decoding=\"async\" width=\"1024\" height=\"576\" src=\"https:\/\/www.correiobraziliense.com.br\/cbradar\/wp-content\/uploads\/2025\/03\/monitor-Apple_1742242033107-1024x576.jpg\" alt=\"Apple pode lan\u00e7ar dois novos monitores que v\u00e3o balan\u00e7ar o mercado\" class=\"wp-image-13418\" srcset=\"https:\/\/www.correiobraziliense.com.br\/cbradar\/wp-content\/uploads\/2025\/03\/monitor-Apple_1742242033107-1024x576.jpg 1024w, https:\/\/www.correiobraziliense.com.br\/cbradar\/wp-content\/uploads\/2025\/03\/monitor-Apple_1742242033107-300x169.jpg 300w, https:\/\/www.correiobraziliense.com.br\/cbradar\/wp-content\/uploads\/2025\/03\/monitor-Apple_1742242033107-768x432.jpg 768w, https:\/\/www.correiobraziliense.com.br\/cbradar\/wp-content\/uploads\/2025\/03\/monitor-Apple_1742242033107-750x422.jpg 750w, https:\/\/www.correiobraziliense.com.br\/cbradar\/wp-content\/uploads\/2025\/03\/monitor-Apple_1742242033107-1140x641.jpg 1140w, https:\/\/www.correiobraziliense.com.br\/cbradar\/wp-content\/uploads\/2025\/03\/monitor-Apple_1742242033107.jpg 1280w\" sizes=\"(max-width: 1024px) 100vw, 1024px\" \/><figcaption class=\"wp-element-caption\">monitor Apple. Cr\u00e9ditos: depositphotos.com \/ AndrewLozovyi<\/figcaption><\/figure>\n\n\n\n<h2 class=\"wp-block-heading\">O que se sabe sobre o segundo monitor em desenvolvimento?<\/h2>\n\n\n\n<p>Al\u00e9m do Studio Display, Gurman menciona um segundo monitor externo que est\u00e1 em desenvolvimento sob um codinome diferente. As informa\u00e7\u00f5es sobre este modelo ainda s\u00e3o escassas, mas existem duas possibilidades principais sendo consideradas. A primeira \u00e9 que a Apple esteja preparando um modelo alternativo com especifica\u00e7\u00f5es t\u00e9cnicas ou tamanho de tela distintos. A segunda hip\u00f3tese \u00e9 que a empresa planeje substituir o Pro Display XDR, lan\u00e7ado em 2019.<\/p>\n\n\n\n<p>Este segundo monitor poderia ser voltado para usu\u00e1rios profissionais, oferecendo recursos avan\u00e7ados que atendam \u00e0s necessidades de criadores de conte\u00fado e outros profissionais que dependem de monitores de alta qualidade. A Apple parece estar focada em manter sua relev\u00e2ncia diante da concorr\u00eancia, oferecendo produtos que combinem inova\u00e7\u00e3o e desempenho.<\/p>\n\n\n\n<h2 class=\"wp-block-heading\">Quando os novos monitores da Apple estar\u00e3o dispon\u00edveis?<\/h2>\n\n\n\n<p>A previs\u00e3o inicial \u00e9 que o novo Studio Display (J427) seja lan\u00e7ado no mercado no final de 2025 ou in\u00edcio de 2026. Quanto ao segundo monitor, a janela de lan\u00e7amento ainda \u00e9 incerta, mas \u00e9 esperado que mais informa\u00e7\u00f5es sejam divulgadas nos pr\u00f3ximos meses. A Apple tem o h\u00e1bito de manter seus desenvolvimentos em segredo at\u00e9 que estejam prontos para serem anunciados oficialmente.<\/p>\n\n\n\n<p>Esses lan\u00e7amentos s\u00e3o aguardados com expectativa, pois podem representar um avan\u00e7o significativo na linha de monitores da Apple. A empresa continua a buscar formas de inovar e atender \u00e0s demandas de seus usu\u00e1rios, mantendo-se na vanguarda da tecnologia de monitores externos.<\/p>\n","protected":false},"excerpt":{"rendered":"<p>Pr\u00f3ximos monitores da Apple: melhorias no Studio Display e um poss\u00edvel substituto do Pro Display XDR.<\/p>\n","protected":false},"author":3,"featured_media":13417,"comment_status":"open","ping_status":"open","sticky":false,"template":"","format":"standard","meta":{"_yoast_wpseo_focuskw":"apple monitor","_yoast_wpseo_title":"%%title%%","_yoast_wpseo_metadesc":"Pr\u00f3ximos monitores da Apple: melhorias no Studio Display e um poss\u00edvel substituto do Pro Display XDR.","jnews-multi-image_gallery":[],"jnews_single_post":{"format":"standard"},"jnews_primary_category":[],"jnews_social_meta":[],"jnews_override_counter":[],"footnotes":""},"categories":[115],"post_tag":[158,2092],"class_list":["post-13416","post","type-post","status-publish","format-standard","has-post-thumbnail","hentry","category-tecnologia","tag-apple","tag-monitores"],"yoast_head":"<!-- This site is optimized with the Yoast SEO plugin v24.6 - https:\/\/yoast.com\/wordpress\/plugins\/seo\/ -->\n<title>Apple pode lan\u00e7ar dois novos monitores que v\u00e3o balan\u00e7ar o mercado<\/title>\n<meta name=\"description\" content=\"Pr\u00f3ximos monitores da Apple: melhorias no Studio Display e um poss\u00edvel substituto do Pro Display XDR.\" \/>\n<meta name=\"robots\" content=\"index, follow, max-snippet:-1, max-image-preview:large, max-video-preview:-1\" \/>\n<link rel=\"canonical\" href=\"https:\/\/www.correiobraziliense.com.br\/cbradar\/apple-pode-lancar-dois-novos-monitores-que-vao-balancar-o-mercado\/\" \/>\n<meta property=\"og:locale\" content=\"pt_BR\" \/>\n<meta property=\"og:type\" content=\"article\" \/>\n<meta property=\"og:title\" content=\"Apple pode lan\u00e7ar dois novos monitores que v\u00e3o balan\u00e7ar o mercado\" \/>\n<meta property=\"og:description\" content=\"Pr\u00f3ximos monitores da Apple: melhorias no Studio Display e um poss\u00edvel substituto do Pro Display XDR.\" \/>\n<meta property=\"og:url\" content=\"https:\/\/www.correiobraziliense.com.br\/cbradar\/apple-pode-lancar-dois-novos-monitores-que-vao-balancar-o-mercado\/\" \/>\n<meta property=\"og:site_name\" content=\"Correio Braziliense - Radar\" \/>\n<meta property=\"article:published_time\" content=\"2025-03-18T23:50:00+00:00\" \/>\n<meta property=\"og:image\" content=\"https:\/\/www.correiobraziliense.com.br\/cbradar\/wp-content\/uploads\/2025\/03\/monitor-Apple_1742242008916.jpg\" \/>\n\t<meta property=\"og:image:width\" content=\"1280\" \/>\n\t<meta property=\"og:image:height\" content=\"720\" \/>\n\t<meta property=\"og:image:type\" content=\"image\/jpeg\" \/>\n<meta name=\"author\" content=\"Larissa Carvalho\" \/>\n<meta name=\"twitter:card\" content=\"summary_large_image\" \/>\n<meta name=\"twitter:label1\" content=\"Escrito por\" \/>\n\t<meta name=\"twitter:data1\" content=\"Larissa Carvalho\" \/>\n\t<meta name=\"twitter:label2\" content=\"Est. tempo de leitura\" \/>\n\t<meta name=\"twitter:data2\" content=\"4 minutos\" \/>\n<!-- \/ Yoast SEO plugin. -->","yoast_head_json":{"title":"Apple pode lan\u00e7ar dois novos monitores que v\u00e3o balan\u00e7ar o mercado","description":"Pr\u00f3ximos monitores da Apple: melhorias no Studio Display e um poss\u00edvel substituto do Pro Display XDR.","robots":{"index":"index","follow":"follow","max-snippet":"max-snippet:-1","max-image-preview":"max-image-preview:large","max-video-preview":"max-video-preview:-1"},"canonical":"https:\/\/www.correiobraziliense.com.br\/cbradar\/apple-pode-lancar-dois-novos-monitores-que-vao-balancar-o-mercado\/","og_locale":"pt_BR","og_type":"article","og_title":"Apple pode lan\u00e7ar dois novos monitores que v\u00e3o balan\u00e7ar o mercado","og_description":"Pr\u00f3ximos monitores da Apple: melhorias no Studio Display e um poss\u00edvel substituto do Pro Display XDR.","og_url":"https:\/\/www.correiobraziliense.com.br\/cbradar\/apple-pode-lancar-dois-novos-monitores-que-vao-balancar-o-mercado\/","og_site_name":"Correio Braziliense - Radar","article_published_time":"2025-03-18T23:50:00+00:00","og_image":[{"width":1280,"height":720,"url":"https:\/\/www.correiobraziliense.com.br\/cbradar\/wp-content\/uploads\/2025\/03\/monitor-Apple_1742242008916.jpg","type":"image\/jpeg"}],"author":"Larissa Carvalho","twitter_card":"summary_large_image","twitter_misc":{"Escrito por":"Larissa Carvalho","Est. tempo de leitura":"4 minutos"},"schema":{"@context":"https:\/\/schema.org","@graph":[{"@type":"WebPage","@id":"https:\/\/www.correiobraziliense.com.br\/cbradar\/apple-pode-lancar-dois-novos-monitores-que-vao-balancar-o-mercado\/","url":"https:\/\/www.correiobraziliense.com.br\/cbradar\/apple-pode-lancar-dois-novos-monitores-que-vao-balancar-o-mercado\/","name":"Apple pode lan\u00e7ar dois novos monitores que v\u00e3o balan\u00e7ar o mercado","isPartOf":{"@id":"https:\/\/www.correiobraziliense.com.br\/cbradar\/#website"},"primaryImageOfPage":{"@id":"https:\/\/www.correiobraziliense.com.br\/cbradar\/apple-pode-lancar-dois-novos-monitores-que-vao-balancar-o-mercado\/#primaryimage"},"image":{"@id":"https:\/\/www.correiobraziliense.com.br\/cbradar\/apple-pode-lancar-dois-novos-monitores-que-vao-balancar-o-mercado\/#primaryimage"},"thumbnailUrl":"https:\/\/www.correiobraziliense.com.br\/cbradar\/wp-content\/uploads\/2025\/03\/monitor-Apple_1742242008916.jpg","datePublished":"2025-03-18T23:50:00+00:00","author":{"@id":"https:\/\/www.correiobraziliense.com.br\/cbradar\/#\/schema\/person\/58422787644df994b53a19d3e56c1513"},"description":"Pr\u00f3ximos monitores da Apple: melhorias no Studio Display e um poss\u00edvel substituto do Pro Display XDR.","breadcrumb":{"@id":"https:\/\/www.correiobraziliense.com.br\/cbradar\/apple-pode-lancar-dois-novos-monitores-que-vao-balancar-o-mercado\/#breadcrumb"},"inLanguage":"pt-BR","potentialAction":[{"@type":"ReadAction","target":["https:\/\/www.correiobraziliense.com.br\/cbradar\/apple-pode-lancar-dois-novos-monitores-que-vao-balancar-o-mercado\/"]}]},{"@type":"ImageObject","inLanguage":"pt-BR","@id":"https:\/\/www.correiobraziliense.com.br\/cbradar\/apple-pode-lancar-dois-novos-monitores-que-vao-balancar-o-mercado\/#primaryimage","url":"https:\/\/www.correiobraziliense.com.br\/cbradar\/wp-content\/uploads\/2025\/03\/monitor-Apple_1742242008916.jpg","contentUrl":"https:\/\/www.correiobraziliense.com.br\/cbradar\/wp-content\/uploads\/2025\/03\/monitor-Apple_1742242008916.jpg","width":1280,"height":720,"caption":"monitor Apple. Cr\u00e9ditos: depositphotos.com \/ AlexShadyuk"},{"@type":"BreadcrumbList","@id":"https:\/\/www.correiobraziliense.com.br\/cbradar\/apple-pode-lancar-dois-novos-monitores-que-vao-balancar-o-mercado\/#breadcrumb","itemListElement":[{"@type":"ListItem","position":1,"name":"In\u00edcio","item":"https:\/\/www.correiobraziliense.com.br\/cbradar\/"},{"@type":"ListItem","position":2,"name":"Apple pode lan\u00e7ar dois novos monitores que v\u00e3o balan\u00e7ar o mercado"}]},{"@type":"WebSite","@id":"https:\/\/www.correiobraziliense.com.br\/cbradar\/#website","url":"https:\/\/www.correiobraziliense.com.br\/cbradar\/","name":"Correio Braziliense - Radar","description":"Acompanhe as \u00faltimas not\u00edcias e fique bem informado sobre tudo o que acontece no Brasil e no mundo.","potentialAction":[{"@type":"SearchAction","target":{"@type":"EntryPoint","urlTemplate":"https:\/\/www.correiobraziliense.com.br\/cbradar\/?s={search_term_string}"},"query-input":{"@type":"PropertyValueSpecification","valueRequired":true,"valueName":"search_term_string"}}],"inLanguage":"pt-BR"},{"@type":"Person","@id":"https:\/\/www.correiobraziliense.com.br\/cbradar\/#\/schema\/person\/58422787644df994b53a19d3e56c1513","name":"Larissa Carvalho","image":{"@type":"ImageObject","inLanguage":"pt-BR","@id":"https:\/\/www.correiobraziliense.com.br\/cbradar\/#\/schema\/person\/image\/","url":"https:\/\/secure.gravatar.com\/avatar\/fe4f91a0de32b52a838d0d612abdc1aa?s=96&d=mm&r=g","contentUrl":"https:\/\/secure.gravatar.com\/avatar\/fe4f91a0de32b52a838d0d612abdc1aa?s=96&d=mm&r=g","caption":"Larissa Carvalho"},"url":"https:\/\/www.correiobraziliense.com.br\/cbradar\/author\/larissamyth\/"}]}},"_links":{"self":[{"href":"https:\/\/www.correiobraziliense.com.br\/cbradar\/wp-json\/wp\/v2\/posts\/13416","targetHints":{"allow":["GET"]}}],"collection":[{"href":"https:\/\/www.correiobraziliense.com.br\/cbradar\/wp-json\/wp\/v2\/posts"}],"about":[{"href":"https:\/\/www.correiobraziliense.com.br\/cbradar\/wp-json\/wp\/v2\/types\/post"}],"author":[{"embeddable":true,"href":"https:\/\/www.correiobraziliense.com.br\/cbradar\/wp-json\/wp\/v2\/users\/3"}],"replies":[{"embeddable":true,"href":"https:\/\/www.correiobraziliense.com.br\/cbradar\/wp-json\/wp\/v2\/comments?post=13416"}],"version-history":[{"count":1,"href":"https:\/\/www.correiobraziliense.com.br\/cbradar\/wp-json\/wp\/v2\/posts\/13416\/revisions"}],"predecessor-version":[{"id":13419,"href":"https:\/\/www.correiobraziliense.com.br\/cbradar\/wp-json\/wp\/v2\/posts\/13416\/revisions\/13419"}],"wp:featuredmedia":[{"embeddable":true,"href":"https:\/\/www.correiobraziliense.com.br\/cbradar\/wp-json\/wp\/v2\/media\/13417"}],"wp:attachment":[{"href":"https:\/\/www.correiobraziliense.com.br\/cbradar\/wp-json\/wp\/v2\/media?parent=13416"}],"wp:term":[{"taxonomy":"category","embeddable":true,"href":"https:\/\/www.correiobraziliense.com.br\/cbradar\/wp-json\/wp\/v2\/categories?post=13416"},{"taxonomy":"post_tag","embeddable":true,"href":"https:\/\/www.correiobraziliense.com.br\/cbradar\/wp-json\/wp\/v2\/post_tag?post=13416"}],"curies":[{"name":"wp","href":"https:\/\/api.w.org\/{rel}","templated":true}]}}