{"id":134184,"date":"2025-11-08T20:00:00","date_gmt":"2025-11-08T23:00:00","guid":{"rendered":"https:\/\/www.correiobraziliense.com.br\/cbradar\/?p=134184"},"modified":"2025-11-08T19:20:15","modified_gmt":"2025-11-08T22:20:15","slug":"a-dica-de-condicionamento-fisico-numero-1-para-mulheres-com-mais-de-50-anos","status":"publish","type":"post","link":"https:\/\/www.correiobraziliense.com.br\/cbradar\/a-dica-de-condicionamento-fisico-numero-1-para-mulheres-com-mais-de-50-anos\/","title":{"rendered":"A dica de condicionamento f\u00edsico n\u00famero 1 para mulheres com mais de 50 anos"},"content":{"rendered":"\n<p><strong>Manter a sa\u00fade cardiovascular<\/strong> \u00e9 crucial em todas as fases da vida, especialmente para mulheres acima dos 50 anos. O cora\u00e7\u00e3o necessita de cuidados cont\u00ednuos, visto que as doen\u00e7as card\u00edacas est\u00e3o entre as principais causas de mortalidade entre mulheres nos Estados Unidos. Especialistas enfatizam a import\u00e2ncia da pr\u00e1tica de exerc\u00edcios aer\u00f3bicos, que trazem m\u00faltiplos benef\u00edcios ao organismo e s\u00e3o essenciais para o bem-estar e longevidade.<\/p>\n\n\n\n<h2 class=\"wp-block-heading\">Benef\u00edcios da atividade aer\u00f3bica para mulheres acima dos 50 anos<\/h2>\n\n\n\n<p><strong>Exerc\u00edcios aer\u00f3bicos<\/strong> s\u00e3o atividades f\u00edsicas cont\u00ednuas que elevam a frequ\u00eancia card\u00edaca e respirat\u00f3ria, fortalecendo o cora\u00e7\u00e3o e os vasos sangu\u00edneos. De acordo com <strong><a href=\"https:\/\/kovacsinstitute.com\/drmarkkovacs.html\" target=\"_blank\" rel=\"noreferrer noopener\">Mark Kovacs, Ph.D.<\/a><\/strong>, pr\u00e1ticas regulares reduzem significativamente riscos como <strong>doen\u00e7as cardiovasculares<\/strong>, resist\u00eancia \u00e0 insulina e perda de densidade \u00f3ssea.<\/p>\n\n\n\n<p>Estudos mostram que adultos a partir dos 50 anos com sa\u00fade cardiovascular ideal podem viver, em m\u00e9dia, <strong>36,2 anos a mais<\/strong>, enquanto aqueles com sa\u00fade prec\u00e1ria t\u00eam expectativa de apenas mais 27,3 anos. Isso destaca como uma rotina ativa e saud\u00e1vel \u00e9 fundamental para aumentar qualidade e expectativa de vida.<\/p>\n\n\n\n<figure class=\"wp-block-image size-large\"><img decoding=\"async\" width=\"1024\" height=\"576\" src=\"https:\/\/www.correiobraziliense.com.br\/cbradar\/wp-content\/uploads\/2025\/11\/idoso-exercicio-fisic_1762640170561-1024x576.jpg\" alt=\"A dica de condicionamento f\u00edsico n\u00famero 1 para mulheres com mais de 50 anos\" class=\"wp-image-134186\" srcset=\"https:\/\/www.correiobraziliense.com.br\/cbradar\/wp-content\/uploads\/2025\/11\/idoso-exercicio-fisic_1762640170561-1024x576.jpg 1024w, https:\/\/www.correiobraziliense.com.br\/cbradar\/wp-content\/uploads\/2025\/11\/idoso-exercicio-fisic_1762640170561-300x169.jpg 300w, https:\/\/www.correiobraziliense.com.br\/cbradar\/wp-content\/uploads\/2025\/11\/idoso-exercicio-fisic_1762640170561-768x432.jpg 768w, https:\/\/www.correiobraziliense.com.br\/cbradar\/wp-content\/uploads\/2025\/11\/idoso-exercicio-fisic_1762640170561-750x422.jpg 750w, https:\/\/www.correiobraziliense.com.br\/cbradar\/wp-content\/uploads\/2025\/11\/idoso-exercicio-fisic_1762640170561-1140x641.jpg 1140w, https:\/\/www.correiobraziliense.com.br\/cbradar\/wp-content\/uploads\/2025\/11\/idoso-exercicio-fisic_1762640170561.jpg 1280w\" sizes=\"(max-width: 1024px) 100vw, 1024px\" \/><figcaption class=\"wp-element-caption\">Exerc\u00edcios aer\u00f3bicos fortalecem o cora\u00e7\u00e3o e melhoram a circula\u00e7\u00e3o em mulheres acima de 50 anos. Cr\u00e9ditos: depositphotos.com \/ IgorVetushko<\/figcaption><\/figure>\n\n\n\n<h2 class=\"wp-block-heading\">Quantidade ideal de exerc\u00edcios aer\u00f3bicos por semana<\/h2>\n\n\n\n<p>A recomenda\u00e7\u00e3o do CDC \u00e9 realizar pelo menos <strong>150 minutos<\/strong> de exerc\u00edcios aer\u00f3bicos moderados semanalmente, embora benef\u00edcios adicionais possam ser obtidos at\u00e9 mesmo com volumes maiores. Kovacs ressalta que quem praticou entre 300 e 599 minutos por semana teve resultados superiores.<\/p>\n\n\n\n<p>Para facilitar o alcance dessas metas, \u00e9 importante distribuir os exerc\u00edcios ao longo da semana e adapt\u00e1-los ao estilo de vida, buscando uma frequ\u00eancia regular e sustent\u00e1vel. <strong>Manter a consist\u00eancia<\/strong> \u00e9 mais importante do que a intensidade para a maioria das mulheres acima dos 50 anos.<\/p>\n\n\n\n<p>Leia tamb\u00e9m: <a href=\"https:\/\/www.correiobraziliense.com.br\/cbradar\/novo-estudo-revela-o-melhor-lanche-para-fazer-apos-o-exercicio-fisico\/\" target=\"_blank\" rel=\"noreferrer noopener\">Novo estudo revela o melhor lanche para fazer ap\u00f3s o exerc\u00edcio f\u00edsico<\/a><\/p>\n\n\n\n<h2 class=\"wp-block-heading\">Como incorporar exerc\u00edcios aer\u00f3bicos na rotina de forma pr\u00e1tica<\/h2>\n\n\n\n<p>Criar uma rotina de atividade f\u00edsica pode ser um desafio, mas escolher atividades prazerosas aumenta a ader\u00eancia a longo prazo. Brooke Bussard, m\u00e9dica e treinadora, recomenda caminhadas de 30 minutos cinco vezes por semana, mas pausas de dan\u00e7a de 10 minutos tamb\u00e9m contam.<\/p>\n\n\n\n<p>Para tornar o processo mais f\u00e1cil e adapt\u00e1vel, veja algumas formas de tornar o movimento uma parte natural do dia a dia:<\/p>\n\n\n\n<ul class=\"wp-block-list\">\n<li>Prefira exerc\u00edcios que tragam prazer e motiva\u00e7\u00e3o.<\/li>\n\n\n\n<li>Alterne entre modalidades como nata\u00e7\u00e3o, ciclismo e dan\u00e7a.<\/li>\n\n\n\n<li>Inclua pequenas sess\u00f5es di\u00e1rias, mesmo que durem menos de 10 minutos.<\/li>\n<\/ul>\n\n\n\n<blockquote class=\"tiktok-embed\" cite=\"https:\/\/www.tiktok.com\/@aneteblancpersonal\/video\/7470145110919892230\" data-video-id=\"7470145110919892230\" style=\"max-width: 605px;min-width: 325px;\" > <section> <a target=\"_blank\" title=\"@aneteblancpersonal\" href=\"https:\/\/www.tiktok.com\/@aneteblancpersonal?refer=embed\">@aneteblancpersonal<\/a> Uma atividade super simples e extremamente eficaz para fortalecer as pernas, melhorar o equil\u00edbrio e manter a independ\u00eancia sempre <a title=\"aneteblanc\" target=\"_blank\" href=\"https:\/\/www.tiktok.com\/tag\/aneteblanc?refer=embed\">#aneteblanc<\/a> <a title=\"aneteblancpersonal\" target=\"_blank\" href=\"https:\/\/www.tiktok.com\/tag\/aneteblancpersonal?refer=embed\">#aneteblancpersonal<\/a> <a title=\"aneteblancpersonalhealth\" target=\"_blank\" href=\"https:\/\/www.tiktok.com\/tag\/aneteblancpersonalhealth?refer=embed\">#aneteblancpersonalhealth<\/a> <a title=\"mulher50\" target=\"_blank\" href=\"https:\/\/www.tiktok.com\/tag\/mulher50?refer=embed\">#mulher50<\/a>  <a title=\"menopausa\" target=\"_blank\" href=\"https:\/\/www.tiktok.com\/tag\/menopausa?refer=embed\">#menopausa<\/a> <a title=\"menopausaativa\" target=\"_blank\" href=\"https:\/\/www.tiktok.com\/tag\/menopausaativa?refer=embed\">#menopausaativa<\/a> <a title=\"forcanaspernas\" target=\"_blank\" href=\"https:\/\/www.tiktok.com\/tag\/forcanaspernas?refer=embed\">#forcanaspernas<\/a> <a title=\"facaemcasa\" target=\"_blank\" href=\"https:\/\/www.tiktok.com\/tag\/facaemcasa?refer=embed\">#facaemcasa<\/a> <a title=\"exercicioemcasa\" target=\"_blank\" href=\"https:\/\/www.tiktok.com\/tag\/exercicioemcasa?refer=embed\">#exercicioemcasa<\/a> <a title=\"envelhecercomsaude\" target=\"_blank\" href=\"https:\/\/www.tiktok.com\/tag\/envelhecercomsaude?refer=embed\">#envelhecercomsaude<\/a> <a target=\"_blank\" title=\"\u266c Masked - Soundroll\" href=\"https:\/\/www.tiktok.com\/music\/Masked-7376160035767519242?refer=embed\">\u266c Masked &#8211; Soundroll<\/a> <\/section> <\/blockquote> <script async src=\"https:\/\/www.tiktok.com\/embed.js\"><\/script>\n\n\n\n<h2 class=\"wp-block-heading\">Cuidados ao iniciar uma nova rotina de exerc\u00edcios f\u00edsicos<\/h2>\n\n\n\n<p>Antes de iniciar qualquer novo plano de atividade f\u00edsica, consulte um m\u00e9dico, especialmente se houver hist\u00f3rico de <strong>press\u00e3o alta<\/strong> ou problemas card\u00edacos. Respeitar os limites do corpo \u00e9 fundamental para prevenir les\u00f5es.<\/p>\n\n\n\n<p>O exerc\u00edcio f\u00edsico n\u00e3o apenas soma anos \u00e0 vida, mas tamb\u00e9m qualidade aos anos vividos. Uma abordagem proativa, aliada ao acompanhamento m\u00e9dico, garante uma jornada mais segura e saud\u00e1vel para mulheres acima dos 50 anos.<\/p>\n","protected":false},"excerpt":{"rendered":"<p>Dicas de fitness para mulheres acima de 50: melhore a sa\u00fade cardiovascular e bem-estar com exerc\u00edcios aer\u00f3bicos. Descubra mais!<\/p>\n","protected":false},"author":3,"featured_media":134187,"comment_status":"open","ping_status":"open","sticky":false,"template":"","format":"standard","meta":{"_yoast_wpseo_focuskw":"condicionamento mulheres mais de 50","_yoast_wpseo_title":"%%title%%","_yoast_wpseo_metadesc":"Dicas de fitness para mulheres acima de 50: melhore a sa\u00fade cardiovascular e bem-estar com exerc\u00edcios aer\u00f3bicos. Descubra mais!","jnews-multi-image_gallery":[],"jnews_single_post":{"format":"standard"},"jnews_primary_category":[],"jnews_social_meta":[],"jnews_override_counter":[],"footnotes":""},"categories":[112],"post_tag":[3559,144,444,565],"class_list":["post-134184","post","type-post","status-publish","format-standard","has-post-thumbnail","hentry","category-curiosidades","tag-corpo-humano","tag-curiosidades","tag-exercicio-fisico","tag-saude"],"yoast_head":"<!-- This site is optimized with the Yoast SEO plugin v24.6 - https:\/\/yoast.com\/wordpress\/plugins\/seo\/ -->\n<title>A dica de condicionamento f\u00edsico n\u00famero 1 para mulheres com mais de 50 anos<\/title>\n<meta name=\"description\" content=\"Dicas de fitness para mulheres acima de 50: melhore a sa\u00fade cardiovascular e bem-estar com exerc\u00edcios aer\u00f3bicos. Descubra mais!\" \/>\n<meta name=\"robots\" content=\"index, follow, max-snippet:-1, max-image-preview:large, max-video-preview:-1\" \/>\n<link rel=\"canonical\" href=\"https:\/\/www.correiobraziliense.com.br\/cbradar\/a-dica-de-condicionamento-fisico-numero-1-para-mulheres-com-mais-de-50-anos\/\" \/>\n<meta property=\"og:locale\" content=\"pt_BR\" \/>\n<meta property=\"og:type\" content=\"article\" \/>\n<meta property=\"og:title\" content=\"A dica de condicionamento f\u00edsico n\u00famero 1 para mulheres com mais de 50 anos\" \/>\n<meta property=\"og:description\" content=\"Dicas de fitness para mulheres acima de 50: melhore a sa\u00fade cardiovascular e bem-estar com exerc\u00edcios aer\u00f3bicos. Descubra mais!\" \/>\n<meta property=\"og:url\" content=\"https:\/\/www.correiobraziliense.com.br\/cbradar\/a-dica-de-condicionamento-fisico-numero-1-para-mulheres-com-mais-de-50-anos\/\" \/>\n<meta property=\"og:site_name\" content=\"Correio Braziliense - Radar\" \/>\n<meta property=\"article:published_time\" content=\"2025-11-08T23:00:00+00:00\" \/>\n<meta property=\"og:image\" content=\"https:\/\/www.correiobraziliense.com.br\/cbradar\/wp-content\/uploads\/2025\/11\/mosaico_1762640313228.jpg\" \/>\n\t<meta property=\"og:image:width\" content=\"1280\" \/>\n\t<meta property=\"og:image:height\" content=\"720\" \/>\n\t<meta property=\"og:image:type\" content=\"image\/jpeg\" \/>\n<meta name=\"author\" content=\"Larissa Carvalho\" \/>\n<meta name=\"twitter:card\" content=\"summary_large_image\" \/>\n<meta name=\"twitter:label1\" content=\"Escrito por\" \/>\n\t<meta name=\"twitter:data1\" content=\"Larissa Carvalho\" \/>\n\t<meta name=\"twitter:label2\" content=\"Est. tempo de leitura\" \/>\n\t<meta name=\"twitter:data2\" content=\"3 minutos\" \/>\n<!-- \/ Yoast SEO plugin. -->","yoast_head_json":{"title":"A dica de condicionamento f\u00edsico n\u00famero 1 para mulheres com mais de 50 anos","description":"Dicas de fitness para mulheres acima de 50: melhore a sa\u00fade cardiovascular e bem-estar com exerc\u00edcios aer\u00f3bicos. Descubra mais!","robots":{"index":"index","follow":"follow","max-snippet":"max-snippet:-1","max-image-preview":"max-image-preview:large","max-video-preview":"max-video-preview:-1"},"canonical":"https:\/\/www.correiobraziliense.com.br\/cbradar\/a-dica-de-condicionamento-fisico-numero-1-para-mulheres-com-mais-de-50-anos\/","og_locale":"pt_BR","og_type":"article","og_title":"A dica de condicionamento f\u00edsico n\u00famero 1 para mulheres com mais de 50 anos","og_description":"Dicas de fitness para mulheres acima de 50: melhore a sa\u00fade cardiovascular e bem-estar com exerc\u00edcios aer\u00f3bicos. Descubra mais!","og_url":"https:\/\/www.correiobraziliense.com.br\/cbradar\/a-dica-de-condicionamento-fisico-numero-1-para-mulheres-com-mais-de-50-anos\/","og_site_name":"Correio Braziliense - Radar","article_published_time":"2025-11-08T23:00:00+00:00","og_image":[{"width":1280,"height":720,"url":"https:\/\/www.correiobraziliense.com.br\/cbradar\/wp-content\/uploads\/2025\/11\/mosaico_1762640313228.jpg","type":"image\/jpeg"}],"author":"Larissa Carvalho","twitter_card":"summary_large_image","twitter_misc":{"Escrito por":"Larissa Carvalho","Est. tempo de leitura":"3 minutos"},"schema":{"@context":"https:\/\/schema.org","@graph":[{"@type":"WebPage","@id":"https:\/\/www.correiobraziliense.com.br\/cbradar\/a-dica-de-condicionamento-fisico-numero-1-para-mulheres-com-mais-de-50-anos\/","url":"https:\/\/www.correiobraziliense.com.br\/cbradar\/a-dica-de-condicionamento-fisico-numero-1-para-mulheres-com-mais-de-50-anos\/","name":"A dica de condicionamento f\u00edsico n\u00famero 1 para mulheres com mais de 50 anos","isPartOf":{"@id":"https:\/\/www.correiobraziliense.com.br\/cbradar\/#website"},"primaryImageOfPage":{"@id":"https:\/\/www.correiobraziliense.com.br\/cbradar\/a-dica-de-condicionamento-fisico-numero-1-para-mulheres-com-mais-de-50-anos\/#primaryimage"},"image":{"@id":"https:\/\/www.correiobraziliense.com.br\/cbradar\/a-dica-de-condicionamento-fisico-numero-1-para-mulheres-com-mais-de-50-anos\/#primaryimage"},"thumbnailUrl":"https:\/\/www.correiobraziliense.com.br\/cbradar\/wp-content\/uploads\/2025\/11\/mosaico_1762640313228.jpg","datePublished":"2025-11-08T23:00:00+00:00","author":{"@id":"https:\/\/www.correiobraziliense.com.br\/cbradar\/#\/schema\/person\/58422787644df994b53a19d3e56c1513"},"description":"Dicas de fitness para mulheres acima de 50: melhore a sa\u00fade cardiovascular e bem-estar com exerc\u00edcios aer\u00f3bicos. Descubra mais!","breadcrumb":{"@id":"https:\/\/www.correiobraziliense.com.br\/cbradar\/a-dica-de-condicionamento-fisico-numero-1-para-mulheres-com-mais-de-50-anos\/#breadcrumb"},"inLanguage":"pt-BR","potentialAction":[{"@type":"ReadAction","target":["https:\/\/www.correiobraziliense.com.br\/cbradar\/a-dica-de-condicionamento-fisico-numero-1-para-mulheres-com-mais-de-50-anos\/"]}]},{"@type":"ImageObject","inLanguage":"pt-BR","@id":"https:\/\/www.correiobraziliense.com.br\/cbradar\/a-dica-de-condicionamento-fisico-numero-1-para-mulheres-com-mais-de-50-anos\/#primaryimage","url":"https:\/\/www.correiobraziliense.com.br\/cbradar\/wp-content\/uploads\/2025\/11\/mosaico_1762640313228.jpg","contentUrl":"https:\/\/www.correiobraziliense.com.br\/cbradar\/wp-content\/uploads\/2025\/11\/mosaico_1762640313228.jpg","width":1280,"height":720,"caption":"Viva mais e melhor com atividades que cuidam do seu cora\u00e7\u00e3o ap\u00f3s os 50 anos. Cr\u00e9ditos: depositphotos.com \/ pressmaster e Cr\u00e9ditos: depositphotos.com \/ photobyphotoboy"},{"@type":"BreadcrumbList","@id":"https:\/\/www.correiobraziliense.com.br\/cbradar\/a-dica-de-condicionamento-fisico-numero-1-para-mulheres-com-mais-de-50-anos\/#breadcrumb","itemListElement":[{"@type":"ListItem","position":1,"name":"In\u00edcio","item":"https:\/\/www.correiobraziliense.com.br\/cbradar\/"},{"@type":"ListItem","position":2,"name":"A dica de condicionamento f\u00edsico n\u00famero 1 para mulheres com mais de 50 anos"}]},{"@type":"WebSite","@id":"https:\/\/www.correiobraziliense.com.br\/cbradar\/#website","url":"https:\/\/www.correiobraziliense.com.br\/cbradar\/","name":"Correio Braziliense - Radar","description":"Acompanhe as \u00faltimas not\u00edcias e fique bem informado sobre tudo o que acontece no Brasil e no mundo.","potentialAction":[{"@type":"SearchAction","target":{"@type":"EntryPoint","urlTemplate":"https:\/\/www.correiobraziliense.com.br\/cbradar\/?s={search_term_string}"},"query-input":{"@type":"PropertyValueSpecification","valueRequired":true,"valueName":"search_term_string"}}],"inLanguage":"pt-BR"},{"@type":"Person","@id":"https:\/\/www.correiobraziliense.com.br\/cbradar\/#\/schema\/person\/58422787644df994b53a19d3e56c1513","name":"Larissa Carvalho","image":{"@type":"ImageObject","inLanguage":"pt-BR","@id":"https:\/\/www.correiobraziliense.com.br\/cbradar\/#\/schema\/person\/image\/","url":"https:\/\/secure.gravatar.com\/avatar\/fe4f91a0de32b52a838d0d612abdc1aa?s=96&d=mm&r=g","contentUrl":"https:\/\/secure.gravatar.com\/avatar\/fe4f91a0de32b52a838d0d612abdc1aa?s=96&d=mm&r=g","caption":"Larissa Carvalho"},"url":"https:\/\/www.correiobraziliense.com.br\/cbradar\/author\/larissamyth\/"}]}},"_links":{"self":[{"href":"https:\/\/www.correiobraziliense.com.br\/cbradar\/wp-json\/wp\/v2\/posts\/134184","targetHints":{"allow":["GET"]}}],"collection":[{"href":"https:\/\/www.correiobraziliense.com.br\/cbradar\/wp-json\/wp\/v2\/posts"}],"about":[{"href":"https:\/\/www.correiobraziliense.com.br\/cbradar\/wp-json\/wp\/v2\/types\/post"}],"author":[{"embeddable":true,"href":"https:\/\/www.correiobraziliense.com.br\/cbradar\/wp-json\/wp\/v2\/users\/3"}],"replies":[{"embeddable":true,"href":"https:\/\/www.correiobraziliense.com.br\/cbradar\/wp-json\/wp\/v2\/comments?post=134184"}],"version-history":[{"count":2,"href":"https:\/\/www.correiobraziliense.com.br\/cbradar\/wp-json\/wp\/v2\/posts\/134184\/revisions"}],"predecessor-version":[{"id":134188,"href":"https:\/\/www.correiobraziliense.com.br\/cbradar\/wp-json\/wp\/v2\/posts\/134184\/revisions\/134188"}],"wp:featuredmedia":[{"embeddable":true,"href":"https:\/\/www.correiobraziliense.com.br\/cbradar\/wp-json\/wp\/v2\/media\/134187"}],"wp:attachment":[{"href":"https:\/\/www.correiobraziliense.com.br\/cbradar\/wp-json\/wp\/v2\/media?parent=134184"}],"wp:term":[{"taxonomy":"category","embeddable":true,"href":"https:\/\/www.correiobraziliense.com.br\/cbradar\/wp-json\/wp\/v2\/categories?post=134184"},{"taxonomy":"post_tag","embeddable":true,"href":"https:\/\/www.correiobraziliense.com.br\/cbradar\/wp-json\/wp\/v2\/post_tag?post=134184"}],"curies":[{"name":"wp","href":"https:\/\/api.w.org\/{rel}","templated":true}]}}