{"id":134204,"date":"2025-11-10T10:15:00","date_gmt":"2025-11-10T13:15:00","guid":{"rendered":"https:\/\/www.correiobraziliense.com.br\/cbradar\/?p=134204"},"modified":"2025-11-09T00:37:27","modified_gmt":"2025-11-09T03:37:27","slug":"o-caminho-certo-para-viver-bem-apos-os-60-anos-o-segredo-da-longevidade","status":"publish","type":"post","link":"https:\/\/www.correiobraziliense.com.br\/cbradar\/o-caminho-certo-para-viver-bem-apos-os-60-anos-o-segredo-da-longevidade\/","title":{"rendered":"O caminho certo para viver bem ap\u00f3s os 60 anos, o segredo da longevidade"},"content":{"rendered":"\n<p><strong>Viver plenamente ap\u00f3s os 60 anos \u00e9 poss\u00edvel quando adotamos h\u00e1bitos saud\u00e1veis, cuidados preventivos e atitudes positivas. <\/strong>O segredo da longevidade vai muito al\u00e9m de gen\u00e9tica; envolve alimenta\u00e7\u00e3o equilibrada, atividade f\u00edsica, engajamento social e bem-estar mental. Descobrir como integrar esses elementos ao dia a dia pode transformar a experi\u00eancia de envelhecer.<\/p>\n\n\n\n<h2 class=\"wp-block-heading\">Como a alimenta\u00e7\u00e3o influencia a longevidade?<\/h2>\n\n\n\n<p>Uma dieta equilibrada \u00e9 essencial para manter a sa\u00fade e prevenir doen\u00e7as cr\u00f4nicas. <strong>Alimentos ricos em fibras, antioxidantes e nutrientes essenciais ajudam a proteger o organismo e retardar o envelhecimento celular.<\/strong><\/p>\n\n\n\n<p>Entre os principais h\u00e1bitos alimentares que favorecem a longevidade est\u00e3o:<\/p>\n\n\n\n<ul class=\"wp-block-list\">\n<li><strong>Frutas e vegetais frescos<\/strong>, ricos em vitaminas e antioxidantes.<\/li>\n\n\n\n<li><strong>Peixes e oleaginosas<\/strong>, que fornecem \u00e1cidos graxos essenciais para o cora\u00e7\u00e3o e c\u00e9rebro.<\/li>\n\n\n\n<li><strong>Redu\u00e7\u00e3o de a\u00e7\u00facares e gorduras saturadas<\/strong>, prevenindo diabetes e doen\u00e7as cardiovasculares.<\/li>\n<\/ul>\n\n\n<div class=\"wp-block-image\">\n<figure class=\"aligncenter size-large\"><img decoding=\"async\" width=\"1024\" height=\"576\" src=\"https:\/\/www.correiobraziliense.com.br\/cbradar\/wp-content\/uploads\/2025\/09\/fritura_1757870965373-1024x576.jpg\" alt=\"O caminho certo para viver bem ap\u00f3s os 60 anos, o segredo da longevidade\" class=\"wp-image-103893\" srcset=\"https:\/\/www.correiobraziliense.com.br\/cbradar\/wp-content\/uploads\/2025\/09\/fritura_1757870965373-1024x576.jpg 1024w, https:\/\/www.correiobraziliense.com.br\/cbradar\/wp-content\/uploads\/2025\/09\/fritura_1757870965373-300x169.jpg 300w, https:\/\/www.correiobraziliense.com.br\/cbradar\/wp-content\/uploads\/2025\/09\/fritura_1757870965373-768x432.jpg 768w, https:\/\/www.correiobraziliense.com.br\/cbradar\/wp-content\/uploads\/2025\/09\/fritura_1757870965373-750x422.jpg 750w, https:\/\/www.correiobraziliense.com.br\/cbradar\/wp-content\/uploads\/2025\/09\/fritura_1757870965373-1140x641.jpg 1140w, https:\/\/www.correiobraziliense.com.br\/cbradar\/wp-content\/uploads\/2025\/09\/fritura_1757870965373.jpg 1280w\" sizes=\"(max-width: 1024px) 100vw, 1024px\" \/><figcaption class=\"wp-element-caption\">Alimenta\u00e7\u00e3o b\u00e1sica inclui nutrientes essenciais como carboidratos, prote\u00ednas, gorduras, vitaminas e minerais. \/\/ Cr\u00e9ditos: depositphotos.com \/ NoirChocolate<\/figcaption><\/figure><\/div>\n\n\n<h2 class=\"wp-block-heading\">A import\u00e2ncia da atividade f\u00edsica regular<\/h2>\n\n\n\n<p>Manter-se ativo ap\u00f3s os 60 anos \u00e9 fundamental para preservar for\u00e7a muscular, equil\u00edbrio e sa\u00fade cardiovascular. <strong>Caminhadas, alongamentos, muscula\u00e7\u00e3o leve e atividades aqu\u00e1ticas ajudam a manter mobilidade e reduzir o risco de quedas.<\/strong><\/p>\n\n\n\n<p>Dicas para incorporar exerc\u00edcios na rotina di\u00e1ria:<\/p>\n\n\n\n<ol class=\"wp-block-list\">\n<li>Praticar pelo menos 30 minutos de atividade f\u00edsica moderada, cinco vezes por semana.<\/li>\n\n\n\n<li>Variar os exerc\u00edcios para trabalhar for\u00e7a, flexibilidade e resist\u00eancia.<\/li>\n\n\n\n<li>Participar de grupos de atividades f\u00edsicas, promovendo intera\u00e7\u00e3o social e motiva\u00e7\u00e3o.<\/li>\n<\/ol>\n\n\n\n<figure class=\"wp-block-embed is-type-video is-provider-tiktok wp-block-embed-tiktok\"><div class=\"wp-block-embed__wrapper\">\n<blockquote class=\"tiktok-embed\" cite=\"https:\/\/www.tiktok.com\/@douglas445jf\/video\/7219786416048311558\" data-video-id=\"7219786416048311558\" data-embed-from=\"oembed\" style=\"max-width:605px; min-width:325px;\"> <section> <a target=\"_blank\" title=\"@douglas445jf\" href=\"https:\/\/www.tiktok.com\/@douglas445jf?refer=embed\">@douglas445jf<\/a> <p>\u00e9 comprovado quanto mais velho mais necess\u00e1rio \u00e9 a pr\u00e1tica de atividade f\u00edsica, muscula\u00e7\u00e3o para uma vida saud\u00e1vel. <a title=\"emagrecimento\" target=\"_blank\" href=\"https:\/\/www.tiktok.com\/tag\/emagrecimento?refer=embed\">#emagrecimento<\/a> <a title=\"maromba\" target=\"_blank\" href=\"https:\/\/www.tiktok.com\/tag\/maromba?refer=embed\">#maromba<\/a> <a title=\"academia\" target=\"_blank\" href=\"https:\/\/www.tiktok.com\/tag\/academia?refer=embed\">#academia<\/a> <a title=\"vidasaudavel\" target=\"_blank\" href=\"https:\/\/www.tiktok.com\/tag\/vidasaudavel?refer=embed\">#vidasaudavel<\/a> <a title=\"treino\" target=\"_blank\" href=\"https:\/\/www.tiktok.com\/tag\/treino?refer=embed\">#treino<\/a> <a title=\"musculacao\" target=\"_blank\" href=\"https:\/\/www.tiktok.com\/tag\/musculacao?refer=embed\">#musculacao<\/a> <a title=\"tiktok\" target=\"_blank\" href=\"https:\/\/www.tiktok.com\/tag\/tiktok?refer=embed\">#tiktok<\/a> <a title=\"personal\" target=\"_blank\" href=\"https:\/\/www.tiktok.com\/tag\/personal?refer=embed\">#personal<\/a> <a title=\"superacaodiaria\" target=\"_blank\" href=\"https:\/\/www.tiktok.com\/tag\/superacaodiaria?refer=embed\">#superacaodiaria<\/a> <\/p> <a target=\"_blank\" title=\"\u266c som original - Douglas\" href=\"https:\/\/www.tiktok.com\/music\/som-original-7219786421927480070?refer=embed\">\u266c som original &#8211; Douglas<\/a> <\/section> <\/blockquote> <script async src=\"https:\/\/www.tiktok.com\/embed.js\"><\/script>\n<\/div><\/figure>\n\n\n\n<h2 class=\"wp-block-heading\">Engajamento social e sa\u00fade mental<\/h2>\n\n\n\n<p>Manter relacionamentos sociais ativos e participar de atividades comunit\u00e1rias fortalece a sa\u00fade mental. <strong>O isolamento social est\u00e1 ligado ao aumento do risco de depress\u00e3o, ansiedade e decl\u00ednio cognitivo.<\/strong><\/p>\n\n\n\n<p>Benef\u00edcios do engajamento social:<\/p>\n\n\n\n<ul class=\"wp-block-list\">\n<li>Redu\u00e7\u00e3o do estresse e sensa\u00e7\u00e3o de solid\u00e3o.<\/li>\n\n\n\n<li>Est\u00edmulo cognitivo por meio de conversas e novas experi\u00eancias.<\/li>\n\n\n\n<li>Maior motiva\u00e7\u00e3o para adotar h\u00e1bitos saud\u00e1veis e manter rotina ativa.<\/li>\n<\/ul>\n\n\n\n<p><strong>Leia tamb\u00e9m: <a href=\"https:\/\/www.correiobraziliense.com.br\/cbradar\/o-que-significa-estar-sempre-com-a-mao-na-cintura-segundo-a-psicologia\/\" target=\"_blank\" rel=\"noreferrer noopener\">O que significa estar sempre com a m\u00e3o na cintura, segundo a psicologia<\/a><\/strong><\/p>\n\n\n\n<h2 class=\"wp-block-heading\">Sono de qualidade e controle do estresse<\/h2>\n\n\n\n<p>Dormir bem \u00e9 essencial para regenera\u00e7\u00e3o celular e mem\u00f3ria. <strong>A priva\u00e7\u00e3o de sono e o estresse cr\u00f4nico aceleram o envelhecimento e prejudicam a fun\u00e7\u00e3o cerebral.<\/strong><\/p>\n\n\n\n<p>Estrat\u00e9gias para melhorar o sono e reduzir o estresse incluem:<\/p>\n\n\n\n<ul class=\"wp-block-list\">\n<li>Manter hor\u00e1rios regulares para dormir e acordar.<\/li>\n\n\n\n<li>Evitar consumo excessivo de cafe\u00edna e \u00e1lcool \u00e0 noite.<\/li>\n\n\n\n<li>Praticar t\u00e9cnicas de relaxamento, como medita\u00e7\u00e3o, respira\u00e7\u00e3o profunda ou yoga.<\/li>\n<\/ul>\n\n\n\n<h2 class=\"wp-block-heading\">Check-ups regulares e cuidados preventivos<\/h2>\n\n\n\n<p>A preven\u00e7\u00e3o \u00e9 a chave para uma vida longa e saud\u00e1vel. Consultas m\u00e9dicas peri\u00f3dicas permitem a detec\u00e7\u00e3o precoce de doen\u00e7as e o acompanhamento de condi\u00e7\u00f5es cr\u00f4nicas. <strong>Exames de rotina, vacina\u00e7\u00e3o e avalia\u00e7\u00e3o de par\u00e2metros cardiovasculares, metab\u00f3licos e cognitivos s\u00e3o fundamentais para a longevidade.<\/strong><\/p>\n\n\n\n<p>Recomenda-se:<\/p>\n\n\n\n<ul class=\"wp-block-list\">\n<li>Consultas m\u00e9dicas anuais, com exames de sangue, press\u00e3o e fun\u00e7\u00e3o card\u00edaca.<\/li>\n\n\n\n<li>Avalia\u00e7\u00e3o oftalmol\u00f3gica, odontol\u00f3gica e auditiva regular.<\/li>\n\n\n\n<li>Monitoramento de n\u00edveis de vitamina D, colesterol e glicemia.<\/li>\n<\/ul>\n\n\n\n<p>A longevidade ap\u00f3s os 60 anos n\u00e3o \u00e9 apenas quest\u00e3o de sorte, mas de escolhas conscientes e h\u00e1bitos di\u00e1rios que promovem sa\u00fade f\u00edsica, mental e social.<\/p>\n\n\n\n<ul class=\"wp-block-list\">\n<li>Alimenta\u00e7\u00e3o equilibrada, atividade f\u00edsica e sono de qualidade s\u00e3o pilares da longevidade.<\/li>\n\n\n\n<li>Engajamento social e redu\u00e7\u00e3o do estresse fortalecem a sa\u00fade mental e cognitiva.<\/li>\n\n\n\n<li>Check-ups regulares e preven\u00e7\u00e3o permitem envelhecer com qualidade de vida.<\/li>\n<\/ul>\n","protected":false},"excerpt":{"rendered":"<p>Viver plenamente ap\u00f3s os 60 anos \u00e9 poss\u00edvel quando adotamos h\u00e1bitos saud\u00e1veis, cuidados preventivos e atitudes positivas. O segredo da longevidade vai muito al\u00e9m de gen\u00e9tica; envolve alimenta\u00e7\u00e3o equilibrada, atividade f\u00edsica, engajamento social e bem-estar mental. Descobrir como integrar esses elementos ao dia a dia pode transformar a experi\u00eancia de envelhecer. Como a alimenta\u00e7\u00e3o influencia [&hellip;]<\/p>\n","protected":false},"author":8,"featured_media":134283,"comment_status":"open","ping_status":"open","sticky":false,"template":"","format":"standard","meta":{"_yoast_wpseo_focuskw":"viver bem","_yoast_wpseo_title":"","_yoast_wpseo_metadesc":"Descubra os caminhos para viver plenamente ap\u00f3s os 60 anos e os segredos da longevidade para sa\u00fade, energia e felicidade.","jnews-multi-image_gallery":[],"jnews_single_post":{"format":"standard"},"jnews_primary_category":[],"jnews_social_meta":[],"jnews_override_counter":[],"footnotes":""},"categories":[119,4404],"post_tag":[10671,232,6505],"class_list":["post-134204","post","type-post","status-publish","format-standard","has-post-thumbnail","hentry","category-bem-estar","category-saude","tag-60-anos","tag-longevidade","tag-viver-bem"],"yoast_head":"<!-- This site is optimized with the Yoast SEO plugin v24.6 - https:\/\/yoast.com\/wordpress\/plugins\/seo\/ -->\n<title>O caminho certo para viver bem ap\u00f3s os 60 anos, o segredo da longevidade - Correio Braziliense - Radar<\/title>\n<meta name=\"description\" content=\"Descubra os caminhos para viver plenamente ap\u00f3s os 60 anos e os segredos da longevidade para sa\u00fade, energia e felicidade.\" \/>\n<meta name=\"robots\" content=\"index, follow, max-snippet:-1, max-image-preview:large, max-video-preview:-1\" \/>\n<link rel=\"canonical\" href=\"https:\/\/www.correiobraziliense.com.br\/cbradar\/o-caminho-certo-para-viver-bem-apos-os-60-anos-o-segredo-da-longevidade\/\" \/>\n<meta property=\"og:locale\" content=\"pt_BR\" \/>\n<meta property=\"og:type\" content=\"article\" \/>\n<meta property=\"og:title\" content=\"O caminho certo para viver bem ap\u00f3s os 60 anos, o segredo da longevidade - Correio Braziliense - Radar\" \/>\n<meta property=\"og:description\" content=\"Descubra os caminhos para viver plenamente ap\u00f3s os 60 anos e os segredos da longevidade para sa\u00fade, energia e felicidade.\" \/>\n<meta property=\"og:url\" content=\"https:\/\/www.correiobraziliense.com.br\/cbradar\/o-caminho-certo-para-viver-bem-apos-os-60-anos-o-segredo-da-longevidade\/\" \/>\n<meta property=\"og:site_name\" content=\"Correio Braziliense - Radar\" \/>\n<meta property=\"article:published_time\" content=\"2025-11-10T13:15:00+00:00\" \/>\n<meta property=\"og:image\" content=\"https:\/\/www.correiobraziliense.com.br\/cbradar\/wp-content\/uploads\/2025\/11\/idoso_1762659262290.jpg\" \/>\n\t<meta property=\"og:image:width\" content=\"1280\" \/>\n\t<meta property=\"og:image:height\" content=\"720\" \/>\n\t<meta property=\"og:image:type\" content=\"image\/jpeg\" \/>\n<meta name=\"author\" content=\"Maura Pereira\" \/>\n<meta name=\"twitter:card\" content=\"summary_large_image\" \/>\n<meta name=\"twitter:label1\" content=\"Escrito por\" \/>\n\t<meta name=\"twitter:data1\" content=\"Maura Pereira\" \/>\n\t<meta name=\"twitter:label2\" content=\"Est. tempo de leitura\" \/>\n\t<meta name=\"twitter:data2\" content=\"4 minutos\" \/>\n<!-- \/ Yoast SEO plugin. -->","yoast_head_json":{"title":"O caminho certo para viver bem ap\u00f3s os 60 anos, o segredo da longevidade - Correio Braziliense - Radar","description":"Descubra os caminhos para viver plenamente ap\u00f3s os 60 anos e os segredos da longevidade para sa\u00fade, energia e felicidade.","robots":{"index":"index","follow":"follow","max-snippet":"max-snippet:-1","max-image-preview":"max-image-preview:large","max-video-preview":"max-video-preview:-1"},"canonical":"https:\/\/www.correiobraziliense.com.br\/cbradar\/o-caminho-certo-para-viver-bem-apos-os-60-anos-o-segredo-da-longevidade\/","og_locale":"pt_BR","og_type":"article","og_title":"O caminho certo para viver bem ap\u00f3s os 60 anos, o segredo da longevidade - Correio Braziliense - Radar","og_description":"Descubra os caminhos para viver plenamente ap\u00f3s os 60 anos e os segredos da longevidade para sa\u00fade, energia e felicidade.","og_url":"https:\/\/www.correiobraziliense.com.br\/cbradar\/o-caminho-certo-para-viver-bem-apos-os-60-anos-o-segredo-da-longevidade\/","og_site_name":"Correio Braziliense - Radar","article_published_time":"2025-11-10T13:15:00+00:00","og_image":[{"width":1280,"height":720,"url":"https:\/\/www.correiobraziliense.com.br\/cbradar\/wp-content\/uploads\/2025\/11\/idoso_1762659262290.jpg","type":"image\/jpeg"}],"author":"Maura Pereira","twitter_card":"summary_large_image","twitter_misc":{"Escrito por":"Maura Pereira","Est. tempo de leitura":"4 minutos"},"schema":{"@context":"https:\/\/schema.org","@graph":[{"@type":"WebPage","@id":"https:\/\/www.correiobraziliense.com.br\/cbradar\/o-caminho-certo-para-viver-bem-apos-os-60-anos-o-segredo-da-longevidade\/","url":"https:\/\/www.correiobraziliense.com.br\/cbradar\/o-caminho-certo-para-viver-bem-apos-os-60-anos-o-segredo-da-longevidade\/","name":"O caminho certo para viver bem ap\u00f3s os 60 anos, o segredo da longevidade - Correio Braziliense - Radar","isPartOf":{"@id":"https:\/\/www.correiobraziliense.com.br\/cbradar\/#website"},"primaryImageOfPage":{"@id":"https:\/\/www.correiobraziliense.com.br\/cbradar\/o-caminho-certo-para-viver-bem-apos-os-60-anos-o-segredo-da-longevidade\/#primaryimage"},"image":{"@id":"https:\/\/www.correiobraziliense.com.br\/cbradar\/o-caminho-certo-para-viver-bem-apos-os-60-anos-o-segredo-da-longevidade\/#primaryimage"},"thumbnailUrl":"https:\/\/www.correiobraziliense.com.br\/cbradar\/wp-content\/uploads\/2025\/11\/idoso_1762659262290.jpg","datePublished":"2025-11-10T13:15:00+00:00","author":{"@id":"https:\/\/www.correiobraziliense.com.br\/cbradar\/#\/schema\/person\/4053c651a9bfc785afc6f4cbc9032fd3"},"description":"Descubra os caminhos para viver plenamente ap\u00f3s os 60 anos e os segredos da longevidade para sa\u00fade, energia e felicidade.","breadcrumb":{"@id":"https:\/\/www.correiobraziliense.com.br\/cbradar\/o-caminho-certo-para-viver-bem-apos-os-60-anos-o-segredo-da-longevidade\/#breadcrumb"},"inLanguage":"pt-BR","potentialAction":[{"@type":"ReadAction","target":["https:\/\/www.correiobraziliense.com.br\/cbradar\/o-caminho-certo-para-viver-bem-apos-os-60-anos-o-segredo-da-longevidade\/"]}]},{"@type":"ImageObject","inLanguage":"pt-BR","@id":"https:\/\/www.correiobraziliense.com.br\/cbradar\/o-caminho-certo-para-viver-bem-apos-os-60-anos-o-segredo-da-longevidade\/#primaryimage","url":"https:\/\/www.correiobraziliense.com.br\/cbradar\/wp-content\/uploads\/2025\/11\/idoso_1762659262290.jpg","contentUrl":"https:\/\/www.correiobraziliense.com.br\/cbradar\/wp-content\/uploads\/2025\/11\/idoso_1762659262290.jpg","width":1280,"height":720,"caption":"Viver bem ap\u00f3s os 60 anos envolve cuidados com sa\u00fade f\u00edsica, emocional e social para manter qualidade de vida. \/\/ Cr\u00e9ditos: depositphotos.com \/ diego_cervo"},{"@type":"BreadcrumbList","@id":"https:\/\/www.correiobraziliense.com.br\/cbradar\/o-caminho-certo-para-viver-bem-apos-os-60-anos-o-segredo-da-longevidade\/#breadcrumb","itemListElement":[{"@type":"ListItem","position":1,"name":"In\u00edcio","item":"https:\/\/www.correiobraziliense.com.br\/cbradar\/"},{"@type":"ListItem","position":2,"name":"O caminho certo para viver bem ap\u00f3s os 60 anos, o segredo da longevidade"}]},{"@type":"WebSite","@id":"https:\/\/www.correiobraziliense.com.br\/cbradar\/#website","url":"https:\/\/www.correiobraziliense.com.br\/cbradar\/","name":"Correio Braziliense - Radar","description":"Acompanhe as \u00faltimas not\u00edcias e fique bem informado sobre tudo o que acontece no Brasil e no mundo.","potentialAction":[{"@type":"SearchAction","target":{"@type":"EntryPoint","urlTemplate":"https:\/\/www.correiobraziliense.com.br\/cbradar\/?s={search_term_string}"},"query-input":{"@type":"PropertyValueSpecification","valueRequired":true,"valueName":"search_term_string"}}],"inLanguage":"pt-BR"},{"@type":"Person","@id":"https:\/\/www.correiobraziliense.com.br\/cbradar\/#\/schema\/person\/4053c651a9bfc785afc6f4cbc9032fd3","name":"Maura Pereira","image":{"@type":"ImageObject","inLanguage":"pt-BR","@id":"https:\/\/www.correiobraziliense.com.br\/cbradar\/#\/schema\/person\/image\/","url":"https:\/\/secure.gravatar.com\/avatar\/3effd6bdadfa447f15089c7f7144eaa6?s=96&d=mm&r=g","contentUrl":"https:\/\/secure.gravatar.com\/avatar\/3effd6bdadfa447f15089c7f7144eaa6?s=96&d=mm&r=g","caption":"Maura Pereira"},"sameAs":["https:\/\/www.correiobraziliense.com.br\/"],"url":"https:\/\/www.correiobraziliense.com.br\/cbradar\/author\/mauramyth\/"}]}},"_links":{"self":[{"href":"https:\/\/www.correiobraziliense.com.br\/cbradar\/wp-json\/wp\/v2\/posts\/134204","targetHints":{"allow":["GET"]}}],"collection":[{"href":"https:\/\/www.correiobraziliense.com.br\/cbradar\/wp-json\/wp\/v2\/posts"}],"about":[{"href":"https:\/\/www.correiobraziliense.com.br\/cbradar\/wp-json\/wp\/v2\/types\/post"}],"author":[{"embeddable":true,"href":"https:\/\/www.correiobraziliense.com.br\/cbradar\/wp-json\/wp\/v2\/users\/8"}],"replies":[{"embeddable":true,"href":"https:\/\/www.correiobraziliense.com.br\/cbradar\/wp-json\/wp\/v2\/comments?post=134204"}],"version-history":[{"count":7,"href":"https:\/\/www.correiobraziliense.com.br\/cbradar\/wp-json\/wp\/v2\/posts\/134204\/revisions"}],"predecessor-version":[{"id":134285,"href":"https:\/\/www.correiobraziliense.com.br\/cbradar\/wp-json\/wp\/v2\/posts\/134204\/revisions\/134285"}],"wp:featuredmedia":[{"embeddable":true,"href":"https:\/\/www.correiobraziliense.com.br\/cbradar\/wp-json\/wp\/v2\/media\/134283"}],"wp:attachment":[{"href":"https:\/\/www.correiobraziliense.com.br\/cbradar\/wp-json\/wp\/v2\/media?parent=134204"}],"wp:term":[{"taxonomy":"category","embeddable":true,"href":"https:\/\/www.correiobraziliense.com.br\/cbradar\/wp-json\/wp\/v2\/categories?post=134204"},{"taxonomy":"post_tag","embeddable":true,"href":"https:\/\/www.correiobraziliense.com.br\/cbradar\/wp-json\/wp\/v2\/post_tag?post=134204"}],"curies":[{"name":"wp","href":"https:\/\/api.w.org\/{rel}","templated":true}]}}