{"id":13440,"date":"2025-03-19T06:30:00","date_gmt":"2025-03-19T09:30:00","guid":{"rendered":"https:\/\/www.correiobraziliense.com.br\/cbradar\/?p=13440"},"modified":"2025-03-18T13:26:34","modified_gmt":"2025-03-18T16:26:34","slug":"fazer-atividade-fisica-antes-de-dormir-pode-prejudicar-seu-sono","status":"publish","type":"post","link":"https:\/\/www.correiobraziliense.com.br\/cbradar\/fazer-atividade-fisica-antes-de-dormir-pode-prejudicar-seu-sono\/","title":{"rendered":"Fazer atividade f\u00edsica antes de dormir pode prejudicar seu sono?"},"content":{"rendered":"\n<p>O sono desempenha um papel crucial na manuten\u00e7\u00e3o da sa\u00fade e do bem-estar geral. Durante o sono, o corpo realiza uma s\u00e9rie de processos vitais, como a repara\u00e7\u00e3o de tecidos, a consolida\u00e7\u00e3o da mem\u00f3ria e a regula\u00e7\u00e3o de horm\u00f4nios. A falta de sono adequado pode levar a uma s\u00e9rie de problemas de sa\u00fade, incluindo dist\u00farbios metab\u00f3licos, problemas cardiovasculares e comprometimento do sistema imunol\u00f3gico.<\/p>\n\n\n\n<p>Al\u00e9m disso, a qualidade do sono pode afetar diretamente o humor e a capacidade cognitiva. Pessoas que n\u00e3o dormem bem frequentemente relatam dificuldades de concentra\u00e7\u00e3o, irritabilidade e uma sensa\u00e7\u00e3o geral de cansa\u00e7o. Portanto, garantir uma boa noite de sono \u00e9 essencial para manter a sa\u00fade f\u00edsica e mental.<\/p>\n\n\n\n<h2 class=\"wp-block-heading\">Como a atividade f\u00edsica afeta o Sono?<\/h2>\n\n\n\n<p>A rela\u00e7\u00e3o entre atividade f\u00edsica e sono \u00e9 complexa e pode variar de pessoa para pessoa. Enquanto alguns indiv\u00edduos encontram no exerc\u00edcio uma forma de relaxar e melhorar a qualidade do sono, outros podem sentir-se mais alertas e ter dificuldade para adormecer ap\u00f3s a pr\u00e1tica de atividades f\u00edsicas. Isso ocorre porque o exerc\u00edcio pode atuar tanto como um estimulante quanto como um relaxante, dependendo do organismo de cada um.<\/p>\n\n\n\n<figure class=\"wp-block-image size-large\"><img decoding=\"async\" width=\"1024\" height=\"576\" src=\"https:\/\/www.correiobraziliense.com.br\/cbradar\/wp-content\/uploads\/2025\/03\/sono-e-atividade-fisica-_1742302072706-1024x576.jpg\" alt=\"Fazer atividade f\u00edsica antes de dormir pode prejudicar seu sono?\" class=\"wp-image-13444\" srcset=\"https:\/\/www.correiobraziliense.com.br\/cbradar\/wp-content\/uploads\/2025\/03\/sono-e-atividade-fisica-_1742302072706-1024x576.jpg 1024w, https:\/\/www.correiobraziliense.com.br\/cbradar\/wp-content\/uploads\/2025\/03\/sono-e-atividade-fisica-_1742302072706-300x169.jpg 300w, https:\/\/www.correiobraziliense.com.br\/cbradar\/wp-content\/uploads\/2025\/03\/sono-e-atividade-fisica-_1742302072706-768x432.jpg 768w, https:\/\/www.correiobraziliense.com.br\/cbradar\/wp-content\/uploads\/2025\/03\/sono-e-atividade-fisica-_1742302072706-750x422.jpg 750w, https:\/\/www.correiobraziliense.com.br\/cbradar\/wp-content\/uploads\/2025\/03\/sono-e-atividade-fisica-_1742302072706-1140x641.jpg 1140w, https:\/\/www.correiobraziliense.com.br\/cbradar\/wp-content\/uploads\/2025\/03\/sono-e-atividade-fisica-_1742302072706.jpg 1280w\" sizes=\"(max-width: 1024px) 100vw, 1024px\" \/><figcaption class=\"wp-element-caption\">sono e atividade f\u00edsica .Cr\u00e9ditos: depositphotos.com \/ Koldunov<\/figcaption><\/figure>\n\n\n\n<p>De acordo com especialistas, como a pneumologista Erika Treptow, do Instituto do Sono, \u00e9 aconselh\u00e1vel evitar exerc\u00edcios f\u00edsicos intensos nas duas horas que antecedem o hor\u00e1rio de dormir. Para algumas pessoas, atividades leves podem ser realizadas antes de dormir, desde que n\u00e3o sejam extenuantes.<\/p>\n\n\n\n<h2 class=\"wp-block-heading\">Quais s\u00e3o as melhores pr\u00e1ticas para uma Boa Higiene do sono?<\/h2>\n\n\n\n<p>Adotar pr\u00e1ticas de higiene do sono pode ser extremamente ben\u00e9fico para melhorar a qualidade do sono. Aqui est\u00e3o algumas dicas que podem ajudar:<\/p>\n\n\n\n<ul class=\"wp-block-list\">\n<li><strong>Estabelecer uma rotina de sono:<\/strong>&nbsp;Tente ir para a cama e acordar no mesmo hor\u00e1rio todos os dias, mesmo nos fins de semana.<\/li>\n\n\n\n<li><strong>Criar um ambiente prop\u00edcio ao sono:<\/strong>&nbsp;Mantenha o quarto escuro, silencioso e em uma temperatura confort\u00e1vel.<\/li>\n\n\n\n<li><strong>Evitar o uso de eletr\u00f4nicos antes de dormir:<\/strong>&nbsp;A luz azul emitida por telas pode interferir na produ\u00e7\u00e3o de melatonina, o horm\u00f4nio do sono.<\/li>\n\n\n\n<li><strong>Praticar t\u00e9cnicas de relaxamento:<\/strong>&nbsp;Medita\u00e7\u00e3o, respira\u00e7\u00e3o profunda e alongamentos leves podem ajudar a relaxar antes de dormir.<\/li>\n\n\n\n<li><strong>Limitar o consumo de cafe\u00edna e \u00e1lcool:<\/strong>&nbsp;Essas subst\u00e2ncias podem afetar negativamente a qualidade do sono.<\/li>\n\n\n\n<li><strong>Fazer exerc\u00edcios regularmente:<\/strong>&nbsp;A atividade f\u00edsica regular pode melhorar a qualidade do sono, mas deve ser feita em hor\u00e1rios adequados.<\/li>\n\n\n\n<li><strong>Evitar refei\u00e7\u00f5es pesadas antes de dormir:<\/strong>&nbsp;Comer muito pr\u00f3ximo da hora de dormir pode causar desconforto e atrapalhar o sono.<\/li>\n<\/ul>\n\n\n\n<h2 class=\"wp-block-heading\">Por que as telas podem prejudicar o sono?<\/h2>\n\n\n\n<p>O uso de dispositivos eletr\u00f4nicos antes de dormir \u00e9 um dos principais fatores que podem prejudicar a qualidade do sono. A exposi\u00e7\u00e3o \u00e0 luz azul emitida por telas de celulares, tablets e computadores pode interferir na produ\u00e7\u00e3o de melatonina, dificultando o in\u00edcio do sono. Al\u00e9m disso, o conte\u00fado consumido nesses dispositivos pode ser estimulante, mantendo o c\u00e9rebro ativo e dificultando o relaxamento necess\u00e1rio para adormecer.<\/p>\n\n\n\n<p>Para minimizar os efeitos negativos das telas, \u00e9 recomendado evitar o uso de eletr\u00f4nicos pelo menos uma hora antes de dormir. Alternativas como a leitura de um livro ou a pr\u00e1tica de atividades relaxantes podem ser mais ben\u00e9ficas para preparar o corpo e a mente para uma boa noite de sono.<\/p>\n\n\n\n<h2 class=\"wp-block-heading\">Erros comuns que prejudicam o sono<\/h2>\n\n\n\n<p>Muitas pessoas cometem erros que, sem perceber, afetam negativamente a qualidade do sono. Alguns desses erros incluem:<\/p>\n\n\n\n<ol class=\"wp-block-list\">\n<li><strong>Manter hor\u00e1rios irregulares de sono:<\/strong>&nbsp;Dormir e acordar em hor\u00e1rios diferentes a cada dia pode desregular o rel\u00f3gio biol\u00f3gico.<\/li>\n\n\n\n<li><strong>Consumir cafe\u00edna \u00e0 noite:<\/strong>&nbsp;Bebidas como caf\u00e9, ch\u00e1 e refrigerantes podem dificultar o adormecer.<\/li>\n\n\n\n<li><strong>Usar a cama para atividades n\u00e3o relacionadas ao sono:<\/strong>&nbsp;Trabalhar ou assistir TV na cama pode associar o local a atividades que n\u00e3o s\u00e3o relaxantes.<\/li>\n\n\n\n<li><strong>Ignorar sinais de cansa\u00e7o:<\/strong>&nbsp;For\u00e7ar-se a ficar acordado quando o corpo est\u00e1 pedindo descanso pode levar a um sono de m\u00e1 qualidade.<\/li>\n\n\n\n<li><strong>N\u00e3o criar um ambiente adequado para dormir:<\/strong>&nbsp;Ru\u00eddos, luzes e temperaturas inadequadas podem atrapalhar o sono.<\/li>\n<\/ol>\n\n\n\n<p>Corrigir esses h\u00e1bitos pode contribuir significativamente para melhorar a qualidade do sono e, consequentemente, a sa\u00fade geral.<\/p>\n","protected":false},"excerpt":{"rendered":"<p>Entenda a import\u00e2ncia do sono para a sa\u00fade e como a atividade f\u00edsica pode afet\u00e1-lo. Veja tamb\u00e9m dicas para melhorar a qualidade do seu sono.<\/p>\n","protected":false},"author":3,"featured_media":13442,"comment_status":"open","ping_status":"open","sticky":false,"template":"","format":"standard","meta":{"_yoast_wpseo_focuskw":"atividade f\u00edsica sono","_yoast_wpseo_title":"%%title%%","_yoast_wpseo_metadesc":"Entenda a import\u00e2ncia do sono para a sa\u00fade e como a atividade f\u00edsica pode afet\u00e1-lo. Veja tamb\u00e9m dicas para melhorar a qualidade do seu sono.","jnews-multi-image_gallery":[],"jnews_single_post":{"format":"standard"},"jnews_primary_category":[],"jnews_social_meta":[],"jnews_override_counter":[],"footnotes":""},"categories":[112],"post_tag":[594,1807,1313],"class_list":["post-13440","post","type-post","status-publish","format-standard","has-post-thumbnail","hentry","category-curiosidades","tag-atividade-fisica","tag-exercicio","tag-sono"],"yoast_head":"<!-- This site is optimized with the Yoast SEO plugin v24.6 - https:\/\/yoast.com\/wordpress\/plugins\/seo\/ -->\n<title>Fazer atividade f\u00edsica antes de dormir pode prejudicar seu sono?<\/title>\n<meta name=\"description\" content=\"Entenda a import\u00e2ncia do sono para a sa\u00fade e como a atividade f\u00edsica pode afet\u00e1-lo. Veja tamb\u00e9m dicas para melhorar a qualidade do seu sono.\" \/>\n<meta name=\"robots\" content=\"index, follow, max-snippet:-1, max-image-preview:large, max-video-preview:-1\" \/>\n<link rel=\"canonical\" href=\"https:\/\/www.correiobraziliense.com.br\/cbradar\/fazer-atividade-fisica-antes-de-dormir-pode-prejudicar-seu-sono\/\" \/>\n<meta property=\"og:locale\" content=\"pt_BR\" \/>\n<meta property=\"og:type\" content=\"article\" \/>\n<meta property=\"og:title\" content=\"Fazer atividade f\u00edsica antes de dormir pode prejudicar seu sono?\" \/>\n<meta property=\"og:description\" content=\"Entenda a import\u00e2ncia do sono para a sa\u00fade e como a atividade f\u00edsica pode afet\u00e1-lo. Veja tamb\u00e9m dicas para melhorar a qualidade do seu sono.\" \/>\n<meta property=\"og:url\" content=\"https:\/\/www.correiobraziliense.com.br\/cbradar\/fazer-atividade-fisica-antes-de-dormir-pode-prejudicar-seu-sono\/\" \/>\n<meta property=\"og:site_name\" content=\"Correio Braziliense - Radar\" \/>\n<meta property=\"article:published_time\" content=\"2025-03-19T09:30:00+00:00\" \/>\n<meta property=\"og:image\" content=\"https:\/\/www.correiobraziliense.com.br\/cbradar\/wp-content\/uploads\/2025\/03\/sono-e-atividade-fisica-_1742301997321.jpg\" \/>\n\t<meta property=\"og:image:width\" content=\"1280\" \/>\n\t<meta property=\"og:image:height\" content=\"720\" \/>\n\t<meta property=\"og:image:type\" content=\"image\/jpeg\" \/>\n<meta name=\"author\" content=\"Larissa Carvalho\" \/>\n<meta name=\"twitter:card\" content=\"summary_large_image\" \/>\n<meta name=\"twitter:label1\" content=\"Escrito por\" \/>\n\t<meta name=\"twitter:data1\" content=\"Larissa Carvalho\" \/>\n\t<meta name=\"twitter:label2\" content=\"Est. tempo de leitura\" \/>\n\t<meta name=\"twitter:data2\" content=\"5 minutos\" \/>\n<!-- \/ Yoast SEO plugin. -->","yoast_head_json":{"title":"Fazer atividade f\u00edsica antes de dormir pode prejudicar seu sono?","description":"Entenda a import\u00e2ncia do sono para a sa\u00fade e como a atividade f\u00edsica pode afet\u00e1-lo. Veja tamb\u00e9m dicas para melhorar a qualidade do seu sono.","robots":{"index":"index","follow":"follow","max-snippet":"max-snippet:-1","max-image-preview":"max-image-preview:large","max-video-preview":"max-video-preview:-1"},"canonical":"https:\/\/www.correiobraziliense.com.br\/cbradar\/fazer-atividade-fisica-antes-de-dormir-pode-prejudicar-seu-sono\/","og_locale":"pt_BR","og_type":"article","og_title":"Fazer atividade f\u00edsica antes de dormir pode prejudicar seu sono?","og_description":"Entenda a import\u00e2ncia do sono para a sa\u00fade e como a atividade f\u00edsica pode afet\u00e1-lo. Veja tamb\u00e9m dicas para melhorar a qualidade do seu sono.","og_url":"https:\/\/www.correiobraziliense.com.br\/cbradar\/fazer-atividade-fisica-antes-de-dormir-pode-prejudicar-seu-sono\/","og_site_name":"Correio Braziliense - Radar","article_published_time":"2025-03-19T09:30:00+00:00","og_image":[{"width":1280,"height":720,"url":"https:\/\/www.correiobraziliense.com.br\/cbradar\/wp-content\/uploads\/2025\/03\/sono-e-atividade-fisica-_1742301997321.jpg","type":"image\/jpeg"}],"author":"Larissa Carvalho","twitter_card":"summary_large_image","twitter_misc":{"Escrito por":"Larissa Carvalho","Est. tempo de leitura":"5 minutos"},"schema":{"@context":"https:\/\/schema.org","@graph":[{"@type":"WebPage","@id":"https:\/\/www.correiobraziliense.com.br\/cbradar\/fazer-atividade-fisica-antes-de-dormir-pode-prejudicar-seu-sono\/","url":"https:\/\/www.correiobraziliense.com.br\/cbradar\/fazer-atividade-fisica-antes-de-dormir-pode-prejudicar-seu-sono\/","name":"Fazer atividade f\u00edsica antes de dormir pode prejudicar seu sono?","isPartOf":{"@id":"https:\/\/www.correiobraziliense.com.br\/cbradar\/#website"},"primaryImageOfPage":{"@id":"https:\/\/www.correiobraziliense.com.br\/cbradar\/fazer-atividade-fisica-antes-de-dormir-pode-prejudicar-seu-sono\/#primaryimage"},"image":{"@id":"https:\/\/www.correiobraziliense.com.br\/cbradar\/fazer-atividade-fisica-antes-de-dormir-pode-prejudicar-seu-sono\/#primaryimage"},"thumbnailUrl":"https:\/\/www.correiobraziliense.com.br\/cbradar\/wp-content\/uploads\/2025\/03\/sono-e-atividade-fisica-_1742301997321.jpg","datePublished":"2025-03-19T09:30:00+00:00","author":{"@id":"https:\/\/www.correiobraziliense.com.br\/cbradar\/#\/schema\/person\/58422787644df994b53a19d3e56c1513"},"description":"Entenda a import\u00e2ncia do sono para a sa\u00fade e como a atividade f\u00edsica pode afet\u00e1-lo. Veja tamb\u00e9m dicas para melhorar a qualidade do seu sono.","breadcrumb":{"@id":"https:\/\/www.correiobraziliense.com.br\/cbradar\/fazer-atividade-fisica-antes-de-dormir-pode-prejudicar-seu-sono\/#breadcrumb"},"inLanguage":"pt-BR","potentialAction":[{"@type":"ReadAction","target":["https:\/\/www.correiobraziliense.com.br\/cbradar\/fazer-atividade-fisica-antes-de-dormir-pode-prejudicar-seu-sono\/"]}]},{"@type":"ImageObject","inLanguage":"pt-BR","@id":"https:\/\/www.correiobraziliense.com.br\/cbradar\/fazer-atividade-fisica-antes-de-dormir-pode-prejudicar-seu-sono\/#primaryimage","url":"https:\/\/www.correiobraziliense.com.br\/cbradar\/wp-content\/uploads\/2025\/03\/sono-e-atividade-fisica-_1742301997321.jpg","contentUrl":"https:\/\/www.correiobraziliense.com.br\/cbradar\/wp-content\/uploads\/2025\/03\/sono-e-atividade-fisica-_1742301997321.jpg","width":1280,"height":720,"caption":"sono e atividade f\u00edsica.Cr\u00e9ditos: depositphotos.com \/ Elnur_"},{"@type":"BreadcrumbList","@id":"https:\/\/www.correiobraziliense.com.br\/cbradar\/fazer-atividade-fisica-antes-de-dormir-pode-prejudicar-seu-sono\/#breadcrumb","itemListElement":[{"@type":"ListItem","position":1,"name":"In\u00edcio","item":"https:\/\/www.correiobraziliense.com.br\/cbradar\/"},{"@type":"ListItem","position":2,"name":"Fazer atividade f\u00edsica antes de dormir pode prejudicar seu sono?"}]},{"@type":"WebSite","@id":"https:\/\/www.correiobraziliense.com.br\/cbradar\/#website","url":"https:\/\/www.correiobraziliense.com.br\/cbradar\/","name":"Correio Braziliense - Radar","description":"Acompanhe as \u00faltimas not\u00edcias e fique bem informado sobre tudo o que acontece no Brasil e no mundo.","potentialAction":[{"@type":"SearchAction","target":{"@type":"EntryPoint","urlTemplate":"https:\/\/www.correiobraziliense.com.br\/cbradar\/?s={search_term_string}"},"query-input":{"@type":"PropertyValueSpecification","valueRequired":true,"valueName":"search_term_string"}}],"inLanguage":"pt-BR"},{"@type":"Person","@id":"https:\/\/www.correiobraziliense.com.br\/cbradar\/#\/schema\/person\/58422787644df994b53a19d3e56c1513","name":"Larissa Carvalho","image":{"@type":"ImageObject","inLanguage":"pt-BR","@id":"https:\/\/www.correiobraziliense.com.br\/cbradar\/#\/schema\/person\/image\/","url":"https:\/\/secure.gravatar.com\/avatar\/fe4f91a0de32b52a838d0d612abdc1aa?s=96&d=mm&r=g","contentUrl":"https:\/\/secure.gravatar.com\/avatar\/fe4f91a0de32b52a838d0d612abdc1aa?s=96&d=mm&r=g","caption":"Larissa Carvalho"},"url":"https:\/\/www.correiobraziliense.com.br\/cbradar\/author\/larissamyth\/"}]}},"_links":{"self":[{"href":"https:\/\/www.correiobraziliense.com.br\/cbradar\/wp-json\/wp\/v2\/posts\/13440","targetHints":{"allow":["GET"]}}],"collection":[{"href":"https:\/\/www.correiobraziliense.com.br\/cbradar\/wp-json\/wp\/v2\/posts"}],"about":[{"href":"https:\/\/www.correiobraziliense.com.br\/cbradar\/wp-json\/wp\/v2\/types\/post"}],"author":[{"embeddable":true,"href":"https:\/\/www.correiobraziliense.com.br\/cbradar\/wp-json\/wp\/v2\/users\/3"}],"replies":[{"embeddable":true,"href":"https:\/\/www.correiobraziliense.com.br\/cbradar\/wp-json\/wp\/v2\/comments?post=13440"}],"version-history":[{"count":2,"href":"https:\/\/www.correiobraziliense.com.br\/cbradar\/wp-json\/wp\/v2\/posts\/13440\/revisions"}],"predecessor-version":[{"id":13627,"href":"https:\/\/www.correiobraziliense.com.br\/cbradar\/wp-json\/wp\/v2\/posts\/13440\/revisions\/13627"}],"wp:featuredmedia":[{"embeddable":true,"href":"https:\/\/www.correiobraziliense.com.br\/cbradar\/wp-json\/wp\/v2\/media\/13442"}],"wp:attachment":[{"href":"https:\/\/www.correiobraziliense.com.br\/cbradar\/wp-json\/wp\/v2\/media?parent=13440"}],"wp:term":[{"taxonomy":"category","embeddable":true,"href":"https:\/\/www.correiobraziliense.com.br\/cbradar\/wp-json\/wp\/v2\/categories?post=13440"},{"taxonomy":"post_tag","embeddable":true,"href":"https:\/\/www.correiobraziliense.com.br\/cbradar\/wp-json\/wp\/v2\/post_tag?post=13440"}],"curies":[{"name":"wp","href":"https:\/\/api.w.org\/{rel}","templated":true}]}}