{"id":13441,"date":"2025-03-19T07:23:00","date_gmt":"2025-03-19T10:23:00","guid":{"rendered":"https:\/\/www.correiobraziliense.com.br\/cbradar\/?p=13441"},"modified":"2025-03-18T22:11:33","modified_gmt":"2025-03-19T01:11:33","slug":"essa-sao-as-estreias-do-cinema-para-ficar-de-olho-em-abril","status":"publish","type":"post","link":"https:\/\/www.correiobraziliense.com.br\/cbradar\/essa-sao-as-estreias-do-cinema-para-ficar-de-olho-em-abril\/","title":{"rendered":"Essa s\u00e3o as estreias do cinema para ficar de olho em Abril"},"content":{"rendered":"\n<p>O m\u00eas de abril de 2025 promete ser um per\u00edodo emocionante para os amantes do cinema, com uma variedade de lan\u00e7amentos que abrangem diferentes g\u00eaneros e hist\u00f3rias cativantes. Desde adapta\u00e7\u00f5es de jogos populares at\u00e9 narrativas de autodescoberta e a\u00e7\u00e3o, h\u00e1 algo para todos os gostos. Entre os destaques, est\u00e3o a primeira adapta\u00e7\u00e3o live-action do famoso jogo &#8220;<strong>Minecraft<\/strong>&#8220;, uma com\u00e9dia rom\u00e2ntica baseada em um romance coreano e um filme inspirado em um conto de <strong>George R.R. Martin.<\/strong><\/p>\n\n\n\n<p>Al\u00e9m disso, os f\u00e3s da s\u00e9rie &#8220;<strong>The Chosen<\/strong>&#8221; ter\u00e3o a oportunidade de ver uma nova perspectiva sobre os \u00faltimos momentos da vida de Jesus, enquanto um thriller de espionagem promete manter o p\u00fablico na ponta da cadeira. A seguir, exploramos alguns dos principais lan\u00e7amentos que chegam aos cinemas em abril.<\/p>\n\n\n\n<h2 class=\"wp-block-heading\">O que esperar de &#8220;Um Filme Minecraft&#8221;?<\/h2>\n\n\n\n<p>&#8220;<strong>Um Filme Minecraft<\/strong>&#8221; marca a primeira incurs\u00e3o do ic\u00f4nico jogo de blocos no mundo do cinema live-action. Dirigido por <strong>Jared Hess<\/strong>, o filme segue a hist\u00f3ria de quatro amigos que, de forma inesperada, s\u00e3o transportados para um universo constru\u00eddo inteiramente por blocos. <strong>Garrett Garrison<\/strong>, interpretado por <strong>Jason Momoa<\/strong>, lidera o grupo em uma jornada para encontrar o caminho de volta para casa.<\/p>\n\n\n\n<p>Neste mundo peculiar, eles encontram <strong>Steve<\/strong>, um construtor exc\u00eantrico vivido por <strong>Jack Black<\/strong>, que se torna um aliado crucial. \u00c0 medida que enfrentam desafios e descobrem novas habilidades, os personagens aprendem li\u00e7\u00f5es valiosas que podem impactar suas vidas no mundo real. A adapta\u00e7\u00e3o promete agradar tanto aos f\u00e3s do jogo quanto aos novos espectadores.<\/p>\n\n\n\n<iframe loading=\"lazy\" width=\"560\" height=\"315\" src=\"https:\/\/www.youtube.com\/embed\/EVKYAAES6JQ?si=mccO6rMt1cuJEds4\" title=\"YouTube video player\" frameborder=\"0\" allow=\"accelerometer; autoplay; clipboard-write; encrypted-media; gyroscope; picture-in-picture; web-share\" referrerpolicy=\"strict-origin-when-cross-origin\" allowfullscreen><\/iframe>\n\n\n\n<h2 class=\"wp-block-heading\">Como &#8220;Regras do Amor na Cidade Grande&#8221; explora o amor e a autodescoberta?<\/h2>\n\n\n\n<p>Baseado no romance de<strong> Park Sang Young<\/strong>, &#8220;<strong>Regras do Amor na Cidade Grande<\/strong>&#8221; \u00e9 uma com\u00e9dia rom\u00e2ntica que acompanha <strong>Jae-hee,<\/strong> uma jovem independente que v\u00ea sua vida virar de cabe\u00e7a para baixo ao descobrir um segredo de seu melhor amigo, <strong>Heung-soo<\/strong>. Interpretados por <strong>Kim Go-eun e Steve Sanghyun Noh<\/strong>, respectivamente, os personagens desenvolvem uma conex\u00e3o inesperada enquanto enfrentam os desafios da vida urbana.<\/p>\n\n\n\n<p>O filme explora temas de amor, amizade e autodescoberta, destacando a import\u00e2ncia de viver de acordo com suas pr\u00f3prias regras. A narrativa promete encantar o p\u00fablico com sua abordagem sincera e personagens cativantes.<\/p>\n\n\n\n<iframe loading=\"lazy\" width=\"560\" height=\"315\" src=\"https:\/\/www.youtube.com\/embed\/KZeCvphzfI0?si=U97Vhj9iIFRdHujE\" title=\"YouTube video player\" frameborder=\"0\" allow=\"accelerometer; autoplay; clipboard-write; encrypted-media; gyroscope; picture-in-picture; web-share\" referrerpolicy=\"strict-origin-when-cross-origin\" allowfullscreen><\/iframe>\n\n\n\n<h2 class=\"wp-block-heading\">Quais mist\u00e9rios &#8220;C\u00f3digo Alarum&#8221; revela?<\/h2>\n\n\n\n<p>&#8220;<strong>C\u00f3digo Alarum<\/strong>&#8221; \u00e9 um thriller de espionagem que segue <strong>Joe e Lara Travers<\/strong>, ex-agentes secretos que se veem envolvidos em uma conspira\u00e7\u00e3o internacional. Ap\u00f3s encontrarem um pen drive com dados ultrassecretos, eles se tornam alvos de diversas organiza\u00e7\u00f5es, incluindo a CIA e um mercen\u00e1rio perigoso.<\/p>\n\n\n\n<iframe loading=\"lazy\" width=\"560\" height=\"315\" src=\"https:\/\/www.youtube.com\/embed\/bnjaf3slscs?si=l1x-E45kCmiLLCWp\" title=\"YouTube video player\" frameborder=\"0\" allow=\"accelerometer; autoplay; clipboard-write; encrypted-media; gyroscope; picture-in-picture; web-share\" referrerpolicy=\"strict-origin-when-cross-origin\" allowfullscreen><\/iframe>\n\n\n\n<p>Com <strong>Scott Eastwood <\/strong>e <strong>Willa Fitzgerald<\/strong> nos pap\u00e9is principais, o filme oferece uma trama repleta de a\u00e7\u00e3o e suspense. A busca por respostas leva o casal a confrontar antigos aliados e inimigos, enquanto tentam desvendar os segredos por tr\u00e1s do misterioso pen drive.<\/p>\n\n\n\n<figure class=\"wp-block-image size-large\"><img decoding=\"async\" width=\"1024\" height=\"576\" src=\"https:\/\/www.correiobraziliense.com.br\/cbradar\/wp-content\/uploads\/2025\/03\/cinema_1742302077482-1024x576.jpg\" alt=\"Estreias nos cinemas em Abril para ficar de olho\" class=\"wp-image-13445\" srcset=\"https:\/\/www.correiobraziliense.com.br\/cbradar\/wp-content\/uploads\/2025\/03\/cinema_1742302077482-1024x576.jpg 1024w, https:\/\/www.correiobraziliense.com.br\/cbradar\/wp-content\/uploads\/2025\/03\/cinema_1742302077482-300x169.jpg 300w, https:\/\/www.correiobraziliense.com.br\/cbradar\/wp-content\/uploads\/2025\/03\/cinema_1742302077482-768x432.jpg 768w, https:\/\/www.correiobraziliense.com.br\/cbradar\/wp-content\/uploads\/2025\/03\/cinema_1742302077482-750x422.jpg 750w, https:\/\/www.correiobraziliense.com.br\/cbradar\/wp-content\/uploads\/2025\/03\/cinema_1742302077482-1140x641.jpg 1140w, https:\/\/www.correiobraziliense.com.br\/cbradar\/wp-content\/uploads\/2025\/03\/cinema_1742302077482.jpg 1280w\" sizes=\"(max-width: 1024px) 100vw, 1024px\" \/><figcaption class=\"wp-element-caption\">Cinema. Cr\u00e9ditos: depositphotos.com \/ K.Klimenko<\/figcaption><\/figure>\n\n\n\n<h2 class=\"wp-block-heading\">O que &#8220;The Chosen: \u00daltima Ceia&#8221; traz de novo?<\/h2>\n\n\n\n<p>&#8220;<strong>The Chosen: \u00daltima Ceia<\/strong>&#8221; leva a s\u00e9rie de sucesso &#8220;<strong>The Chosen<\/strong>&#8221; para o cinema, oferecendo uma nova perspectiva sobre os eventos que antecedem a \u00faltima refei\u00e7\u00e3o de <strong>Jesus <\/strong>com seus disc\u00edpulos. O filme explora as tens\u00f5es e ensinamentos que marcam esse momento crucial na hist\u00f3ria do cristianismo.<\/p>\n\n\n\n<p>Com uma abordagem cuidadosa e detalhada, o longa promete emocionar tanto os f\u00e3s da s\u00e9rie quanto novos espectadores, ao apresentar uma vis\u00e3o \u00fanica sobre a vida e a miss\u00e3o de Jesus.<\/p>\n\n\n\n<iframe loading=\"lazy\" width=\"560\" height=\"315\" src=\"https:\/\/www.youtube.com\/embed\/Pr73iKJtpow?si=94Hniuer9pZQuqq-\" title=\"YouTube video player\" frameborder=\"0\" allow=\"accelerometer; autoplay; clipboard-write; encrypted-media; gyroscope; picture-in-picture; web-share\" referrerpolicy=\"strict-origin-when-cross-origin\" allowfullscreen><\/iframe>\n\n\n\n<h2 class=\"wp-block-heading\">Explorando &#8220;Nas Terras Perdidas&#8221;: a jornada de Alys e Boyce<\/h2>\n\n\n\n<p>Baseado em um conto de <strong>George R.R. Martin<\/strong>, &#8220;<strong>Nas Terras Perdidas<\/strong>&#8221; segue a feiticeira <strong>Gray Alys<\/strong> e o ca\u00e7ador <strong>Boyce <\/strong>em uma miss\u00e3o para encontrar uma magia poderosa. Interpretados por <strong>Milla Jovovich<\/strong> e <strong>Dave Bautista<\/strong>, respectivamente, os personagens enfrentam desafios em um mundo repleto de perigos e criaturas m\u00edsticas.<\/p>\n\n\n\n<iframe loading=\"lazy\" width=\"560\" height=\"315\" src=\"https:\/\/www.youtube.com\/embed\/XUzaIus-SoQ?si=PdiPdE8f3WNts_FK\" title=\"YouTube video player\" frameborder=\"0\" allow=\"accelerometer; autoplay; clipboard-write; encrypted-media; gyroscope; picture-in-picture; web-share\" referrerpolicy=\"strict-origin-when-cross-origin\" allowfullscreen><\/iframe>\n\n\n\n<p>A jornada explora temas de moralidade e poder, enquanto Alys e Boyce confrontam os limites entre o bem e o mal. O filme promete cativar o p\u00fablico com sua narrativa envolvente e visual impressionante.<\/p>\n","protected":false},"excerpt":{"rendered":"<p>Um guia para as estreias cinematogr\u00e1ficas de abril, incluindo a adapta\u00e7\u00e3o de Minecraft e uma com\u00e9dia rom\u00e2ntica baseada em um romance.<\/p>\n","protected":false},"author":3,"featured_media":13443,"comment_status":"open","ping_status":"open","sticky":false,"template":"","format":"standard","meta":{"_yoast_wpseo_focuskw":"estreia cinema abril","_yoast_wpseo_title":"%%title%%","_yoast_wpseo_metadesc":"Um guia para as estreias cinematogr\u00e1ficas de abril, incluindo a adapta\u00e7\u00e3o de Minecraft e uma com\u00e9dia rom\u00e2ntica baseada em um romance.","jnews-multi-image_gallery":[],"jnews_single_post":{"format":"standard"},"jnews_primary_category":[],"jnews_social_meta":[],"jnews_override_counter":[],"footnotes":""},"categories":[140],"post_tag":[2099,375,568],"class_list":["post-13441","post","type-post","status-publish","format-standard","has-post-thumbnail","hentry","category-entretenimento","tag-abril","tag-cinema","tag-series-e-filmes"],"yoast_head":"<!-- This site is optimized with the Yoast SEO plugin v24.6 - https:\/\/yoast.com\/wordpress\/plugins\/seo\/ -->\n<title>Essa s\u00e3o as estreias do cinema para ficar de olho em Abril<\/title>\n<meta name=\"description\" content=\"Um guia para as estreias cinematogr\u00e1ficas de abril, incluindo a adapta\u00e7\u00e3o de Minecraft e uma com\u00e9dia rom\u00e2ntica baseada em um romance.\" \/>\n<meta name=\"robots\" content=\"index, follow, max-snippet:-1, max-image-preview:large, max-video-preview:-1\" \/>\n<link rel=\"canonical\" href=\"https:\/\/www.correiobraziliense.com.br\/cbradar\/essa-sao-as-estreias-do-cinema-para-ficar-de-olho-em-abril\/\" \/>\n<meta property=\"og:locale\" content=\"pt_BR\" \/>\n<meta property=\"og:type\" content=\"article\" \/>\n<meta property=\"og:title\" content=\"Essa s\u00e3o as estreias do cinema para ficar de olho em Abril\" \/>\n<meta property=\"og:description\" content=\"Um guia para as estreias cinematogr\u00e1ficas de abril, incluindo a adapta\u00e7\u00e3o de Minecraft e uma com\u00e9dia rom\u00e2ntica baseada em um romance.\" \/>\n<meta property=\"og:url\" content=\"https:\/\/www.correiobraziliense.com.br\/cbradar\/essa-sao-as-estreias-do-cinema-para-ficar-de-olho-em-abril\/\" \/>\n<meta property=\"og:site_name\" content=\"Correio Braziliense - Radar\" \/>\n<meta property=\"article:published_time\" content=\"2025-03-19T10:23:00+00:00\" \/>\n<meta property=\"og:image\" content=\"https:\/\/www.correiobraziliense.com.br\/cbradar\/wp-content\/uploads\/2025\/03\/cinema_1742302052271.jpg\" \/>\n\t<meta property=\"og:image:width\" content=\"1280\" \/>\n\t<meta property=\"og:image:height\" content=\"720\" \/>\n\t<meta property=\"og:image:type\" content=\"image\/jpeg\" \/>\n<meta name=\"author\" content=\"Larissa Carvalho\" \/>\n<meta name=\"twitter:card\" content=\"summary_large_image\" \/>\n<meta name=\"twitter:label1\" content=\"Escrito por\" \/>\n\t<meta name=\"twitter:data1\" content=\"Larissa Carvalho\" \/>\n\t<meta name=\"twitter:label2\" content=\"Est. tempo de leitura\" \/>\n\t<meta name=\"twitter:data2\" content=\"4 minutos\" \/>\n<!-- \/ Yoast SEO plugin. -->","yoast_head_json":{"title":"Essa s\u00e3o as estreias do cinema para ficar de olho em Abril","description":"Um guia para as estreias cinematogr\u00e1ficas de abril, incluindo a adapta\u00e7\u00e3o de Minecraft e uma com\u00e9dia rom\u00e2ntica baseada em um romance.","robots":{"index":"index","follow":"follow","max-snippet":"max-snippet:-1","max-image-preview":"max-image-preview:large","max-video-preview":"max-video-preview:-1"},"canonical":"https:\/\/www.correiobraziliense.com.br\/cbradar\/essa-sao-as-estreias-do-cinema-para-ficar-de-olho-em-abril\/","og_locale":"pt_BR","og_type":"article","og_title":"Essa s\u00e3o as estreias do cinema para ficar de olho em Abril","og_description":"Um guia para as estreias cinematogr\u00e1ficas de abril, incluindo a adapta\u00e7\u00e3o de Minecraft e uma com\u00e9dia rom\u00e2ntica baseada em um romance.","og_url":"https:\/\/www.correiobraziliense.com.br\/cbradar\/essa-sao-as-estreias-do-cinema-para-ficar-de-olho-em-abril\/","og_site_name":"Correio Braziliense - Radar","article_published_time":"2025-03-19T10:23:00+00:00","og_image":[{"width":1280,"height":720,"url":"https:\/\/www.correiobraziliense.com.br\/cbradar\/wp-content\/uploads\/2025\/03\/cinema_1742302052271.jpg","type":"image\/jpeg"}],"author":"Larissa Carvalho","twitter_card":"summary_large_image","twitter_misc":{"Escrito por":"Larissa Carvalho","Est. tempo de leitura":"4 minutos"},"schema":{"@context":"https:\/\/schema.org","@graph":[{"@type":"WebPage","@id":"https:\/\/www.correiobraziliense.com.br\/cbradar\/essa-sao-as-estreias-do-cinema-para-ficar-de-olho-em-abril\/","url":"https:\/\/www.correiobraziliense.com.br\/cbradar\/essa-sao-as-estreias-do-cinema-para-ficar-de-olho-em-abril\/","name":"Essa s\u00e3o as estreias do cinema para ficar de olho em Abril","isPartOf":{"@id":"https:\/\/www.correiobraziliense.com.br\/cbradar\/#website"},"primaryImageOfPage":{"@id":"https:\/\/www.correiobraziliense.com.br\/cbradar\/essa-sao-as-estreias-do-cinema-para-ficar-de-olho-em-abril\/#primaryimage"},"image":{"@id":"https:\/\/www.correiobraziliense.com.br\/cbradar\/essa-sao-as-estreias-do-cinema-para-ficar-de-olho-em-abril\/#primaryimage"},"thumbnailUrl":"https:\/\/www.correiobraziliense.com.br\/cbradar\/wp-content\/uploads\/2025\/03\/cinema_1742302052271.jpg","datePublished":"2025-03-19T10:23:00+00:00","author":{"@id":"https:\/\/www.correiobraziliense.com.br\/cbradar\/#\/schema\/person\/58422787644df994b53a19d3e56c1513"},"description":"Um guia para as estreias cinematogr\u00e1ficas de abril, incluindo a adapta\u00e7\u00e3o de Minecraft e uma com\u00e9dia rom\u00e2ntica baseada em um romance.","breadcrumb":{"@id":"https:\/\/www.correiobraziliense.com.br\/cbradar\/essa-sao-as-estreias-do-cinema-para-ficar-de-olho-em-abril\/#breadcrumb"},"inLanguage":"pt-BR","potentialAction":[{"@type":"ReadAction","target":["https:\/\/www.correiobraziliense.com.br\/cbradar\/essa-sao-as-estreias-do-cinema-para-ficar-de-olho-em-abril\/"]}]},{"@type":"ImageObject","inLanguage":"pt-BR","@id":"https:\/\/www.correiobraziliense.com.br\/cbradar\/essa-sao-as-estreias-do-cinema-para-ficar-de-olho-em-abril\/#primaryimage","url":"https:\/\/www.correiobraziliense.com.br\/cbradar\/wp-content\/uploads\/2025\/03\/cinema_1742302052271.jpg","contentUrl":"https:\/\/www.correiobraziliense.com.br\/cbradar\/wp-content\/uploads\/2025\/03\/cinema_1742302052271.jpg","width":1280,"height":720,"caption":"Cinema. Cr\u00e9ditos: depositphotos.com \/ K.Klimenko"},{"@type":"BreadcrumbList","@id":"https:\/\/www.correiobraziliense.com.br\/cbradar\/essa-sao-as-estreias-do-cinema-para-ficar-de-olho-em-abril\/#breadcrumb","itemListElement":[{"@type":"ListItem","position":1,"name":"In\u00edcio","item":"https:\/\/www.correiobraziliense.com.br\/cbradar\/"},{"@type":"ListItem","position":2,"name":"Essa s\u00e3o as estreias do cinema para ficar de olho em Abril"}]},{"@type":"WebSite","@id":"https:\/\/www.correiobraziliense.com.br\/cbradar\/#website","url":"https:\/\/www.correiobraziliense.com.br\/cbradar\/","name":"Correio Braziliense - Radar","description":"Acompanhe as \u00faltimas not\u00edcias e fique bem informado sobre tudo o que acontece no Brasil e no mundo.","potentialAction":[{"@type":"SearchAction","target":{"@type":"EntryPoint","urlTemplate":"https:\/\/www.correiobraziliense.com.br\/cbradar\/?s={search_term_string}"},"query-input":{"@type":"PropertyValueSpecification","valueRequired":true,"valueName":"search_term_string"}}],"inLanguage":"pt-BR"},{"@type":"Person","@id":"https:\/\/www.correiobraziliense.com.br\/cbradar\/#\/schema\/person\/58422787644df994b53a19d3e56c1513","name":"Larissa Carvalho","image":{"@type":"ImageObject","inLanguage":"pt-BR","@id":"https:\/\/www.correiobraziliense.com.br\/cbradar\/#\/schema\/person\/image\/","url":"https:\/\/secure.gravatar.com\/avatar\/fe4f91a0de32b52a838d0d612abdc1aa?s=96&d=mm&r=g","contentUrl":"https:\/\/secure.gravatar.com\/avatar\/fe4f91a0de32b52a838d0d612abdc1aa?s=96&d=mm&r=g","caption":"Larissa Carvalho"},"url":"https:\/\/www.correiobraziliense.com.br\/cbradar\/author\/larissamyth\/"}]}},"_links":{"self":[{"href":"https:\/\/www.correiobraziliense.com.br\/cbradar\/wp-json\/wp\/v2\/posts\/13441","targetHints":{"allow":["GET"]}}],"collection":[{"href":"https:\/\/www.correiobraziliense.com.br\/cbradar\/wp-json\/wp\/v2\/posts"}],"about":[{"href":"https:\/\/www.correiobraziliense.com.br\/cbradar\/wp-json\/wp\/v2\/types\/post"}],"author":[{"embeddable":true,"href":"https:\/\/www.correiobraziliense.com.br\/cbradar\/wp-json\/wp\/v2\/users\/3"}],"replies":[{"embeddable":true,"href":"https:\/\/www.correiobraziliense.com.br\/cbradar\/wp-json\/wp\/v2\/comments?post=13441"}],"version-history":[{"count":2,"href":"https:\/\/www.correiobraziliense.com.br\/cbradar\/wp-json\/wp\/v2\/posts\/13441\/revisions"}],"predecessor-version":[{"id":13763,"href":"https:\/\/www.correiobraziliense.com.br\/cbradar\/wp-json\/wp\/v2\/posts\/13441\/revisions\/13763"}],"wp:featuredmedia":[{"embeddable":true,"href":"https:\/\/www.correiobraziliense.com.br\/cbradar\/wp-json\/wp\/v2\/media\/13443"}],"wp:attachment":[{"href":"https:\/\/www.correiobraziliense.com.br\/cbradar\/wp-json\/wp\/v2\/media?parent=13441"}],"wp:term":[{"taxonomy":"category","embeddable":true,"href":"https:\/\/www.correiobraziliense.com.br\/cbradar\/wp-json\/wp\/v2\/categories?post=13441"},{"taxonomy":"post_tag","embeddable":true,"href":"https:\/\/www.correiobraziliense.com.br\/cbradar\/wp-json\/wp\/v2\/post_tag?post=13441"}],"curies":[{"name":"wp","href":"https:\/\/api.w.org\/{rel}","templated":true}]}}