{"id":13450,"date":"2025-03-19T08:50:00","date_gmt":"2025-03-19T11:50:00","guid":{"rendered":"https:\/\/www.correiobraziliense.com.br\/cbradar\/?p=13450"},"modified":"2025-03-18T13:27:39","modified_gmt":"2025-03-18T16:27:39","slug":"brastemp-apresenta-nova-lava-loucas-de-14-servicos","status":"publish","type":"post","link":"https:\/\/www.correiobraziliense.com.br\/cbradar\/brastemp-apresenta-nova-lava-loucas-de-14-servicos\/","title":{"rendered":"Brastemp apresenta nova lava-lou\u00e7as de 14 servi\u00e7os"},"content":{"rendered":"\n<p>A <strong><a href=\"https:\/\/www.brastemp.com.br\/?utmi_campaign=cpc&amp;utmi_cp=cpc&amp;gad_source=1&amp;gclid=EAIaIQobChMIvJyz6euTjAMVdQOtBh3AdSCoEAAYASAAEgIhvfD_BwE\" target=\"_blank\" rel=\"noreferrer noopener\">Brastemp<\/a><\/strong>, renomada marca de eletrodom\u00e9sticos, anunciou recentemente o lan\u00e7amento de sua nova lava-lou\u00e7as com capacidade para 14 servi\u00e7os. Este novo produto vem para ampliar a linha de eletrodom\u00e9sticos da empresa, oferecendo solu\u00e7\u00f5es pr\u00e1ticas para o dia a dia das fam\u00edlias. Com um design moderno, a lava-lou\u00e7as foi projetada para se integrar harmoniosamente a diferentes estilos de cozinha, sendo ideal para fam\u00edlias maiores ou para aqueles que frequentemente recebem visitas.<\/p>\n\n\n\n<p>O destaque principal da nova lava-lou\u00e7as Brastemp \u00e9 sua capacidade de 14 servi\u00e7os, que promete atender \u00e0s necessidades de fam\u00edlias numerosas ou de pessoas com rotinas mais agitadas. A proposta do equipamento \u00e9 reduzir o tempo dedicado \u00e0s tarefas dom\u00e9sticas, proporcionando mais comodidade e efici\u00eancia aos usu\u00e1rios.<\/p>\n\n\n\n<h2 class=\"wp-block-heading\">Quais s\u00e3o as inova\u00e7\u00f5es tecnol\u00f3gicas da nova lava-lou\u00e7as Brastemp?<\/h2>\n\n\n\n<p>Entre as inova\u00e7\u00f5es tecnol\u00f3gicas apresentadas pela nova lava-lou\u00e7as da Brastemp, destaca-se o&nbsp;<strong>Smart Sensor<\/strong>. Este sistema inteligente \u00e9 capaz de detectar automaticamente o n\u00edvel de sujeira das lou\u00e7as, ajustando o ciclo de lavagem de acordo com a necessidade. Dessa forma, a m\u00e1quina define a quantidade exata de \u00e1gua e o tempo necess\u00e1rio para uma limpeza eficaz e econ\u00f4mica, contribuindo para a sustentabilidade e economia de recursos.<\/p>\n\n\n\n<figure class=\"wp-block-image size-large\"><img decoding=\"async\" width=\"1024\" height=\"576\" src=\"https:\/\/www.correiobraziliense.com.br\/cbradar\/wp-content\/uploads\/2025\/03\/lava-loucas_1742302422205-1024x576.jpg\" alt=\"Brastemp Apresenta Nova Lava-Lou\u00e7as de 14 Servi\u00e7os\" class=\"wp-image-13458\" srcset=\"https:\/\/www.correiobraziliense.com.br\/cbradar\/wp-content\/uploads\/2025\/03\/lava-loucas_1742302422205-1024x576.jpg 1024w, https:\/\/www.correiobraziliense.com.br\/cbradar\/wp-content\/uploads\/2025\/03\/lava-loucas_1742302422205-300x169.jpg 300w, https:\/\/www.correiobraziliense.com.br\/cbradar\/wp-content\/uploads\/2025\/03\/lava-loucas_1742302422205-768x432.jpg 768w, https:\/\/www.correiobraziliense.com.br\/cbradar\/wp-content\/uploads\/2025\/03\/lava-loucas_1742302422205-750x422.jpg 750w, https:\/\/www.correiobraziliense.com.br\/cbradar\/wp-content\/uploads\/2025\/03\/lava-loucas_1742302422205-1140x641.jpg 1140w, https:\/\/www.correiobraziliense.com.br\/cbradar\/wp-content\/uploads\/2025\/03\/lava-loucas_1742302422205.jpg 1280w\" sizes=\"(max-width: 1024px) 100vw, 1024px\" \/><figcaption class=\"wp-element-caption\">lava-lou\u00e7as.Cr\u00e9ditos: depositphotos.com \/ IgorVetushko<\/figcaption><\/figure>\n\n\n\n<p>Outro recurso interessante \u00e9 a fun\u00e7\u00e3o&nbsp;<strong>Acquaspray<\/strong>, que libera jatos de \u00e1gua para uma pr\u00e9-lavagem eficiente. Essa fun\u00e7\u00e3o permite que as lou\u00e7as sejam acumuladas ao longo do dia sem gerar odores ou desordem, facilitando a rotina de quem tem uma agenda cheia e precisa otimizar o tempo dedicado \u00e0s tarefas dom\u00e9sticas.<\/p>\n\n\n\n<h2 class=\"wp-block-heading\">Quais s\u00e3o as op\u00e7\u00f5es de cores e pre\u00e7os dispon\u00edveis?<\/h2>\n\n\n\n<p>A nova lava-lou\u00e7as de 14 servi\u00e7os da Brastemp est\u00e1 dispon\u00edvel em duas op\u00e7\u00f5es de cores: branco e inox. O modelo branco \u00e9 oferecido por R$ 3.599,00, enquanto a vers\u00e3o em inox pode ser adquirida por R$ 3.799,00. Ambos os modelos est\u00e3o dispon\u00edveis para compra no site oficial da Brastemp e nas principais lojas de eletrodom\u00e9sticos do pa\u00eds.<\/p>\n\n\n\n<h2 class=\"wp-block-heading\">Por que a nova lava-lou\u00e7as Brastemp \u00e9 uma escolha pr\u00e1tica para o lar?<\/h2>\n\n\n\n<p>A escolha de uma lava-lou\u00e7as com capacidade para 14 servi\u00e7os pode ser especialmente vantajosa para fam\u00edlias grandes ou para aqueles que gostam de receber amigos e familiares em casa. Al\u00e9m de reduzir o tempo gasto com a lavagem manual de lou\u00e7as, o equipamento oferece tecnologia de ponta que garante efici\u00eancia e economia. O design contempor\u00e2neo e as op\u00e7\u00f5es de cores permitem que o aparelho se adapte a diferentes estilos de decora\u00e7\u00e3o, tornando-se um aliado pr\u00e1tico e funcional na cozinha.<\/p>\n\n\n\n<p>Com o lan\u00e7amento deste novo modelo, a Brastemp reafirma seu compromisso em oferecer produtos que aliam tecnologia, praticidade e design, atendendo \u00e0s necessidades dos consumidores modernos que buscam otimizar suas rotinas dom\u00e9sticas.<\/p>\n","protected":false},"excerpt":{"rendered":"<p>A Brastemp lan\u00e7ou uma nova lava-lou\u00e7as com capacidade para 14 servi\u00e7os, trazendo praticidade e sustentabilidade \u00e0 rotina das fam\u00edlias.<\/p>\n","protected":false},"author":3,"featured_media":13455,"comment_status":"open","ping_status":"open","sticky":false,"template":"","format":"standard","meta":{"_yoast_wpseo_focuskw":"lava-lou\u00e7as","_yoast_wpseo_title":"%%title%%","_yoast_wpseo_metadesc":"A Brastemp lan\u00e7ou uma nova lava-lou\u00e7as com capacidade para 14 servi\u00e7os, trazendo praticidade e sustentabilidade \u00e0 rotina das fam\u00edlias.","jnews-multi-image_gallery":[],"jnews_single_post":{"format":"standard"},"jnews_primary_category":[],"jnews_social_meta":[],"jnews_override_counter":[],"footnotes":""},"categories":[112],"tags":[2101],"class_list":["post-13450","post","type-post","status-publish","format-standard","has-post-thumbnail","hentry","category-curiosidades","tag-brastemp"],"yoast_head":"<!-- This site is optimized with the Yoast SEO plugin v24.6 - https:\/\/yoast.com\/wordpress\/plugins\/seo\/ -->\n<title>Brastemp apresenta nova lava-lou\u00e7as de 14 servi\u00e7os<\/title>\n<meta name=\"description\" content=\"A Brastemp lan\u00e7ou uma nova lava-lou\u00e7as com capacidade para 14 servi\u00e7os, trazendo praticidade e sustentabilidade \u00e0 rotina das fam\u00edlias.\" \/>\n<meta name=\"robots\" content=\"index, follow, max-snippet:-1, max-image-preview:large, max-video-preview:-1\" \/>\n<link rel=\"canonical\" href=\"https:\/\/www.correiobraziliense.com.br\/cbradar\/brastemp-apresenta-nova-lava-loucas-de-14-servicos\/\" \/>\n<meta property=\"og:locale\" content=\"pt_BR\" \/>\n<meta property=\"og:type\" content=\"article\" \/>\n<meta property=\"og:title\" content=\"Brastemp apresenta nova lava-lou\u00e7as de 14 servi\u00e7os\" \/>\n<meta property=\"og:description\" content=\"A Brastemp lan\u00e7ou uma nova lava-lou\u00e7as com capacidade para 14 servi\u00e7os, trazendo praticidade e sustentabilidade \u00e0 rotina das fam\u00edlias.\" \/>\n<meta property=\"og:url\" content=\"https:\/\/www.correiobraziliense.com.br\/cbradar\/brastemp-apresenta-nova-lava-loucas-de-14-servicos\/\" \/>\n<meta property=\"og:site_name\" content=\"Correio Braziliense - Radar\" \/>\n<meta property=\"article:published_time\" content=\"2025-03-19T11:50:00+00:00\" \/>\n<meta property=\"og:image\" content=\"https:\/\/www.correiobraziliense.com.br\/cbradar\/wp-content\/uploads\/2025\/03\/lava-loucas_1742302353180.jpg\" \/>\n\t<meta property=\"og:image:width\" content=\"1280\" \/>\n\t<meta property=\"og:image:height\" content=\"720\" \/>\n\t<meta property=\"og:image:type\" content=\"image\/jpeg\" \/>\n<meta name=\"author\" content=\"Larissa Carvalho\" \/>\n<meta name=\"twitter:card\" content=\"summary_large_image\" \/>\n<meta name=\"twitter:label1\" content=\"Escrito por\" \/>\n\t<meta name=\"twitter:data1\" content=\"Larissa Carvalho\" \/>\n\t<meta name=\"twitter:label2\" content=\"Est. tempo de leitura\" \/>\n\t<meta name=\"twitter:data2\" content=\"3 minutos\" \/>\n<!-- \/ Yoast SEO plugin. -->","yoast_head_json":{"title":"Brastemp apresenta nova lava-lou\u00e7as de 14 servi\u00e7os","description":"A Brastemp lan\u00e7ou uma nova lava-lou\u00e7as com capacidade para 14 servi\u00e7os, trazendo praticidade e sustentabilidade \u00e0 rotina das fam\u00edlias.","robots":{"index":"index","follow":"follow","max-snippet":"max-snippet:-1","max-image-preview":"max-image-preview:large","max-video-preview":"max-video-preview:-1"},"canonical":"https:\/\/www.correiobraziliense.com.br\/cbradar\/brastemp-apresenta-nova-lava-loucas-de-14-servicos\/","og_locale":"pt_BR","og_type":"article","og_title":"Brastemp apresenta nova lava-lou\u00e7as de 14 servi\u00e7os","og_description":"A Brastemp lan\u00e7ou uma nova lava-lou\u00e7as com capacidade para 14 servi\u00e7os, trazendo praticidade e sustentabilidade \u00e0 rotina das fam\u00edlias.","og_url":"https:\/\/www.correiobraziliense.com.br\/cbradar\/brastemp-apresenta-nova-lava-loucas-de-14-servicos\/","og_site_name":"Correio Braziliense - Radar","article_published_time":"2025-03-19T11:50:00+00:00","og_image":[{"width":1280,"height":720,"url":"https:\/\/www.correiobraziliense.com.br\/cbradar\/wp-content\/uploads\/2025\/03\/lava-loucas_1742302353180.jpg","type":"image\/jpeg"}],"author":"Larissa Carvalho","twitter_card":"summary_large_image","twitter_misc":{"Escrito por":"Larissa Carvalho","Est. tempo de leitura":"3 minutos"},"schema":{"@context":"https:\/\/schema.org","@graph":[{"@type":"WebPage","@id":"https:\/\/www.correiobraziliense.com.br\/cbradar\/brastemp-apresenta-nova-lava-loucas-de-14-servicos\/","url":"https:\/\/www.correiobraziliense.com.br\/cbradar\/brastemp-apresenta-nova-lava-loucas-de-14-servicos\/","name":"Brastemp apresenta nova lava-lou\u00e7as de 14 servi\u00e7os","isPartOf":{"@id":"https:\/\/www.correiobraziliense.com.br\/cbradar\/#website"},"primaryImageOfPage":{"@id":"https:\/\/www.correiobraziliense.com.br\/cbradar\/brastemp-apresenta-nova-lava-loucas-de-14-servicos\/#primaryimage"},"image":{"@id":"https:\/\/www.correiobraziliense.com.br\/cbradar\/brastemp-apresenta-nova-lava-loucas-de-14-servicos\/#primaryimage"},"thumbnailUrl":"https:\/\/www.correiobraziliense.com.br\/cbradar\/wp-content\/uploads\/2025\/03\/lava-loucas_1742302353180.jpg","datePublished":"2025-03-19T11:50:00+00:00","author":{"@id":"https:\/\/www.correiobraziliense.com.br\/cbradar\/#\/schema\/person\/58422787644df994b53a19d3e56c1513"},"description":"A Brastemp lan\u00e7ou uma nova lava-lou\u00e7as com capacidade para 14 servi\u00e7os, trazendo praticidade e sustentabilidade \u00e0 rotina das fam\u00edlias.","breadcrumb":{"@id":"https:\/\/www.correiobraziliense.com.br\/cbradar\/brastemp-apresenta-nova-lava-loucas-de-14-servicos\/#breadcrumb"},"inLanguage":"pt-BR","potentialAction":[{"@type":"ReadAction","target":["https:\/\/www.correiobraziliense.com.br\/cbradar\/brastemp-apresenta-nova-lava-loucas-de-14-servicos\/"]}]},{"@type":"ImageObject","inLanguage":"pt-BR","@id":"https:\/\/www.correiobraziliense.com.br\/cbradar\/brastemp-apresenta-nova-lava-loucas-de-14-servicos\/#primaryimage","url":"https:\/\/www.correiobraziliense.com.br\/cbradar\/wp-content\/uploads\/2025\/03\/lava-loucas_1742302353180.jpg","contentUrl":"https:\/\/www.correiobraziliense.com.br\/cbradar\/wp-content\/uploads\/2025\/03\/lava-loucas_1742302353180.jpg","width":1280,"height":720,"caption":"lava-lou\u00e7as.Cr\u00e9ditos: depositphotos.com \/ AntonMatyukha"},{"@type":"BreadcrumbList","@id":"https:\/\/www.correiobraziliense.com.br\/cbradar\/brastemp-apresenta-nova-lava-loucas-de-14-servicos\/#breadcrumb","itemListElement":[{"@type":"ListItem","position":1,"name":"In\u00edcio","item":"https:\/\/www.correiobraziliense.com.br\/cbradar\/"},{"@type":"ListItem","position":2,"name":"Brastemp apresenta nova lava-lou\u00e7as de 14 servi\u00e7os"}]},{"@type":"WebSite","@id":"https:\/\/www.correiobraziliense.com.br\/cbradar\/#website","url":"https:\/\/www.correiobraziliense.com.br\/cbradar\/","name":"Correio Braziliense - Radar","description":"Acompanhe as \u00faltimas not\u00edcias e fique bem informado sobre tudo o que acontece no Brasil e no mundo.","potentialAction":[{"@type":"SearchAction","target":{"@type":"EntryPoint","urlTemplate":"https:\/\/www.correiobraziliense.com.br\/cbradar\/?s={search_term_string}"},"query-input":{"@type":"PropertyValueSpecification","valueRequired":true,"valueName":"search_term_string"}}],"inLanguage":"pt-BR"},{"@type":"Person","@id":"https:\/\/www.correiobraziliense.com.br\/cbradar\/#\/schema\/person\/58422787644df994b53a19d3e56c1513","name":"Larissa Carvalho","image":{"@type":"ImageObject","inLanguage":"pt-BR","@id":"https:\/\/www.correiobraziliense.com.br\/cbradar\/#\/schema\/person\/image\/","url":"https:\/\/secure.gravatar.com\/avatar\/fe4f91a0de32b52a838d0d612abdc1aa?s=96&d=mm&r=g","contentUrl":"https:\/\/secure.gravatar.com\/avatar\/fe4f91a0de32b52a838d0d612abdc1aa?s=96&d=mm&r=g","caption":"Larissa Carvalho"},"url":"https:\/\/www.correiobraziliense.com.br\/cbradar\/author\/larissamyth\/"}]}},"_links":{"self":[{"href":"https:\/\/www.correiobraziliense.com.br\/cbradar\/wp-json\/wp\/v2\/posts\/13450","targetHints":{"allow":["GET"]}}],"collection":[{"href":"https:\/\/www.correiobraziliense.com.br\/cbradar\/wp-json\/wp\/v2\/posts"}],"about":[{"href":"https:\/\/www.correiobraziliense.com.br\/cbradar\/wp-json\/wp\/v2\/types\/post"}],"author":[{"embeddable":true,"href":"https:\/\/www.correiobraziliense.com.br\/cbradar\/wp-json\/wp\/v2\/users\/3"}],"replies":[{"embeddable":true,"href":"https:\/\/www.correiobraziliense.com.br\/cbradar\/wp-json\/wp\/v2\/comments?post=13450"}],"version-history":[{"count":2,"href":"https:\/\/www.correiobraziliense.com.br\/cbradar\/wp-json\/wp\/v2\/posts\/13450\/revisions"}],"predecessor-version":[{"id":13628,"href":"https:\/\/www.correiobraziliense.com.br\/cbradar\/wp-json\/wp\/v2\/posts\/13450\/revisions\/13628"}],"wp:featuredmedia":[{"embeddable":true,"href":"https:\/\/www.correiobraziliense.com.br\/cbradar\/wp-json\/wp\/v2\/media\/13455"}],"wp:attachment":[{"href":"https:\/\/www.correiobraziliense.com.br\/cbradar\/wp-json\/wp\/v2\/media?parent=13450"}],"wp:term":[{"taxonomy":"category","embeddable":true,"href":"https:\/\/www.correiobraziliense.com.br\/cbradar\/wp-json\/wp\/v2\/categories?post=13450"},{"taxonomy":"post_tag","embeddable":true,"href":"https:\/\/www.correiobraziliense.com.br\/cbradar\/wp-json\/wp\/v2\/tags?post=13450"}],"curies":[{"name":"wp","href":"https:\/\/api.w.org\/{rel}","templated":true}]}}