{"id":13452,"date":"2025-03-19T13:30:00","date_gmt":"2025-03-19T16:30:00","guid":{"rendered":"https:\/\/www.correiobraziliense.com.br\/cbradar\/?p=13452"},"modified":"2025-03-18T13:28:31","modified_gmt":"2025-03-18T16:28:31","slug":"passo-a-passo-de-como-plantar-berinjela-em-casa","status":"publish","type":"post","link":"https:\/\/www.correiobraziliense.com.br\/cbradar\/passo-a-passo-de-como-plantar-berinjela-em-casa\/","title":{"rendered":"Passo a passo de como plantar berinjela em casa"},"content":{"rendered":"\n<p>A berinjela, ou\u00a0<em><strong>Solanum melongena<\/strong><\/em>, \u00e9 uma planta que tem suas ra\u00edzes na \u00cdndia e \u00e9 cultivada h\u00e1 mil\u00eanios. Este vegetal \u00e9 amplamente apreciado em v\u00e1rias cozinhas ao redor do mundo, n\u00e3o apenas por seu sabor, mas tamb\u00e9m por sua versatilidade. Para garantir uma colheita de sucesso, \u00e9 essencial entender as condi\u00e7\u00f5es ideais de cultivo e os cuidados necess\u00e1rios.<\/p>\n\n\n\n<p>O fruto da berinjela \u00e9 a \u00fanica parte comest\u00edvel da planta, j\u00e1 que suas folhas e flores cont\u00eam solanina, uma subst\u00e2ncia t\u00f3xica. O cultivo eficaz da berinjela depende de uma s\u00e9rie de fatores, incluindo o preparo do solo, o clima e a manuten\u00e7\u00e3o adequada.<\/p>\n\n\n\n<h2 class=\"wp-block-heading\">Como preparar o solo para plantar berinjela?<\/h2>\n\n\n\n<p>O solo \u00e9 um dos componentes mais cr\u00edticos para o cultivo da berinjela. Ele deve ser bem drenado, f\u00e9rtil e rico em mat\u00e9ria org\u00e2nica. A \u00e9poca ideal para semear a berinjela no Brasil \u00e9 entre agosto e dezembro, quando as condi\u00e7\u00f5es clim\u00e1ticas s\u00e3o mais favor\u00e1veis. As sementes devem ser plantadas a uma profundidade de 0,5 cm e cobertas com uma fina camada de terra ou serragem.<\/p>\n\n\n\n<p>Ap\u00f3s a germina\u00e7\u00e3o, as mudas devem ser transplantadas para o local definitivo quando atingirem cerca de 10 cm de altura. O espa\u00e7amento entre as plantas deve ser ajustado de acordo com o clima da regi\u00e3o, sendo maior em \u00e1reas mais quentes. Recomenda-se um espa\u00e7amento de 60 cm a 1 metro entre as linhas de plantio e de 50 cm a 1 metro entre as plantas.<\/p>\n\n\n\n<figure class=\"wp-block-image size-large\"><img decoding=\"async\" width=\"1024\" height=\"576\" src=\"https:\/\/www.correiobraziliense.com.br\/cbradar\/wp-content\/uploads\/2025\/03\/berinjela_1742302276381-1024x576.jpg\" alt=\"Passo a passo de como plantar berinjela em casa\" class=\"wp-image-13454\" srcset=\"https:\/\/www.correiobraziliense.com.br\/cbradar\/wp-content\/uploads\/2025\/03\/berinjela_1742302276381-1024x576.jpg 1024w, https:\/\/www.correiobraziliense.com.br\/cbradar\/wp-content\/uploads\/2025\/03\/berinjela_1742302276381-300x169.jpg 300w, https:\/\/www.correiobraziliense.com.br\/cbradar\/wp-content\/uploads\/2025\/03\/berinjela_1742302276381-768x432.jpg 768w, https:\/\/www.correiobraziliense.com.br\/cbradar\/wp-content\/uploads\/2025\/03\/berinjela_1742302276381-750x422.jpg 750w, https:\/\/www.correiobraziliense.com.br\/cbradar\/wp-content\/uploads\/2025\/03\/berinjela_1742302276381-1140x641.jpg 1140w, https:\/\/www.correiobraziliense.com.br\/cbradar\/wp-content\/uploads\/2025\/03\/berinjela_1742302276381.jpg 1280w\" sizes=\"(max-width: 1024px) 100vw, 1024px\" \/><figcaption class=\"wp-element-caption\">berinjela. Cr\u00e9ditos: depositphotos.com \/ VadimVasenin<\/figcaption><\/figure>\n\n\n\n<h2 class=\"wp-block-heading\">Quais s\u00e3o os cuidados necess\u00e1rios durante o crescimento?<\/h2>\n\n\n\n<p>Durante o crescimento, a berinjela pode precisar de suporte para evitar que os ramos tombem devido ao peso dos frutos. Estacas verticais ou suportes de arame s\u00e3o solu\u00e7\u00f5es eficazes para manter a planta ereta. Para o cultivo em vasos, escolha recipientes com mais de 30 cm de profundidade e prepare uma camada de drenagem com brita ou argila expandida antes de adicionar o substrato.<\/p>\n\n\n\n<p>\u00c9 importante garantir que a planta receba luz solar direta por algumas horas diariamente, pois a berinjela necessita de alta luminosidade para um bom desenvolvimento. A irriga\u00e7\u00e3o deve ser regular, mantendo o solo \u00famido, especialmente ap\u00f3s o transplante das mudas.<\/p>\n\n\n\n<h2 class=\"wp-block-heading\">Quando e como realizar a colheita da berinjela?<\/h2>\n\n\n\n<p>A colheita da berinjela geralmente ocorre entre tr\u00eas a seis meses ap\u00f3s o plantio, dependendo das condi\u00e7\u00f5es de cultivo e da variedade plantada. Os frutos devem ser colhidos quando estiverem com uma apar\u00eancia lustrosa e cor vibrante. \u00c9 crucial colher antes que os frutos se tornem opacos e enrugados, pois isso indica que as sementes est\u00e3o endurecendo.<\/p>\n\n\n\n<p>Manuseie os frutos com cuidado para evitar danos que possam acelerar a deteriora\u00e7\u00e3o. Em regi\u00f5es de clima quente, a berinjela pode continuar a produzir por v\u00e1rios anos, embora a produ\u00e7\u00e3o seja mais intensa no primeiro ano.<\/p>\n\n\n\n<p>Com essas orienta\u00e7\u00f5es, o cultivo de berinjela pode ser uma atividade recompensadora, proporcionando frutos frescos e saborosos para diversas receitas culin\u00e1rias.<\/p>\n","protected":false},"excerpt":{"rendered":"<p>Aprenda a cultivar berinjelas em seu pr\u00f3prio jardim. Dicas de preparo do solo, cuidados durante o crescimento e a melhor \u00e9poca para colher.<\/p>\n","protected":false},"author":3,"featured_media":13453,"comment_status":"open","ping_status":"open","sticky":false,"template":"","format":"standard","meta":{"_yoast_wpseo_focuskw":"plantar berinjela","_yoast_wpseo_title":"%%title%%","_yoast_wpseo_metadesc":"Aprenda a cultivar berinjelas em seu pr\u00f3prio jardim. Dicas de preparo do solo, cuidados durante o crescimento e a melhor \u00e9poca para colher.","jnews-multi-image_gallery":[],"jnews_single_post":{"format":"standard"},"jnews_primary_category":[],"jnews_social_meta":[],"jnews_override_counter":[],"footnotes":""},"categories":[136],"post_tag":[2104,137],"class_list":["post-13452","post","type-post","status-publish","format-standard","has-post-thumbnail","hentry","category-jardinagem","tag-berinjela","tag-como-plantar"],"yoast_head":"<!-- This site is optimized with the Yoast SEO plugin v24.6 - https:\/\/yoast.com\/wordpress\/plugins\/seo\/ -->\n<title>Passo a passo de como plantar berinjela em casa<\/title>\n<meta name=\"description\" content=\"Aprenda a cultivar berinjelas em seu pr\u00f3prio jardim. Dicas de preparo do solo, cuidados durante o crescimento e a melhor \u00e9poca para colher.\" \/>\n<meta name=\"robots\" content=\"index, follow, max-snippet:-1, max-image-preview:large, max-video-preview:-1\" \/>\n<link rel=\"canonical\" href=\"https:\/\/www.correiobraziliense.com.br\/cbradar\/passo-a-passo-de-como-plantar-berinjela-em-casa\/\" \/>\n<meta property=\"og:locale\" content=\"pt_BR\" \/>\n<meta property=\"og:type\" content=\"article\" \/>\n<meta property=\"og:title\" content=\"Passo a passo de como plantar berinjela em casa\" \/>\n<meta property=\"og:description\" content=\"Aprenda a cultivar berinjelas em seu pr\u00f3prio jardim. Dicas de preparo do solo, cuidados durante o crescimento e a melhor \u00e9poca para colher.\" \/>\n<meta property=\"og:url\" content=\"https:\/\/www.correiobraziliense.com.br\/cbradar\/passo-a-passo-de-como-plantar-berinjela-em-casa\/\" \/>\n<meta property=\"og:site_name\" content=\"Correio Braziliense - Radar\" \/>\n<meta property=\"article:published_time\" content=\"2025-03-19T16:30:00+00:00\" \/>\n<meta property=\"og:image\" content=\"https:\/\/www.correiobraziliense.com.br\/cbradar\/wp-content\/uploads\/2025\/03\/berinjela_1742302251177.jpg\" \/>\n\t<meta property=\"og:image:width\" content=\"1280\" \/>\n\t<meta property=\"og:image:height\" content=\"720\" \/>\n\t<meta property=\"og:image:type\" content=\"image\/jpeg\" \/>\n<meta name=\"author\" content=\"Larissa Carvalho\" \/>\n<meta name=\"twitter:card\" content=\"summary_large_image\" \/>\n<meta name=\"twitter:label1\" content=\"Escrito por\" \/>\n\t<meta name=\"twitter:data1\" content=\"Larissa Carvalho\" \/>\n\t<meta name=\"twitter:label2\" content=\"Est. tempo de leitura\" \/>\n\t<meta name=\"twitter:data2\" content=\"4 minutos\" \/>\n<!-- \/ Yoast SEO plugin. -->","yoast_head_json":{"title":"Passo a passo de como plantar berinjela em casa","description":"Aprenda a cultivar berinjelas em seu pr\u00f3prio jardim. Dicas de preparo do solo, cuidados durante o crescimento e a melhor \u00e9poca para colher.","robots":{"index":"index","follow":"follow","max-snippet":"max-snippet:-1","max-image-preview":"max-image-preview:large","max-video-preview":"max-video-preview:-1"},"canonical":"https:\/\/www.correiobraziliense.com.br\/cbradar\/passo-a-passo-de-como-plantar-berinjela-em-casa\/","og_locale":"pt_BR","og_type":"article","og_title":"Passo a passo de como plantar berinjela em casa","og_description":"Aprenda a cultivar berinjelas em seu pr\u00f3prio jardim. Dicas de preparo do solo, cuidados durante o crescimento e a melhor \u00e9poca para colher.","og_url":"https:\/\/www.correiobraziliense.com.br\/cbradar\/passo-a-passo-de-como-plantar-berinjela-em-casa\/","og_site_name":"Correio Braziliense - Radar","article_published_time":"2025-03-19T16:30:00+00:00","og_image":[{"width":1280,"height":720,"url":"https:\/\/www.correiobraziliense.com.br\/cbradar\/wp-content\/uploads\/2025\/03\/berinjela_1742302251177.jpg","type":"image\/jpeg"}],"author":"Larissa Carvalho","twitter_card":"summary_large_image","twitter_misc":{"Escrito por":"Larissa Carvalho","Est. tempo de leitura":"4 minutos"},"schema":{"@context":"https:\/\/schema.org","@graph":[{"@type":"WebPage","@id":"https:\/\/www.correiobraziliense.com.br\/cbradar\/passo-a-passo-de-como-plantar-berinjela-em-casa\/","url":"https:\/\/www.correiobraziliense.com.br\/cbradar\/passo-a-passo-de-como-plantar-berinjela-em-casa\/","name":"Passo a passo de como plantar berinjela em casa","isPartOf":{"@id":"https:\/\/www.correiobraziliense.com.br\/cbradar\/#website"},"primaryImageOfPage":{"@id":"https:\/\/www.correiobraziliense.com.br\/cbradar\/passo-a-passo-de-como-plantar-berinjela-em-casa\/#primaryimage"},"image":{"@id":"https:\/\/www.correiobraziliense.com.br\/cbradar\/passo-a-passo-de-como-plantar-berinjela-em-casa\/#primaryimage"},"thumbnailUrl":"https:\/\/www.correiobraziliense.com.br\/cbradar\/wp-content\/uploads\/2025\/03\/berinjela_1742302251177.jpg","datePublished":"2025-03-19T16:30:00+00:00","author":{"@id":"https:\/\/www.correiobraziliense.com.br\/cbradar\/#\/schema\/person\/58422787644df994b53a19d3e56c1513"},"description":"Aprenda a cultivar berinjelas em seu pr\u00f3prio jardim. Dicas de preparo do solo, cuidados durante o crescimento e a melhor \u00e9poca para colher.","breadcrumb":{"@id":"https:\/\/www.correiobraziliense.com.br\/cbradar\/passo-a-passo-de-como-plantar-berinjela-em-casa\/#breadcrumb"},"inLanguage":"pt-BR","potentialAction":[{"@type":"ReadAction","target":["https:\/\/www.correiobraziliense.com.br\/cbradar\/passo-a-passo-de-como-plantar-berinjela-em-casa\/"]}]},{"@type":"ImageObject","inLanguage":"pt-BR","@id":"https:\/\/www.correiobraziliense.com.br\/cbradar\/passo-a-passo-de-como-plantar-berinjela-em-casa\/#primaryimage","url":"https:\/\/www.correiobraziliense.com.br\/cbradar\/wp-content\/uploads\/2025\/03\/berinjela_1742302251177.jpg","contentUrl":"https:\/\/www.correiobraziliense.com.br\/cbradar\/wp-content\/uploads\/2025\/03\/berinjela_1742302251177.jpg","width":1280,"height":720,"caption":"berinjela. Cr\u00e9ditos: depositphotos.com \/ VitalikRadko"},{"@type":"BreadcrumbList","@id":"https:\/\/www.correiobraziliense.com.br\/cbradar\/passo-a-passo-de-como-plantar-berinjela-em-casa\/#breadcrumb","itemListElement":[{"@type":"ListItem","position":1,"name":"In\u00edcio","item":"https:\/\/www.correiobraziliense.com.br\/cbradar\/"},{"@type":"ListItem","position":2,"name":"Passo a passo de como plantar berinjela em casa"}]},{"@type":"WebSite","@id":"https:\/\/www.correiobraziliense.com.br\/cbradar\/#website","url":"https:\/\/www.correiobraziliense.com.br\/cbradar\/","name":"Correio Braziliense - Radar","description":"Acompanhe as \u00faltimas not\u00edcias e fique bem informado sobre tudo o que acontece no Brasil e no mundo.","potentialAction":[{"@type":"SearchAction","target":{"@type":"EntryPoint","urlTemplate":"https:\/\/www.correiobraziliense.com.br\/cbradar\/?s={search_term_string}"},"query-input":{"@type":"PropertyValueSpecification","valueRequired":true,"valueName":"search_term_string"}}],"inLanguage":"pt-BR"},{"@type":"Person","@id":"https:\/\/www.correiobraziliense.com.br\/cbradar\/#\/schema\/person\/58422787644df994b53a19d3e56c1513","name":"Larissa Carvalho","image":{"@type":"ImageObject","inLanguage":"pt-BR","@id":"https:\/\/www.correiobraziliense.com.br\/cbradar\/#\/schema\/person\/image\/","url":"https:\/\/secure.gravatar.com\/avatar\/fe4f91a0de32b52a838d0d612abdc1aa?s=96&d=mm&r=g","contentUrl":"https:\/\/secure.gravatar.com\/avatar\/fe4f91a0de32b52a838d0d612abdc1aa?s=96&d=mm&r=g","caption":"Larissa Carvalho"},"url":"https:\/\/www.correiobraziliense.com.br\/cbradar\/author\/larissamyth\/"}]}},"_links":{"self":[{"href":"https:\/\/www.correiobraziliense.com.br\/cbradar\/wp-json\/wp\/v2\/posts\/13452","targetHints":{"allow":["GET"]}}],"collection":[{"href":"https:\/\/www.correiobraziliense.com.br\/cbradar\/wp-json\/wp\/v2\/posts"}],"about":[{"href":"https:\/\/www.correiobraziliense.com.br\/cbradar\/wp-json\/wp\/v2\/types\/post"}],"author":[{"embeddable":true,"href":"https:\/\/www.correiobraziliense.com.br\/cbradar\/wp-json\/wp\/v2\/users\/3"}],"replies":[{"embeddable":true,"href":"https:\/\/www.correiobraziliense.com.br\/cbradar\/wp-json\/wp\/v2\/comments?post=13452"}],"version-history":[{"count":1,"href":"https:\/\/www.correiobraziliense.com.br\/cbradar\/wp-json\/wp\/v2\/posts\/13452\/revisions"}],"predecessor-version":[{"id":13456,"href":"https:\/\/www.correiobraziliense.com.br\/cbradar\/wp-json\/wp\/v2\/posts\/13452\/revisions\/13456"}],"wp:featuredmedia":[{"embeddable":true,"href":"https:\/\/www.correiobraziliense.com.br\/cbradar\/wp-json\/wp\/v2\/media\/13453"}],"wp:attachment":[{"href":"https:\/\/www.correiobraziliense.com.br\/cbradar\/wp-json\/wp\/v2\/media?parent=13452"}],"wp:term":[{"taxonomy":"category","embeddable":true,"href":"https:\/\/www.correiobraziliense.com.br\/cbradar\/wp-json\/wp\/v2\/categories?post=13452"},{"taxonomy":"post_tag","embeddable":true,"href":"https:\/\/www.correiobraziliense.com.br\/cbradar\/wp-json\/wp\/v2\/post_tag?post=13452"}],"curies":[{"name":"wp","href":"https:\/\/api.w.org\/{rel}","templated":true}]}}