{"id":13460,"date":"2025-03-19T12:50:00","date_gmt":"2025-03-19T15:50:00","guid":{"rendered":"https:\/\/www.correiobraziliense.com.br\/cbradar\/?p=13460"},"modified":"2025-03-18T13:28:22","modified_gmt":"2025-03-18T16:28:22","slug":"fossil-indica-presenca-humana-antiga-na-europa-entenda","status":"publish","type":"post","link":"https:\/\/www.correiobraziliense.com.br\/cbradar\/fossil-indica-presenca-humana-antiga-na-europa-entenda\/","title":{"rendered":"F\u00f3ssil indica presen\u00e7a humana antiga na Europa, entenda"},"content":{"rendered":"\n<p>Um f\u00f3ssil encontrado no norte da <strong>Espanha <\/strong>em 2022 est\u00e1 sendo considerado o mais antigo de um ancestral humano j\u00e1 descoberto na <strong>Europa Ocidental<\/strong>. Os ossos, que incluem parte da bochecha esquerda e a se\u00e7\u00e3o superior da mand\u00edbula, datam de 1,1 a 1,4 milh\u00e3o de anos, conforme um estudo publicado na revista <strong><a href=\"https:\/\/www.nature.com\/\" target=\"_blank\" rel=\"noreferrer noopener\">Nature<\/a><\/strong>. Esta descoberta oferece novas perspectivas sobre a presen\u00e7a de ancestrais humanos na regi\u00e3o.<\/p>\n\n\n\n<p>O achado \u00e9 significativo porque, at\u00e9 ent\u00e3o, a cole\u00e7\u00e3o de f\u00f3sseis mais antiga da Europa era de 1,8 milh\u00e3o de anos, localizada na Ge\u00f3rgia, na fronteira entre a Europa Oriental e a \u00c1sia. A nova descoberta sugere que ancestrais humanos j\u00e1 percorriam a Europa Ocidental h\u00e1 mais de um milh\u00e3o de anos, o que pode alterar a compreens\u00e3o das rotas migrat\u00f3rias desses grupos.<\/p>\n\n\n\n<h2 class=\"wp-block-heading\">Qual a import\u00e2ncia da descoberta do f\u00f3ssil na Espanha?<\/h2>\n\n\n\n<p>O f\u00f3ssil espanhol \u00e9 a primeira evid\u00eancia concreta de que ancestrais humanos habitavam a Europa Ocidental em um per\u00edodo t\u00e3o remoto. Segundo Rick Potts, diretor do Programa das Origens Humanas do Museu Smithsonian, essa descoberta \u00e9 crucial para entender melhor a dispers\u00e3o dos humanos primitivos. Embora ainda n\u00e3o se saiba se esses grupos permaneceram na Europa, a descoberta abre novas possibilidades de pesquisa.<\/p>\n\n\n\n<figure class=\"wp-block-image size-large\"><img decoding=\"async\" width=\"1024\" height=\"576\" src=\"https:\/\/www.correiobraziliense.com.br\/cbradar\/wp-content\/uploads\/2025\/03\/escavacao-_1742303172374-1024x576.jpg\" alt=\"F\u00f3ssil Indica Presen\u00e7a Humana Antiga na Europa\" class=\"wp-image-13487\" srcset=\"https:\/\/www.correiobraziliense.com.br\/cbradar\/wp-content\/uploads\/2025\/03\/escavacao-_1742303172374-1024x576.jpg 1024w, https:\/\/www.correiobraziliense.com.br\/cbradar\/wp-content\/uploads\/2025\/03\/escavacao-_1742303172374-300x169.jpg 300w, https:\/\/www.correiobraziliense.com.br\/cbradar\/wp-content\/uploads\/2025\/03\/escavacao-_1742303172374-768x432.jpg 768w, https:\/\/www.correiobraziliense.com.br\/cbradar\/wp-content\/uploads\/2025\/03\/escavacao-_1742303172374-750x422.jpg 750w, https:\/\/www.correiobraziliense.com.br\/cbradar\/wp-content\/uploads\/2025\/03\/escavacao-_1742303172374-1140x641.jpg 1140w, https:\/\/www.correiobraziliense.com.br\/cbradar\/wp-content\/uploads\/2025\/03\/escavacao-_1742303172374.jpg 1280w\" sizes=\"(max-width: 1024px) 100vw, 1024px\" \/><figcaption class=\"wp-element-caption\">escava\u00e7\u00e3o.Cr\u00e9ditos: depositphotos.com \/ glougass<\/figcaption><\/figure>\n\n\n\n<p>Os ossos encontrados apresentam semelhan\u00e7as com o Homo erectus, uma esp\u00e9cie que surgiu na \u00c1frica h\u00e1 cerca de dois milh\u00f5es de anos e posteriormente se espalhou para a \u00c1sia e Europa. No entanto, algumas diferen\u00e7as anat\u00f4micas foram observadas, indicando que os f\u00f3sseis podem pertencer a uma varia\u00e7\u00e3o ou subgrupo ainda n\u00e3o identificado.<\/p>\n\n\n\n<h2 class=\"wp-block-heading\">Como os f\u00f3sseis contribuem para o estudo da evolu\u00e7\u00e3o humana?<\/h2>\n\n\n\n<p>F\u00f3sseis s\u00e3o fundamentais para o estudo da evolu\u00e7\u00e3o humana, pois fornecem pistas sobre a apar\u00eancia, comportamento e migra\u00e7\u00e3o dos ancestrais. No caso dos f\u00f3sseis encontrados na Espanha, a an\u00e1lise detalhada pode ajudar a esclarecer como os primeiros humanos se adaptaram a diferentes ambientes e quais foram suas rotas migrat\u00f3rias.<\/p>\n\n\n\n<p>O complexo de grutas nas Montanhas Atapuerca, onde os f\u00f3sseis foram descobertos, j\u00e1 foi palco de outras descobertas importantes. F\u00f3sseis de neandertais e dos primeiros Homo sapiens tamb\u00e9m foram encontrados na regi\u00e3o, oferecendo um panorama mais completo da evolu\u00e7\u00e3o humana na Europa.<\/p>\n\n\n\n<h2 class=\"wp-block-heading\">Quais os pr\u00f3ximos passos para a pesquisa?<\/h2>\n\n\n\n<p>Com a descoberta dos f\u00f3sseis na Espanha, os pesquisadores t\u00eam agora a oportunidade de aprofundar o estudo sobre a presen\u00e7a de ancestrais humanos na Europa Ocidental. Novas escava\u00e7\u00f5es e an\u00e1lises poder\u00e3o revelar mais detalhes sobre a vida e adapta\u00e7\u00e3o desses grupos primitivos.<\/p>\n\n\n\n<p>Al\u00e9m disso, a compara\u00e7\u00e3o com outros f\u00f3sseis encontrados em diferentes partes do mundo pode ajudar a tra\u00e7ar um mapa mais preciso das migra\u00e7\u00f5es humanas. O estudo cont\u00ednuo desses f\u00f3sseis \u00e9 essencial para entender a complexidade da evolu\u00e7\u00e3o humana e as intera\u00e7\u00f5es entre diferentes esp\u00e9cies ao longo do tempo.<\/p>\n","protected":false},"excerpt":{"rendered":"<p>Um f\u00f3ssil descoberto na Espanha revela a presen\u00e7a de ancestrais humanos na Europa Ocidental h\u00e1 1,4 milh\u00e3o de anos. <\/p>\n","protected":false},"author":3,"featured_media":13470,"comment_status":"open","ping_status":"open","sticky":false,"template":"","format":"standard","meta":{"_yoast_wpseo_focuskw":"F\u00f3ssil","_yoast_wpseo_title":"%%title%%","_yoast_wpseo_metadesc":"Um f\u00f3ssil descoberto na Espanha revela a presen\u00e7a de ancestrais humanos na Europa Ocidental h\u00e1 1,4 milh\u00e3o de anos.","jnews-multi-image_gallery":[],"jnews_single_post":{"format":"standard"},"jnews_primary_category":[],"jnews_social_meta":[],"jnews_override_counter":[],"footnotes":""},"categories":[112],"tags":[736,2103],"class_list":["post-13460","post","type-post","status-publish","format-standard","has-post-thumbnail","hentry","category-curiosidades","tag-ciencia","tag-fosseis"],"yoast_head":"<!-- This site is optimized with the Yoast SEO plugin v24.6 - https:\/\/yoast.com\/wordpress\/plugins\/seo\/ -->\n<title>F\u00f3ssil indica presen\u00e7a humana antiga na Europa, entenda<\/title>\n<meta name=\"description\" content=\"Um f\u00f3ssil descoberto na Espanha revela a presen\u00e7a de ancestrais humanos na Europa Ocidental h\u00e1 1,4 milh\u00e3o de anos.\" \/>\n<meta name=\"robots\" content=\"index, follow, max-snippet:-1, max-image-preview:large, max-video-preview:-1\" \/>\n<link rel=\"canonical\" href=\"https:\/\/www.correiobraziliense.com.br\/cbradar\/fossil-indica-presenca-humana-antiga-na-europa-entenda\/\" \/>\n<meta property=\"og:locale\" content=\"pt_BR\" \/>\n<meta property=\"og:type\" content=\"article\" \/>\n<meta property=\"og:title\" content=\"F\u00f3ssil indica presen\u00e7a humana antiga na Europa, entenda\" \/>\n<meta property=\"og:description\" content=\"Um f\u00f3ssil descoberto na Espanha revela a presen\u00e7a de ancestrais humanos na Europa Ocidental h\u00e1 1,4 milh\u00e3o de anos.\" \/>\n<meta property=\"og:url\" content=\"https:\/\/www.correiobraziliense.com.br\/cbradar\/fossil-indica-presenca-humana-antiga-na-europa-entenda\/\" \/>\n<meta property=\"og:site_name\" content=\"Correio Braziliense - Radar\" \/>\n<meta property=\"article:published_time\" content=\"2025-03-19T15:50:00+00:00\" \/>\n<meta property=\"og:image\" content=\"https:\/\/www.correiobraziliense.com.br\/cbradar\/wp-content\/uploads\/2025\/03\/Fossil_1742302910734.jpg\" \/>\n\t<meta property=\"og:image:width\" content=\"1280\" \/>\n\t<meta property=\"og:image:height\" content=\"720\" \/>\n\t<meta property=\"og:image:type\" content=\"image\/jpeg\" \/>\n<meta name=\"author\" content=\"Larissa Carvalho\" \/>\n<meta name=\"twitter:card\" content=\"summary_large_image\" \/>\n<meta name=\"twitter:label1\" content=\"Escrito por\" \/>\n\t<meta name=\"twitter:data1\" content=\"Larissa Carvalho\" \/>\n\t<meta name=\"twitter:label2\" content=\"Est. tempo de leitura\" \/>\n\t<meta name=\"twitter:data2\" content=\"3 minutos\" \/>\n<!-- \/ Yoast SEO plugin. -->","yoast_head_json":{"title":"F\u00f3ssil indica presen\u00e7a humana antiga na Europa, entenda","description":"Um f\u00f3ssil descoberto na Espanha revela a presen\u00e7a de ancestrais humanos na Europa Ocidental h\u00e1 1,4 milh\u00e3o de anos.","robots":{"index":"index","follow":"follow","max-snippet":"max-snippet:-1","max-image-preview":"max-image-preview:large","max-video-preview":"max-video-preview:-1"},"canonical":"https:\/\/www.correiobraziliense.com.br\/cbradar\/fossil-indica-presenca-humana-antiga-na-europa-entenda\/","og_locale":"pt_BR","og_type":"article","og_title":"F\u00f3ssil indica presen\u00e7a humana antiga na Europa, entenda","og_description":"Um f\u00f3ssil descoberto na Espanha revela a presen\u00e7a de ancestrais humanos na Europa Ocidental h\u00e1 1,4 milh\u00e3o de anos.","og_url":"https:\/\/www.correiobraziliense.com.br\/cbradar\/fossil-indica-presenca-humana-antiga-na-europa-entenda\/","og_site_name":"Correio Braziliense - Radar","article_published_time":"2025-03-19T15:50:00+00:00","og_image":[{"width":1280,"height":720,"url":"https:\/\/www.correiobraziliense.com.br\/cbradar\/wp-content\/uploads\/2025\/03\/Fossil_1742302910734.jpg","type":"image\/jpeg"}],"author":"Larissa Carvalho","twitter_card":"summary_large_image","twitter_misc":{"Escrito por":"Larissa Carvalho","Est. tempo de leitura":"3 minutos"},"schema":{"@context":"https:\/\/schema.org","@graph":[{"@type":"WebPage","@id":"https:\/\/www.correiobraziliense.com.br\/cbradar\/fossil-indica-presenca-humana-antiga-na-europa-entenda\/","url":"https:\/\/www.correiobraziliense.com.br\/cbradar\/fossil-indica-presenca-humana-antiga-na-europa-entenda\/","name":"F\u00f3ssil indica presen\u00e7a humana antiga na Europa, entenda","isPartOf":{"@id":"https:\/\/www.correiobraziliense.com.br\/cbradar\/#website"},"primaryImageOfPage":{"@id":"https:\/\/www.correiobraziliense.com.br\/cbradar\/fossil-indica-presenca-humana-antiga-na-europa-entenda\/#primaryimage"},"image":{"@id":"https:\/\/www.correiobraziliense.com.br\/cbradar\/fossil-indica-presenca-humana-antiga-na-europa-entenda\/#primaryimage"},"thumbnailUrl":"https:\/\/www.correiobraziliense.com.br\/cbradar\/wp-content\/uploads\/2025\/03\/Fossil_1742302910734.jpg","datePublished":"2025-03-19T15:50:00+00:00","author":{"@id":"https:\/\/www.correiobraziliense.com.br\/cbradar\/#\/schema\/person\/58422787644df994b53a19d3e56c1513"},"description":"Um f\u00f3ssil descoberto na Espanha revela a presen\u00e7a de ancestrais humanos na Europa Ocidental h\u00e1 1,4 milh\u00e3o de anos.","breadcrumb":{"@id":"https:\/\/www.correiobraziliense.com.br\/cbradar\/fossil-indica-presenca-humana-antiga-na-europa-entenda\/#breadcrumb"},"inLanguage":"pt-BR","potentialAction":[{"@type":"ReadAction","target":["https:\/\/www.correiobraziliense.com.br\/cbradar\/fossil-indica-presenca-humana-antiga-na-europa-entenda\/"]}]},{"@type":"ImageObject","inLanguage":"pt-BR","@id":"https:\/\/www.correiobraziliense.com.br\/cbradar\/fossil-indica-presenca-humana-antiga-na-europa-entenda\/#primaryimage","url":"https:\/\/www.correiobraziliense.com.br\/cbradar\/wp-content\/uploads\/2025\/03\/Fossil_1742302910734.jpg","contentUrl":"https:\/\/www.correiobraziliense.com.br\/cbradar\/wp-content\/uploads\/2025\/03\/Fossil_1742302910734.jpg","width":1280,"height":720,"caption":"F\u00f3ssil.Cr\u00e9ditos: depositphotos.com \/ microgen"},{"@type":"BreadcrumbList","@id":"https:\/\/www.correiobraziliense.com.br\/cbradar\/fossil-indica-presenca-humana-antiga-na-europa-entenda\/#breadcrumb","itemListElement":[{"@type":"ListItem","position":1,"name":"In\u00edcio","item":"https:\/\/www.correiobraziliense.com.br\/cbradar\/"},{"@type":"ListItem","position":2,"name":"F\u00f3ssil indica presen\u00e7a humana antiga na Europa, entenda"}]},{"@type":"WebSite","@id":"https:\/\/www.correiobraziliense.com.br\/cbradar\/#website","url":"https:\/\/www.correiobraziliense.com.br\/cbradar\/","name":"Correio Braziliense - Radar","description":"Acompanhe as \u00faltimas not\u00edcias e fique bem informado sobre tudo o que acontece no Brasil e no mundo.","potentialAction":[{"@type":"SearchAction","target":{"@type":"EntryPoint","urlTemplate":"https:\/\/www.correiobraziliense.com.br\/cbradar\/?s={search_term_string}"},"query-input":{"@type":"PropertyValueSpecification","valueRequired":true,"valueName":"search_term_string"}}],"inLanguage":"pt-BR"},{"@type":"Person","@id":"https:\/\/www.correiobraziliense.com.br\/cbradar\/#\/schema\/person\/58422787644df994b53a19d3e56c1513","name":"Larissa Carvalho","image":{"@type":"ImageObject","inLanguage":"pt-BR","@id":"https:\/\/www.correiobraziliense.com.br\/cbradar\/#\/schema\/person\/image\/","url":"https:\/\/secure.gravatar.com\/avatar\/fe4f91a0de32b52a838d0d612abdc1aa?s=96&d=mm&r=g","contentUrl":"https:\/\/secure.gravatar.com\/avatar\/fe4f91a0de32b52a838d0d612abdc1aa?s=96&d=mm&r=g","caption":"Larissa Carvalho"},"url":"https:\/\/www.correiobraziliense.com.br\/cbradar\/author\/larissamyth\/"}]}},"_links":{"self":[{"href":"https:\/\/www.correiobraziliense.com.br\/cbradar\/wp-json\/wp\/v2\/posts\/13460","targetHints":{"allow":["GET"]}}],"collection":[{"href":"https:\/\/www.correiobraziliense.com.br\/cbradar\/wp-json\/wp\/v2\/posts"}],"about":[{"href":"https:\/\/www.correiobraziliense.com.br\/cbradar\/wp-json\/wp\/v2\/types\/post"}],"author":[{"embeddable":true,"href":"https:\/\/www.correiobraziliense.com.br\/cbradar\/wp-json\/wp\/v2\/users\/3"}],"replies":[{"embeddable":true,"href":"https:\/\/www.correiobraziliense.com.br\/cbradar\/wp-json\/wp\/v2\/comments?post=13460"}],"version-history":[{"count":2,"href":"https:\/\/www.correiobraziliense.com.br\/cbradar\/wp-json\/wp\/v2\/posts\/13460\/revisions"}],"predecessor-version":[{"id":13632,"href":"https:\/\/www.correiobraziliense.com.br\/cbradar\/wp-json\/wp\/v2\/posts\/13460\/revisions\/13632"}],"wp:featuredmedia":[{"embeddable":true,"href":"https:\/\/www.correiobraziliense.com.br\/cbradar\/wp-json\/wp\/v2\/media\/13470"}],"wp:attachment":[{"href":"https:\/\/www.correiobraziliense.com.br\/cbradar\/wp-json\/wp\/v2\/media?parent=13460"}],"wp:term":[{"taxonomy":"category","embeddable":true,"href":"https:\/\/www.correiobraziliense.com.br\/cbradar\/wp-json\/wp\/v2\/categories?post=13460"},{"taxonomy":"post_tag","embeddable":true,"href":"https:\/\/www.correiobraziliense.com.br\/cbradar\/wp-json\/wp\/v2\/tags?post=13460"}],"curies":[{"name":"wp","href":"https:\/\/api.w.org\/{rel}","templated":true}]}}