{"id":134677,"date":"2025-11-10T19:45:00","date_gmt":"2025-11-10T22:45:00","guid":{"rendered":"https:\/\/www.correiobraziliense.com.br\/cbradar\/?p=134677"},"modified":"2025-11-09T07:17:35","modified_gmt":"2025-11-09T10:17:35","slug":"a-fruta-ideal-para-fortalecer-o-sistema-imunologico-e-que-e-facil-de-plantar","status":"publish","type":"post","link":"https:\/\/www.correiobraziliense.com.br\/cbradar\/a-fruta-ideal-para-fortalecer-o-sistema-imunologico-e-que-e-facil-de-plantar\/","title":{"rendered":"A fruta ideal para fortalecer o sistema imunol\u00f3gico e que \u00e9 f\u00e1cil de plantar"},"content":{"rendered":"\n<p>A laranja \u00e9 uma fruta conhecida pelo sabor refrescante e pelo alto teor de vitamina C, essencial para a sa\u00fade do corpo. Al\u00e9m de refor\u00e7ar o sistema imunol\u00f3gico, ela oferece diversos outros benef\u00edcios para o organismo e pode ser cultivada em casa, mesmo em espa\u00e7os pequenos.<\/p>\n\n\n\n<h2 class=\"wp-block-heading\">Quais s\u00e3o os principais benef\u00edcios da laranja para a sa\u00fade?<\/h2>\n\n\n\n<p><strong>A laranja \u00e9 rica em vitamina C, antioxidantes e fibras<\/strong>, que fortalecem o sistema imunol\u00f3gico, auxiliam na digest\u00e3o e combatem o envelhecimento precoce. Seu consumo regular ajuda a prevenir gripes e resfriados e mant\u00e9m a pele saud\u00e1vel.<\/p>\n\n\n\n<p>Al\u00e9m disso, <strong>o consumo da laranja contribui para a sa\u00fade do cora\u00e7\u00e3o<\/strong>, reduzindo os n\u00edveis de colesterol LDL e ajudando a controlar a press\u00e3o arterial. Os flavonoides presentes na fruta possuem a\u00e7\u00e3o anti-inflamat\u00f3ria e antioxidante, protegendo c\u00e9lulas e \u00f3rg\u00e3os vitais.<\/p>\n\n\n<div class=\"wp-block-image\">\n<figure class=\"aligncenter size-large\"><img decoding=\"async\" width=\"1024\" height=\"576\" src=\"https:\/\/www.correiobraziliense.com.br\/cbradar\/wp-content\/uploads\/2025\/06\/laranjeira-arvore_1749889900856-1024x576.jpg\" alt=\"\" class=\"wp-image-53277\" srcset=\"https:\/\/www.correiobraziliense.com.br\/cbradar\/wp-content\/uploads\/2025\/06\/laranjeira-arvore_1749889900856-1024x576.jpg 1024w, https:\/\/www.correiobraziliense.com.br\/cbradar\/wp-content\/uploads\/2025\/06\/laranjeira-arvore_1749889900856-300x169.jpg 300w, https:\/\/www.correiobraziliense.com.br\/cbradar\/wp-content\/uploads\/2025\/06\/laranjeira-arvore_1749889900856-768x432.jpg 768w, https:\/\/www.correiobraziliense.com.br\/cbradar\/wp-content\/uploads\/2025\/06\/laranjeira-arvore_1749889900856-750x422.jpg 750w, https:\/\/www.correiobraziliense.com.br\/cbradar\/wp-content\/uploads\/2025\/06\/laranjeira-arvore_1749889900856-1140x641.jpg 1140w, https:\/\/www.correiobraziliense.com.br\/cbradar\/wp-content\/uploads\/2025\/06\/laranjeira-arvore_1749889900856.jpg 1280w\" sizes=\"(max-width: 1024px) 100vw, 1024px\" \/><figcaption class=\"wp-element-caption\">O cultivo caseiro de laranja cresce, com t\u00e9cnicas para cultivo em vasos e produ\u00e7\u00e3o durante o ano todo. \/\/ Cr\u00e9ditos: depositphotos.com \/ paulobaqueta<\/figcaption><\/figure><\/div>\n\n\n<h2 class=\"wp-block-heading\">Como a laranja ajuda na digest\u00e3o e no emagrecimento?<\/h2>\n\n\n\n<p><strong>A laranja cont\u00e9m fibras sol\u00faveis que auxiliam na digest\u00e3o e promovem sensa\u00e7\u00e3o de saciedade.<\/strong> Isso pode ajudar na perda de peso quando combinada com uma dieta equilibrada e h\u00e1bitos saud\u00e1veis.<\/p>\n\n\n\n<p>Al\u00e9m disso, a fruta <strong>ajuda a regular o tr\u00e2nsito intestinal e prevenir a constipa\u00e7\u00e3o<\/strong>. O consumo da laranja in natura ou em sucos sem adi\u00e7\u00e3o de a\u00e7\u00facar potencializa seus efeitos digestivos e mant\u00e9m os nutrientes intactos.<\/p>\n\n\n\n<p><strong>Leia tamb\u00e9m: <a href=\"https:\/\/www.correiobraziliense.com.br\/cbradar\/6-frutas-que-sao-melhor-compradas-congeladas-e-nao-frescas\/\" target=\"_blank\" rel=\"noreferrer noopener\">6 frutas que s\u00e3o melhor compradas congeladas e n\u00e3o frescas<\/a>.<\/strong><\/p>\n\n\n\n<h2 class=\"wp-block-heading\">Como plantar laranja em casa?<\/h2>\n\n\n\n<p>Cultivar laranjeiras em casa \u00e9 poss\u00edvel, mesmo em vasos ou pequenos quintais. <strong>Escolha uma variedade adequada ao espa\u00e7o dispon\u00edvel<\/strong>, como laranja-ba\u00eda ou laranja-pera, que se adaptam bem ao cultivo dom\u00e9stico.<\/p>\n\n\n\n<ul class=\"wp-block-list\">\n<li><strong>Local de plantio<\/strong>: prefira sol pleno, pelo menos 6 horas por dia, e solo f\u00e9rtil, bem drenado.<\/li>\n\n\n\n<li><strong>Plantio<\/strong>: plante mudas jovens ou sementes germinadas em vasos profundos, ou canteiros, mantendo boa drenagem.<\/li>\n\n\n\n<li><strong>Cuidados cont\u00ednuos<\/strong>: regue regularmente, adube a cada 2-3 meses com composto org\u00e2nico, e realize podas leves para estimular a frutifica\u00e7\u00e3o.<\/li>\n\n\n\n<li><strong>Colheita<\/strong>: os frutos podem ser colhidos quando a casca estiver firme e colorida, geralmente ap\u00f3s 6 a 8 meses do in\u00edcio da frutifica\u00e7\u00e3o.<\/li>\n<\/ul>\n\n\n\n<figure class=\"wp-block-embed is-type-video is-provider-tiktok wp-block-embed-tiktok\"><div class=\"wp-block-embed__wrapper\">\n<blockquote class=\"tiktok-embed\" cite=\"https:\/\/www.tiktok.com\/@zaya.lives\/video\/7185204199666355461\" data-video-id=\"7185204199666355461\" data-embed-from=\"oembed\" style=\"max-width:605px; min-width:325px;\"> <section> <a target=\"_blank\" title=\"@zaya.lives\" href=\"https:\/\/www.tiktok.com\/@zaya.lives?refer=embed\">@zaya.lives<\/a> <p>Como plantar LARANJA \ud83c\udf4a <a title=\"pedelaranja\" target=\"_blank\" href=\"https:\/\/www.tiktok.com\/tag\/pedelaranja?refer=embed\">#pedelaranja<\/a> <a title=\"frutiferasemvaso\" target=\"_blank\" href=\"https:\/\/www.tiktok.com\/tag\/frutiferasemvaso?refer=embed\">#frutiferasemvaso<\/a> <a title=\"frutiferasemvasos\" target=\"_blank\" href=\"https:\/\/www.tiktok.com\/tag\/frutiferasemvasos?refer=embed\">#frutiferasemvasos<\/a> <a title=\"hortaemcasa\" target=\"_blank\" href=\"https:\/\/www.tiktok.com\/tag\/hortaemcasa?refer=embed\">#hortaemcasa<\/a> <a title=\"dicaspara2023\" target=\"_blank\" href=\"https:\/\/www.tiktok.com\/tag\/dicaspara2023?refer=embed\">#dicaspara2023<\/a> <\/p> <a target=\"_blank\" title=\"\u266c Forest \/ Nature \/ Birds \/ Environmental Sound(1329509) - TrickSTAR MUSIC\" href=\"https:\/\/www.tiktok.com\/music\/Forest-Nature-Birds-Environmental-Sound-1329509-7157041087670913025?refer=embed\">\u266c Forest \/ Nature \/ Birds \/ Environmental Sound(1329509) &#8211; TrickSTAR MUSIC<\/a> <\/section> <\/blockquote> <script async src=\"https:\/\/www.tiktok.com\/embed.js\"><\/script>\n<\/div><\/figure>\n\n\n\n<h2 class=\"wp-block-heading\">Benef\u00edcios adicionais de cultivar laranja em casa<\/h2>\n\n\n\n<ul class=\"wp-block-list\">\n<li>Garantia de frutas frescas e livres de agrot\u00f3xicos.<\/li>\n\n\n\n<li>Contato com a natureza e aprendizado sobre jardinagem.<\/li>\n\n\n\n<li>Est\u00edmulo a h\u00e1bitos alimentares mais saud\u00e1veis, com consumo de frutas frescas diariamente.<\/li>\n<\/ul>\n\n\n\n<p><strong>Cultivar e consumir laranjas em casa \u00e9 uma maneira pr\u00e1tica de obter nutrientes essenciais e promover bem-estar, unindo sabor, sa\u00fade e sustentabilidade.<\/strong><\/p>\n\n\n\n<h2 class=\"wp-block-heading\">Vale ressaltar<\/h2>\n\n\n\n<p><strong>Consumir laranjas regularmente oferece diversos benef\u00edcios para a sa\u00fade, como fortalecimento do sistema imunol\u00f3gico, prote\u00e7\u00e3o do cora\u00e7\u00e3o e melhora da digest\u00e3o.<\/strong> Cultivar a fruta em casa garante acesso a frutos frescos, sem agrot\u00f3xicos, e proporciona uma atividade prazerosa e educativa. Dessa forma, unir o consumo e o cultivo da laranja \u00e9 uma maneira pr\u00e1tica de promover bem-estar, sabor e h\u00e1bitos alimentares mais saud\u00e1veis.<\/p>\n","protected":false},"excerpt":{"rendered":"<p>A laranja \u00e9 uma fruta conhecida pelo sabor refrescante e pelo alto teor de vitamina C, essencial para a sa\u00fade do corpo. Al\u00e9m de refor\u00e7ar o sistema imunol\u00f3gico, ela oferece diversos outros benef\u00edcios para o organismo e pode ser cultivada em casa, mesmo em espa\u00e7os pequenos. Quais s\u00e3o os principais benef\u00edcios da laranja para a [&hellip;]<\/p>\n","protected":false},"author":8,"featured_media":53275,"comment_status":"open","ping_status":"open","sticky":false,"template":"","format":"standard","meta":{"_yoast_wpseo_focuskw":"fruta plantar","_yoast_wpseo_title":"","_yoast_wpseo_metadesc":"Fortale\u00e7a sua imunidade cultivando em casa a fruta ideal. Descubra como plantar e aproveitar todos os benef\u00edcios para a sa\u00fade.","jnews-multi-image_gallery":[],"jnews_single_post":{"format":"standard"},"jnews_primary_category":[],"jnews_social_meta":[],"jnews_override_counter":[],"footnotes":""},"categories":[136],"tags":[867,1809],"class_list":["post-134677","post","type-post","status-publish","format-standard","has-post-thumbnail","hentry","category-jardinagem","tag-laranja","tag-sistema-imunologico"],"yoast_head":"<!-- This site is optimized with the Yoast SEO plugin v24.6 - https:\/\/yoast.com\/wordpress\/plugins\/seo\/ -->\n<title>A fruta ideal para fortalecer o sistema imunol\u00f3gico e que \u00e9 f\u00e1cil de plantar - Correio Braziliense - Radar<\/title>\n<meta name=\"description\" content=\"Fortale\u00e7a sua imunidade cultivando em casa a fruta ideal. Descubra como plantar e aproveitar todos os benef\u00edcios para a sa\u00fade.\" \/>\n<meta name=\"robots\" content=\"index, follow, max-snippet:-1, max-image-preview:large, max-video-preview:-1\" \/>\n<link rel=\"canonical\" href=\"https:\/\/www.correiobraziliense.com.br\/cbradar\/a-fruta-ideal-para-fortalecer-o-sistema-imunologico-e-que-e-facil-de-plantar\/\" \/>\n<meta property=\"og:locale\" content=\"pt_BR\" \/>\n<meta property=\"og:type\" content=\"article\" \/>\n<meta property=\"og:title\" content=\"A fruta ideal para fortalecer o sistema imunol\u00f3gico e que \u00e9 f\u00e1cil de plantar - Correio Braziliense - Radar\" \/>\n<meta property=\"og:description\" content=\"Fortale\u00e7a sua imunidade cultivando em casa a fruta ideal. Descubra como plantar e aproveitar todos os benef\u00edcios para a sa\u00fade.\" \/>\n<meta property=\"og:url\" content=\"https:\/\/www.correiobraziliense.com.br\/cbradar\/a-fruta-ideal-para-fortalecer-o-sistema-imunologico-e-que-e-facil-de-plantar\/\" \/>\n<meta property=\"og:site_name\" content=\"Correio Braziliense - Radar\" \/>\n<meta property=\"article:published_time\" content=\"2025-11-10T22:45:00+00:00\" \/>\n<meta property=\"og:image\" content=\"https:\/\/www.correiobraziliense.com.br\/cbradar\/wp-content\/uploads\/2025\/06\/laranjeira-arvore_1749889888758.jpg\" \/>\n\t<meta property=\"og:image:width\" content=\"1280\" \/>\n\t<meta property=\"og:image:height\" content=\"720\" \/>\n\t<meta property=\"og:image:type\" content=\"image\/jpeg\" \/>\n<meta name=\"author\" content=\"Maura Pereira\" \/>\n<meta name=\"twitter:card\" content=\"summary_large_image\" \/>\n<meta name=\"twitter:label1\" content=\"Escrito por\" \/>\n\t<meta name=\"twitter:data1\" content=\"Maura Pereira\" \/>\n\t<meta name=\"twitter:label2\" content=\"Est. tempo de leitura\" \/>\n\t<meta name=\"twitter:data2\" content=\"4 minutos\" \/>\n<!-- \/ Yoast SEO plugin. -->","yoast_head_json":{"title":"A fruta ideal para fortalecer o sistema imunol\u00f3gico e que \u00e9 f\u00e1cil de plantar - Correio Braziliense - Radar","description":"Fortale\u00e7a sua imunidade cultivando em casa a fruta ideal. Descubra como plantar e aproveitar todos os benef\u00edcios para a sa\u00fade.","robots":{"index":"index","follow":"follow","max-snippet":"max-snippet:-1","max-image-preview":"max-image-preview:large","max-video-preview":"max-video-preview:-1"},"canonical":"https:\/\/www.correiobraziliense.com.br\/cbradar\/a-fruta-ideal-para-fortalecer-o-sistema-imunologico-e-que-e-facil-de-plantar\/","og_locale":"pt_BR","og_type":"article","og_title":"A fruta ideal para fortalecer o sistema imunol\u00f3gico e que \u00e9 f\u00e1cil de plantar - Correio Braziliense - Radar","og_description":"Fortale\u00e7a sua imunidade cultivando em casa a fruta ideal. Descubra como plantar e aproveitar todos os benef\u00edcios para a sa\u00fade.","og_url":"https:\/\/www.correiobraziliense.com.br\/cbradar\/a-fruta-ideal-para-fortalecer-o-sistema-imunologico-e-que-e-facil-de-plantar\/","og_site_name":"Correio Braziliense - Radar","article_published_time":"2025-11-10T22:45:00+00:00","og_image":[{"width":1280,"height":720,"url":"https:\/\/www.correiobraziliense.com.br\/cbradar\/wp-content\/uploads\/2025\/06\/laranjeira-arvore_1749889888758.jpg","type":"image\/jpeg"}],"author":"Maura Pereira","twitter_card":"summary_large_image","twitter_misc":{"Escrito por":"Maura Pereira","Est. tempo de leitura":"4 minutos"},"schema":{"@context":"https:\/\/schema.org","@graph":[{"@type":"WebPage","@id":"https:\/\/www.correiobraziliense.com.br\/cbradar\/a-fruta-ideal-para-fortalecer-o-sistema-imunologico-e-que-e-facil-de-plantar\/","url":"https:\/\/www.correiobraziliense.com.br\/cbradar\/a-fruta-ideal-para-fortalecer-o-sistema-imunologico-e-que-e-facil-de-plantar\/","name":"A fruta ideal para fortalecer o sistema imunol\u00f3gico e que \u00e9 f\u00e1cil de plantar - Correio Braziliense - Radar","isPartOf":{"@id":"https:\/\/www.correiobraziliense.com.br\/cbradar\/#website"},"primaryImageOfPage":{"@id":"https:\/\/www.correiobraziliense.com.br\/cbradar\/a-fruta-ideal-para-fortalecer-o-sistema-imunologico-e-que-e-facil-de-plantar\/#primaryimage"},"image":{"@id":"https:\/\/www.correiobraziliense.com.br\/cbradar\/a-fruta-ideal-para-fortalecer-o-sistema-imunologico-e-que-e-facil-de-plantar\/#primaryimage"},"thumbnailUrl":"https:\/\/www.correiobraziliense.com.br\/cbradar\/wp-content\/uploads\/2025\/06\/laranjeira-arvore_1749889888758.jpg","datePublished":"2025-11-10T22:45:00+00:00","author":{"@id":"https:\/\/www.correiobraziliense.com.br\/cbradar\/#\/schema\/person\/4053c651a9bfc785afc6f4cbc9032fd3"},"description":"Fortale\u00e7a sua imunidade cultivando em casa a fruta ideal. Descubra como plantar e aproveitar todos os benef\u00edcios para a sa\u00fade.","breadcrumb":{"@id":"https:\/\/www.correiobraziliense.com.br\/cbradar\/a-fruta-ideal-para-fortalecer-o-sistema-imunologico-e-que-e-facil-de-plantar\/#breadcrumb"},"inLanguage":"pt-BR","potentialAction":[{"@type":"ReadAction","target":["https:\/\/www.correiobraziliense.com.br\/cbradar\/a-fruta-ideal-para-fortalecer-o-sistema-imunologico-e-que-e-facil-de-plantar\/"]}]},{"@type":"ImageObject","inLanguage":"pt-BR","@id":"https:\/\/www.correiobraziliense.com.br\/cbradar\/a-fruta-ideal-para-fortalecer-o-sistema-imunologico-e-que-e-facil-de-plantar\/#primaryimage","url":"https:\/\/www.correiobraziliense.com.br\/cbradar\/wp-content\/uploads\/2025\/06\/laranjeira-arvore_1749889888758.jpg","contentUrl":"https:\/\/www.correiobraziliense.com.br\/cbradar\/wp-content\/uploads\/2025\/06\/laranjeira-arvore_1749889888758.jpg","width":1280,"height":720,"caption":"Laranja \u00e9 uma fruta c\u00edtrica que pode ser cultivada em casa por meio de mudas enxertadas. \/\/ Cr\u00e9ditos: depositphotos.com \/ sripfoto"},{"@type":"BreadcrumbList","@id":"https:\/\/www.correiobraziliense.com.br\/cbradar\/a-fruta-ideal-para-fortalecer-o-sistema-imunologico-e-que-e-facil-de-plantar\/#breadcrumb","itemListElement":[{"@type":"ListItem","position":1,"name":"In\u00edcio","item":"https:\/\/www.correiobraziliense.com.br\/cbradar\/"},{"@type":"ListItem","position":2,"name":"A fruta ideal para fortalecer o sistema imunol\u00f3gico e que \u00e9 f\u00e1cil de plantar"}]},{"@type":"WebSite","@id":"https:\/\/www.correiobraziliense.com.br\/cbradar\/#website","url":"https:\/\/www.correiobraziliense.com.br\/cbradar\/","name":"Correio Braziliense - Radar","description":"Acompanhe as \u00faltimas not\u00edcias e fique bem informado sobre tudo o que acontece no Brasil e no mundo.","potentialAction":[{"@type":"SearchAction","target":{"@type":"EntryPoint","urlTemplate":"https:\/\/www.correiobraziliense.com.br\/cbradar\/?s={search_term_string}"},"query-input":{"@type":"PropertyValueSpecification","valueRequired":true,"valueName":"search_term_string"}}],"inLanguage":"pt-BR"},{"@type":"Person","@id":"https:\/\/www.correiobraziliense.com.br\/cbradar\/#\/schema\/person\/4053c651a9bfc785afc6f4cbc9032fd3","name":"Maura Pereira","image":{"@type":"ImageObject","inLanguage":"pt-BR","@id":"https:\/\/www.correiobraziliense.com.br\/cbradar\/#\/schema\/person\/image\/","url":"https:\/\/secure.gravatar.com\/avatar\/3effd6bdadfa447f15089c7f7144eaa6?s=96&d=mm&r=g","contentUrl":"https:\/\/secure.gravatar.com\/avatar\/3effd6bdadfa447f15089c7f7144eaa6?s=96&d=mm&r=g","caption":"Maura Pereira"},"sameAs":["https:\/\/www.correiobraziliense.com.br\/"],"url":"https:\/\/www.correiobraziliense.com.br\/cbradar\/author\/mauramyth\/"}]}},"_links":{"self":[{"href":"https:\/\/www.correiobraziliense.com.br\/cbradar\/wp-json\/wp\/v2\/posts\/134677","targetHints":{"allow":["GET"]}}],"collection":[{"href":"https:\/\/www.correiobraziliense.com.br\/cbradar\/wp-json\/wp\/v2\/posts"}],"about":[{"href":"https:\/\/www.correiobraziliense.com.br\/cbradar\/wp-json\/wp\/v2\/types\/post"}],"author":[{"embeddable":true,"href":"https:\/\/www.correiobraziliense.com.br\/cbradar\/wp-json\/wp\/v2\/users\/8"}],"replies":[{"embeddable":true,"href":"https:\/\/www.correiobraziliense.com.br\/cbradar\/wp-json\/wp\/v2\/comments?post=134677"}],"version-history":[{"count":10,"href":"https:\/\/www.correiobraziliense.com.br\/cbradar\/wp-json\/wp\/v2\/posts\/134677\/revisions"}],"predecessor-version":[{"id":134687,"href":"https:\/\/www.correiobraziliense.com.br\/cbradar\/wp-json\/wp\/v2\/posts\/134677\/revisions\/134687"}],"wp:featuredmedia":[{"embeddable":true,"href":"https:\/\/www.correiobraziliense.com.br\/cbradar\/wp-json\/wp\/v2\/media\/53275"}],"wp:attachment":[{"href":"https:\/\/www.correiobraziliense.com.br\/cbradar\/wp-json\/wp\/v2\/media?parent=134677"}],"wp:term":[{"taxonomy":"category","embeddable":true,"href":"https:\/\/www.correiobraziliense.com.br\/cbradar\/wp-json\/wp\/v2\/categories?post=134677"},{"taxonomy":"post_tag","embeddable":true,"href":"https:\/\/www.correiobraziliense.com.br\/cbradar\/wp-json\/wp\/v2\/tags?post=134677"}],"curies":[{"name":"wp","href":"https:\/\/api.w.org\/{rel}","templated":true}]}}