{"id":13468,"date":"2025-03-19T10:30:00","date_gmt":"2025-03-19T13:30:00","guid":{"rendered":"https:\/\/www.correiobraziliense.com.br\/cbradar\/?p=13468"},"modified":"2025-03-18T13:27:56","modified_gmt":"2025-03-18T16:27:56","slug":"ted-lasso-e-oficialmente-renovada-para-a-4a-temporada","status":"publish","type":"post","link":"https:\/\/www.correiobraziliense.com.br\/cbradar\/ted-lasso-e-oficialmente-renovada-para-a-4a-temporada\/","title":{"rendered":"Ted Lasso \u00e9 oficialmente renovada para a 4\u00aa temporada"},"content":{"rendered":"\n<p>Lan\u00e7ada em 2020 pela <strong><a href=\"https:\/\/www.apple.com\/br\/apple-tv-plus\/\" target=\"_blank\" rel=\"noreferrer noopener\">Apple TV<\/a><\/strong>, a s\u00e9rie\u00a0<strong>Ted Lasso<\/strong>\u00a0rapidamente se tornou um fen\u00f4meno de audi\u00eancia e cr\u00edtica. Ap\u00f3s tr\u00eas temporadas bem-sucedidas, muitos acreditavam que a narrativa havia chegado ao fim em 2023. No entanto, em 2025, a plataforma surpreendeu os f\u00e3s ao anunciar a produ\u00e7\u00e3o de uma quarta temporada, reacendendo o entusiasmo em torno da s\u00e9rie.<\/p>\n\n\n\n<p>Com a confirma\u00e7\u00e3o de novos epis\u00f3dios, a expectativa \u00e9 grande para saber como a hist\u00f3ria de <strong>Ted Lasso<\/strong>, interpretado por <strong>Jason Sudeikis<\/strong>, continuar\u00e1 a se desenvolver. <strong>Sudeikis<\/strong>, al\u00e9m de retornar ao papel principal, tamb\u00e9m atuar\u00e1 como produtor-executivo, garantindo que a ess\u00eancia da s\u00e9rie seja mantida.<\/p>\n\n\n\n<h2 class=\"wp-block-heading\">O que esperar da temporada 4 de Ted Lasso?<\/h2>\n\n\n\n<p>A quarta temporada promete trazer novas din\u00e2micas e desafios. De acordo com informa\u00e7\u00f5es divulgadas, a trama se concentrar\u00e1 em Ted Lasso liderando uma equipe de futebol feminino, um desvio interessante do foco anterior no <strong>AFC Richmond.<\/strong> Essa mudan\u00e7a abre espa\u00e7o para novas hist\u00f3rias e personagens, enquanto mant\u00e9m o esp\u00edrito otimista e motivador que caracteriza a s\u00e9rie.<\/p>\n\n\n\n<p>Al\u00e9m de Sudeikis, outros membros do elenco original, como <strong>Juno Temple, Hannah Waddingham, Brett Goldstein e Jeremy Swift<\/strong>, est\u00e3o confirmados para retornar. No entanto, muitos dos jogadores do time masculino n\u00e3o devem aparecer nos novos epis\u00f3dios, o que sugere uma renova\u00e7\u00e3o no elenco e nas hist\u00f3rias abordadas.<\/p>\n\n\n\n<figure class=\"wp-block-image size-large\"><img decoding=\"async\" width=\"1024\" height=\"576\" src=\"https:\/\/www.correiobraziliense.com.br\/cbradar\/wp-content\/uploads\/2025\/03\/Ted-Lasso-2-1024x576.png\" alt=\"Ted Lasso \u00e9 oficialmente renovada para a 4\u00aa temporada\" class=\"wp-image-13493\" srcset=\"https:\/\/www.correiobraziliense.com.br\/cbradar\/wp-content\/uploads\/2025\/03\/Ted-Lasso-2-1024x576.png 1024w, https:\/\/www.correiobraziliense.com.br\/cbradar\/wp-content\/uploads\/2025\/03\/Ted-Lasso-2-300x169.png 300w, https:\/\/www.correiobraziliense.com.br\/cbradar\/wp-content\/uploads\/2025\/03\/Ted-Lasso-2-768x432.png 768w, https:\/\/www.correiobraziliense.com.br\/cbradar\/wp-content\/uploads\/2025\/03\/Ted-Lasso-2-750x422.png 750w, https:\/\/www.correiobraziliense.com.br\/cbradar\/wp-content\/uploads\/2025\/03\/Ted-Lasso-2-1140x641.png 1140w, https:\/\/www.correiobraziliense.com.br\/cbradar\/wp-content\/uploads\/2025\/03\/Ted-Lasso-2.png 1280w\" sizes=\"(max-width: 1024px) 100vw, 1024px\" \/><figcaption class=\"wp-element-caption\">Ted Lasso. Fonte: divulga\u00e7\u00e3o \/ AppleTV<\/figcaption><\/figure>\n\n\n\n<h2 class=\"wp-block-heading\">Por que Ted Lasso continua a ser um sucesso?<\/h2>\n\n\n\n<p>O sucesso cont\u00ednuo de&nbsp;<em>Ted Lasso<\/em>&nbsp;pode ser atribu\u00eddo a v\u00e1rios fatores. A s\u00e9rie \u00e9 conhecida por seu humor cativante e pela capacidade de abordar temas s\u00e9rios com leveza e empatia. A popularidade da s\u00e9rie tamb\u00e9m se deve ao seu protagonista carism\u00e1tico, cujas a\u00e7\u00f5es e filosofia de vida inspiram tanto os personagens quanto o p\u00fablico.<\/p>\n\n\n\n<p>Al\u00e9m disso, a s\u00e9rie se destaca por sua abordagem inovadora do g\u00eanero de com\u00e9dia, misturando momentos de humor com cenas emocionantes e reflexivas. Essa combina\u00e7\u00e3o \u00fanica tem garantido \u00e0 s\u00e9rie uma aprova\u00e7\u00e3o m\u00e9dia de 90% da cr\u00edtica no Rotten Tomatoes, um feito not\u00e1vel para qualquer produ\u00e7\u00e3o televisiva.<\/p>\n\n\n\n<h2 class=\"wp-block-heading\">Como a s\u00e9rie impacta seu p\u00fablico?<\/h2>\n\n\n\n<p><strong>Ted Lasso<\/strong>&nbsp;n\u00e3o \u00e9 apenas uma s\u00e9rie de com\u00e9dia; \u00e9 uma narrativa que toca em quest\u00f5es humanas universais, como supera\u00e7\u00e3o, amizade e resili\u00eancia. A s\u00e9rie tem o poder de inspirar seus espectadores a ver o mundo de maneira mais positiva, mesmo diante de adversidades.<\/p>\n\n\n\n<p>Com a nova temporada, espera-se que a s\u00e9rie continue a explorar essas tem\u00e1ticas, agora sob a perspectiva de um time de futebol feminino. Essa mudan\u00e7a promete trazer novas discuss\u00f5es e reflex\u00f5es, mantendo o p\u00fablico engajado e ansioso por mais.<\/p>\n\n\n\n<h2 class=\"wp-block-heading\">O que esperar<\/h2>\n\n\n\n<p>O retorno de&nbsp;<em>Ted Lasso<\/em>&nbsp;para uma quarta temporada \u00e9 uma prova de seu impacto duradouro e de sua capacidade de evoluir enquanto mant\u00e9m sua ess\u00eancia. Com novos desafios e hist\u00f3rias, a s\u00e9rie continua a ser uma fonte de inspira\u00e7\u00e3o e entretenimento para seu p\u00fablico fiel.<\/p>\n","protected":false},"excerpt":{"rendered":"<p>Explore o mundo inspirador de Ted Lasso, seu sucesso duradouro e a excita\u00e7\u00e3o em torno de sua pr\u00f3xima 4\u00aa temporada.<\/p>\n","protected":false},"author":3,"featured_media":13492,"comment_status":"open","ping_status":"open","sticky":false,"template":"","format":"standard","meta":{"_yoast_wpseo_focuskw":"Ted Lasso 4\u00aa temporada","_yoast_wpseo_title":"%%title%%","_yoast_wpseo_metadesc":"Explore o mundo inspirador de Ted Lasso, seu sucesso duradouro e a excita\u00e7\u00e3o em torno de sua pr\u00f3xima 4\u00aa temporada.","jnews-multi-image_gallery":[],"jnews_single_post":{"format":"standard"},"jnews_primary_category":[],"jnews_social_meta":[],"jnews_override_counter":[],"footnotes":""},"categories":[140],"post_tag":[568,2102],"class_list":["post-13468","post","type-post","status-publish","format-standard","has-post-thumbnail","hentry","category-entretenimento","tag-series-e-filmes","tag-ted-lasso"],"yoast_head":"<!-- This site is optimized with the Yoast SEO plugin v24.6 - https:\/\/yoast.com\/wordpress\/plugins\/seo\/ -->\n<title>Ted Lasso \u00e9 oficialmente renovada para a 4\u00aa temporada<\/title>\n<meta name=\"description\" content=\"Explore o mundo inspirador de Ted Lasso, seu sucesso duradouro e a excita\u00e7\u00e3o em torno de sua pr\u00f3xima 4\u00aa temporada.\" \/>\n<meta name=\"robots\" content=\"index, follow, max-snippet:-1, max-image-preview:large, max-video-preview:-1\" \/>\n<link rel=\"canonical\" href=\"https:\/\/www.correiobraziliense.com.br\/cbradar\/ted-lasso-e-oficialmente-renovada-para-a-4a-temporada\/\" \/>\n<meta property=\"og:locale\" content=\"pt_BR\" \/>\n<meta property=\"og:type\" content=\"article\" \/>\n<meta property=\"og:title\" content=\"Ted Lasso \u00e9 oficialmente renovada para a 4\u00aa temporada\" \/>\n<meta property=\"og:description\" content=\"Explore o mundo inspirador de Ted Lasso, seu sucesso duradouro e a excita\u00e7\u00e3o em torno de sua pr\u00f3xima 4\u00aa temporada.\" \/>\n<meta property=\"og:url\" content=\"https:\/\/www.correiobraziliense.com.br\/cbradar\/ted-lasso-e-oficialmente-renovada-para-a-4a-temporada\/\" \/>\n<meta property=\"og:site_name\" content=\"Correio Braziliense - Radar\" \/>\n<meta property=\"article:published_time\" content=\"2025-03-19T13:30:00+00:00\" \/>\n<meta property=\"og:image\" content=\"https:\/\/www.correiobraziliense.com.br\/cbradar\/wp-content\/uploads\/2025\/03\/Ted-Lasso.png\" \/>\n\t<meta property=\"og:image:width\" content=\"1280\" \/>\n\t<meta property=\"og:image:height\" content=\"720\" \/>\n\t<meta property=\"og:image:type\" content=\"image\/png\" \/>\n<meta name=\"author\" content=\"Larissa Carvalho\" \/>\n<meta name=\"twitter:card\" content=\"summary_large_image\" \/>\n<meta name=\"twitter:label1\" content=\"Escrito por\" \/>\n\t<meta name=\"twitter:data1\" content=\"Larissa Carvalho\" \/>\n\t<meta name=\"twitter:label2\" content=\"Est. tempo de leitura\" \/>\n\t<meta name=\"twitter:data2\" content=\"3 minutos\" \/>\n<!-- \/ Yoast SEO plugin. -->","yoast_head_json":{"title":"Ted Lasso \u00e9 oficialmente renovada para a 4\u00aa temporada","description":"Explore o mundo inspirador de Ted Lasso, seu sucesso duradouro e a excita\u00e7\u00e3o em torno de sua pr\u00f3xima 4\u00aa temporada.","robots":{"index":"index","follow":"follow","max-snippet":"max-snippet:-1","max-image-preview":"max-image-preview:large","max-video-preview":"max-video-preview:-1"},"canonical":"https:\/\/www.correiobraziliense.com.br\/cbradar\/ted-lasso-e-oficialmente-renovada-para-a-4a-temporada\/","og_locale":"pt_BR","og_type":"article","og_title":"Ted Lasso \u00e9 oficialmente renovada para a 4\u00aa temporada","og_description":"Explore o mundo inspirador de Ted Lasso, seu sucesso duradouro e a excita\u00e7\u00e3o em torno de sua pr\u00f3xima 4\u00aa temporada.","og_url":"https:\/\/www.correiobraziliense.com.br\/cbradar\/ted-lasso-e-oficialmente-renovada-para-a-4a-temporada\/","og_site_name":"Correio Braziliense - Radar","article_published_time":"2025-03-19T13:30:00+00:00","og_image":[{"width":1280,"height":720,"url":"https:\/\/www.correiobraziliense.com.br\/cbradar\/wp-content\/uploads\/2025\/03\/Ted-Lasso.png","type":"image\/png"}],"author":"Larissa Carvalho","twitter_card":"summary_large_image","twitter_misc":{"Escrito por":"Larissa Carvalho","Est. tempo de leitura":"3 minutos"},"schema":{"@context":"https:\/\/schema.org","@graph":[{"@type":"WebPage","@id":"https:\/\/www.correiobraziliense.com.br\/cbradar\/ted-lasso-e-oficialmente-renovada-para-a-4a-temporada\/","url":"https:\/\/www.correiobraziliense.com.br\/cbradar\/ted-lasso-e-oficialmente-renovada-para-a-4a-temporada\/","name":"Ted Lasso \u00e9 oficialmente renovada para a 4\u00aa temporada","isPartOf":{"@id":"https:\/\/www.correiobraziliense.com.br\/cbradar\/#website"},"primaryImageOfPage":{"@id":"https:\/\/www.correiobraziliense.com.br\/cbradar\/ted-lasso-e-oficialmente-renovada-para-a-4a-temporada\/#primaryimage"},"image":{"@id":"https:\/\/www.correiobraziliense.com.br\/cbradar\/ted-lasso-e-oficialmente-renovada-para-a-4a-temporada\/#primaryimage"},"thumbnailUrl":"https:\/\/www.correiobraziliense.com.br\/cbradar\/wp-content\/uploads\/2025\/03\/Ted-Lasso.png","datePublished":"2025-03-19T13:30:00+00:00","author":{"@id":"https:\/\/www.correiobraziliense.com.br\/cbradar\/#\/schema\/person\/58422787644df994b53a19d3e56c1513"},"description":"Explore o mundo inspirador de Ted Lasso, seu sucesso duradouro e a excita\u00e7\u00e3o em torno de sua pr\u00f3xima 4\u00aa temporada.","breadcrumb":{"@id":"https:\/\/www.correiobraziliense.com.br\/cbradar\/ted-lasso-e-oficialmente-renovada-para-a-4a-temporada\/#breadcrumb"},"inLanguage":"pt-BR","potentialAction":[{"@type":"ReadAction","target":["https:\/\/www.correiobraziliense.com.br\/cbradar\/ted-lasso-e-oficialmente-renovada-para-a-4a-temporada\/"]}]},{"@type":"ImageObject","inLanguage":"pt-BR","@id":"https:\/\/www.correiobraziliense.com.br\/cbradar\/ted-lasso-e-oficialmente-renovada-para-a-4a-temporada\/#primaryimage","url":"https:\/\/www.correiobraziliense.com.br\/cbradar\/wp-content\/uploads\/2025\/03\/Ted-Lasso.png","contentUrl":"https:\/\/www.correiobraziliense.com.br\/cbradar\/wp-content\/uploads\/2025\/03\/Ted-Lasso.png","width":1280,"height":720,"caption":"Ted Lasso. Fonte: divulga\u00e7\u00e3o \/ AppleTV"},{"@type":"BreadcrumbList","@id":"https:\/\/www.correiobraziliense.com.br\/cbradar\/ted-lasso-e-oficialmente-renovada-para-a-4a-temporada\/#breadcrumb","itemListElement":[{"@type":"ListItem","position":1,"name":"In\u00edcio","item":"https:\/\/www.correiobraziliense.com.br\/cbradar\/"},{"@type":"ListItem","position":2,"name":"Ted Lasso \u00e9 oficialmente renovada para a 4\u00aa temporada"}]},{"@type":"WebSite","@id":"https:\/\/www.correiobraziliense.com.br\/cbradar\/#website","url":"https:\/\/www.correiobraziliense.com.br\/cbradar\/","name":"Correio Braziliense - Radar","description":"Acompanhe as \u00faltimas not\u00edcias e fique bem informado sobre tudo o que acontece no Brasil e no mundo.","potentialAction":[{"@type":"SearchAction","target":{"@type":"EntryPoint","urlTemplate":"https:\/\/www.correiobraziliense.com.br\/cbradar\/?s={search_term_string}"},"query-input":{"@type":"PropertyValueSpecification","valueRequired":true,"valueName":"search_term_string"}}],"inLanguage":"pt-BR"},{"@type":"Person","@id":"https:\/\/www.correiobraziliense.com.br\/cbradar\/#\/schema\/person\/58422787644df994b53a19d3e56c1513","name":"Larissa Carvalho","image":{"@type":"ImageObject","inLanguage":"pt-BR","@id":"https:\/\/www.correiobraziliense.com.br\/cbradar\/#\/schema\/person\/image\/","url":"https:\/\/secure.gravatar.com\/avatar\/fe4f91a0de32b52a838d0d612abdc1aa?s=96&d=mm&r=g","contentUrl":"https:\/\/secure.gravatar.com\/avatar\/fe4f91a0de32b52a838d0d612abdc1aa?s=96&d=mm&r=g","caption":"Larissa Carvalho"},"url":"https:\/\/www.correiobraziliense.com.br\/cbradar\/author\/larissamyth\/"}]}},"_links":{"self":[{"href":"https:\/\/www.correiobraziliense.com.br\/cbradar\/wp-json\/wp\/v2\/posts\/13468","targetHints":{"allow":["GET"]}}],"collection":[{"href":"https:\/\/www.correiobraziliense.com.br\/cbradar\/wp-json\/wp\/v2\/posts"}],"about":[{"href":"https:\/\/www.correiobraziliense.com.br\/cbradar\/wp-json\/wp\/v2\/types\/post"}],"author":[{"embeddable":true,"href":"https:\/\/www.correiobraziliense.com.br\/cbradar\/wp-json\/wp\/v2\/users\/3"}],"replies":[{"embeddable":true,"href":"https:\/\/www.correiobraziliense.com.br\/cbradar\/wp-json\/wp\/v2\/comments?post=13468"}],"version-history":[{"count":1,"href":"https:\/\/www.correiobraziliense.com.br\/cbradar\/wp-json\/wp\/v2\/posts\/13468\/revisions"}],"predecessor-version":[{"id":13498,"href":"https:\/\/www.correiobraziliense.com.br\/cbradar\/wp-json\/wp\/v2\/posts\/13468\/revisions\/13498"}],"wp:featuredmedia":[{"embeddable":true,"href":"https:\/\/www.correiobraziliense.com.br\/cbradar\/wp-json\/wp\/v2\/media\/13492"}],"wp:attachment":[{"href":"https:\/\/www.correiobraziliense.com.br\/cbradar\/wp-json\/wp\/v2\/media?parent=13468"}],"wp:term":[{"taxonomy":"category","embeddable":true,"href":"https:\/\/www.correiobraziliense.com.br\/cbradar\/wp-json\/wp\/v2\/categories?post=13468"},{"taxonomy":"post_tag","embeddable":true,"href":"https:\/\/www.correiobraziliense.com.br\/cbradar\/wp-json\/wp\/v2\/post_tag?post=13468"}],"curies":[{"name":"wp","href":"https:\/\/api.w.org\/{rel}","templated":true}]}}