{"id":134828,"date":"2025-11-10T18:35:00","date_gmt":"2025-11-10T21:35:00","guid":{"rendered":"https:\/\/www.correiobraziliense.com.br\/cbradar\/?p=134828"},"modified":"2025-11-09T10:02:13","modified_gmt":"2025-11-09T13:02:13","slug":"o-que-realmente-acontece-se-ficar-sem-comer-por-1-semana","status":"publish","type":"post","link":"https:\/\/www.correiobraziliense.com.br\/cbradar\/o-que-realmente-acontece-se-ficar-sem-comer-por-1-semana\/","title":{"rendered":"O que realmente acontece se ficar sem comer por 1 semana?"},"content":{"rendered":"\n<p><strong>Ficar sem comer por longos per\u00edodos desperta curiosidade e preocupa\u00e7\u00e3o. <\/strong>A ideia de passar uma semana sem alimentos pode parecer um teste de resist\u00eancia f\u00edsica e mental, mas os efeitos no corpo s\u00e3o muito mais profundos do que se imagina.<\/p>\n\n\n\n<h2 class=\"wp-block-heading\">O que o corpo faz nas primeiras 24 horas sem comida?<\/h2>\n\n\n\n<p><strong>Nas primeiras horas sem se alimentar, o corpo entra em modo de economia.<\/strong> <strong>Ele utiliza a glicose armazenada no f\u00edgado e nos m\u00fasculos como fonte imediata de energia.<\/strong> Quando esse estoque se esgota, o organismo come\u00e7a a quebrar gordura e massa muscular para se manter ativo.<\/p>\n\n\n\n<p>O metabolismo desacelera, e sintomas como tontura, fraqueza e irritabilidade podem aparecer. Essa \u00e9 a forma que o corpo encontra de conservar energia e proteger os \u00f3rg\u00e3os vitais durante o jejum prolongado.<\/p>\n\n\n<div class=\"wp-block-image\">\n<figure class=\"aligncenter size-large\"><img decoding=\"async\" width=\"1024\" height=\"576\" src=\"https:\/\/www.correiobraziliense.com.br\/cbradar\/wp-content\/uploads\/2025\/11\/fome_1762693085303-1024x576.jpg\" alt=\"O que realmente acontece se ficar sem comer por 1 semana?\" class=\"wp-image-134908\" srcset=\"https:\/\/www.correiobraziliense.com.br\/cbradar\/wp-content\/uploads\/2025\/11\/fome_1762693085303-1024x576.jpg 1024w, https:\/\/www.correiobraziliense.com.br\/cbradar\/wp-content\/uploads\/2025\/11\/fome_1762693085303-300x169.jpg 300w, https:\/\/www.correiobraziliense.com.br\/cbradar\/wp-content\/uploads\/2025\/11\/fome_1762693085303-768x432.jpg 768w, https:\/\/www.correiobraziliense.com.br\/cbradar\/wp-content\/uploads\/2025\/11\/fome_1762693085303-750x422.jpg 750w, https:\/\/www.correiobraziliense.com.br\/cbradar\/wp-content\/uploads\/2025\/11\/fome_1762693085303-1140x641.jpg 1140w, https:\/\/www.correiobraziliense.com.br\/cbradar\/wp-content\/uploads\/2025\/11\/fome_1762693085303.jpg 1280w\" sizes=\"(max-width: 1024px) 100vw, 1024px\" \/><figcaption class=\"wp-element-caption\"> Ficar uma semana sem comer provoca uso das reservas de glicog\u00eanio, seguida de queima de gordura e prote\u00ednas musculares para energia. \/\/ Cr\u00e9ditos: depositphotos.com \/ pressmaster<\/figcaption><\/figure><\/div>\n\n\n<h2 class=\"wp-block-heading\">O que acontece entre o segundo e o s\u00e9timo dia de jejum?<\/h2>\n\n\n\n<p>A partir do segundo dia, o corpo entra em <strong>cetose<\/strong>, um estado metab\u00f3lico em que a gordura se torna a principal fonte de energia. Embora isso possa provocar perda de peso, o processo tamb\u00e9m causa sobrecarga nos rins e no f\u00edgado.<\/p>\n\n\n\n<p>No quinto dia, h\u00e1 uma queda acentuada nos n\u00edveis de energia e no funcionamento cognitivo. O corpo come\u00e7a a degradar m\u00fasculos e tecidos para sobreviver, o que pode trazer consequ\u00eancias s\u00e9rias, como arritmias e confus\u00e3o mental.<\/p>\n\n\n\n<h2 class=\"wp-block-heading\">Quais os riscos reais de ficar uma semana sem comer?<\/h2>\n\n\n\n<p>Ficar sete dias sem comida n\u00e3o \u00e9 somente desafiador \u2014 \u00e9 perigoso. <strong>A falta prolongada de nutrientes pode comprometer \u00f3rg\u00e3os essenciais e levar \u00e0 desidrata\u00e7\u00e3o, hipoglicemia e at\u00e9 colapso metab\u00f3lico.<\/strong><\/p>\n\n\n\n<p>Entre os principais riscos est\u00e3o:<\/p>\n\n\n\n<ul class=\"wp-block-list\">\n<li>Perda severa de massa muscular e densidade \u00f3ssea<\/li>\n\n\n\n<li>Altera\u00e7\u00f5es hormonais e redu\u00e7\u00e3o da imunidade<\/li>\n\n\n\n<li>Dano renal e hep\u00e1tico<\/li>\n\n\n\n<li>Risco de desmaios e arritmias card\u00edacas<\/li>\n<\/ul>\n\n\n\n<p>Esses efeitos tornam o jejum extremo uma pr\u00e1tica arriscada, especialmente sem supervis\u00e3o m\u00e9dica.<\/p>\n\n\n\n<figure class=\"wp-block-embed is-type-video is-provider-tiktok wp-block-embed-tiktok\"><div class=\"wp-block-embed__wrapper\">\n<blockquote class=\"tiktok-embed\" cite=\"https:\/\/www.tiktok.com\/@full.cortes\/video\/7208285424932900101\" data-video-id=\"7208285424932900101\" data-embed-from=\"oembed\" style=\"max-width:605px; min-width:325px;\"> <section> <a target=\"_blank\" title=\"@full.cortes\" href=\"https:\/\/www.tiktok.com\/@full.cortes?refer=embed\">@full.cortes<\/a> <p>Renato Cariani &#8211; QUANTOS DIAS UMA PESSOA PODE FICAR SEM COMER? <a title=\"inteligencialtda\" target=\"_blank\" href=\"https:\/\/www.tiktok.com\/tag\/inteligencialtda?refer=embed\">#inteligencialtda<\/a> <a title=\"podcast\" target=\"_blank\" href=\"https:\/\/www.tiktok.com\/tag\/podcast?refer=embed\">#podcast<\/a> <a title=\"flow\" target=\"_blank\" href=\"https:\/\/www.tiktok.com\/tag\/flow?refer=embed\">#flow<\/a> <a title=\"podpah\" target=\"_blank\" href=\"https:\/\/www.tiktok.com\/tag\/podpah?refer=embed\">#podpah<\/a> <a title=\"flowpodcast\" target=\"_blank\" href=\"https:\/\/www.tiktok.com\/tag\/flowpodcast?refer=embed\">#flowpodcast<\/a> <a title=\"venuspodcast\" target=\"_blank\" href=\"https:\/\/www.tiktok.com\/tag\/venuspodcast?refer=embed\">#venuspodcast<\/a> <a title=\"ticaracaticast\" target=\"_blank\" href=\"https:\/\/www.tiktok.com\/tag\/ticaracaticast?refer=embed\">#ticaracaticast<\/a> <a title=\"maisque8minutos\" target=\"_blank\" href=\"https:\/\/www.tiktok.com\/tag\/maisque8minutos?refer=embed\">#maisque8minutos<\/a> <a title=\"renatocariani\" target=\"_blank\" href=\"https:\/\/www.tiktok.com\/tag\/renatocariani?refer=embed\">#renatocariani<\/a> <a title=\"alimentacaosaudavel\" target=\"_blank\" href=\"https:\/\/www.tiktok.com\/tag\/alimentacaosaudavel?refer=embed\">#alimentacaosaudavel<\/a> <a title=\"corpo\" target=\"_blank\" href=\"https:\/\/www.tiktok.com\/tag\/corpo?refer=embed\">#corpo<\/a> <a title=\"corporatetiktok\" target=\"_blank\" href=\"https:\/\/www.tiktok.com\/tag\/corporatetiktok?refer=embed\">#corporatetiktok<\/a> <a title=\"saude\" target=\"_blank\" href=\"https:\/\/www.tiktok.com\/tag\/saude?refer=embed\">#saude<\/a> <a title=\"saudemental\" target=\"_blank\" href=\"https:\/\/www.tiktok.com\/tag\/saudemental?refer=embed\">#saudemental<\/a> <a title=\"gordura\" target=\"_blank\" href=\"https:\/\/www.tiktok.com\/tag\/gordura?refer=embed\">#gordura<\/a> <a title=\"musculo\" target=\"_blank\" href=\"https:\/\/www.tiktok.com\/tag\/musculo?refer=embed\">#musculo<\/a> <a title=\"comida\" target=\"_blank\" href=\"https:\/\/www.tiktok.com\/tag\/comida?refer=embed\">#comida<\/a> <a title=\"dieta\" target=\"_blank\" href=\"https:\/\/www.tiktok.com\/tag\/dieta?refer=embed\">#dieta<\/a> <a title=\"foryou\" target=\"_blank\" href=\"https:\/\/www.tiktok.com\/tag\/foryou?refer=embed\">#foryou<\/a> <a title=\"foryoupage\" target=\"_blank\" href=\"https:\/\/www.tiktok.com\/tag\/foryoupage?refer=embed\">#foryoupage<\/a> <a title=\"fyp\" target=\"_blank\" href=\"https:\/\/www.tiktok.com\/tag\/fyp?refer=embed\">#fyp<\/a> <a title=\"fyp\u30b7\" target=\"_blank\" href=\"https:\/\/www.tiktok.com\/tag\/fyp%E3%82%B7?refer=embed\">#fyp\u30b7<\/a> <a title=\"fyp\u30b7\u309aviral\" target=\"_blank\" href=\"https:\/\/www.tiktok.com\/tag\/fyp%E3%82%B7%E3%82%9Aviral?refer=embed\">#fyp\u30b7\u309aviral<\/a> <a title=\"fy\" target=\"_blank\" href=\"https:\/\/www.tiktok.com\/tag\/fy?refer=embed\">#fy<\/a> <a title=\"viral\" target=\"_blank\" href=\"https:\/\/www.tiktok.com\/tag\/viral?refer=embed\">#viral<\/a> <a title=\"viralizou\" target=\"_blank\" href=\"https:\/\/www.tiktok.com\/tag\/viralizou?refer=embed\">#viralizou<\/a> <a title=\"foryoubrasil\" target=\"_blank\" href=\"https:\/\/www.tiktok.com\/tag\/foryoubrasil?refer=embed\">#foryoubrasil<\/a> <\/p> <a target=\"_blank\" title=\"\u266c som original - FullCortes\" href=\"https:\/\/www.tiktok.com\/music\/som-original-7208285436623571717?refer=embed\">\u266c som original &#8211; FullCortes<\/a> <\/section> <\/blockquote> <script async src=\"https:\/\/www.tiktok.com\/embed.js\"><\/script>\n<\/div><\/figure>\n\n\n\n<h2 class=\"wp-block-heading\">Existe alguma forma segura de fazer jejum?<\/h2>\n\n\n\n<p>O jejum intermitente, quando bem orientado, pode trazer benef\u00edcios. No entanto, ele \u00e9 <strong>muito diferente de ficar uma semana sem comer.<\/strong> A vers\u00e3o segura desse m\u00e9todo envolve per\u00edodos curtos sem alimenta\u00e7\u00e3o e intervalos regulares de ingest\u00e3o equilibrada.<\/p>\n\n\n\n<p>Antes de iniciar qualquer pr\u00e1tica desse tipo, \u00e9 essencial:<\/p>\n\n\n\n<ul class=\"wp-block-list\">\n<li>Consultar um nutricionista ou m\u00e9dico<\/li>\n\n\n\n<li>Manter hidrata\u00e7\u00e3o adequada<\/li>\n\n\n\n<li>Evitar atividades f\u00edsicas intensas durante o jejum<\/li>\n<\/ul>\n\n\n\n<p><strong>Leia tamb\u00e9m: <a href=\"https:\/\/www.correiobraziliense.com.br\/cbradar\/essa-cidade-paulista-e-ideal-para-viver-bem-com-seguranca-reforcada\/\" target=\"_blank\" rel=\"noreferrer noopener\">Essa cidade paulista \u00e9 ideal para viver bem com seguran\u00e7a refor\u00e7ada.<\/a><\/strong><\/p>\n\n\n\n<h2 class=\"wp-block-heading\">O veredito sobre o jejum extremo<\/h2>\n\n\n\n<p><strong>Ficar uma semana sem comer n\u00e3o \u00e9 uma forma segura de emagrecer ou desintoxicar o corpo.<\/strong> Embora o jejum curto e controlado possa trazer resultados positivos, o excesso causa danos dif\u00edceis de reverter. O segredo est\u00e1 no equil\u00edbrio: alimenta\u00e7\u00e3o natural, sono regular e orienta\u00e7\u00e3o profissional continuam sendo as chaves para uma sa\u00fade duradoura.<\/p>\n","protected":false},"excerpt":{"rendered":"<p>Ficar sem comer por longos per\u00edodos desperta curiosidade e preocupa\u00e7\u00e3o. A ideia de passar uma semana sem alimentos pode parecer um teste de resist\u00eancia f\u00edsica e mental, mas os efeitos no corpo s\u00e3o muito mais profundos do que se imagina. O que o corpo faz nas primeiras 24 horas sem comida? Nas primeiras horas sem [&hellip;]<\/p>\n","protected":false},"author":8,"featured_media":134911,"comment_status":"open","ping_status":"open","sticky":false,"template":"","format":"standard","meta":{"_yoast_wpseo_focuskw":"sem comer","_yoast_wpseo_title":"","_yoast_wpseo_metadesc":"Descubra o que realmente acontece com o corpo ao ficar uma semana sem comer e por que isso pode trazer riscos s\u00e9rios \u00e0 sa\u00fade.","jnews-multi-image_gallery":[],"jnews_single_post":{"format":"standard"},"jnews_primary_category":[],"jnews_social_meta":[],"jnews_override_counter":[],"footnotes":""},"categories":[112],"post_tag":[11524,281,7346],"class_list":["post-134828","post","type-post","status-publish","format-standard","has-post-thumbnail","hentry","category-curiosidades","tag-1-semana-sem-comer","tag-alimentacao","tag-o-que-acontece"],"yoast_head":"<!-- This site is optimized with the Yoast SEO plugin v24.6 - https:\/\/yoast.com\/wordpress\/plugins\/seo\/ -->\n<title>O que realmente acontece se ficar sem comer por 1 semana? - Correio Braziliense - Radar<\/title>\n<meta name=\"description\" content=\"Descubra o que realmente acontece com o corpo ao ficar uma semana sem comer e por que isso pode trazer riscos s\u00e9rios \u00e0 sa\u00fade.\" \/>\n<meta name=\"robots\" content=\"index, follow, max-snippet:-1, max-image-preview:large, max-video-preview:-1\" \/>\n<link rel=\"canonical\" href=\"https:\/\/www.correiobraziliense.com.br\/cbradar\/o-que-realmente-acontece-se-ficar-sem-comer-por-1-semana\/\" \/>\n<meta property=\"og:locale\" content=\"pt_BR\" \/>\n<meta property=\"og:type\" content=\"article\" \/>\n<meta property=\"og:title\" content=\"O que realmente acontece se ficar sem comer por 1 semana? - Correio Braziliense - Radar\" \/>\n<meta property=\"og:description\" content=\"Descubra o que realmente acontece com o corpo ao ficar uma semana sem comer e por que isso pode trazer riscos s\u00e9rios \u00e0 sa\u00fade.\" \/>\n<meta property=\"og:url\" content=\"https:\/\/www.correiobraziliense.com.br\/cbradar\/o-que-realmente-acontece-se-ficar-sem-comer-por-1-semana\/\" \/>\n<meta property=\"og:site_name\" content=\"Correio Braziliense - Radar\" \/>\n<meta property=\"article:published_time\" content=\"2025-11-10T21:35:00+00:00\" \/>\n<meta property=\"og:image\" content=\"https:\/\/www.correiobraziliense.com.br\/cbradar\/wp-content\/uploads\/2025\/11\/fome_1762693104998.jpg\" \/>\n\t<meta property=\"og:image:width\" content=\"1280\" \/>\n\t<meta property=\"og:image:height\" content=\"720\" \/>\n\t<meta property=\"og:image:type\" content=\"image\/jpeg\" \/>\n<meta name=\"author\" content=\"Maura Pereira\" \/>\n<meta name=\"twitter:card\" content=\"summary_large_image\" \/>\n<meta name=\"twitter:label1\" content=\"Escrito por\" \/>\n\t<meta name=\"twitter:data1\" content=\"Maura Pereira\" \/>\n\t<meta name=\"twitter:label2\" content=\"Est. tempo de leitura\" \/>\n\t<meta name=\"twitter:data2\" content=\"3 minutos\" \/>\n<!-- \/ Yoast SEO plugin. -->","yoast_head_json":{"title":"O que realmente acontece se ficar sem comer por 1 semana? - Correio Braziliense - Radar","description":"Descubra o que realmente acontece com o corpo ao ficar uma semana sem comer e por que isso pode trazer riscos s\u00e9rios \u00e0 sa\u00fade.","robots":{"index":"index","follow":"follow","max-snippet":"max-snippet:-1","max-image-preview":"max-image-preview:large","max-video-preview":"max-video-preview:-1"},"canonical":"https:\/\/www.correiobraziliense.com.br\/cbradar\/o-que-realmente-acontece-se-ficar-sem-comer-por-1-semana\/","og_locale":"pt_BR","og_type":"article","og_title":"O que realmente acontece se ficar sem comer por 1 semana? - Correio Braziliense - Radar","og_description":"Descubra o que realmente acontece com o corpo ao ficar uma semana sem comer e por que isso pode trazer riscos s\u00e9rios \u00e0 sa\u00fade.","og_url":"https:\/\/www.correiobraziliense.com.br\/cbradar\/o-que-realmente-acontece-se-ficar-sem-comer-por-1-semana\/","og_site_name":"Correio Braziliense - Radar","article_published_time":"2025-11-10T21:35:00+00:00","og_image":[{"width":1280,"height":720,"url":"https:\/\/www.correiobraziliense.com.br\/cbradar\/wp-content\/uploads\/2025\/11\/fome_1762693104998.jpg","type":"image\/jpeg"}],"author":"Maura Pereira","twitter_card":"summary_large_image","twitter_misc":{"Escrito por":"Maura Pereira","Est. tempo de leitura":"3 minutos"},"schema":{"@context":"https:\/\/schema.org","@graph":[{"@type":"WebPage","@id":"https:\/\/www.correiobraziliense.com.br\/cbradar\/o-que-realmente-acontece-se-ficar-sem-comer-por-1-semana\/","url":"https:\/\/www.correiobraziliense.com.br\/cbradar\/o-que-realmente-acontece-se-ficar-sem-comer-por-1-semana\/","name":"O que realmente acontece se ficar sem comer por 1 semana? - Correio Braziliense - Radar","isPartOf":{"@id":"https:\/\/www.correiobraziliense.com.br\/cbradar\/#website"},"primaryImageOfPage":{"@id":"https:\/\/www.correiobraziliense.com.br\/cbradar\/o-que-realmente-acontece-se-ficar-sem-comer-por-1-semana\/#primaryimage"},"image":{"@id":"https:\/\/www.correiobraziliense.com.br\/cbradar\/o-que-realmente-acontece-se-ficar-sem-comer-por-1-semana\/#primaryimage"},"thumbnailUrl":"https:\/\/www.correiobraziliense.com.br\/cbradar\/wp-content\/uploads\/2025\/11\/fome_1762693104998.jpg","datePublished":"2025-11-10T21:35:00+00:00","author":{"@id":"https:\/\/www.correiobraziliense.com.br\/cbradar\/#\/schema\/person\/4053c651a9bfc785afc6f4cbc9032fd3"},"description":"Descubra o que realmente acontece com o corpo ao ficar uma semana sem comer e por que isso pode trazer riscos s\u00e9rios \u00e0 sa\u00fade.","breadcrumb":{"@id":"https:\/\/www.correiobraziliense.com.br\/cbradar\/o-que-realmente-acontece-se-ficar-sem-comer-por-1-semana\/#breadcrumb"},"inLanguage":"pt-BR","potentialAction":[{"@type":"ReadAction","target":["https:\/\/www.correiobraziliense.com.br\/cbradar\/o-que-realmente-acontece-se-ficar-sem-comer-por-1-semana\/"]}]},{"@type":"ImageObject","inLanguage":"pt-BR","@id":"https:\/\/www.correiobraziliense.com.br\/cbradar\/o-que-realmente-acontece-se-ficar-sem-comer-por-1-semana\/#primaryimage","url":"https:\/\/www.correiobraziliense.com.br\/cbradar\/wp-content\/uploads\/2025\/11\/fome_1762693104998.jpg","contentUrl":"https:\/\/www.correiobraziliense.com.br\/cbradar\/wp-content\/uploads\/2025\/11\/fome_1762693104998.jpg","width":1280,"height":720,"caption":"icar muito tempo sem comer pode causar tontura, dores de cabe\u00e7a, fraqueza e baixa imunidade. \/\/ Cr\u00e9ditos: depositphotos.com \/ sirinapawannapat.gmail.com"},{"@type":"BreadcrumbList","@id":"https:\/\/www.correiobraziliense.com.br\/cbradar\/o-que-realmente-acontece-se-ficar-sem-comer-por-1-semana\/#breadcrumb","itemListElement":[{"@type":"ListItem","position":1,"name":"In\u00edcio","item":"https:\/\/www.correiobraziliense.com.br\/cbradar\/"},{"@type":"ListItem","position":2,"name":"O que realmente acontece se ficar sem comer por 1 semana?"}]},{"@type":"WebSite","@id":"https:\/\/www.correiobraziliense.com.br\/cbradar\/#website","url":"https:\/\/www.correiobraziliense.com.br\/cbradar\/","name":"Correio Braziliense - Radar","description":"Acompanhe as \u00faltimas not\u00edcias e fique bem informado sobre tudo o que acontece no Brasil e no mundo.","potentialAction":[{"@type":"SearchAction","target":{"@type":"EntryPoint","urlTemplate":"https:\/\/www.correiobraziliense.com.br\/cbradar\/?s={search_term_string}"},"query-input":{"@type":"PropertyValueSpecification","valueRequired":true,"valueName":"search_term_string"}}],"inLanguage":"pt-BR"},{"@type":"Person","@id":"https:\/\/www.correiobraziliense.com.br\/cbradar\/#\/schema\/person\/4053c651a9bfc785afc6f4cbc9032fd3","name":"Maura Pereira","image":{"@type":"ImageObject","inLanguage":"pt-BR","@id":"https:\/\/www.correiobraziliense.com.br\/cbradar\/#\/schema\/person\/image\/","url":"https:\/\/secure.gravatar.com\/avatar\/3effd6bdadfa447f15089c7f7144eaa6?s=96&d=mm&r=g","contentUrl":"https:\/\/secure.gravatar.com\/avatar\/3effd6bdadfa447f15089c7f7144eaa6?s=96&d=mm&r=g","caption":"Maura Pereira"},"sameAs":["https:\/\/www.correiobraziliense.com.br\/"],"url":"https:\/\/www.correiobraziliense.com.br\/cbradar\/author\/mauramyth\/"}]}},"_links":{"self":[{"href":"https:\/\/www.correiobraziliense.com.br\/cbradar\/wp-json\/wp\/v2\/posts\/134828","targetHints":{"allow":["GET"]}}],"collection":[{"href":"https:\/\/www.correiobraziliense.com.br\/cbradar\/wp-json\/wp\/v2\/posts"}],"about":[{"href":"https:\/\/www.correiobraziliense.com.br\/cbradar\/wp-json\/wp\/v2\/types\/post"}],"author":[{"embeddable":true,"href":"https:\/\/www.correiobraziliense.com.br\/cbradar\/wp-json\/wp\/v2\/users\/8"}],"replies":[{"embeddable":true,"href":"https:\/\/www.correiobraziliense.com.br\/cbradar\/wp-json\/wp\/v2\/comments?post=134828"}],"version-history":[{"count":10,"href":"https:\/\/www.correiobraziliense.com.br\/cbradar\/wp-json\/wp\/v2\/posts\/134828\/revisions"}],"predecessor-version":[{"id":134916,"href":"https:\/\/www.correiobraziliense.com.br\/cbradar\/wp-json\/wp\/v2\/posts\/134828\/revisions\/134916"}],"wp:featuredmedia":[{"embeddable":true,"href":"https:\/\/www.correiobraziliense.com.br\/cbradar\/wp-json\/wp\/v2\/media\/134911"}],"wp:attachment":[{"href":"https:\/\/www.correiobraziliense.com.br\/cbradar\/wp-json\/wp\/v2\/media?parent=134828"}],"wp:term":[{"taxonomy":"category","embeddable":true,"href":"https:\/\/www.correiobraziliense.com.br\/cbradar\/wp-json\/wp\/v2\/categories?post=134828"},{"taxonomy":"post_tag","embeddable":true,"href":"https:\/\/www.correiobraziliense.com.br\/cbradar\/wp-json\/wp\/v2\/post_tag?post=134828"}],"curies":[{"name":"wp","href":"https:\/\/api.w.org\/{rel}","templated":true}]}}