{"id":13501,"date":"2025-03-19T07:30:00","date_gmt":"2025-03-19T10:30:00","guid":{"rendered":"https:\/\/www.correiobraziliense.com.br\/cbradar\/?p=13501"},"modified":"2025-03-18T13:26:54","modified_gmt":"2025-03-18T16:26:54","slug":"conheca-a-cidade-que-mudou-de-pais-mais-de-10-vezes","status":"publish","type":"post","link":"https:\/\/www.correiobraziliense.com.br\/cbradar\/conheca-a-cidade-que-mudou-de-pais-mais-de-10-vezes\/","title":{"rendered":"Conhe\u00e7a a cidade que mudou de pais mais de 10 vezes"},"content":{"rendered":"\n<p>A cidade de <strong>Estrasburgo<\/strong>, localizada na regi\u00e3o da <strong>Als\u00e1cia<\/strong>, \u00e9 um dos lugares mais disputados da hist\u00f3ria europeia. Ao longo dos s\u00e9culos, essa cidade j\u00e1 pertenceu \u00e0 <strong>Fran\u00e7a<\/strong> e \u00e0 <strong>Alemanha<\/strong> diversas vezes, mudando de nacionalidade sem que seus habitantes precisassem se mudar.<\/p>\n\n\n\n<h2 class=\"wp-block-heading\">Por que Estrasburgo mudou tanto de pa\u00eds?<\/h2>\n\n\n\n<p>Estrasburgo fica na fronteira entre <strong>Fran\u00e7a<\/strong> e <strong>Alemanha<\/strong>, uma regi\u00e3o historicamente disputada. Desde a Idade M\u00e9dia, a cidade passou por diferentes governos e conflitos que a fizeram mudar de nacionalidade mais de <strong>10 vezes<\/strong>. Entre os principais momentos dessa altern\u00e2ncia, destacam-se:<\/p>\n\n\n\n<ul class=\"wp-block-list\">\n<li><strong>S\u00e9culo XVII<\/strong>: A cidade era parte do <strong>Sacro Imp\u00e9rio Romano-Germ\u00e2nico<\/strong>, mas foi conquistada pela Fran\u00e7a em <strong>1681<\/strong> durante o reinado de <strong>Lu\u00eds XIV<\/strong>.<\/li>\n\n\n\n<li><strong>S\u00e9culo XIX<\/strong>: Ap\u00f3s a <strong>Guerra Franco-Prussiana<\/strong> (1870-1871), Estrasburgo foi anexada pela <strong>Alemanha<\/strong> e integrou o Imp\u00e9rio Alem\u00e3o.<\/li>\n\n\n\n<li><strong>S\u00e9culo XX<\/strong>: Durante a <strong>Primeira Guerra Mundial<\/strong>, voltou a ser francesa em <strong>1918<\/strong>, mas foi novamente ocupada pela Alemanha nazista na <strong>Segunda Guerra Mundial<\/strong>. Em <strong>1944<\/strong>, as for\u00e7as aliadas libertaram a cidade e ela retornou definitivamente \u00e0 Fran\u00e7a.<\/li>\n<\/ul>\n\n\n\n<figure class=\"wp-block-image size-large\"><img decoding=\"async\" width=\"1024\" height=\"576\" src=\"https:\/\/www.correiobraziliense.com.br\/cbradar\/wp-content\/uploads\/2025\/03\/Estrasburgo_1742304568721-1024x576.jpg\" alt=\"Conhe\u00e7a a cidade que mudou de pais mais de 10 vezes\" class=\"wp-image-13527\" srcset=\"https:\/\/www.correiobraziliense.com.br\/cbradar\/wp-content\/uploads\/2025\/03\/Estrasburgo_1742304568721-1024x576.jpg 1024w, https:\/\/www.correiobraziliense.com.br\/cbradar\/wp-content\/uploads\/2025\/03\/Estrasburgo_1742304568721-300x169.jpg 300w, https:\/\/www.correiobraziliense.com.br\/cbradar\/wp-content\/uploads\/2025\/03\/Estrasburgo_1742304568721-768x432.jpg 768w, https:\/\/www.correiobraziliense.com.br\/cbradar\/wp-content\/uploads\/2025\/03\/Estrasburgo_1742304568721-750x422.jpg 750w, https:\/\/www.correiobraziliense.com.br\/cbradar\/wp-content\/uploads\/2025\/03\/Estrasburgo_1742304568721-1140x641.jpg 1140w, https:\/\/www.correiobraziliense.com.br\/cbradar\/wp-content\/uploads\/2025\/03\/Estrasburgo_1742304568721.jpg 1280w\" sizes=\"(max-width: 1024px) 100vw, 1024px\" \/><figcaption class=\"wp-element-caption\">Estrasburgo. Cr\u00e9ditos: depositphotos.com \/ ake1150sb<\/figcaption><\/figure>\n\n\n\n<h2 class=\"wp-block-heading\">Como isso afetou a identidade da cidade?<\/h2>\n\n\n\n<p>Essa constante troca de soberania fez de Estrasburgo uma cidade <strong>bilingue e bicultural<\/strong>, onde tradi\u00e7\u00f5es francesas e alem\u00e3s coexistem. Algumas caracter\u00edsticas que refletem essa mistura incluem:<\/p>\n\n\n\n<ul class=\"wp-block-list\">\n<li><strong>Arquitetura<\/strong>: A cidade tem edif\u00edcios em estilo alem\u00e3o, como as casas em enxaimel, e constru\u00e7\u00f5es t\u00edpicas francesas.<\/li>\n\n\n\n<li><strong>L\u00edngua<\/strong>: Embora o franc\u00eas seja o idioma oficial, muitos moradores mais velhos ainda falam o dialeto <strong>alsaciano<\/strong>, que tem forte influ\u00eancia alem\u00e3.<\/li>\n\n\n\n<li><strong>Culin\u00e1ria<\/strong>: Pratos t\u00edpicos da cidade incluem <strong>chucrute alsaciano<\/strong>, influenciado pela gastronomia alem\u00e3, e pratos franceses sofisticados.<\/li>\n<\/ul>\n\n\n\n<p>Hoje, Estrasburgo abriga importantes institui\u00e7\u00f5es europeias, como o <strong>Parlamento Europeu<\/strong>, simbolizando a uni\u00e3o entre Fran\u00e7a e Alemanha dentro da <strong>Uni\u00e3o Europeia<\/strong>.<\/p>\n\n\n\n<h2 class=\"wp-block-heading\">Curiosidades sobre Estrasburgo<\/h2>\n\n\n\n<ul class=\"wp-block-list\">\n<li><strong>J\u00e1 foi governada por tr\u00eas imp\u00e9rios diferentes: Romano, Franc\u00eas e Alem\u00e3o.<\/strong><\/li>\n\n\n\n<li><strong>O nome &#8220;Estrasburgo&#8221; vem do alem\u00e3o &#8220;Stra\u00dfburg&#8221;, que significa &#8220;cidade das estradas&#8221;.<\/strong><\/li>\n\n\n\n<li><strong>A cidade possui um dos mercados de Natal mais antigos da Europa, criado em 1570.<\/strong><\/li>\n\n\n\n<li><strong>Seu centro hist\u00f3rico, &#8220;Grande \u00cele&#8221;, \u00e9 Patrim\u00f4nio Mundial da UNESCO.<\/strong><\/li>\n\n\n\n<li><strong>A cidade foi uma das primeiras a ter um sistema moderno de bondes el\u00e9tricos.<\/strong><\/li>\n<\/ul>\n\n\n\n<p>Com uma hist\u00f3ria marcada por disputas e mudan\u00e7as, Estrasburgo se tornou um s\u00edmbolo da uni\u00e3o europeia e da conviv\u00eancia pac\u00edfica entre culturas distintas.<\/p>\n","protected":false},"excerpt":{"rendered":"<p>Uma cidade na Europa mudou de pa\u00eds mais de 10 vezes sem sair do lugar. Descubra a hist\u00f3ria fascinante desse lugar!<\/p>\n","protected":false},"author":3,"featured_media":13526,"comment_status":"open","ping_status":"open","sticky":false,"template":"","format":"standard","meta":{"_yoast_wpseo_focuskw":"cidade mudou pa\u00eds","_yoast_wpseo_title":"%%title%%","_yoast_wpseo_metadesc":"Uma cidade na Europa mudou de pa\u00eds mais de 10 vezes sem sair do lugar. Descubra a hist\u00f3ria fascinante desse lugar!","jnews-multi-image_gallery":[],"jnews_single_post":{"format":"standard"},"jnews_primary_category":[],"jnews_social_meta":[],"jnews_override_counter":[],"footnotes":""},"categories":[108],"post_tag":[109],"class_list":["post-13501","post","type-post","status-publish","format-standard","has-post-thumbnail","hentry","category-cidades","tag-cidades"],"yoast_head":"<!-- This site is optimized with the Yoast SEO plugin v24.6 - https:\/\/yoast.com\/wordpress\/plugins\/seo\/ -->\n<title>Conhe\u00e7a a cidade que mudou de pais mais de 10 vezes<\/title>\n<meta name=\"description\" content=\"Uma cidade na Europa mudou de pa\u00eds mais de 10 vezes sem sair do lugar. Descubra a hist\u00f3ria fascinante desse lugar!\" \/>\n<meta name=\"robots\" content=\"index, follow, max-snippet:-1, max-image-preview:large, max-video-preview:-1\" \/>\n<link rel=\"canonical\" href=\"https:\/\/www.correiobraziliense.com.br\/cbradar\/conheca-a-cidade-que-mudou-de-pais-mais-de-10-vezes\/\" \/>\n<meta property=\"og:locale\" content=\"pt_BR\" \/>\n<meta property=\"og:type\" content=\"article\" \/>\n<meta property=\"og:title\" content=\"Conhe\u00e7a a cidade que mudou de pais mais de 10 vezes\" \/>\n<meta property=\"og:description\" content=\"Uma cidade na Europa mudou de pa\u00eds mais de 10 vezes sem sair do lugar. Descubra a hist\u00f3ria fascinante desse lugar!\" \/>\n<meta property=\"og:url\" content=\"https:\/\/www.correiobraziliense.com.br\/cbradar\/conheca-a-cidade-que-mudou-de-pais-mais-de-10-vezes\/\" \/>\n<meta property=\"og:site_name\" content=\"Correio Braziliense - Radar\" \/>\n<meta property=\"article:published_time\" content=\"2025-03-19T10:30:00+00:00\" \/>\n<meta property=\"og:image\" content=\"https:\/\/www.correiobraziliense.com.br\/cbradar\/wp-content\/uploads\/2025\/03\/Estrasburgo_1742304542521.jpg\" \/>\n\t<meta property=\"og:image:width\" content=\"1280\" \/>\n\t<meta property=\"og:image:height\" content=\"720\" \/>\n\t<meta property=\"og:image:type\" content=\"image\/jpeg\" \/>\n<meta name=\"author\" content=\"Larissa Carvalho\" \/>\n<meta name=\"twitter:card\" content=\"summary_large_image\" \/>\n<meta name=\"twitter:label1\" content=\"Escrito por\" \/>\n\t<meta name=\"twitter:data1\" content=\"Larissa Carvalho\" \/>\n\t<meta name=\"twitter:label2\" content=\"Est. tempo de leitura\" \/>\n\t<meta name=\"twitter:data2\" content=\"3 minutos\" \/>\n<!-- \/ Yoast SEO plugin. -->","yoast_head_json":{"title":"Conhe\u00e7a a cidade que mudou de pais mais de 10 vezes","description":"Uma cidade na Europa mudou de pa\u00eds mais de 10 vezes sem sair do lugar. Descubra a hist\u00f3ria fascinante desse lugar!","robots":{"index":"index","follow":"follow","max-snippet":"max-snippet:-1","max-image-preview":"max-image-preview:large","max-video-preview":"max-video-preview:-1"},"canonical":"https:\/\/www.correiobraziliense.com.br\/cbradar\/conheca-a-cidade-que-mudou-de-pais-mais-de-10-vezes\/","og_locale":"pt_BR","og_type":"article","og_title":"Conhe\u00e7a a cidade que mudou de pais mais de 10 vezes","og_description":"Uma cidade na Europa mudou de pa\u00eds mais de 10 vezes sem sair do lugar. Descubra a hist\u00f3ria fascinante desse lugar!","og_url":"https:\/\/www.correiobraziliense.com.br\/cbradar\/conheca-a-cidade-que-mudou-de-pais-mais-de-10-vezes\/","og_site_name":"Correio Braziliense - Radar","article_published_time":"2025-03-19T10:30:00+00:00","og_image":[{"width":1280,"height":720,"url":"https:\/\/www.correiobraziliense.com.br\/cbradar\/wp-content\/uploads\/2025\/03\/Estrasburgo_1742304542521.jpg","type":"image\/jpeg"}],"author":"Larissa Carvalho","twitter_card":"summary_large_image","twitter_misc":{"Escrito por":"Larissa Carvalho","Est. tempo de leitura":"3 minutos"},"schema":{"@context":"https:\/\/schema.org","@graph":[{"@type":"WebPage","@id":"https:\/\/www.correiobraziliense.com.br\/cbradar\/conheca-a-cidade-que-mudou-de-pais-mais-de-10-vezes\/","url":"https:\/\/www.correiobraziliense.com.br\/cbradar\/conheca-a-cidade-que-mudou-de-pais-mais-de-10-vezes\/","name":"Conhe\u00e7a a cidade que mudou de pais mais de 10 vezes","isPartOf":{"@id":"https:\/\/www.correiobraziliense.com.br\/cbradar\/#website"},"primaryImageOfPage":{"@id":"https:\/\/www.correiobraziliense.com.br\/cbradar\/conheca-a-cidade-que-mudou-de-pais-mais-de-10-vezes\/#primaryimage"},"image":{"@id":"https:\/\/www.correiobraziliense.com.br\/cbradar\/conheca-a-cidade-que-mudou-de-pais-mais-de-10-vezes\/#primaryimage"},"thumbnailUrl":"https:\/\/www.correiobraziliense.com.br\/cbradar\/wp-content\/uploads\/2025\/03\/Estrasburgo_1742304542521.jpg","datePublished":"2025-03-19T10:30:00+00:00","author":{"@id":"https:\/\/www.correiobraziliense.com.br\/cbradar\/#\/schema\/person\/58422787644df994b53a19d3e56c1513"},"description":"Uma cidade na Europa mudou de pa\u00eds mais de 10 vezes sem sair do lugar. Descubra a hist\u00f3ria fascinante desse lugar!","breadcrumb":{"@id":"https:\/\/www.correiobraziliense.com.br\/cbradar\/conheca-a-cidade-que-mudou-de-pais-mais-de-10-vezes\/#breadcrumb"},"inLanguage":"pt-BR","potentialAction":[{"@type":"ReadAction","target":["https:\/\/www.correiobraziliense.com.br\/cbradar\/conheca-a-cidade-que-mudou-de-pais-mais-de-10-vezes\/"]}]},{"@type":"ImageObject","inLanguage":"pt-BR","@id":"https:\/\/www.correiobraziliense.com.br\/cbradar\/conheca-a-cidade-que-mudou-de-pais-mais-de-10-vezes\/#primaryimage","url":"https:\/\/www.correiobraziliense.com.br\/cbradar\/wp-content\/uploads\/2025\/03\/Estrasburgo_1742304542521.jpg","contentUrl":"https:\/\/www.correiobraziliense.com.br\/cbradar\/wp-content\/uploads\/2025\/03\/Estrasburgo_1742304542521.jpg","width":1280,"height":720,"caption":"Estrasburgo. Cr\u00e9ditos: depositphotos.com \/ Leonid_Andronov"},{"@type":"BreadcrumbList","@id":"https:\/\/www.correiobraziliense.com.br\/cbradar\/conheca-a-cidade-que-mudou-de-pais-mais-de-10-vezes\/#breadcrumb","itemListElement":[{"@type":"ListItem","position":1,"name":"In\u00edcio","item":"https:\/\/www.correiobraziliense.com.br\/cbradar\/"},{"@type":"ListItem","position":2,"name":"Conhe\u00e7a a cidade que mudou de pais mais de 10 vezes"}]},{"@type":"WebSite","@id":"https:\/\/www.correiobraziliense.com.br\/cbradar\/#website","url":"https:\/\/www.correiobraziliense.com.br\/cbradar\/","name":"Correio Braziliense - Radar","description":"Acompanhe as \u00faltimas not\u00edcias e fique bem informado sobre tudo o que acontece no Brasil e no mundo.","potentialAction":[{"@type":"SearchAction","target":{"@type":"EntryPoint","urlTemplate":"https:\/\/www.correiobraziliense.com.br\/cbradar\/?s={search_term_string}"},"query-input":{"@type":"PropertyValueSpecification","valueRequired":true,"valueName":"search_term_string"}}],"inLanguage":"pt-BR"},{"@type":"Person","@id":"https:\/\/www.correiobraziliense.com.br\/cbradar\/#\/schema\/person\/58422787644df994b53a19d3e56c1513","name":"Larissa Carvalho","image":{"@type":"ImageObject","inLanguage":"pt-BR","@id":"https:\/\/www.correiobraziliense.com.br\/cbradar\/#\/schema\/person\/image\/","url":"https:\/\/secure.gravatar.com\/avatar\/fe4f91a0de32b52a838d0d612abdc1aa?s=96&d=mm&r=g","contentUrl":"https:\/\/secure.gravatar.com\/avatar\/fe4f91a0de32b52a838d0d612abdc1aa?s=96&d=mm&r=g","caption":"Larissa Carvalho"},"url":"https:\/\/www.correiobraziliense.com.br\/cbradar\/author\/larissamyth\/"}]}},"_links":{"self":[{"href":"https:\/\/www.correiobraziliense.com.br\/cbradar\/wp-json\/wp\/v2\/posts\/13501","targetHints":{"allow":["GET"]}}],"collection":[{"href":"https:\/\/www.correiobraziliense.com.br\/cbradar\/wp-json\/wp\/v2\/posts"}],"about":[{"href":"https:\/\/www.correiobraziliense.com.br\/cbradar\/wp-json\/wp\/v2\/types\/post"}],"author":[{"embeddable":true,"href":"https:\/\/www.correiobraziliense.com.br\/cbradar\/wp-json\/wp\/v2\/users\/3"}],"replies":[{"embeddable":true,"href":"https:\/\/www.correiobraziliense.com.br\/cbradar\/wp-json\/wp\/v2\/comments?post=13501"}],"version-history":[{"count":1,"href":"https:\/\/www.correiobraziliense.com.br\/cbradar\/wp-json\/wp\/v2\/posts\/13501\/revisions"}],"predecessor-version":[{"id":13528,"href":"https:\/\/www.correiobraziliense.com.br\/cbradar\/wp-json\/wp\/v2\/posts\/13501\/revisions\/13528"}],"wp:featuredmedia":[{"embeddable":true,"href":"https:\/\/www.correiobraziliense.com.br\/cbradar\/wp-json\/wp\/v2\/media\/13526"}],"wp:attachment":[{"href":"https:\/\/www.correiobraziliense.com.br\/cbradar\/wp-json\/wp\/v2\/media?parent=13501"}],"wp:term":[{"taxonomy":"category","embeddable":true,"href":"https:\/\/www.correiobraziliense.com.br\/cbradar\/wp-json\/wp\/v2\/categories?post=13501"},{"taxonomy":"post_tag","embeddable":true,"href":"https:\/\/www.correiobraziliense.com.br\/cbradar\/wp-json\/wp\/v2\/post_tag?post=13501"}],"curies":[{"name":"wp","href":"https:\/\/api.w.org\/{rel}","templated":true}]}}