{"id":135057,"date":"2025-11-11T20:15:00","date_gmt":"2025-11-11T23:15:00","guid":{"rendered":"https:\/\/www.correiobraziliense.com.br\/cbradar\/?p=135057"},"modified":"2025-11-09T18:05:31","modified_gmt":"2025-11-09T21:05:31","slug":"os-5-adocantes-naturais-que-podem-substituir-o-acucar","status":"publish","type":"post","link":"https:\/\/www.correiobraziliense.com.br\/cbradar\/os-5-adocantes-naturais-que-podem-substituir-o-acucar\/","title":{"rendered":"Os 5 ado\u00e7antes naturais que podem substituir o a\u00e7\u00facar"},"content":{"rendered":"\n<p>A ingest\u00e3o di\u00e1ria de a\u00e7\u00facar tornou-se uma preocupa\u00e7\u00e3o crescente para pessoas que almejam uma <strong>alimenta\u00e7\u00e3o mais saud\u00e1vel<\/strong>. Segundo a <strong>Organiza\u00e7\u00e3o Mundial da Sa\u00fade (OMS)<\/strong>, o <strong>consumo n\u00e3o deve ultrapassar 25 gramas por dia<\/strong>, cerca de seis colheres de ch\u00e1. Entretanto, devido \u00e0 presen\u00e7a do a\u00e7\u00facar em diversos produtos, inclusive em alimentos considerados saud\u00e1veis, muitas vezes ultrapassamos esse limite sem perceber.<\/p>\n\n\n\n<h2 class=\"wp-block-heading\">Os perigos do excesso de a\u00e7\u00facar e por que devemos nos preocupar<\/h2>\n\n\n\n<p>O <strong>consumo elevado de a\u00e7\u00facar<\/strong> est\u00e1 associado ao desenvolvimento da obesidade, doen\u00e7a que implica riscos para mais de 200 condi\u00e7\u00f5es e 13 tipos de c\u00e2ncer, conforme a Sociedade Portuguesa para o Estudo da Obesidade. Por isso, cresce a busca por <strong>alternativas ao a\u00e7\u00facar tradicional<\/strong> e maior aten\u00e7\u00e3o aos r\u00f3tulos dos alimentos.<\/p>\n\n\n\n<p>Al\u00e9m disso, estudos indicam que o consumo di\u00e1rio excessivo pode causar problemas como resist\u00eancia \u00e0 insulina, inflama\u00e7\u00e3o e doen\u00e7as cardiovasculares. Por esses motivos, estar atento ao teor de a\u00e7\u00facar nos produtos \u00e9 essencial. Vale destacar ainda que o a\u00e7\u00facar pode contribuir para o aumento do risco de doen\u00e7as metab\u00f3licas e at\u00e9 mesmo comprometer a sa\u00fade bucal, favorecendo o surgimento de c\u00e1ries.<\/p>\n\n\n\n<figure class=\"wp-block-image size-large\"><img decoding=\"async\" width=\"1024\" height=\"576\" src=\"https:\/\/www.correiobraziliense.com.br\/cbradar\/wp-content\/uploads\/2025\/11\/mosaico_1762722265083-1024x576.jpg\" alt=\"Os 5 ado\u00e7antes naturais que podem substituir o a\u00e7\u00facar\" class=\"wp-image-135115\" srcset=\"https:\/\/www.correiobraziliense.com.br\/cbradar\/wp-content\/uploads\/2025\/11\/mosaico_1762722265083-1024x576.jpg 1024w, https:\/\/www.correiobraziliense.com.br\/cbradar\/wp-content\/uploads\/2025\/11\/mosaico_1762722265083-300x169.jpg 300w, https:\/\/www.correiobraziliense.com.br\/cbradar\/wp-content\/uploads\/2025\/11\/mosaico_1762722265083-768x432.jpg 768w, https:\/\/www.correiobraziliense.com.br\/cbradar\/wp-content\/uploads\/2025\/11\/mosaico_1762722265083-750x422.jpg 750w, https:\/\/www.correiobraziliense.com.br\/cbradar\/wp-content\/uploads\/2025\/11\/mosaico_1762722265083-1140x641.jpg 1140w, https:\/\/www.correiobraziliense.com.br\/cbradar\/wp-content\/uploads\/2025\/11\/mosaico_1762722265083.jpg 1280w\" sizes=\"(max-width: 1024px) 100vw, 1024px\" \/><figcaption class=\"wp-element-caption\">Essa recomenda\u00e7\u00e3o visa reduzir riscos associados ao consumo excessivo, como sobrepeso, obesidade, diabetes tipo 2 e c\u00e1ries dent\u00e1rias. Cr\u00e9ditos: depositphotos.com \/ Studio37 e Cr\u00e9ditos: depositphotos.com \/ HayDmitriy<\/figcaption><\/figure>\n\n\n\n<h2 class=\"wp-block-heading\">Como os ado\u00e7antes artificiais afetam a sa\u00fade<\/h2>\n\n\n\n<p>A redu\u00e7\u00e3o do consumo de a\u00e7\u00facar levou \u00e0 populariza\u00e7\u00e3o dos <strong>ado\u00e7antes artificiais<\/strong>, que prometem menos calorias, mas geram controv\u00e9rsias. Especialistas alertam para poss\u00edveis efeitos negativos em longo prazo, como dores de cabe\u00e7a, desconfortos gastrointestinais e mudan\u00e7as no humor.<\/p>\n\n\n\n<p>Alguns estudos sugerem que ado\u00e7antes como <strong>aspartame, sucralose e sacarina<\/strong> podem n\u00e3o ser totalmente inofensivos. A d\u00favida sobre sua seguran\u00e7a faz crescer o interesse por op\u00e7\u00f5es <strong>naturais<\/strong>, consideradas mais seguras e saud\u00e1veis. Al\u00e9m disso, h\u00e1 ind\u00edcios de que o uso frequente de ado\u00e7antes artificiais pode alterar a microbiota intestinal e interferir na regula\u00e7\u00e3o do apetite.<\/p>\n\n\n\n<blockquote class=\"tiktok-embed\" cite=\"https:\/\/www.tiktok.com\/@taissacastello.nutri\/video\/7385149012577455365\" data-video-id=\"7385149012577455365\" style=\"max-width: 605px;min-width: 325px;\" > <section> <a target=\"_blank\" title=\"@taissacastello.nutri\" href=\"https:\/\/www.tiktok.com\/@taissacastello.nutri?refer=embed\">@taissacastello.nutri<\/a> 3 ado\u00e7antes naturais que sejam favor\u00e1veis ao nosso intestino <a title=\"nutricao\" target=\"_blank\" href=\"https:\/\/www.tiktok.com\/tag\/nutricao?refer=embed\">#nutricao<\/a> <a title=\"nutri\u00e7\u00e3o\" target=\"_blank\" href=\"https:\/\/www.tiktok.com\/tag\/nutri%C3%A7%C3%A3o?refer=embed\">#nutri\u00e7\u00e3o<\/a> <a title=\"doencaceliaca\" target=\"_blank\" href=\"https:\/\/www.tiktok.com\/tag\/doencaceliaca?refer=embed\">#doencaceliaca<\/a> <a title=\"celiacos\" target=\"_blank\" href=\"https:\/\/www.tiktok.com\/tag\/celiacos?refer=embed\">#celiacos<\/a> <a title=\"emagrecimento\" target=\"_blank\" href=\"https:\/\/www.tiktok.com\/tag\/emagrecimento?refer=embed\">#emagrecimento<\/a> <a target=\"_blank\" title=\"\u266c som original - taissacastello.nutri\" href=\"https:\/\/www.tiktok.com\/music\/som-original-7385149084779318022?refer=embed\">\u266c som original &#8211; taissacastello.nutri<\/a> <\/section> <\/blockquote> <script async src=\"https:\/\/www.tiktok.com\/embed.js\"><\/script>\n\n\n\n<h2 class=\"wp-block-heading\">Quais s\u00e3o os principais benef\u00edcios dos ado\u00e7antes naturais<\/h2>\n\n\n\n<p>Substituir o a\u00e7\u00facar por ado\u00e7antes naturais pode trazer benef\u00edcios tanto para a sa\u00fade quanto para o sabor dos alimentos. Essas alternativas n\u00e3o apenas ado\u00e7am, mas oferecem <strong>nutrientes e propriedades funcionais<\/strong> que favorecem o organismo.<\/p>\n\n\n\n<p>Confira as propriedades e valores energ\u00e9ticos dos principais ado\u00e7antes naturais:<\/p>\n\n\n\n<ul class=\"wp-block-list\">\n<li><strong>Mel:<\/strong> Aproximadamente 64 calorias por colher de sopa, al\u00e9m de enzimas, vitaminas e minerais. Possui a\u00e7\u00e3o antioxidante e pode contribuir para o fortalecimento do sistema imunol\u00f3gico.<\/li>\n\n\n\n<li><strong>Stevia:<\/strong> Zero calorias e origem vegetal, recomendado para diab\u00e9ticos. Seu poder ado\u00e7ante \u00e9 muito superior ao do a\u00e7\u00facar comum, o que permite seu uso em pequenas quantidades.<\/li>\n\n\n\n<li><strong>T\u00e2maras:<\/strong> Cada unidade tem cerca de 66 calorias e boa quantidade de fibras. S\u00e3o ricas em pot\u00e1ssio e promovem sensa\u00e7\u00e3o de saciedade.<\/li>\n\n\n\n<li><strong>A\u00e7\u00facar de coco:<\/strong> Oferece minerais e eletr\u00f3litos, com cerca de 45 calorias por colher de sopa. Possui baixo \u00edndice glic\u00eamico, resultando em menor impacto nos n\u00edveis de a\u00e7\u00facar no sangue.<\/li>\n\n\n\n<li><strong>Pur\u00e9 de frutas e geleias:<\/strong> Calorias variam de 6 a 40, dependendo da fruta utilizada. S\u00e3o fontes naturais de vitaminas e ainda proporcionam mais textura e sabor \u00e0s receitas.<\/li>\n<\/ul>\n\n\n\n<p>Leia tamb\u00e9m: <a href=\"https:\/\/www.correiobraziliense.com.br\/cbradar\/existe-alguma-diferenca-entre-zero-acucar-e-refrigerantes-dieteticos\/\" target=\"_blank\" rel=\"noreferrer noopener\">Existe alguma diferen\u00e7a entre zero a\u00e7\u00facar e refrigerantes diet\u00e9ticos?<\/a><\/p>\n\n\n\n<h2 class=\"wp-block-heading\">Como reduzir o a\u00e7\u00facar sem abrir m\u00e3o do sabor<\/h2>\n\n\n\n<p>Diminuir o consumo de a\u00e7\u00facar n\u00e3o significa perder o prazer dos alimentos, j\u00e1 que alternativas naturais, como <strong>pur\u00eas de banana e pastas de t\u00e2maras<\/strong>, podem ser facilmente integradas em diversas receitas. Estas op\u00e7\u00f5es aumentam o valor nutritivo sem prejudicar o sabor.<\/p>\n\n\n\n<p>Adotar escolhas mais conscientes beneficia a sa\u00fade a longo prazo, tornando poss\u00edvel equilibrar o paladar e o bem-estar. A <strong>modera\u00e7\u00e3o do a\u00e7\u00facar<\/strong> e o uso de alternativas naturais s\u00e3o aliados essenciais para uma alimenta\u00e7\u00e3o equilibrada. Experimente explorar especiarias, como canela e baunilha, que real\u00e7am o sabor doce dos pratos sem necessidade de adi\u00e7\u00e3o de a\u00e7\u00facar.<\/p>\n","protected":false},"excerpt":{"rendered":"<p>Reduza o a\u00e7\u00facar: conhe\u00e7a os perigos do consumo excessivo e descubra alternativas naturais e saud\u00e1veis para uma vida mais equilibrada e consciente.<\/p>\n","protected":false},"author":3,"featured_media":135116,"comment_status":"open","ping_status":"open","sticky":false,"template":"","format":"standard","meta":{"_yoast_wpseo_focuskw":"ado\u00e7antes naturais","_yoast_wpseo_title":"%%title%%","_yoast_wpseo_metadesc":"Reduza o a\u00e7\u00facar: conhe\u00e7a os perigos do consumo excessivo e descubra alternativas naturais e saud\u00e1veis para uma vida mais equilibrada e consciente.","jnews-multi-image_gallery":[],"jnews_single_post":{"format":"standard"},"jnews_primary_category":[],"jnews_social_meta":[],"jnews_override_counter":[],"footnotes":""},"categories":[112],"post_tag":[1808,281,1423,3559,144,565],"class_list":["post-135057","post","type-post","status-publish","format-standard","has-post-thumbnail","hentry","category-curiosidades","tag-acucar","tag-alimentacao","tag-alimentos","tag-corpo-humano","tag-curiosidades","tag-saude"],"yoast_head":"<!-- This site is optimized with the Yoast SEO plugin v24.6 - https:\/\/yoast.com\/wordpress\/plugins\/seo\/ -->\n<title>Os 5 ado\u00e7antes naturais que podem substituir o a\u00e7\u00facar<\/title>\n<meta name=\"description\" content=\"Reduza o a\u00e7\u00facar: conhe\u00e7a os perigos do consumo excessivo e descubra alternativas naturais e saud\u00e1veis para uma vida mais equilibrada e consciente.\" \/>\n<meta name=\"robots\" content=\"index, follow, max-snippet:-1, max-image-preview:large, max-video-preview:-1\" \/>\n<link rel=\"canonical\" href=\"https:\/\/www.correiobraziliense.com.br\/cbradar\/os-5-adocantes-naturais-que-podem-substituir-o-acucar\/\" \/>\n<meta property=\"og:locale\" content=\"pt_BR\" \/>\n<meta property=\"og:type\" content=\"article\" \/>\n<meta property=\"og:title\" content=\"Os 5 ado\u00e7antes naturais que podem substituir o a\u00e7\u00facar\" \/>\n<meta property=\"og:description\" content=\"Reduza o a\u00e7\u00facar: conhe\u00e7a os perigos do consumo excessivo e descubra alternativas naturais e saud\u00e1veis para uma vida mais equilibrada e consciente.\" \/>\n<meta property=\"og:url\" content=\"https:\/\/www.correiobraziliense.com.br\/cbradar\/os-5-adocantes-naturais-que-podem-substituir-o-acucar\/\" \/>\n<meta property=\"og:site_name\" content=\"Correio Braziliense - Radar\" \/>\n<meta property=\"article:published_time\" content=\"2025-11-11T23:15:00+00:00\" \/>\n<meta property=\"og:image\" content=\"https:\/\/www.correiobraziliense.com.br\/cbradar\/wp-content\/uploads\/2025\/11\/Adocantes-Naturais-1280x720-1.png\" \/>\n\t<meta property=\"og:image:width\" content=\"1280\" \/>\n\t<meta property=\"og:image:height\" content=\"720\" \/>\n\t<meta property=\"og:image:type\" content=\"image\/png\" \/>\n<meta name=\"author\" content=\"Larissa Carvalho\" \/>\n<meta name=\"twitter:card\" content=\"summary_large_image\" \/>\n<meta name=\"twitter:label1\" content=\"Escrito por\" \/>\n\t<meta name=\"twitter:data1\" content=\"Larissa Carvalho\" \/>\n\t<meta name=\"twitter:label2\" content=\"Est. tempo de leitura\" \/>\n\t<meta name=\"twitter:data2\" content=\"4 minutos\" \/>\n<!-- \/ Yoast SEO plugin. -->","yoast_head_json":{"title":"Os 5 ado\u00e7antes naturais que podem substituir o a\u00e7\u00facar","description":"Reduza o a\u00e7\u00facar: conhe\u00e7a os perigos do consumo excessivo e descubra alternativas naturais e saud\u00e1veis para uma vida mais equilibrada e consciente.","robots":{"index":"index","follow":"follow","max-snippet":"max-snippet:-1","max-image-preview":"max-image-preview:large","max-video-preview":"max-video-preview:-1"},"canonical":"https:\/\/www.correiobraziliense.com.br\/cbradar\/os-5-adocantes-naturais-que-podem-substituir-o-acucar\/","og_locale":"pt_BR","og_type":"article","og_title":"Os 5 ado\u00e7antes naturais que podem substituir o a\u00e7\u00facar","og_description":"Reduza o a\u00e7\u00facar: conhe\u00e7a os perigos do consumo excessivo e descubra alternativas naturais e saud\u00e1veis para uma vida mais equilibrada e consciente.","og_url":"https:\/\/www.correiobraziliense.com.br\/cbradar\/os-5-adocantes-naturais-que-podem-substituir-o-acucar\/","og_site_name":"Correio Braziliense - Radar","article_published_time":"2025-11-11T23:15:00+00:00","og_image":[{"width":1280,"height":720,"url":"https:\/\/www.correiobraziliense.com.br\/cbradar\/wp-content\/uploads\/2025\/11\/Adocantes-Naturais-1280x720-1.png","type":"image\/png"}],"author":"Larissa Carvalho","twitter_card":"summary_large_image","twitter_misc":{"Escrito por":"Larissa Carvalho","Est. tempo de leitura":"4 minutos"},"schema":{"@context":"https:\/\/schema.org","@graph":[{"@type":"WebPage","@id":"https:\/\/www.correiobraziliense.com.br\/cbradar\/os-5-adocantes-naturais-que-podem-substituir-o-acucar\/","url":"https:\/\/www.correiobraziliense.com.br\/cbradar\/os-5-adocantes-naturais-que-podem-substituir-o-acucar\/","name":"Os 5 ado\u00e7antes naturais que podem substituir o a\u00e7\u00facar","isPartOf":{"@id":"https:\/\/www.correiobraziliense.com.br\/cbradar\/#website"},"primaryImageOfPage":{"@id":"https:\/\/www.correiobraziliense.com.br\/cbradar\/os-5-adocantes-naturais-que-podem-substituir-o-acucar\/#primaryimage"},"image":{"@id":"https:\/\/www.correiobraziliense.com.br\/cbradar\/os-5-adocantes-naturais-que-podem-substituir-o-acucar\/#primaryimage"},"thumbnailUrl":"https:\/\/www.correiobraziliense.com.br\/cbradar\/wp-content\/uploads\/2025\/11\/Adocantes-Naturais-1280x720-1.png","datePublished":"2025-11-11T23:15:00+00:00","author":{"@id":"https:\/\/www.correiobraziliense.com.br\/cbradar\/#\/schema\/person\/58422787644df994b53a19d3e56c1513"},"description":"Reduza o a\u00e7\u00facar: conhe\u00e7a os perigos do consumo excessivo e descubra alternativas naturais e saud\u00e1veis para uma vida mais equilibrada e consciente.","breadcrumb":{"@id":"https:\/\/www.correiobraziliense.com.br\/cbradar\/os-5-adocantes-naturais-que-podem-substituir-o-acucar\/#breadcrumb"},"inLanguage":"pt-BR","potentialAction":[{"@type":"ReadAction","target":["https:\/\/www.correiobraziliense.com.br\/cbradar\/os-5-adocantes-naturais-que-podem-substituir-o-acucar\/"]}]},{"@type":"ImageObject","inLanguage":"pt-BR","@id":"https:\/\/www.correiobraziliense.com.br\/cbradar\/os-5-adocantes-naturais-que-podem-substituir-o-acucar\/#primaryimage","url":"https:\/\/www.correiobraziliense.com.br\/cbradar\/wp-content\/uploads\/2025\/11\/Adocantes-Naturais-1280x720-1.png","contentUrl":"https:\/\/www.correiobraziliense.com.br\/cbradar\/wp-content\/uploads\/2025\/11\/Adocantes-Naturais-1280x720-1.png","width":1280,"height":720,"caption":"Ficar atento aos r\u00f3tulos e preferir prepara\u00e7\u00f5es caseiras s\u00e3o estrat\u00e9gias eficazes para controlar o a\u00e7\u00facar na dieta di\u00e1ria."},{"@type":"BreadcrumbList","@id":"https:\/\/www.correiobraziliense.com.br\/cbradar\/os-5-adocantes-naturais-que-podem-substituir-o-acucar\/#breadcrumb","itemListElement":[{"@type":"ListItem","position":1,"name":"In\u00edcio","item":"https:\/\/www.correiobraziliense.com.br\/cbradar\/"},{"@type":"ListItem","position":2,"name":"Os 5 ado\u00e7antes naturais que podem substituir o a\u00e7\u00facar"}]},{"@type":"WebSite","@id":"https:\/\/www.correiobraziliense.com.br\/cbradar\/#website","url":"https:\/\/www.correiobraziliense.com.br\/cbradar\/","name":"Correio Braziliense - Radar","description":"Acompanhe as \u00faltimas not\u00edcias e fique bem informado sobre tudo o que acontece no Brasil e no mundo.","potentialAction":[{"@type":"SearchAction","target":{"@type":"EntryPoint","urlTemplate":"https:\/\/www.correiobraziliense.com.br\/cbradar\/?s={search_term_string}"},"query-input":{"@type":"PropertyValueSpecification","valueRequired":true,"valueName":"search_term_string"}}],"inLanguage":"pt-BR"},{"@type":"Person","@id":"https:\/\/www.correiobraziliense.com.br\/cbradar\/#\/schema\/person\/58422787644df994b53a19d3e56c1513","name":"Larissa Carvalho","image":{"@type":"ImageObject","inLanguage":"pt-BR","@id":"https:\/\/www.correiobraziliense.com.br\/cbradar\/#\/schema\/person\/image\/","url":"https:\/\/secure.gravatar.com\/avatar\/fe4f91a0de32b52a838d0d612abdc1aa?s=96&d=mm&r=g","contentUrl":"https:\/\/secure.gravatar.com\/avatar\/fe4f91a0de32b52a838d0d612abdc1aa?s=96&d=mm&r=g","caption":"Larissa Carvalho"},"url":"https:\/\/www.correiobraziliense.com.br\/cbradar\/author\/larissamyth\/"}]}},"_links":{"self":[{"href":"https:\/\/www.correiobraziliense.com.br\/cbradar\/wp-json\/wp\/v2\/posts\/135057","targetHints":{"allow":["GET"]}}],"collection":[{"href":"https:\/\/www.correiobraziliense.com.br\/cbradar\/wp-json\/wp\/v2\/posts"}],"about":[{"href":"https:\/\/www.correiobraziliense.com.br\/cbradar\/wp-json\/wp\/v2\/types\/post"}],"author":[{"embeddable":true,"href":"https:\/\/www.correiobraziliense.com.br\/cbradar\/wp-json\/wp\/v2\/users\/3"}],"replies":[{"embeddable":true,"href":"https:\/\/www.correiobraziliense.com.br\/cbradar\/wp-json\/wp\/v2\/comments?post=135057"}],"version-history":[{"count":3,"href":"https:\/\/www.correiobraziliense.com.br\/cbradar\/wp-json\/wp\/v2\/posts\/135057\/revisions"}],"predecessor-version":[{"id":135117,"href":"https:\/\/www.correiobraziliense.com.br\/cbradar\/wp-json\/wp\/v2\/posts\/135057\/revisions\/135117"}],"wp:featuredmedia":[{"embeddable":true,"href":"https:\/\/www.correiobraziliense.com.br\/cbradar\/wp-json\/wp\/v2\/media\/135116"}],"wp:attachment":[{"href":"https:\/\/www.correiobraziliense.com.br\/cbradar\/wp-json\/wp\/v2\/media?parent=135057"}],"wp:term":[{"taxonomy":"category","embeddable":true,"href":"https:\/\/www.correiobraziliense.com.br\/cbradar\/wp-json\/wp\/v2\/categories?post=135057"},{"taxonomy":"post_tag","embeddable":true,"href":"https:\/\/www.correiobraziliense.com.br\/cbradar\/wp-json\/wp\/v2\/post_tag?post=135057"}],"curies":[{"name":"wp","href":"https:\/\/api.w.org\/{rel}","templated":true}]}}