{"id":135140,"date":"2025-11-12T08:45:00","date_gmt":"2025-11-12T11:45:00","guid":{"rendered":"https:\/\/www.correiobraziliense.com.br\/cbradar\/?p=135140"},"modified":"2025-11-11T08:20:23","modified_gmt":"2025-11-11T11:20:23","slug":"o-que-significa-dum-vita-est-a-frase-filosofica-que-tem-um-significado-esperancoso","status":"publish","type":"post","link":"https:\/\/www.correiobraziliense.com.br\/cbradar\/o-que-significa-dum-vita-est-a-frase-filosofica-que-tem-um-significado-esperancoso\/","title":{"rendered":"O que significa \u201cDum vita est\u201d, a frase filos\u00f3fica que tem um significado esperan\u00e7oso"},"content":{"rendered":"\n<p>No cotidiano, certas express\u00f5es em latim, como <strong>&#8220;Dum vita est&#8221;<\/strong>, ressoam com frequ\u00eancia e fascinam por sua profundidade, mesmo que seu real significado, legado do fil\u00f3sofo estoico S\u00eaneca, muitas vezes n\u00e3o seja compreendido plenamente por todos.<\/p>\n\n\n\n<h2 class=\"wp-block-heading\">O que significa Dum vita est e qual seu verdadeiro sentido?<\/h2>\n\n\n\n<p>A frase <strong>&#8220;Dum vita est&#8221;<\/strong> se traduz literalmente como <strong>&#8220;Enquanto h\u00e1 vida&#8221;<\/strong>. Por\u00e9m, em sua forma completa \u2014 <strong>&#8220;Dum vita est, spes est&#8221;<\/strong> \u2014, ela expressa a mensagem <strong>&#8220;Enquanto houver vida, h\u00e1 esperan\u00e7a&#8221;<\/strong>, enfatizando que a exist\u00eancia oferece oportunidades cont\u00ednuas para agir, aprender e tomar decis\u00f5es valiosas.<\/p>\n\n\n\n<p>Esse ditado simples carrega um lembrete poderoso: \u00e9 fundamental reconhecer a vida como um recurso finito e valorizar cada oportunidade que se apresenta. Assim, a express\u00e3o prop\u00f5e reflex\u00e3o e aproveitamento do tempo presente.<\/p>\n\n\n\n<figure class=\"wp-block-image size-large\"><img decoding=\"async\" width=\"1024\" height=\"576\" src=\"https:\/\/www.correiobraziliense.com.br\/cbradar\/wp-content\/uploads\/2025\/11\/mosaico_1762860002256-1024x576.jpg\" alt=\"O que significa \u201cDum vita est\u201d, a frase filos\u00f3fica que tem um significado esperan\u00e7oso\" class=\"wp-image-135685\" srcset=\"https:\/\/www.correiobraziliense.com.br\/cbradar\/wp-content\/uploads\/2025\/11\/mosaico_1762860002256-1024x576.jpg 1024w, https:\/\/www.correiobraziliense.com.br\/cbradar\/wp-content\/uploads\/2025\/11\/mosaico_1762860002256-300x169.jpg 300w, https:\/\/www.correiobraziliense.com.br\/cbradar\/wp-content\/uploads\/2025\/11\/mosaico_1762860002256-768x432.jpg 768w, https:\/\/www.correiobraziliense.com.br\/cbradar\/wp-content\/uploads\/2025\/11\/mosaico_1762860002256-750x422.jpg 750w, https:\/\/www.correiobraziliense.com.br\/cbradar\/wp-content\/uploads\/2025\/11\/mosaico_1762860002256-1140x641.jpg 1140w, https:\/\/www.correiobraziliense.com.br\/cbradar\/wp-content\/uploads\/2025\/11\/mosaico_1762860002256.jpg 1280w\" sizes=\"(max-width: 1024px) 100vw, 1024px\" \/><figcaption class=\"wp-element-caption\">Entender essas express\u00f5es ajuda a conectar o passado cl\u00e1ssico com reflex\u00f5es modernas. Cr\u00e9ditos: depositphotos.com \/ Photodjo e Cr\u00e9ditos: depositphotos.com \/ AndrewLozovyi<\/figcaption><\/figure>\n\n\n\n<h2 class=\"wp-block-heading\">Por que Dum vita est teve impacto hist\u00f3rico e filos\u00f3fico?<\/h2>\n\n\n\n<p>Desde a Antiguidade, <strong>&#8220;Dum vita est&#8221;<\/strong> aparece em textos filos\u00f3ficos e liter\u00e1rios, funcionando como alerta sobre a transitoriedade da exist\u00eancia. No campo filos\u00f3fico, a express\u00e3o incentiva viver o presente de modo consciente, promovendo introspec\u00e7\u00e3o e crescimento pessoal.<\/p>\n\n\n\n<p>Por seu impacto, muitos especialistas destacam os principais valores transmitidos por essa express\u00e3o:<\/p>\n\n\n\n<ul class=\"wp-block-list\">\n<li><strong>Reflex\u00e3o sobre a efemeridade da vida<\/strong><\/li>\n\n\n\n<li><strong>Est\u00edmulo ao desenvolvimento pessoal cont\u00ednuo<\/strong><\/li>\n\n\n\n<li><strong>A import\u00e2ncia de corrigir erros e buscar novos objetivos<\/strong><\/li>\n\n\n\n<li><strong>Reconhecimento das oportunidades mesmo diante das dificuldades<\/strong><\/li>\n<\/ul>\n\n\n\n<p>Leia tamb\u00e9m: <a href=\"https:\/\/www.correiobraziliense.com.br\/cbradar\/o-que-significa-a-frase-errare-humanum-est-que-causa-medo-em-quem-escuta\/\" target=\"_blank\" rel=\"noreferrer noopener\">O que significa a frase \u201cErrare humanum est\u201d, que causa medo em quem escuta<\/a><\/p>\n\n\n\n<h2 class=\"wp-block-heading\">Como Dum vita est se manifesta na vida moderna?<\/h2>\n\n\n\n<p>Ao longo dos anos, <strong>&#8220;Dum vita est&#8221;<\/strong> tornou-se comum em discursos e reflex\u00f5es, servindo de lembrete para n\u00e3o se tomar nada como garantido. Esse aforismo incentiva cada pessoa a comprometer-se com seus objetivos, relacionamentos e aprendizados enquanto h\u00e1 tempo.<\/p>\n\n\n\n<p>Em tempos modernos, permanece um lembrete conciso e atual: enquanto houver vida, existe a possibilidade de crescimento e supera\u00e7\u00e3o, tornando-se um lema para momentos de desafio.<\/p>\n\n\n\n<blockquote class=\"tiktok-embed\" cite=\"https:\/\/www.tiktok.com\/@andremoraesx\/video\/7262166504710393093\" data-video-id=\"7262166504710393093\" style=\"max-width: 605px;min-width: 325px;\" > <section> <a target=\"_blank\" title=\"@andremoraesx\" href=\"https:\/\/www.tiktok.com\/@andremoraesx?refer=embed\">@andremoraesx<\/a> <p><\/p> <a target=\"_blank\" title=\"\u266c The Night We Met - Lord Huron\" href=\"https:\/\/www.tiktok.com\/music\/The-Night-We-Met-6779961488930015233?refer=embed\">\u266c The Night We Met &#8211; Lord Huron<\/a> <\/section> <\/blockquote> <script async src=\"https:\/\/www.tiktok.com\/embed.js\"><\/script>\n\n\n\n<h2 class=\"wp-block-heading\">De que forma Dum vita est influencia a cultura contempor\u00e2nea?<\/h2>\n\n\n\n<p>Hoje, <strong>&#8220;Dum vita est&#8221;<\/strong> se popularizou como uma frase motivacional presente em redes sociais, rodas de conversa e projetos pessoais. Seu prop\u00f3sito \u00e9 inspirar pessoas a viverem o presente com intensidade, aproveitando oportunidades e reavaliando suas trajet\u00f3rias.<\/p>\n\n\n\n<p>Mesmo usada sem pleno conhecimento de seu sentido cl\u00e1ssico, essa express\u00e3o evoluiu e conserva relev\u00e2ncia, transmitindo esperan\u00e7a e otimismo em diversos contextos da <strong>cultura contempor\u00e2nea<\/strong>.<\/p>\n","protected":false},"excerpt":{"rendered":"<p>Explore o poderoso significado da frase latina &#8216;Dum vita est, spes est&#8217; e descubra como essa reflex\u00e3o filos\u00f3fica de S\u00e9neca inspira a\u00e7\u00f5es conscientes na vida cotidiana.<\/p>\n","protected":false},"author":3,"featured_media":135684,"comment_status":"open","ping_status":"open","sticky":false,"template":"","format":"standard","meta":{"_yoast_wpseo_focuskw":"Dum vita est spes est","_yoast_wpseo_title":"%%title%%","_yoast_wpseo_metadesc":"Explore o poderoso significado da frase latina 'Dum vita est, spes est' e descubra como essa reflex\u00e3o filos\u00f3fica de S\u00e9neca inspira a\u00e7\u00f5es conscientes na vida cotidiana.","jnews-multi-image_gallery":[],"jnews_single_post":{"format":"standard"},"jnews_primary_category":[],"jnews_social_meta":[],"jnews_override_counter":[],"footnotes":""},"categories":[112],"post_tag":[144,5310,11054,5174],"class_list":["post-135140","post","type-post","status-publish","format-standard","has-post-thumbnail","hentry","category-curiosidades","tag-curiosidades","tag-frases","tag-latim","tag-significados"],"yoast_head":"<!-- This site is optimized with the Yoast SEO plugin v24.6 - https:\/\/yoast.com\/wordpress\/plugins\/seo\/ -->\n<title>O que significa \u201cDum vita est\u201d, a frase filos\u00f3fica que tem um significado esperan\u00e7oso<\/title>\n<meta name=\"description\" content=\"Explore o poderoso significado da frase latina &#039;Dum vita est, spes est&#039; e descubra como essa reflex\u00e3o filos\u00f3fica de S\u00e9neca inspira a\u00e7\u00f5es conscientes na vida cotidiana.\" \/>\n<meta name=\"robots\" content=\"index, follow, max-snippet:-1, max-image-preview:large, max-video-preview:-1\" \/>\n<link rel=\"canonical\" href=\"https:\/\/www.correiobraziliense.com.br\/cbradar\/o-que-significa-dum-vita-est-a-frase-filosofica-que-tem-um-significado-esperancoso\/\" \/>\n<meta property=\"og:locale\" content=\"pt_BR\" \/>\n<meta property=\"og:type\" content=\"article\" \/>\n<meta property=\"og:title\" content=\"O que significa \u201cDum vita est\u201d, a frase filos\u00f3fica que tem um significado esperan\u00e7oso\" \/>\n<meta property=\"og:description\" content=\"Explore o poderoso significado da frase latina &#039;Dum vita est, spes est&#039; e descubra como essa reflex\u00e3o filos\u00f3fica de S\u00e9neca inspira a\u00e7\u00f5es conscientes na vida cotidiana.\" \/>\n<meta property=\"og:url\" content=\"https:\/\/www.correiobraziliense.com.br\/cbradar\/o-que-significa-dum-vita-est-a-frase-filosofica-que-tem-um-significado-esperancoso\/\" \/>\n<meta property=\"og:site_name\" content=\"Correio Braziliense - Radar\" \/>\n<meta property=\"article:published_time\" content=\"2025-11-12T11:45:00+00:00\" \/>\n<meta property=\"og:image\" content=\"https:\/\/www.correiobraziliense.com.br\/cbradar\/wp-content\/uploads\/2025\/11\/Dum-vita-est-1280x720-1.png\" \/>\n\t<meta property=\"og:image:width\" content=\"1280\" \/>\n\t<meta property=\"og:image:height\" content=\"720\" \/>\n\t<meta property=\"og:image:type\" content=\"image\/png\" \/>\n<meta name=\"author\" content=\"Larissa Carvalho\" \/>\n<meta name=\"twitter:card\" content=\"summary_large_image\" \/>\n<meta name=\"twitter:label1\" content=\"Escrito por\" \/>\n\t<meta name=\"twitter:data1\" content=\"Larissa Carvalho\" \/>\n\t<meta name=\"twitter:label2\" content=\"Est. tempo de leitura\" \/>\n\t<meta name=\"twitter:data2\" content=\"3 minutos\" \/>\n<!-- \/ Yoast SEO plugin. -->","yoast_head_json":{"title":"O que significa \u201cDum vita est\u201d, a frase filos\u00f3fica que tem um significado esperan\u00e7oso","description":"Explore o poderoso significado da frase latina 'Dum vita est, spes est' e descubra como essa reflex\u00e3o filos\u00f3fica de S\u00e9neca inspira a\u00e7\u00f5es conscientes na vida cotidiana.","robots":{"index":"index","follow":"follow","max-snippet":"max-snippet:-1","max-image-preview":"max-image-preview:large","max-video-preview":"max-video-preview:-1"},"canonical":"https:\/\/www.correiobraziliense.com.br\/cbradar\/o-que-significa-dum-vita-est-a-frase-filosofica-que-tem-um-significado-esperancoso\/","og_locale":"pt_BR","og_type":"article","og_title":"O que significa \u201cDum vita est\u201d, a frase filos\u00f3fica que tem um significado esperan\u00e7oso","og_description":"Explore o poderoso significado da frase latina 'Dum vita est, spes est' e descubra como essa reflex\u00e3o filos\u00f3fica de S\u00e9neca inspira a\u00e7\u00f5es conscientes na vida cotidiana.","og_url":"https:\/\/www.correiobraziliense.com.br\/cbradar\/o-que-significa-dum-vita-est-a-frase-filosofica-que-tem-um-significado-esperancoso\/","og_site_name":"Correio Braziliense - Radar","article_published_time":"2025-11-12T11:45:00+00:00","og_image":[{"width":1280,"height":720,"url":"https:\/\/www.correiobraziliense.com.br\/cbradar\/wp-content\/uploads\/2025\/11\/Dum-vita-est-1280x720-1.png","type":"image\/png"}],"author":"Larissa Carvalho","twitter_card":"summary_large_image","twitter_misc":{"Escrito por":"Larissa Carvalho","Est. tempo de leitura":"3 minutos"},"schema":{"@context":"https:\/\/schema.org","@graph":[{"@type":"WebPage","@id":"https:\/\/www.correiobraziliense.com.br\/cbradar\/o-que-significa-dum-vita-est-a-frase-filosofica-que-tem-um-significado-esperancoso\/","url":"https:\/\/www.correiobraziliense.com.br\/cbradar\/o-que-significa-dum-vita-est-a-frase-filosofica-que-tem-um-significado-esperancoso\/","name":"O que significa \u201cDum vita est\u201d, a frase filos\u00f3fica que tem um significado esperan\u00e7oso","isPartOf":{"@id":"https:\/\/www.correiobraziliense.com.br\/cbradar\/#website"},"primaryImageOfPage":{"@id":"https:\/\/www.correiobraziliense.com.br\/cbradar\/o-que-significa-dum-vita-est-a-frase-filosofica-que-tem-um-significado-esperancoso\/#primaryimage"},"image":{"@id":"https:\/\/www.correiobraziliense.com.br\/cbradar\/o-que-significa-dum-vita-est-a-frase-filosofica-que-tem-um-significado-esperancoso\/#primaryimage"},"thumbnailUrl":"https:\/\/www.correiobraziliense.com.br\/cbradar\/wp-content\/uploads\/2025\/11\/Dum-vita-est-1280x720-1.png","datePublished":"2025-11-12T11:45:00+00:00","author":{"@id":"https:\/\/www.correiobraziliense.com.br\/cbradar\/#\/schema\/person\/58422787644df994b53a19d3e56c1513"},"description":"Explore o poderoso significado da frase latina 'Dum vita est, spes est' e descubra como essa reflex\u00e3o filos\u00f3fica de S\u00e9neca inspira a\u00e7\u00f5es conscientes na vida cotidiana.","breadcrumb":{"@id":"https:\/\/www.correiobraziliense.com.br\/cbradar\/o-que-significa-dum-vita-est-a-frase-filosofica-que-tem-um-significado-esperancoso\/#breadcrumb"},"inLanguage":"pt-BR","potentialAction":[{"@type":"ReadAction","target":["https:\/\/www.correiobraziliense.com.br\/cbradar\/o-que-significa-dum-vita-est-a-frase-filosofica-que-tem-um-significado-esperancoso\/"]}]},{"@type":"ImageObject","inLanguage":"pt-BR","@id":"https:\/\/www.correiobraziliense.com.br\/cbradar\/o-que-significa-dum-vita-est-a-frase-filosofica-que-tem-um-significado-esperancoso\/#primaryimage","url":"https:\/\/www.correiobraziliense.com.br\/cbradar\/wp-content\/uploads\/2025\/11\/Dum-vita-est-1280x720-1.png","contentUrl":"https:\/\/www.correiobraziliense.com.br\/cbradar\/wp-content\/uploads\/2025\/11\/Dum-vita-est-1280x720-1.png","width":1280,"height":720,"caption":"S\u00eaneca nos deixou um legado filos\u00f3fico que ainda inspira pensamento e conduta nos dias atuais."},{"@type":"BreadcrumbList","@id":"https:\/\/www.correiobraziliense.com.br\/cbradar\/o-que-significa-dum-vita-est-a-frase-filosofica-que-tem-um-significado-esperancoso\/#breadcrumb","itemListElement":[{"@type":"ListItem","position":1,"name":"In\u00edcio","item":"https:\/\/www.correiobraziliense.com.br\/cbradar\/"},{"@type":"ListItem","position":2,"name":"O que significa \u201cDum vita est\u201d, a frase filos\u00f3fica que tem um significado esperan\u00e7oso"}]},{"@type":"WebSite","@id":"https:\/\/www.correiobraziliense.com.br\/cbradar\/#website","url":"https:\/\/www.correiobraziliense.com.br\/cbradar\/","name":"Correio Braziliense - Radar","description":"Acompanhe as \u00faltimas not\u00edcias e fique bem informado sobre tudo o que acontece no Brasil e no mundo.","potentialAction":[{"@type":"SearchAction","target":{"@type":"EntryPoint","urlTemplate":"https:\/\/www.correiobraziliense.com.br\/cbradar\/?s={search_term_string}"},"query-input":{"@type":"PropertyValueSpecification","valueRequired":true,"valueName":"search_term_string"}}],"inLanguage":"pt-BR"},{"@type":"Person","@id":"https:\/\/www.correiobraziliense.com.br\/cbradar\/#\/schema\/person\/58422787644df994b53a19d3e56c1513","name":"Larissa Carvalho","image":{"@type":"ImageObject","inLanguage":"pt-BR","@id":"https:\/\/www.correiobraziliense.com.br\/cbradar\/#\/schema\/person\/image\/","url":"https:\/\/secure.gravatar.com\/avatar\/fe4f91a0de32b52a838d0d612abdc1aa?s=96&d=mm&r=g","contentUrl":"https:\/\/secure.gravatar.com\/avatar\/fe4f91a0de32b52a838d0d612abdc1aa?s=96&d=mm&r=g","caption":"Larissa Carvalho"},"url":"https:\/\/www.correiobraziliense.com.br\/cbradar\/author\/larissamyth\/"}]}},"_links":{"self":[{"href":"https:\/\/www.correiobraziliense.com.br\/cbradar\/wp-json\/wp\/v2\/posts\/135140","targetHints":{"allow":["GET"]}}],"collection":[{"href":"https:\/\/www.correiobraziliense.com.br\/cbradar\/wp-json\/wp\/v2\/posts"}],"about":[{"href":"https:\/\/www.correiobraziliense.com.br\/cbradar\/wp-json\/wp\/v2\/types\/post"}],"author":[{"embeddable":true,"href":"https:\/\/www.correiobraziliense.com.br\/cbradar\/wp-json\/wp\/v2\/users\/3"}],"replies":[{"embeddable":true,"href":"https:\/\/www.correiobraziliense.com.br\/cbradar\/wp-json\/wp\/v2\/comments?post=135140"}],"version-history":[{"count":4,"href":"https:\/\/www.correiobraziliense.com.br\/cbradar\/wp-json\/wp\/v2\/posts\/135140\/revisions"}],"predecessor-version":[{"id":135686,"href":"https:\/\/www.correiobraziliense.com.br\/cbradar\/wp-json\/wp\/v2\/posts\/135140\/revisions\/135686"}],"wp:featuredmedia":[{"embeddable":true,"href":"https:\/\/www.correiobraziliense.com.br\/cbradar\/wp-json\/wp\/v2\/media\/135684"}],"wp:attachment":[{"href":"https:\/\/www.correiobraziliense.com.br\/cbradar\/wp-json\/wp\/v2\/media?parent=135140"}],"wp:term":[{"taxonomy":"category","embeddable":true,"href":"https:\/\/www.correiobraziliense.com.br\/cbradar\/wp-json\/wp\/v2\/categories?post=135140"},{"taxonomy":"post_tag","embeddable":true,"href":"https:\/\/www.correiobraziliense.com.br\/cbradar\/wp-json\/wp\/v2\/post_tag?post=135140"}],"curies":[{"name":"wp","href":"https:\/\/api.w.org\/{rel}","templated":true}]}}