{"id":135153,"date":"2025-11-12T10:55:00","date_gmt":"2025-11-12T13:55:00","guid":{"rendered":"https:\/\/www.correiobraziliense.com.br\/cbradar\/?p=135153"},"modified":"2025-11-11T08:27:11","modified_gmt":"2025-11-11T11:27:11","slug":"os-alimentos-que-voce-deve-evitar-quando-esta-com-dores-de-garganta","status":"publish","type":"post","link":"https:\/\/www.correiobraziliense.com.br\/cbradar\/os-alimentos-que-voce-deve-evitar-quando-esta-com-dores-de-garganta\/","title":{"rendered":"Os alimentos que voc\u00ea deve evitar quando est\u00e1 com dores de garganta"},"content":{"rendered":"\n<p>Durante os meses mais frios, as <strong>dores de garganta<\/strong> tornam-se uma preocupa\u00e7\u00e3o comum, piorando com gripes e resfriados. Embora o ch\u00e1 com mel e lim\u00e3o ou pastilhas sejam escolhas populares para aliviar o desconforto, conhecer os alimentos certos e evitar alguns espec\u00edficos faz diferen\u00e7a para a recupera\u00e7\u00e3o.<\/p>\n\n\n\n<h2 class=\"wp-block-heading\">Saiba quais alimentos devem ser evitados durante a dor de garganta<\/h2>\n\n\n\n<p>\u00c9 importante manter a aten\u00e7\u00e3o aos <strong>alimentos \u00e1cidos<\/strong>, que podem irritar ainda mais uma garganta inflamada. Escolher op\u00e7\u00f5es mais suaves, como bananas, mam\u00f5es ou mangas, \u00e9 uma alternativa mais segura enquanto a dor persistir.<\/p>\n\n\n\n<p>Evite principalmente <strong>frutas c\u00edtricas<\/strong> e sucos \u00e1cidos, pois o contato direto dessas subst\u00e2ncias com a mucosa sens\u00edvel pode aumentar a inflama\u00e7\u00e3o e atrasar a melhora dos sintomas.<\/p>\n\n\n\n<figure class=\"wp-block-image size-large\"><img decoding=\"async\" width=\"1024\" height=\"576\" src=\"https:\/\/www.correiobraziliense.com.br\/cbradar\/wp-content\/uploads\/2025\/11\/dor-de-garganta_1762860376090-1024x576.jpg\" alt=\"Os alimentos que voc\u00ea deve evitar quando est\u00e1 com dores de garganta\" class=\"wp-image-135694\" srcset=\"https:\/\/www.correiobraziliense.com.br\/cbradar\/wp-content\/uploads\/2025\/11\/dor-de-garganta_1762860376090-1024x576.jpg 1024w, https:\/\/www.correiobraziliense.com.br\/cbradar\/wp-content\/uploads\/2025\/11\/dor-de-garganta_1762860376090-300x169.jpg 300w, https:\/\/www.correiobraziliense.com.br\/cbradar\/wp-content\/uploads\/2025\/11\/dor-de-garganta_1762860376090-768x432.jpg 768w, https:\/\/www.correiobraziliense.com.br\/cbradar\/wp-content\/uploads\/2025\/11\/dor-de-garganta_1762860376090-750x422.jpg 750w, https:\/\/www.correiobraziliense.com.br\/cbradar\/wp-content\/uploads\/2025\/11\/dor-de-garganta_1762860376090-1140x641.jpg 1140w, https:\/\/www.correiobraziliense.com.br\/cbradar\/wp-content\/uploads\/2025\/11\/dor-de-garganta_1762860376090.jpg 1280w\" sizes=\"(max-width: 1024px) 100vw, 1024px\" \/><figcaption class=\"wp-element-caption\">Manter-se hidratado e evitar alimentos condimentados acelera a recupera\u00e7\u00e3o da garganta. Cr\u00e9ditos: depositphotos.com \/ AllaSerebrina<\/figcaption><\/figure>\n\n\n\n<h2 class=\"wp-block-heading\">Entenda por que comida picante e crocante piora o desconforto<\/h2>\n\n\n\n<p>Os <strong>alimentos picantes<\/strong> e temperos fortes t\u00eam potencial para aumentar a irrita\u00e7\u00e3o e o desconforto. Al\u00e9m disso, alimentos de textura dura ou \u00e1spera, como biscoitos e torradas, podem causar microles\u00f5es e agravar o quadro j\u00e1 sens\u00edvel.<\/p>\n\n\n\n<p>Confira exemplos de alimentos a evitar nessas situa\u00e7\u00f5es:<\/p>\n\n\n\n<ul class=\"wp-block-list\">\n<li><strong>Pimentas<\/strong> e molhos apimentados<\/li>\n\n\n\n<li><strong>Torradas, bolachas duras e cereais crocantes<\/strong><\/li>\n\n\n\n<li>Nozes e outros itens que esfarelam<\/li>\n<\/ul>\n\n\n\n<h2 class=\"wp-block-heading\">Mantenha aten\u00e7\u00e3o \u00e0 temperatura dos alimentos para proteger a garganta<\/h2>\n\n\n\n<p>Consumir <strong>alimentos muito quentes<\/strong> pode causar queimaduras e piorar o quadro, mesmo que causem sensa\u00e7\u00e3o inicial de al\u00edvio. Prefira alimentos mornos ou em temperatura ambiente para evitar novos danos.<\/p>\n\n\n\n<p>Bebidas com <strong>cafe\u00edna<\/strong> tamb\u00e9m devem ser evitadas, j\u00e1 que podem prejudicar o sono, um fator essencial para uma boa recupera\u00e7\u00e3o do sistema imune.<\/p>\n\n\n\n<p>Leia tamb\u00e9m: <a href=\"https:\/\/www.correiobraziliense.com.br\/cbradar\/a-planta-mais-eficiente-para-gripe-e-garganta-inflamada-segundo-a-ciencia\/\" target=\"_blank\" rel=\"noreferrer noopener\">A planta mais eficiente para gripe e garganta inflamada, segundo a ci\u00eancia<\/a><\/p>\n\n\n\n<h2 class=\"wp-block-heading\">Latic\u00ednios e \u00e1lcool podem agravar a dor ou trazer al\u00edvio passageiro<\/h2>\n\n\n\n<p>Latic\u00ednios frios oferecem al\u00edvio tempor\u00e1rio, mas em algumas pessoas favorecem o aumento do muco e a sensa\u00e7\u00e3o de garganta congestionada. O <strong>\u00e1lcool<\/strong>, ao contr\u00e1rio do que muitos pensam, s\u00f3 contribui para irritar mais a mucosa e ainda prejudica a imunidade.<\/p>\n\n\n\n<p>Al\u00e9m disso, o \u00e1lcool pode provocar <strong>desidrata\u00e7\u00e3o<\/strong>, tornando a garganta ainda mais sens\u00edvel e dificultando a defesa contra infec\u00e7\u00f5es virais ou bacterianas.<\/p>\n\n\n\n<iframe loading=\"lazy\" width=\"560\" height=\"315\" src=\"https:\/\/www.youtube.com\/embed\/PBiL9_S2g9k?si=JTb1Nf3bpONd8kYu\" title=\"YouTube video player\" frameborder=\"0\" allow=\"accelerometer; autoplay; clipboard-write; encrypted-media; gyroscope; picture-in-picture; web-share\" referrerpolicy=\"strict-origin-when-cross-origin\" allowfullscreen><\/iframe>\n\n\n\n<h2 class=\"wp-block-heading\">Descubra quando \u00e9 necess\u00e1rio procurar um m\u00e9dico em casos de dor de garganta<\/h2>\n\n\n\n<p>Caso a <strong>dor de garganta<\/strong> persista por mais de sete a dez dias, \u00e9 fundamental buscar avalia\u00e7\u00e3o m\u00e9dica. Sinais como febre alta, dificuldades para respirar, dor no peito ou cansa\u00e7o intenso requerem aten\u00e7\u00e3o especial.<\/p>\n\n\n\n<p>Procure ajuda de um profissional caso surjam sintomas mais graves, incluindo:<\/p>\n\n\n\n<ul class=\"wp-block-list\">\n<li><strong>Febre alta recorrente<\/strong><\/li>\n\n\n\n<li>Dificuldade para engolir ou respirar<\/li>\n\n\n\n<li>Presen\u00e7a de pus ou placas brancas na garganta<\/li>\n\n\n\n<li>Fadiga acentuada ou dor tor\u00e1cica<\/li>\n<\/ul>\n","protected":false},"excerpt":{"rendered":"<p>Dores de garganta? Evite alimentos irritantes e melhore sua recupera\u00e7\u00e3o!<\/p>\n","protected":false},"author":3,"featured_media":135693,"comment_status":"open","ping_status":"open","sticky":false,"template":"","format":"standard","meta":{"_yoast_wpseo_focuskw":"alimentos evitar dor de garganta","_yoast_wpseo_title":"%%title%%","_yoast_wpseo_metadesc":"Dores de garganta? Evite alimentos irritantes e melhore sua recupera\u00e7\u00e3o!","jnews-multi-image_gallery":[],"jnews_single_post":{"format":"standard"},"jnews_primary_category":[],"jnews_social_meta":[],"jnews_override_counter":[],"footnotes":""},"categories":[112],"post_tag":[281,1423,3559,144,2956],"class_list":["post-135153","post","type-post","status-publish","format-standard","has-post-thumbnail","hentry","category-curiosidades","tag-alimentacao","tag-alimentos","tag-corpo-humano","tag-curiosidades","tag-dor-de-garganta"],"yoast_head":"<!-- This site is optimized with the Yoast SEO plugin v24.6 - https:\/\/yoast.com\/wordpress\/plugins\/seo\/ -->\n<title>Os alimentos que voc\u00ea deve evitar quando est\u00e1 com dores de garganta<\/title>\n<meta name=\"description\" content=\"Dores de garganta? Evite alimentos irritantes e melhore sua recupera\u00e7\u00e3o!\" \/>\n<meta name=\"robots\" content=\"index, follow, max-snippet:-1, max-image-preview:large, max-video-preview:-1\" \/>\n<link rel=\"canonical\" href=\"https:\/\/www.correiobraziliense.com.br\/cbradar\/os-alimentos-que-voce-deve-evitar-quando-esta-com-dores-de-garganta\/\" \/>\n<meta property=\"og:locale\" content=\"pt_BR\" \/>\n<meta property=\"og:type\" content=\"article\" \/>\n<meta property=\"og:title\" content=\"Os alimentos que voc\u00ea deve evitar quando est\u00e1 com dores de garganta\" \/>\n<meta property=\"og:description\" content=\"Dores de garganta? Evite alimentos irritantes e melhore sua recupera\u00e7\u00e3o!\" \/>\n<meta property=\"og:url\" content=\"https:\/\/www.correiobraziliense.com.br\/cbradar\/os-alimentos-que-voce-deve-evitar-quando-esta-com-dores-de-garganta\/\" \/>\n<meta property=\"og:site_name\" content=\"Correio Braziliense - Radar\" \/>\n<meta property=\"article:published_time\" content=\"2025-11-12T13:55:00+00:00\" \/>\n<meta property=\"og:image\" content=\"https:\/\/www.correiobraziliense.com.br\/cbradar\/wp-content\/uploads\/2025\/11\/mosaico_1762860345594.jpg\" \/>\n\t<meta property=\"og:image:width\" content=\"1280\" \/>\n\t<meta property=\"og:image:height\" content=\"720\" \/>\n\t<meta property=\"og:image:type\" content=\"image\/jpeg\" \/>\n<meta name=\"author\" content=\"Larissa Carvalho\" \/>\n<meta name=\"twitter:card\" content=\"summary_large_image\" \/>\n<meta name=\"twitter:label1\" content=\"Escrito por\" \/>\n\t<meta name=\"twitter:data1\" content=\"Larissa Carvalho\" \/>\n\t<meta name=\"twitter:label2\" content=\"Est. tempo de leitura\" \/>\n\t<meta name=\"twitter:data2\" content=\"3 minutos\" \/>\n<!-- \/ Yoast SEO plugin. -->","yoast_head_json":{"title":"Os alimentos que voc\u00ea deve evitar quando est\u00e1 com dores de garganta","description":"Dores de garganta? Evite alimentos irritantes e melhore sua recupera\u00e7\u00e3o!","robots":{"index":"index","follow":"follow","max-snippet":"max-snippet:-1","max-image-preview":"max-image-preview:large","max-video-preview":"max-video-preview:-1"},"canonical":"https:\/\/www.correiobraziliense.com.br\/cbradar\/os-alimentos-que-voce-deve-evitar-quando-esta-com-dores-de-garganta\/","og_locale":"pt_BR","og_type":"article","og_title":"Os alimentos que voc\u00ea deve evitar quando est\u00e1 com dores de garganta","og_description":"Dores de garganta? Evite alimentos irritantes e melhore sua recupera\u00e7\u00e3o!","og_url":"https:\/\/www.correiobraziliense.com.br\/cbradar\/os-alimentos-que-voce-deve-evitar-quando-esta-com-dores-de-garganta\/","og_site_name":"Correio Braziliense - Radar","article_published_time":"2025-11-12T13:55:00+00:00","og_image":[{"width":1280,"height":720,"url":"https:\/\/www.correiobraziliense.com.br\/cbradar\/wp-content\/uploads\/2025\/11\/mosaico_1762860345594.jpg","type":"image\/jpeg"}],"author":"Larissa Carvalho","twitter_card":"summary_large_image","twitter_misc":{"Escrito por":"Larissa Carvalho","Est. tempo de leitura":"3 minutos"},"schema":{"@context":"https:\/\/schema.org","@graph":[{"@type":"WebPage","@id":"https:\/\/www.correiobraziliense.com.br\/cbradar\/os-alimentos-que-voce-deve-evitar-quando-esta-com-dores-de-garganta\/","url":"https:\/\/www.correiobraziliense.com.br\/cbradar\/os-alimentos-que-voce-deve-evitar-quando-esta-com-dores-de-garganta\/","name":"Os alimentos que voc\u00ea deve evitar quando est\u00e1 com dores de garganta","isPartOf":{"@id":"https:\/\/www.correiobraziliense.com.br\/cbradar\/#website"},"primaryImageOfPage":{"@id":"https:\/\/www.correiobraziliense.com.br\/cbradar\/os-alimentos-que-voce-deve-evitar-quando-esta-com-dores-de-garganta\/#primaryimage"},"image":{"@id":"https:\/\/www.correiobraziliense.com.br\/cbradar\/os-alimentos-que-voce-deve-evitar-quando-esta-com-dores-de-garganta\/#primaryimage"},"thumbnailUrl":"https:\/\/www.correiobraziliense.com.br\/cbradar\/wp-content\/uploads\/2025\/11\/mosaico_1762860345594.jpg","datePublished":"2025-11-12T13:55:00+00:00","author":{"@id":"https:\/\/www.correiobraziliense.com.br\/cbradar\/#\/schema\/person\/58422787644df994b53a19d3e56c1513"},"description":"Dores de garganta? Evite alimentos irritantes e melhore sua recupera\u00e7\u00e3o!","breadcrumb":{"@id":"https:\/\/www.correiobraziliense.com.br\/cbradar\/os-alimentos-que-voce-deve-evitar-quando-esta-com-dores-de-garganta\/#breadcrumb"},"inLanguage":"pt-BR","potentialAction":[{"@type":"ReadAction","target":["https:\/\/www.correiobraziliense.com.br\/cbradar\/os-alimentos-que-voce-deve-evitar-quando-esta-com-dores-de-garganta\/"]}]},{"@type":"ImageObject","inLanguage":"pt-BR","@id":"https:\/\/www.correiobraziliense.com.br\/cbradar\/os-alimentos-que-voce-deve-evitar-quando-esta-com-dores-de-garganta\/#primaryimage","url":"https:\/\/www.correiobraziliense.com.br\/cbradar\/wp-content\/uploads\/2025\/11\/mosaico_1762860345594.jpg","contentUrl":"https:\/\/www.correiobraziliense.com.br\/cbradar\/wp-content\/uploads\/2025\/11\/mosaico_1762860345594.jpg","width":1280,"height":720,"caption":"Evite alimentos \u00e1cidos, muito quentes ou gelados para n\u00e3o irritar ainda mais a garganta inflamada. Cr\u00e9ditos: depositphotos.com \/ VadimVasenin e Cr\u00e9ditos: depositphotos.com \/ imagepointfr"},{"@type":"BreadcrumbList","@id":"https:\/\/www.correiobraziliense.com.br\/cbradar\/os-alimentos-que-voce-deve-evitar-quando-esta-com-dores-de-garganta\/#breadcrumb","itemListElement":[{"@type":"ListItem","position":1,"name":"In\u00edcio","item":"https:\/\/www.correiobraziliense.com.br\/cbradar\/"},{"@type":"ListItem","position":2,"name":"Os alimentos que voc\u00ea deve evitar quando est\u00e1 com dores de garganta"}]},{"@type":"WebSite","@id":"https:\/\/www.correiobraziliense.com.br\/cbradar\/#website","url":"https:\/\/www.correiobraziliense.com.br\/cbradar\/","name":"Correio Braziliense - Radar","description":"Acompanhe as \u00faltimas not\u00edcias e fique bem informado sobre tudo o que acontece no Brasil e no mundo.","potentialAction":[{"@type":"SearchAction","target":{"@type":"EntryPoint","urlTemplate":"https:\/\/www.correiobraziliense.com.br\/cbradar\/?s={search_term_string}"},"query-input":{"@type":"PropertyValueSpecification","valueRequired":true,"valueName":"search_term_string"}}],"inLanguage":"pt-BR"},{"@type":"Person","@id":"https:\/\/www.correiobraziliense.com.br\/cbradar\/#\/schema\/person\/58422787644df994b53a19d3e56c1513","name":"Larissa Carvalho","image":{"@type":"ImageObject","inLanguage":"pt-BR","@id":"https:\/\/www.correiobraziliense.com.br\/cbradar\/#\/schema\/person\/image\/","url":"https:\/\/secure.gravatar.com\/avatar\/fe4f91a0de32b52a838d0d612abdc1aa?s=96&d=mm&r=g","contentUrl":"https:\/\/secure.gravatar.com\/avatar\/fe4f91a0de32b52a838d0d612abdc1aa?s=96&d=mm&r=g","caption":"Larissa Carvalho"},"url":"https:\/\/www.correiobraziliense.com.br\/cbradar\/author\/larissamyth\/"}]}},"_links":{"self":[{"href":"https:\/\/www.correiobraziliense.com.br\/cbradar\/wp-json\/wp\/v2\/posts\/135153","targetHints":{"allow":["GET"]}}],"collection":[{"href":"https:\/\/www.correiobraziliense.com.br\/cbradar\/wp-json\/wp\/v2\/posts"}],"about":[{"href":"https:\/\/www.correiobraziliense.com.br\/cbradar\/wp-json\/wp\/v2\/types\/post"}],"author":[{"embeddable":true,"href":"https:\/\/www.correiobraziliense.com.br\/cbradar\/wp-json\/wp\/v2\/users\/3"}],"replies":[{"embeddable":true,"href":"https:\/\/www.correiobraziliense.com.br\/cbradar\/wp-json\/wp\/v2\/comments?post=135153"}],"version-history":[{"count":3,"href":"https:\/\/www.correiobraziliense.com.br\/cbradar\/wp-json\/wp\/v2\/posts\/135153\/revisions"}],"predecessor-version":[{"id":135695,"href":"https:\/\/www.correiobraziliense.com.br\/cbradar\/wp-json\/wp\/v2\/posts\/135153\/revisions\/135695"}],"wp:featuredmedia":[{"embeddable":true,"href":"https:\/\/www.correiobraziliense.com.br\/cbradar\/wp-json\/wp\/v2\/media\/135693"}],"wp:attachment":[{"href":"https:\/\/www.correiobraziliense.com.br\/cbradar\/wp-json\/wp\/v2\/media?parent=135153"}],"wp:term":[{"taxonomy":"category","embeddable":true,"href":"https:\/\/www.correiobraziliense.com.br\/cbradar\/wp-json\/wp\/v2\/categories?post=135153"},{"taxonomy":"post_tag","embeddable":true,"href":"https:\/\/www.correiobraziliense.com.br\/cbradar\/wp-json\/wp\/v2\/post_tag?post=135153"}],"curies":[{"name":"wp","href":"https:\/\/api.w.org\/{rel}","templated":true}]}}