{"id":135188,"date":"2025-11-10T18:25:00","date_gmt":"2025-11-10T21:25:00","guid":{"rendered":"https:\/\/www.correiobraziliense.com.br\/cbradar\/?p=135188"},"modified":"2025-11-09T21:21:51","modified_gmt":"2025-11-10T00:21:51","slug":"o-que-e-verborreia-e-como-desacelerar-a-fala","status":"publish","type":"post","link":"https:\/\/www.correiobraziliense.com.br\/cbradar\/o-que-e-verborreia-e-como-desacelerar-a-fala\/","title":{"rendered":"O que \u00e9 verborreia e como desacelerar a fala"},"content":{"rendered":"\n<p>A <strong>Verborreia<\/strong>, frequentemente associada ao comportamento de fala acelerada, \u00e9 uma caracter\u00edstica que pode ser tanto uma marca peculiar da personalidade de um indiv\u00edduo quanto uma resposta a circunst\u00e2ncias externas, como o nervosismo e a ansiedade. Essa forma acelerada de comunica\u00e7\u00e3o, muitas vezes, \u00e9 marcada pela omiss\u00e3o parcial de palavras, o que pode dificultar a compreens\u00e3o por parte do interlocutor. No entanto, identificar as ra\u00edzes do problema \u00e9 um passo crucial para abord\u00e1-lo eficazmente, permitindo que profissionais como fonoaudi\u00f3logos e psic\u00f3logos ofere\u00e7am m\u00e9todos para auxiliar a desacelera\u00e7\u00e3o da fala, promovendo um entendimento mais claro.<\/p>\n\n\n\n<p>Existem v\u00e1rias raz\u00f5es pelas quais a Verborreia pode se manifestar. Em algumas pessoas, a fala r\u00e1pida pode ser um tra\u00e7o inato de sua personalidade. Entretanto, situa\u00e7\u00f5es de press\u00e3o e estresse, como apresenta\u00e7\u00f5es p\u00fablicas ou entrevistas de emprego, frequentemente intensificam essa tend\u00eancia, gerando interpreta\u00e7\u00f5es err\u00f4neas ou falta de entendimento total por parte dos ouvintes. A acelera\u00e7\u00e3o do ritmo de vida moderno tamb\u00e9m contribui significativamente para esse padr\u00e3o de fala, refletindo as urg\u00eancias di\u00e1rias que moldam o comportamento comunicativo.<\/p>\n\n\n\n<h2 class=\"wp-block-heading\">Como desacelerar a fala r\u00e1pida?<\/h2>\n\n\n\n<p>Quando a fala ligeira est\u00e1 enraizada na personalidade, pode parecer um desafio alter\u00e1-la. No entanto, t\u00e9cnicas podem ser adotadas para auxiliar aqueles que desejam falar de maneira mais pausada e compreensiva. Uma abordagem recomendada inclui focar na articula\u00e7\u00e3o clara de cada palavra, certificando-se de pronunciar cada s\u00edlaba. Al\u00e9m disso, introduzir pequenas pausas nas frases, como ao ler um texto, e conscientizar-se da pr\u00f3pria respira\u00e7\u00e3o durante a fala, pode ser significativamente ben\u00e9fico.<\/p>\n\n\n\n<h2 class=\"wp-block-heading\">Quais t\u00e9cnicas ajudam a aliviar o nervosismo?<\/h2>\n\n\n<div class=\"wp-block-image\">\n<figure class=\"aligncenter size-large\"><img decoding=\"async\" width=\"1024\" height=\"576\" src=\"https:\/\/www.correiobraziliense.com.br\/cbradar\/wp-content\/uploads\/2025\/11\/conversar_1762734063640-1024x576.jpg\" alt=\"\" class=\"wp-image-135189\" srcset=\"https:\/\/www.correiobraziliense.com.br\/cbradar\/wp-content\/uploads\/2025\/11\/conversar_1762734063640-1024x576.jpg 1024w, https:\/\/www.correiobraziliense.com.br\/cbradar\/wp-content\/uploads\/2025\/11\/conversar_1762734063640-300x169.jpg 300w, https:\/\/www.correiobraziliense.com.br\/cbradar\/wp-content\/uploads\/2025\/11\/conversar_1762734063640-768x432.jpg 768w, https:\/\/www.correiobraziliense.com.br\/cbradar\/wp-content\/uploads\/2025\/11\/conversar_1762734063640-750x422.jpg 750w, https:\/\/www.correiobraziliense.com.br\/cbradar\/wp-content\/uploads\/2025\/11\/conversar_1762734063640-1140x641.jpg 1140w, https:\/\/www.correiobraziliense.com.br\/cbradar\/wp-content\/uploads\/2025\/11\/conversar_1762734063640.jpg 1280w\" sizes=\"(max-width: 1024px) 100vw, 1024px\" \/><figcaption class=\"wp-element-caption\">Verborreia &#8211; Cr\u00e9ditos: depositphotos.com \/ alebloshka<\/figcaption><\/figure><\/div>\n\n\n<p>Se o nervosismo for um gatilho para a Verborreia, a implementa\u00e7\u00e3o de t\u00e9cnicas de relaxamento pode ser essencial. Praticar medita\u00e7\u00f5es curtas ou exerc\u00edcios de respira\u00e7\u00e3o antes de situa\u00e7\u00f5es estressantes pode promover um ritmo mais equilibrado na fala. Al\u00e9m disso, para aumentar o controle sobre a velocidade ao falar para um p\u00fablico, exerc\u00edcios como ler discursos em voz alta e ouvir grava\u00e7\u00f5es pr\u00f3prias ajudam a calibrar a velocidade da fala.<\/p>\n\n\n\n<h2 class=\"wp-block-heading\">Quais comportamentos devem ser observados ao falar?<\/h2>\n\n\n\n<p>O comportamento n\u00e3o verbal tamb\u00e9m acompanha a fala r\u00e1pida. Pessoas que falam apressadamente tendem a demonstrar gestos ansiosos, como tocar o interlocutor ou inclinar-se excessivamente para a frente. Estar ciente desses comportamentos, e ajust\u00e1-los conforme necess\u00e1rio, contribui n\u00e3o apenas para a clareza da comunica\u00e7\u00e3o mas tamb\u00e9m para um ambiente de intera\u00e7\u00e3o mais confort\u00e1vel. Essas pr\u00e1ticas podem precisar ser adaptadas de acordo com o contexto e a familiaridade com o p\u00fablico, mas em geral, garantem uma comunica\u00e7\u00e3o mais eficaz.<\/p>\n\n\n\n<p>O avan\u00e7o cont\u00ednuo na compreens\u00e3o deste fen\u00f4meno implica em abordagens multidisciplinares, reunindo insights de v\u00e1rias \u00e1reas da <a href=\"https:\/\/www.correiobraziliense.com.br\/cbradar\/por-que-sinto-a-barriga-gelada-entenda-as-causas\/\" target=\"_blank\" rel=\"noreferrer noopener\">sa\u00fade <\/a>para enriquecer as estrat\u00e9gias de interven\u00e7\u00e3o. Com isso, \u00e9 poss\u00edvel n\u00e3o apenas aliviar os efeitos imediatos da fala acelerada, mas tamb\u00e9m promover um ambiente comunicativo mais inclusivo e eficaz.<\/p>\n\n\n<a href=\"https:\/\/www.instagram.com\/dra.annaluisabf\/\" target=\"_blank\" rel=\"noopener\" style=\"text-decoration: none; color: inherit;\">\n    <span style=\"display: inline-block; border: 1px solid #ccc; border-radius: 10px; padding: 15px; max-width: 550px; font-family: sans-serif; box-shadow: 0 2px 5px rgba(0,0,0,0.1); width: 100%;\">\n\n      <!-- T\u00edtulo -->\n      <span style=\"display: block; margin: 0 0 15px 0; font-weight: bold; color: #2c3e50; text-align: center;\">\n        Entre em contato:\n      <\/span>\n\n      <!-- Linha do perfil -->\n      <span style=\"display: flex; align-items: center; gap: 15px;\">\n        <img decoding=\"async\"\n          src=\"https:\/\/www.correiobraziliense.com.br\/cbradar\/wp-content\/uploads\/2025\/08\/dra_anna_luisa.jpeg\"\n          alt=\"Foto da Dra. Anna Lu\u00edsa\"\n          style=\"border-radius: 50%; width: 80px; height: 80px; object-fit: cover;\"\n        \/>\n        <span style=\"display: flex; flex-direction: column;\">\n          <span style=\"font-size: 18px; font-weight: 700; color: #2c3e50;\">Dra. Anna Lu\u00edsa Barbosa Fernandes<\/span>\n          <span style=\"color: #555;\">CRM-GO 33.271<\/span>\n        <\/span>\n      <\/span>\n\n      <!-- Redes -->\n      <span style=\"display: flex; align-items: center; gap: 10px; margin-top: 12px;\">\n        <img decoding=\"async\" src=\"https:\/\/cdn-icons-png.flaticon.com\/24\/1384\/1384063.png\" alt=\"Instagram\" width=\"24\" height=\"24\" \/>\n        <span style=\"text-decoration: underline; color: #2c3e50;\">@dra.annaluisabf<\/span>\n      <\/span>\n\n    <\/span>\n  <\/a>","protected":false},"excerpt":{"rendered":"<p>A Verborreia, frequentemente associada ao comportamento de fala acelerada, \u00e9 uma caracter\u00edstica que pode ser tanto uma marca peculiar da personalidade de um indiv\u00edduo quanto uma resposta a circunst\u00e2ncias externas, como o nervosismo e a ansiedade. Essa forma acelerada de comunica\u00e7\u00e3o, muitas vezes, \u00e9 marcada pela omiss\u00e3o parcial de palavras, o que pode dificultar a [&hellip;]<\/p>\n","protected":false},"author":14,"featured_media":135190,"comment_status":"open","ping_status":"open","sticky":false,"template":"","format":"standard","meta":{"_yoast_wpseo_focuskw":"Verborreia","_yoast_wpseo_title":"","_yoast_wpseo_metadesc":"Saiba o que \u00e9 verborreia, por que ocorre e como desacelerar a fala com t\u00e9cnicas de respira\u00e7\u00e3o, foco e controle emocional.","jnews-multi-image_gallery":[],"jnews_single_post":{"format":"standard"},"jnews_primary_category":[],"jnews_social_meta":[],"jnews_override_counter":[],"footnotes":""},"categories":[4404],"post_tag":[120,1318,11536],"class_list":["post-135188","post","type-post","status-publish","format-standard","has-post-thumbnail","hentry","category-saude","tag-bem-estar","tag-saude-2","tag-verborreia"],"yoast_head":"<!-- This site is optimized with the Yoast SEO plugin v24.6 - https:\/\/yoast.com\/wordpress\/plugins\/seo\/ -->\n<title>O que \u00e9 verborreia e como desacelerar a fala - Correio Braziliense - Radar<\/title>\n<meta name=\"description\" content=\"Saiba o que \u00e9 verborreia, por que ocorre e como desacelerar a fala com t\u00e9cnicas de respira\u00e7\u00e3o, foco e controle emocional.\" \/>\n<meta name=\"robots\" content=\"index, follow, max-snippet:-1, max-image-preview:large, max-video-preview:-1\" \/>\n<link rel=\"canonical\" href=\"https:\/\/www.correiobraziliense.com.br\/cbradar\/o-que-e-verborreia-e-como-desacelerar-a-fala\/\" \/>\n<meta property=\"og:locale\" content=\"pt_BR\" \/>\n<meta property=\"og:type\" content=\"article\" \/>\n<meta property=\"og:title\" content=\"O que \u00e9 verborreia e como desacelerar a fala - Correio Braziliense - Radar\" \/>\n<meta property=\"og:description\" content=\"Saiba o que \u00e9 verborreia, por que ocorre e como desacelerar a fala com t\u00e9cnicas de respira\u00e7\u00e3o, foco e controle emocional.\" \/>\n<meta property=\"og:url\" content=\"https:\/\/www.correiobraziliense.com.br\/cbradar\/o-que-e-verborreia-e-como-desacelerar-a-fala\/\" \/>\n<meta property=\"og:site_name\" content=\"Correio Braziliense - Radar\" \/>\n<meta property=\"article:published_time\" content=\"2025-11-10T21:25:00+00:00\" \/>\n<meta property=\"og:image\" content=\"https:\/\/www.correiobraziliense.com.br\/cbradar\/wp-content\/uploads\/2025\/11\/conversar_1762734087080.jpg\" \/>\n\t<meta property=\"og:image:width\" content=\"1280\" \/>\n\t<meta property=\"og:image:height\" content=\"720\" \/>\n\t<meta property=\"og:image:type\" content=\"image\/jpeg\" \/>\n<meta name=\"author\" content=\"guilherme_saude\" \/>\n<meta name=\"twitter:card\" content=\"summary_large_image\" \/>\n<meta name=\"twitter:label1\" content=\"Escrito por\" \/>\n\t<meta name=\"twitter:data1\" content=\"guilherme_saude\" \/>\n\t<meta name=\"twitter:label2\" content=\"Est. tempo de leitura\" \/>\n\t<meta name=\"twitter:data2\" content=\"4 minutos\" \/>\n<!-- \/ Yoast SEO plugin. -->","yoast_head_json":{"title":"O que \u00e9 verborreia e como desacelerar a fala - Correio Braziliense - Radar","description":"Saiba o que \u00e9 verborreia, por que ocorre e como desacelerar a fala com t\u00e9cnicas de respira\u00e7\u00e3o, foco e controle emocional.","robots":{"index":"index","follow":"follow","max-snippet":"max-snippet:-1","max-image-preview":"max-image-preview:large","max-video-preview":"max-video-preview:-1"},"canonical":"https:\/\/www.correiobraziliense.com.br\/cbradar\/o-que-e-verborreia-e-como-desacelerar-a-fala\/","og_locale":"pt_BR","og_type":"article","og_title":"O que \u00e9 verborreia e como desacelerar a fala - Correio Braziliense - Radar","og_description":"Saiba o que \u00e9 verborreia, por que ocorre e como desacelerar a fala com t\u00e9cnicas de respira\u00e7\u00e3o, foco e controle emocional.","og_url":"https:\/\/www.correiobraziliense.com.br\/cbradar\/o-que-e-verborreia-e-como-desacelerar-a-fala\/","og_site_name":"Correio Braziliense - Radar","article_published_time":"2025-11-10T21:25:00+00:00","og_image":[{"width":1280,"height":720,"url":"https:\/\/www.correiobraziliense.com.br\/cbradar\/wp-content\/uploads\/2025\/11\/conversar_1762734087080.jpg","type":"image\/jpeg"}],"author":"guilherme_saude","twitter_card":"summary_large_image","twitter_misc":{"Escrito por":"guilherme_saude","Est. tempo de leitura":"4 minutos"},"schema":{"@context":"https:\/\/schema.org","@graph":[{"@type":"WebPage","@id":"https:\/\/www.correiobraziliense.com.br\/cbradar\/o-que-e-verborreia-e-como-desacelerar-a-fala\/","url":"https:\/\/www.correiobraziliense.com.br\/cbradar\/o-que-e-verborreia-e-como-desacelerar-a-fala\/","name":"O que \u00e9 verborreia e como desacelerar a fala - Correio Braziliense - Radar","isPartOf":{"@id":"https:\/\/www.correiobraziliense.com.br\/cbradar\/#website"},"primaryImageOfPage":{"@id":"https:\/\/www.correiobraziliense.com.br\/cbradar\/o-que-e-verborreia-e-como-desacelerar-a-fala\/#primaryimage"},"image":{"@id":"https:\/\/www.correiobraziliense.com.br\/cbradar\/o-que-e-verborreia-e-como-desacelerar-a-fala\/#primaryimage"},"thumbnailUrl":"https:\/\/www.correiobraziliense.com.br\/cbradar\/wp-content\/uploads\/2025\/11\/conversar_1762734087080.jpg","datePublished":"2025-11-10T21:25:00+00:00","author":{"@id":"https:\/\/www.correiobraziliense.com.br\/cbradar\/#\/schema\/person\/5aa4bf3c8fa699c267933611de12978b"},"description":"Saiba o que \u00e9 verborreia, por que ocorre e como desacelerar a fala com t\u00e9cnicas de respira\u00e7\u00e3o, foco e controle emocional.","breadcrumb":{"@id":"https:\/\/www.correiobraziliense.com.br\/cbradar\/o-que-e-verborreia-e-como-desacelerar-a-fala\/#breadcrumb"},"inLanguage":"pt-BR","potentialAction":[{"@type":"ReadAction","target":["https:\/\/www.correiobraziliense.com.br\/cbradar\/o-que-e-verborreia-e-como-desacelerar-a-fala\/"]}]},{"@type":"ImageObject","inLanguage":"pt-BR","@id":"https:\/\/www.correiobraziliense.com.br\/cbradar\/o-que-e-verborreia-e-como-desacelerar-a-fala\/#primaryimage","url":"https:\/\/www.correiobraziliense.com.br\/cbradar\/wp-content\/uploads\/2025\/11\/conversar_1762734087080.jpg","contentUrl":"https:\/\/www.correiobraziliense.com.br\/cbradar\/wp-content\/uploads\/2025\/11\/conversar_1762734087080.jpg","width":1280,"height":720,"caption":"Verborreia - Cr\u00e9ditos: depositphotos.com \/ diego_cervo"},{"@type":"BreadcrumbList","@id":"https:\/\/www.correiobraziliense.com.br\/cbradar\/o-que-e-verborreia-e-como-desacelerar-a-fala\/#breadcrumb","itemListElement":[{"@type":"ListItem","position":1,"name":"In\u00edcio","item":"https:\/\/www.correiobraziliense.com.br\/cbradar\/"},{"@type":"ListItem","position":2,"name":"O que \u00e9 verborreia e como desacelerar a fala"}]},{"@type":"WebSite","@id":"https:\/\/www.correiobraziliense.com.br\/cbradar\/#website","url":"https:\/\/www.correiobraziliense.com.br\/cbradar\/","name":"Correio Braziliense - Radar","description":"Acompanhe as \u00faltimas not\u00edcias e fique bem informado sobre tudo o que acontece no Brasil e no mundo.","potentialAction":[{"@type":"SearchAction","target":{"@type":"EntryPoint","urlTemplate":"https:\/\/www.correiobraziliense.com.br\/cbradar\/?s={search_term_string}"},"query-input":{"@type":"PropertyValueSpecification","valueRequired":true,"valueName":"search_term_string"}}],"inLanguage":"pt-BR"},{"@type":"Person","@id":"https:\/\/www.correiobraziliense.com.br\/cbradar\/#\/schema\/person\/5aa4bf3c8fa699c267933611de12978b","name":"guilherme_saude","image":{"@type":"ImageObject","inLanguage":"pt-BR","@id":"https:\/\/www.correiobraziliense.com.br\/cbradar\/#\/schema\/person\/image\/","url":"https:\/\/secure.gravatar.com\/avatar\/df9adfb835d344bc0af109d41756253f?s=96&d=mm&r=g","contentUrl":"https:\/\/secure.gravatar.com\/avatar\/df9adfb835d344bc0af109d41756253f?s=96&d=mm&r=g","caption":"guilherme_saude"},"url":"https:\/\/www.correiobraziliense.com.br\/cbradar\/author\/guilherme_saude\/"}]}},"_links":{"self":[{"href":"https:\/\/www.correiobraziliense.com.br\/cbradar\/wp-json\/wp\/v2\/posts\/135188","targetHints":{"allow":["GET"]}}],"collection":[{"href":"https:\/\/www.correiobraziliense.com.br\/cbradar\/wp-json\/wp\/v2\/posts"}],"about":[{"href":"https:\/\/www.correiobraziliense.com.br\/cbradar\/wp-json\/wp\/v2\/types\/post"}],"author":[{"embeddable":true,"href":"https:\/\/www.correiobraziliense.com.br\/cbradar\/wp-json\/wp\/v2\/users\/14"}],"replies":[{"embeddable":true,"href":"https:\/\/www.correiobraziliense.com.br\/cbradar\/wp-json\/wp\/v2\/comments?post=135188"}],"version-history":[{"count":1,"href":"https:\/\/www.correiobraziliense.com.br\/cbradar\/wp-json\/wp\/v2\/posts\/135188\/revisions"}],"predecessor-version":[{"id":135191,"href":"https:\/\/www.correiobraziliense.com.br\/cbradar\/wp-json\/wp\/v2\/posts\/135188\/revisions\/135191"}],"wp:featuredmedia":[{"embeddable":true,"href":"https:\/\/www.correiobraziliense.com.br\/cbradar\/wp-json\/wp\/v2\/media\/135190"}],"wp:attachment":[{"href":"https:\/\/www.correiobraziliense.com.br\/cbradar\/wp-json\/wp\/v2\/media?parent=135188"}],"wp:term":[{"taxonomy":"category","embeddable":true,"href":"https:\/\/www.correiobraziliense.com.br\/cbradar\/wp-json\/wp\/v2\/categories?post=135188"},{"taxonomy":"post_tag","embeddable":true,"href":"https:\/\/www.correiobraziliense.com.br\/cbradar\/wp-json\/wp\/v2\/post_tag?post=135188"}],"curies":[{"name":"wp","href":"https:\/\/api.w.org\/{rel}","templated":true}]}}