{"id":135198,"date":"2025-11-10T21:35:00","date_gmt":"2025-11-11T00:35:00","guid":{"rendered":"https:\/\/www.correiobraziliense.com.br\/cbradar\/?p=135198"},"modified":"2025-11-09T21:29:14","modified_gmt":"2025-11-10T00:29:14","slug":"como-usar-salto-alto-com-conforto-e-sem-dor","status":"publish","type":"post","link":"https:\/\/www.correiobraziliense.com.br\/cbradar\/como-usar-salto-alto-com-conforto-e-sem-dor\/","title":{"rendered":"Como usar salto alto com conforto e sem dor"},"content":{"rendered":"\n<p>Optar por sapatos de <strong>Salto Alto<\/strong>, especialmente em ocasi\u00f5es formais ou eventos que exigem um visual mais sofisticado, pode ser um desafio para muitas pessoas devido ao desconforto e potenciais danos \u00e0 postura que podem causar. Entretanto, algumas estrat\u00e9gias podem facilitar o uso desses cal\u00e7ados sem sacrificar o bem-estar dos p\u00e9s e da coluna.<\/p>\n\n\n\n<p>Ao buscar um sapato de salto, \u00e9 fundamental que ele ofere\u00e7a conforto e suporte adequado. Uma sola interna acolchoada e um design que n\u00e3o pressione o calcanhar, o peito do p\u00e9 ou os dedos fazem toda a diferen\u00e7a. H\u00e1 tamb\u00e9m a dica de experimentar o cal\u00e7ado no final do dia, momento em que os p\u00e9s costumam estar levemente inchados, garantindo que n\u00e3o haver\u00e1 desconforto extremo durante sua utiliza\u00e7\u00e3o em eventos prolongados.<\/p>\n\n\n\n<h2 class=\"wp-block-heading\">A altura do salto realmente importa?<\/h2>\n\n\n\n<p>Sim, a altura do salto \u00e9 um fator crucial na escolha do cal\u00e7ado. Saltos que n\u00e3o ultrapassam os cinco cent\u00edmetros s\u00e3o ideais para distribuir melhor o peso do corpo pelo p\u00e9. No entanto, se tiver uma prefer\u00eancia por saltos mais altos, o uso de palmilhas pode ajudar a equilibrar a altura e proporcionar maior conforto.<\/p>\n\n\n<div class=\"wp-block-image\">\n<figure class=\"aligncenter size-large\"><img decoding=\"async\" width=\"1024\" height=\"576\" src=\"https:\/\/www.correiobraziliense.com.br\/cbradar\/wp-content\/uploads\/2025\/11\/Salto-Alto-sapato_1762734534099-1024x576.jpg\" alt=\"\" class=\"wp-image-135200\" srcset=\"https:\/\/www.correiobraziliense.com.br\/cbradar\/wp-content\/uploads\/2025\/11\/Salto-Alto-sapato_1762734534099-1024x576.jpg 1024w, https:\/\/www.correiobraziliense.com.br\/cbradar\/wp-content\/uploads\/2025\/11\/Salto-Alto-sapato_1762734534099-300x169.jpg 300w, https:\/\/www.correiobraziliense.com.br\/cbradar\/wp-content\/uploads\/2025\/11\/Salto-Alto-sapato_1762734534099-768x432.jpg 768w, https:\/\/www.correiobraziliense.com.br\/cbradar\/wp-content\/uploads\/2025\/11\/Salto-Alto-sapato_1762734534099-750x422.jpg 750w, https:\/\/www.correiobraziliense.com.br\/cbradar\/wp-content\/uploads\/2025\/11\/Salto-Alto-sapato_1762734534099-1140x641.jpg 1140w, https:\/\/www.correiobraziliense.com.br\/cbradar\/wp-content\/uploads\/2025\/11\/Salto-Alto-sapato_1762734534099.jpg 1280w\" sizes=\"(max-width: 1024px) 100vw, 1024px\" \/><figcaption class=\"wp-element-caption\">Salto Alto &#8211; Cr\u00e9ditos: depositphotos.com \/ AllaSerebrina<\/figcaption><\/figure><\/div>\n\n\n<p>Os especialistas tamb\u00e9m recomendam que o salto seja o mais grosso poss\u00edvel. Este tipo de salto permite uma distribui\u00e7\u00e3o mais uniforme do peso corporal sobre o calcanhar, o que diminui o risco de tor\u00e7\u00f5es e proporciona maior estabilidade ao caminhar.<\/p>\n\n\n\n<h2 class=\"wp-block-heading\">Quais s\u00e3o os melhores tipos de salto para conforto?<\/h2>\n\n\n\n<p>Alternativas como o salto Anabela ou aqueles acompanhados por uma plataforma na parte frontal podem oferecer maior conforto, pois ajudam a compensar a altura do salto e reduzir o impacto sobre os p\u00e9s e costas. Al\u00e9m disso, os saltos de borracha s\u00e3o uma excelente escolha para amortecer o impacto ao caminhar, pois proporcionam um toque mais suave e menos agressivo no solo.<\/p>\n\n\n\n<h2 class=\"wp-block-heading\">Como preparar os p\u00e9s para um dia com salto?<\/h2>\n\n\n\n<p>Antes de sair, \u00e9 sugerido caminhar por alguns minutos em casa cal\u00e7ando os sapatos de salto, facilitando a adapta\u00e7\u00e3o dos p\u00e9s ao novo cal\u00e7ado. A sensa\u00e7\u00e3o de desconforto nesse momento pode indicar que os sapatos n\u00e3o ser\u00e3o confort\u00e1veis por longos per\u00edodos. Al\u00e9m disso, se houver necessidade de passar muito tempo com os cal\u00e7ados, \u00e9 recomendado remover os sapatos em intervalos, permitindo aos p\u00e9s algum descanso.<\/p>\n\n\n\n<h2 class=\"wp-block-heading\">Por que diversificar na escolha dos cal\u00e7ados \u00e9 importante?<\/h2>\n\n\n\n<p>Usar Salto Alto n\u00e3o deve ser uma rotina di\u00e1ria. Alternar o uso de sapatos altos com cal\u00e7ados mais baixos e confort\u00e1veis n\u00e3o s\u00f3 proporciona descanso aos p\u00e9s, como tamb\u00e9m ajuda a evitar problemas de <a href=\"https:\/\/www.correiobraziliense.com.br\/cbradar\/por-que-sinto-a-barriga-gelada-entenda-as-causas\/\" target=\"_blank\" rel=\"noreferrer noopener\">sa\u00fade <\/a>a longo prazo. Sapatos com bicos mais largos s\u00e3o prefer\u00edveis para evitar press\u00e3o desnecess\u00e1ria nos dedos.<\/p>\n\n\n\n<ul class=\"wp-block-list\">\n<li>Joanetes<\/li>\n\n\n\n<li>Dores nas costas<\/li>\n\n\n\n<li>Problemas na postura<\/li>\n\n\n\n<li>Encurtamento dos m\u00fasculos da batata da perna<\/li>\n<\/ul>\n\n\n\n<p>S\u00e3o apenas alguns dos problemas que podem surgir do uso excessivo e inadequado de saltos altos. A consci\u00eancia e o cuidado na escolha e uso de cal\u00e7ados s\u00e3o passos importantes para manter a sa\u00fade dos p\u00e9s, evitando assim formas muitas vezes irrevers\u00edveis de desconforto e dor. Sapatos que distribuem o peso corporal de maneira equilibrada s\u00e3o a escolha mais saud\u00e1vel a longo prazo, seja qual for a ocasi\u00e3o.<\/p>\n\n\n<a href=\"https:\/\/www.instagram.com\/dra.annaluisabf\/\" target=\"_blank\" rel=\"noopener\" style=\"text-decoration: none; color: inherit;\">\n    <span style=\"display: inline-block; border: 1px solid #ccc; border-radius: 10px; padding: 15px; max-width: 550px; font-family: sans-serif; box-shadow: 0 2px 5px rgba(0,0,0,0.1); width: 100%;\">\n\n      <!-- T\u00edtulo -->\n      <span style=\"display: block; margin: 0 0 15px 0; font-weight: bold; color: #2c3e50; text-align: center;\">\n        Entre em contato:\n      <\/span>\n\n      <!-- Linha do perfil -->\n      <span style=\"display: flex; align-items: center; gap: 15px;\">\n        <img decoding=\"async\"\n          src=\"https:\/\/www.correiobraziliense.com.br\/cbradar\/wp-content\/uploads\/2025\/08\/dra_anna_luisa.jpeg\"\n          alt=\"Foto da Dra. Anna Lu\u00edsa\"\n          style=\"border-radius: 50%; width: 80px; height: 80px; object-fit: cover;\"\n        \/>\n        <span style=\"display: flex; flex-direction: column;\">\n          <span style=\"font-size: 18px; font-weight: 700; color: #2c3e50;\">Dra. Anna Lu\u00edsa Barbosa Fernandes<\/span>\n          <span style=\"color: #555;\">CRM-GO 33.271<\/span>\n        <\/span>\n      <\/span>\n\n      <!-- Redes -->\n      <span style=\"display: flex; align-items: center; gap: 10px; margin-top: 12px;\">\n        <img decoding=\"async\" src=\"https:\/\/cdn-icons-png.flaticon.com\/24\/1384\/1384063.png\" alt=\"Instagram\" width=\"24\" height=\"24\" \/>\n        <span style=\"text-decoration: underline; color: #2c3e50;\">@dra.annaluisabf<\/span>\n      <\/span>\n\n    <\/span>\n  <\/a>","protected":false},"excerpt":{"rendered":"<p>Optar por sapatos de Salto Alto, especialmente em ocasi\u00f5es formais ou eventos que exigem um visual mais sofisticado, pode ser um desafio para muitas pessoas devido ao desconforto e potenciais danos \u00e0 postura que podem causar. Entretanto, algumas estrat\u00e9gias podem facilitar o uso desses cal\u00e7ados sem sacrificar o bem-estar dos p\u00e9s e da coluna. Ao [&hellip;]<\/p>\n","protected":false},"author":14,"featured_media":135199,"comment_status":"open","ping_status":"open","sticky":false,"template":"","format":"standard","meta":{"_yoast_wpseo_focuskw":"Salto Alto","_yoast_wpseo_title":"","_yoast_wpseo_metadesc":"Veja dicas pr\u00e1ticas para usar salto alto com conforto, evitar dores, prevenir les\u00f5es e cuidar da sa\u00fade dos p\u00e9s.","jnews-multi-image_gallery":[],"jnews_single_post":{"format":"standard"},"jnews_primary_category":[],"jnews_social_meta":[],"jnews_override_counter":[],"footnotes":""},"categories":[4404],"post_tag":[120,11537,1318],"class_list":["post-135198","post","type-post","status-publish","format-standard","has-post-thumbnail","hentry","category-saude","tag-bem-estar","tag-salto","tag-saude-2"],"yoast_head":"<!-- This site is optimized with the Yoast SEO plugin v24.6 - https:\/\/yoast.com\/wordpress\/plugins\/seo\/ -->\n<title>Como usar salto alto com conforto e sem dor - Correio Braziliense - Radar<\/title>\n<meta name=\"description\" content=\"Veja dicas pr\u00e1ticas para usar salto alto com conforto, evitar dores, prevenir les\u00f5es e cuidar da sa\u00fade dos p\u00e9s.\" \/>\n<meta name=\"robots\" content=\"index, follow, max-snippet:-1, max-image-preview:large, max-video-preview:-1\" \/>\n<link rel=\"canonical\" href=\"https:\/\/www.correiobraziliense.com.br\/cbradar\/como-usar-salto-alto-com-conforto-e-sem-dor\/\" \/>\n<meta property=\"og:locale\" content=\"pt_BR\" \/>\n<meta property=\"og:type\" content=\"article\" \/>\n<meta property=\"og:title\" content=\"Como usar salto alto com conforto e sem dor - Correio Braziliense - Radar\" \/>\n<meta property=\"og:description\" content=\"Veja dicas pr\u00e1ticas para usar salto alto com conforto, evitar dores, prevenir les\u00f5es e cuidar da sa\u00fade dos p\u00e9s.\" \/>\n<meta property=\"og:url\" content=\"https:\/\/www.correiobraziliense.com.br\/cbradar\/como-usar-salto-alto-com-conforto-e-sem-dor\/\" \/>\n<meta property=\"og:site_name\" content=\"Correio Braziliense - Radar\" \/>\n<meta property=\"article:published_time\" content=\"2025-11-11T00:35:00+00:00\" \/>\n<meta property=\"og:image\" content=\"https:\/\/www.correiobraziliense.com.br\/cbradar\/wp-content\/uploads\/2025\/11\/Salto-Alto-sapato_1762734454718.jpg\" \/>\n\t<meta property=\"og:image:width\" content=\"1280\" \/>\n\t<meta property=\"og:image:height\" content=\"720\" \/>\n\t<meta property=\"og:image:type\" content=\"image\/jpeg\" \/>\n<meta name=\"author\" content=\"guilherme_saude\" \/>\n<meta name=\"twitter:card\" content=\"summary_large_image\" \/>\n<meta name=\"twitter:label1\" content=\"Escrito por\" \/>\n\t<meta name=\"twitter:data1\" content=\"guilherme_saude\" \/>\n\t<meta name=\"twitter:label2\" content=\"Est. tempo de leitura\" \/>\n\t<meta name=\"twitter:data2\" content=\"4 minutos\" \/>\n<!-- \/ Yoast SEO plugin. -->","yoast_head_json":{"title":"Como usar salto alto com conforto e sem dor - Correio Braziliense - Radar","description":"Veja dicas pr\u00e1ticas para usar salto alto com conforto, evitar dores, prevenir les\u00f5es e cuidar da sa\u00fade dos p\u00e9s.","robots":{"index":"index","follow":"follow","max-snippet":"max-snippet:-1","max-image-preview":"max-image-preview:large","max-video-preview":"max-video-preview:-1"},"canonical":"https:\/\/www.correiobraziliense.com.br\/cbradar\/como-usar-salto-alto-com-conforto-e-sem-dor\/","og_locale":"pt_BR","og_type":"article","og_title":"Como usar salto alto com conforto e sem dor - Correio Braziliense - Radar","og_description":"Veja dicas pr\u00e1ticas para usar salto alto com conforto, evitar dores, prevenir les\u00f5es e cuidar da sa\u00fade dos p\u00e9s.","og_url":"https:\/\/www.correiobraziliense.com.br\/cbradar\/como-usar-salto-alto-com-conforto-e-sem-dor\/","og_site_name":"Correio Braziliense - Radar","article_published_time":"2025-11-11T00:35:00+00:00","og_image":[{"width":1280,"height":720,"url":"https:\/\/www.correiobraziliense.com.br\/cbradar\/wp-content\/uploads\/2025\/11\/Salto-Alto-sapato_1762734454718.jpg","type":"image\/jpeg"}],"author":"guilherme_saude","twitter_card":"summary_large_image","twitter_misc":{"Escrito por":"guilherme_saude","Est. tempo de leitura":"4 minutos"},"schema":{"@context":"https:\/\/schema.org","@graph":[{"@type":"WebPage","@id":"https:\/\/www.correiobraziliense.com.br\/cbradar\/como-usar-salto-alto-com-conforto-e-sem-dor\/","url":"https:\/\/www.correiobraziliense.com.br\/cbradar\/como-usar-salto-alto-com-conforto-e-sem-dor\/","name":"Como usar salto alto com conforto e sem dor - Correio Braziliense - Radar","isPartOf":{"@id":"https:\/\/www.correiobraziliense.com.br\/cbradar\/#website"},"primaryImageOfPage":{"@id":"https:\/\/www.correiobraziliense.com.br\/cbradar\/como-usar-salto-alto-com-conforto-e-sem-dor\/#primaryimage"},"image":{"@id":"https:\/\/www.correiobraziliense.com.br\/cbradar\/como-usar-salto-alto-com-conforto-e-sem-dor\/#primaryimage"},"thumbnailUrl":"https:\/\/www.correiobraziliense.com.br\/cbradar\/wp-content\/uploads\/2025\/11\/Salto-Alto-sapato_1762734454718.jpg","datePublished":"2025-11-11T00:35:00+00:00","author":{"@id":"https:\/\/www.correiobraziliense.com.br\/cbradar\/#\/schema\/person\/5aa4bf3c8fa699c267933611de12978b"},"description":"Veja dicas pr\u00e1ticas para usar salto alto com conforto, evitar dores, prevenir les\u00f5es e cuidar da sa\u00fade dos p\u00e9s.","breadcrumb":{"@id":"https:\/\/www.correiobraziliense.com.br\/cbradar\/como-usar-salto-alto-com-conforto-e-sem-dor\/#breadcrumb"},"inLanguage":"pt-BR","potentialAction":[{"@type":"ReadAction","target":["https:\/\/www.correiobraziliense.com.br\/cbradar\/como-usar-salto-alto-com-conforto-e-sem-dor\/"]}]},{"@type":"ImageObject","inLanguage":"pt-BR","@id":"https:\/\/www.correiobraziliense.com.br\/cbradar\/como-usar-salto-alto-com-conforto-e-sem-dor\/#primaryimage","url":"https:\/\/www.correiobraziliense.com.br\/cbradar\/wp-content\/uploads\/2025\/11\/Salto-Alto-sapato_1762734454718.jpg","contentUrl":"https:\/\/www.correiobraziliense.com.br\/cbradar\/wp-content\/uploads\/2025\/11\/Salto-Alto-sapato_1762734454718.jpg","width":1280,"height":720,"caption":"Salto Alto - Cr\u00e9ditos: depositphotos.com \/ NatashaFedorova"},{"@type":"BreadcrumbList","@id":"https:\/\/www.correiobraziliense.com.br\/cbradar\/como-usar-salto-alto-com-conforto-e-sem-dor\/#breadcrumb","itemListElement":[{"@type":"ListItem","position":1,"name":"In\u00edcio","item":"https:\/\/www.correiobraziliense.com.br\/cbradar\/"},{"@type":"ListItem","position":2,"name":"Como usar salto alto com conforto e sem dor"}]},{"@type":"WebSite","@id":"https:\/\/www.correiobraziliense.com.br\/cbradar\/#website","url":"https:\/\/www.correiobraziliense.com.br\/cbradar\/","name":"Correio Braziliense - Radar","description":"Acompanhe as \u00faltimas not\u00edcias e fique bem informado sobre tudo o que acontece no Brasil e no mundo.","potentialAction":[{"@type":"SearchAction","target":{"@type":"EntryPoint","urlTemplate":"https:\/\/www.correiobraziliense.com.br\/cbradar\/?s={search_term_string}"},"query-input":{"@type":"PropertyValueSpecification","valueRequired":true,"valueName":"search_term_string"}}],"inLanguage":"pt-BR"},{"@type":"Person","@id":"https:\/\/www.correiobraziliense.com.br\/cbradar\/#\/schema\/person\/5aa4bf3c8fa699c267933611de12978b","name":"guilherme_saude","image":{"@type":"ImageObject","inLanguage":"pt-BR","@id":"https:\/\/www.correiobraziliense.com.br\/cbradar\/#\/schema\/person\/image\/","url":"https:\/\/secure.gravatar.com\/avatar\/df9adfb835d344bc0af109d41756253f?s=96&d=mm&r=g","contentUrl":"https:\/\/secure.gravatar.com\/avatar\/df9adfb835d344bc0af109d41756253f?s=96&d=mm&r=g","caption":"guilherme_saude"},"url":"https:\/\/www.correiobraziliense.com.br\/cbradar\/author\/guilherme_saude\/"}]}},"_links":{"self":[{"href":"https:\/\/www.correiobraziliense.com.br\/cbradar\/wp-json\/wp\/v2\/posts\/135198","targetHints":{"allow":["GET"]}}],"collection":[{"href":"https:\/\/www.correiobraziliense.com.br\/cbradar\/wp-json\/wp\/v2\/posts"}],"about":[{"href":"https:\/\/www.correiobraziliense.com.br\/cbradar\/wp-json\/wp\/v2\/types\/post"}],"author":[{"embeddable":true,"href":"https:\/\/www.correiobraziliense.com.br\/cbradar\/wp-json\/wp\/v2\/users\/14"}],"replies":[{"embeddable":true,"href":"https:\/\/www.correiobraziliense.com.br\/cbradar\/wp-json\/wp\/v2\/comments?post=135198"}],"version-history":[{"count":1,"href":"https:\/\/www.correiobraziliense.com.br\/cbradar\/wp-json\/wp\/v2\/posts\/135198\/revisions"}],"predecessor-version":[{"id":135201,"href":"https:\/\/www.correiobraziliense.com.br\/cbradar\/wp-json\/wp\/v2\/posts\/135198\/revisions\/135201"}],"wp:featuredmedia":[{"embeddable":true,"href":"https:\/\/www.correiobraziliense.com.br\/cbradar\/wp-json\/wp\/v2\/media\/135199"}],"wp:attachment":[{"href":"https:\/\/www.correiobraziliense.com.br\/cbradar\/wp-json\/wp\/v2\/media?parent=135198"}],"wp:term":[{"taxonomy":"category","embeddable":true,"href":"https:\/\/www.correiobraziliense.com.br\/cbradar\/wp-json\/wp\/v2\/categories?post=135198"},{"taxonomy":"post_tag","embeddable":true,"href":"https:\/\/www.correiobraziliense.com.br\/cbradar\/wp-json\/wp\/v2\/post_tag?post=135198"}],"curies":[{"name":"wp","href":"https:\/\/api.w.org\/{rel}","templated":true}]}}