{"id":135209,"date":"2025-11-11T07:45:00","date_gmt":"2025-11-11T10:45:00","guid":{"rendered":"https:\/\/www.correiobraziliense.com.br\/cbradar\/?p=135209"},"modified":"2025-11-09T21:37:10","modified_gmt":"2025-11-10T00:37:10","slug":"como-baixar-o-acido-urico-com-alimentacao-e-habitos","status":"publish","type":"post","link":"https:\/\/www.correiobraziliense.com.br\/cbradar\/como-baixar-o-acido-urico-com-alimentacao-e-habitos\/","title":{"rendered":"Como baixar o \u00e1cido \u00farico com alimenta\u00e7\u00e3o e h\u00e1bitos"},"content":{"rendered":"\n<p>O <strong>\u00c1cido \u00darico<\/strong> elevado \u00e9 uma condi\u00e7\u00e3o m\u00e9dica que apresenta um risco aumentado de desenvolvimento de doen\u00e7as como a gota. Esse cen\u00e1rio ocorre quando o organismo n\u00e3o consegue eliminar adequadamente o excesso desse composto, um subproduto da digest\u00e3o de alimentos ricos em purinas. Mudan\u00e7as no estilo de vida, especialmente na alimenta\u00e7\u00e3o, podem desempenhar um papel crucial para regular os n\u00edveis de \u00e1cido \u00farico no sangue.<\/p>\n\n\n\n<p>A principal fonte de \u00e1cido \u00farico s\u00e3o os alimentos ricos em purinas, como carnes vermelhas, frutos do mar e v\u00edsceras. Quando consumidos em excesso, estes alimentos podem promover o ac\u00famulo desse \u00e1cido, levando a crises dolorosas, especialmente nas articula\u00e7\u00f5es. Al\u00e9m disso, a hidrata\u00e7\u00e3o insuficiente e o excesso de bebidas alco\u00f3licas podem agravar a situa\u00e7\u00e3o.<\/p>\n\n\n\n<h2 class=\"wp-block-heading\">Quais altera\u00e7\u00f5es na alimenta\u00e7\u00e3o podem ajudar a controlar o \u00e1cido \u00farico?<\/h2>\n\n\n\n<p>Adotar uma dieta mais equilibrada \u00e9 um passo essencial para a gest\u00e3o dos n\u00edveis de \u00e1cido \u00farico. Reduzir o consumo de carnes vermelhas e frutos do mar e optar por prote\u00ednas vegetais como feij\u00f5es, lentilhas e tofu \u00e9 uma estrat\u00e9gia recomendada. Esses alimentos n\u00e3o s\u00f3 s\u00e3o pobres em purinas, mas tamb\u00e9m oferecem nutrientes valiosos para a sa\u00fade geral.<\/p>\n\n\n<div class=\"wp-block-image\">\n<figure class=\"aligncenter size-large\"><img decoding=\"async\" width=\"1024\" height=\"576\" src=\"https:\/\/www.correiobraziliense.com.br\/cbradar\/wp-content\/uploads\/2025\/11\/Acido-Urico_1762734980435-1024x576.jpg\" alt=\"\" class=\"wp-image-135211\" srcset=\"https:\/\/www.correiobraziliense.com.br\/cbradar\/wp-content\/uploads\/2025\/11\/Acido-Urico_1762734980435-1024x576.jpg 1024w, https:\/\/www.correiobraziliense.com.br\/cbradar\/wp-content\/uploads\/2025\/11\/Acido-Urico_1762734980435-300x169.jpg 300w, https:\/\/www.correiobraziliense.com.br\/cbradar\/wp-content\/uploads\/2025\/11\/Acido-Urico_1762734980435-768x432.jpg 768w, https:\/\/www.correiobraziliense.com.br\/cbradar\/wp-content\/uploads\/2025\/11\/Acido-Urico_1762734980435-750x422.jpg 750w, https:\/\/www.correiobraziliense.com.br\/cbradar\/wp-content\/uploads\/2025\/11\/Acido-Urico_1762734980435-1140x641.jpg 1140w, https:\/\/www.correiobraziliense.com.br\/cbradar\/wp-content\/uploads\/2025\/11\/Acido-Urico_1762734980435.jpg 1280w\" sizes=\"(max-width: 1024px) 100vw, 1024px\" \/><figcaption class=\"wp-element-caption\">\u00c1cido \u00darico &#8211; Cr\u00e9ditos: depositphotos.com \/ zaynyinyi<\/figcaption><\/figure><\/div>\n\n\n<p>Al\u00e9m disso, frutas ricas em vitamina C, como morangos, kiwis e laranjas, podem facilitar a excre\u00e7\u00e3o do \u00e1cido \u00farico. Vegetais, cereais integrais e oleaginosas tamb\u00e9m s\u00e3o aliados no combate ao excesso desse composto, pois s\u00e3o ricos em fibras que auxiliam no bom funcionamento metab\u00f3lico.<\/p>\n\n\n\n<h2 class=\"wp-block-heading\">Como os tratamentos m\u00e9dicos contribuem para a redu\u00e7\u00e3o dos n\u00edveis de \u00e1cido \u00farico?<\/h2>\n\n\n\n<p>Em casos onde a interven\u00e7\u00e3o diet\u00e9tica n\u00e3o \u00e9 suficiente, tratamentos m\u00e9dicos s\u00e3o indicados. Medicamentos como o alopurinol podem ser prescritos para reduzir a produ\u00e7\u00e3o de \u00e1cido \u00farico, enquanto outros rem\u00e9dios, conhecidos como uricos\u00faricos, ajudam a aumentar a elimina\u00e7\u00e3o do \u00e1cido pelos rins. \u00c9 crucial que esses medicamentos sejam usados sob supervis\u00e3o m\u00e9dica devido a poss\u00edveis efeitos colaterais e \u00e0 necessidade de ajustes na dosagem.<\/p>\n\n\n\n<h2 class=\"wp-block-heading\">Quais h\u00e1bitos cotidianos ajudam na preven\u00e7\u00e3o e controle do \u00e1cido \u00farico elevado?<\/h2>\n\n\n\n<p>Manter-se bem hidratado \u00e9 uma medida preventiva eficaz, com a ingest\u00e3o recomendada de 2 a 3 litros de \u00e1gua por dia para ajudar na elimina\u00e7\u00e3o do \u00e1cido \u00farico via urina. O consumo moderado de \u00e1lcool, especialmente cerveja, \u00e9 essencial, pois a bebida alco\u00f3lica tende a dificultar a excre\u00e7\u00e3o desse composto.<\/p>\n\n\n\n<p>Al\u00e9m disso, a pr\u00e1tica regular de atividades f\u00edsicas e o manejo do peso corporal podem melhorar o metabolismo e ajudar no controle do \u00e1cido \u00farico. Uma rotina alimentar balanceada, rica em vegetais e gr\u00e3os integrais, deve ser mantida. Ainda, evitar jejuns prolongados pode impedir o aumento do \u00e1cido \u00farico no organismo.<\/p>\n\n\n\n<p>A combina\u00e7\u00e3o de h\u00e1bitos alimentares saud\u00e1veis com a supervis\u00e3o m\u00e9dica \u00e9 indispens\u00e1vel para o manejo eficaz do \u00e1cido \u00farico elevado. Consultas regulares a profissionais de <a href=\"https:\/\/www.correiobraziliense.com.br\/cbradar\/por-que-sinto-a-barriga-gelada-entenda-as-causas\/\" target=\"_blank\" rel=\"noreferrer noopener\">sa\u00fade <\/a>permitem ajustes necess\u00e1rios nas estrat\u00e9gias de tratamento, assegurando que as necessidades individuais sejam atendidas de forma adequada e o equil\u00edbrio metab\u00f3lico seja mantido a longo prazo.<\/p>\n\n\n<a href=\"https:\/\/www.instagram.com\/dra.annaluisabf\/\" target=\"_blank\" rel=\"noopener\" style=\"text-decoration: none; color: inherit;\">\n    <span style=\"display: inline-block; border: 1px solid #ccc; border-radius: 10px; padding: 15px; max-width: 550px; font-family: sans-serif; box-shadow: 0 2px 5px rgba(0,0,0,0.1); width: 100%;\">\n\n      <!-- T\u00edtulo -->\n      <span style=\"display: block; margin: 0 0 15px 0; font-weight: bold; color: #2c3e50; text-align: center;\">\n        Entre em contato:\n      <\/span>\n\n      <!-- Linha do perfil -->\n      <span style=\"display: flex; align-items: center; gap: 15px;\">\n        <img decoding=\"async\"\n          src=\"https:\/\/www.correiobraziliense.com.br\/cbradar\/wp-content\/uploads\/2025\/08\/dra_anna_luisa.jpeg\"\n          alt=\"Foto da Dra. Anna Lu\u00edsa\"\n          style=\"border-radius: 50%; width: 80px; height: 80px; object-fit: cover;\"\n        \/>\n        <span style=\"display: flex; flex-direction: column;\">\n          <span style=\"font-size: 18px; font-weight: 700; color: #2c3e50;\">Dra. Anna Lu\u00edsa Barbosa Fernandes<\/span>\n          <span style=\"color: #555;\">CRM-GO 33.271<\/span>\n        <\/span>\n      <\/span>\n\n      <!-- Redes -->\n      <span style=\"display: flex; align-items: center; gap: 10px; margin-top: 12px;\">\n        <img decoding=\"async\" src=\"https:\/\/cdn-icons-png.flaticon.com\/24\/1384\/1384063.png\" alt=\"Instagram\" width=\"24\" height=\"24\" \/>\n        <span style=\"text-decoration: underline; color: #2c3e50;\">@dra.annaluisabf<\/span>\n      <\/span>\n\n    <\/span>\n  <\/a>","protected":false},"excerpt":{"rendered":"<p>O \u00c1cido \u00darico elevado \u00e9 uma condi\u00e7\u00e3o m\u00e9dica que apresenta um risco aumentado de desenvolvimento de doen\u00e7as como a gota. Esse cen\u00e1rio ocorre quando o organismo n\u00e3o consegue eliminar adequadamente o excesso desse composto, um subproduto da digest\u00e3o de alimentos ricos em purinas. Mudan\u00e7as no estilo de vida, especialmente na alimenta\u00e7\u00e3o, podem desempenhar um papel [&hellip;]<\/p>\n","protected":false},"author":14,"featured_media":135210,"comment_status":"open","ping_status":"open","sticky":false,"template":"","format":"standard","meta":{"_yoast_wpseo_focuskw":"\u00c1cido \u00darico","_yoast_wpseo_title":"","_yoast_wpseo_metadesc":"Aprenda como prevenir o \u00e1cido \u00farico elevado com ajustes na dieta, pr\u00e1tica de exerc\u00edcios e boa hidrata\u00e7\u00e3o di\u00e1ria.","jnews-multi-image_gallery":[],"jnews_single_post":{"format":"standard"},"jnews_primary_category":[],"jnews_social_meta":[],"jnews_override_counter":[],"footnotes":""},"categories":[4404],"post_tag":[11538,120,1318],"class_list":["post-135209","post","type-post","status-publish","format-standard","has-post-thumbnail","hentry","category-saude","tag-acido-urico","tag-bem-estar","tag-saude-2"],"yoast_head":"<!-- This site is optimized with the Yoast SEO plugin v24.6 - https:\/\/yoast.com\/wordpress\/plugins\/seo\/ -->\n<title>Como baixar o \u00e1cido \u00farico com alimenta\u00e7\u00e3o e h\u00e1bitos - Correio Braziliense - Radar<\/title>\n<meta name=\"description\" content=\"Aprenda como prevenir o \u00e1cido \u00farico elevado com ajustes na dieta, pr\u00e1tica de exerc\u00edcios e boa hidrata\u00e7\u00e3o di\u00e1ria.\" \/>\n<meta name=\"robots\" content=\"index, follow, max-snippet:-1, max-image-preview:large, max-video-preview:-1\" \/>\n<link rel=\"canonical\" href=\"https:\/\/www.correiobraziliense.com.br\/cbradar\/como-baixar-o-acido-urico-com-alimentacao-e-habitos\/\" \/>\n<meta property=\"og:locale\" content=\"pt_BR\" \/>\n<meta property=\"og:type\" content=\"article\" \/>\n<meta property=\"og:title\" content=\"Como baixar o \u00e1cido \u00farico com alimenta\u00e7\u00e3o e h\u00e1bitos - Correio Braziliense - Radar\" \/>\n<meta property=\"og:description\" content=\"Aprenda como prevenir o \u00e1cido \u00farico elevado com ajustes na dieta, pr\u00e1tica de exerc\u00edcios e boa hidrata\u00e7\u00e3o di\u00e1ria.\" \/>\n<meta property=\"og:url\" content=\"https:\/\/www.correiobraziliense.com.br\/cbradar\/como-baixar-o-acido-urico-com-alimentacao-e-habitos\/\" \/>\n<meta property=\"og:site_name\" content=\"Correio Braziliense - Radar\" \/>\n<meta property=\"article:published_time\" content=\"2025-11-11T10:45:00+00:00\" \/>\n<meta property=\"og:image\" content=\"https:\/\/www.correiobraziliense.com.br\/cbradar\/wp-content\/uploads\/2025\/11\/Acido-Urico_1762734959580.jpg\" \/>\n\t<meta property=\"og:image:width\" content=\"1280\" \/>\n\t<meta property=\"og:image:height\" content=\"720\" \/>\n\t<meta property=\"og:image:type\" content=\"image\/jpeg\" \/>\n<meta name=\"author\" content=\"guilherme_saude\" \/>\n<meta name=\"twitter:card\" content=\"summary_large_image\" \/>\n<meta name=\"twitter:label1\" content=\"Escrito por\" \/>\n\t<meta name=\"twitter:data1\" content=\"guilherme_saude\" \/>\n\t<meta name=\"twitter:label2\" content=\"Est. tempo de leitura\" \/>\n\t<meta name=\"twitter:data2\" content=\"4 minutos\" \/>\n<!-- \/ Yoast SEO plugin. -->","yoast_head_json":{"title":"Como baixar o \u00e1cido \u00farico com alimenta\u00e7\u00e3o e h\u00e1bitos - Correio Braziliense - Radar","description":"Aprenda como prevenir o \u00e1cido \u00farico elevado com ajustes na dieta, pr\u00e1tica de exerc\u00edcios e boa hidrata\u00e7\u00e3o di\u00e1ria.","robots":{"index":"index","follow":"follow","max-snippet":"max-snippet:-1","max-image-preview":"max-image-preview:large","max-video-preview":"max-video-preview:-1"},"canonical":"https:\/\/www.correiobraziliense.com.br\/cbradar\/como-baixar-o-acido-urico-com-alimentacao-e-habitos\/","og_locale":"pt_BR","og_type":"article","og_title":"Como baixar o \u00e1cido \u00farico com alimenta\u00e7\u00e3o e h\u00e1bitos - Correio Braziliense - Radar","og_description":"Aprenda como prevenir o \u00e1cido \u00farico elevado com ajustes na dieta, pr\u00e1tica de exerc\u00edcios e boa hidrata\u00e7\u00e3o di\u00e1ria.","og_url":"https:\/\/www.correiobraziliense.com.br\/cbradar\/como-baixar-o-acido-urico-com-alimentacao-e-habitos\/","og_site_name":"Correio Braziliense - Radar","article_published_time":"2025-11-11T10:45:00+00:00","og_image":[{"width":1280,"height":720,"url":"https:\/\/www.correiobraziliense.com.br\/cbradar\/wp-content\/uploads\/2025\/11\/Acido-Urico_1762734959580.jpg","type":"image\/jpeg"}],"author":"guilherme_saude","twitter_card":"summary_large_image","twitter_misc":{"Escrito por":"guilherme_saude","Est. tempo de leitura":"4 minutos"},"schema":{"@context":"https:\/\/schema.org","@graph":[{"@type":"WebPage","@id":"https:\/\/www.correiobraziliense.com.br\/cbradar\/como-baixar-o-acido-urico-com-alimentacao-e-habitos\/","url":"https:\/\/www.correiobraziliense.com.br\/cbradar\/como-baixar-o-acido-urico-com-alimentacao-e-habitos\/","name":"Como baixar o \u00e1cido \u00farico com alimenta\u00e7\u00e3o e h\u00e1bitos - Correio Braziliense - Radar","isPartOf":{"@id":"https:\/\/www.correiobraziliense.com.br\/cbradar\/#website"},"primaryImageOfPage":{"@id":"https:\/\/www.correiobraziliense.com.br\/cbradar\/como-baixar-o-acido-urico-com-alimentacao-e-habitos\/#primaryimage"},"image":{"@id":"https:\/\/www.correiobraziliense.com.br\/cbradar\/como-baixar-o-acido-urico-com-alimentacao-e-habitos\/#primaryimage"},"thumbnailUrl":"https:\/\/www.correiobraziliense.com.br\/cbradar\/wp-content\/uploads\/2025\/11\/Acido-Urico_1762734959580.jpg","datePublished":"2025-11-11T10:45:00+00:00","author":{"@id":"https:\/\/www.correiobraziliense.com.br\/cbradar\/#\/schema\/person\/5aa4bf3c8fa699c267933611de12978b"},"description":"Aprenda como prevenir o \u00e1cido \u00farico elevado com ajustes na dieta, pr\u00e1tica de exerc\u00edcios e boa hidrata\u00e7\u00e3o di\u00e1ria.","breadcrumb":{"@id":"https:\/\/www.correiobraziliense.com.br\/cbradar\/como-baixar-o-acido-urico-com-alimentacao-e-habitos\/#breadcrumb"},"inLanguage":"pt-BR","potentialAction":[{"@type":"ReadAction","target":["https:\/\/www.correiobraziliense.com.br\/cbradar\/como-baixar-o-acido-urico-com-alimentacao-e-habitos\/"]}]},{"@type":"ImageObject","inLanguage":"pt-BR","@id":"https:\/\/www.correiobraziliense.com.br\/cbradar\/como-baixar-o-acido-urico-com-alimentacao-e-habitos\/#primaryimage","url":"https:\/\/www.correiobraziliense.com.br\/cbradar\/wp-content\/uploads\/2025\/11\/Acido-Urico_1762734959580.jpg","contentUrl":"https:\/\/www.correiobraziliense.com.br\/cbradar\/wp-content\/uploads\/2025\/11\/Acido-Urico_1762734959580.jpg","width":1280,"height":720,"caption":"\u00c1cido \u00darico - Cr\u00e9ditos: depositphotos.com \/ Thamkc"},{"@type":"BreadcrumbList","@id":"https:\/\/www.correiobraziliense.com.br\/cbradar\/como-baixar-o-acido-urico-com-alimentacao-e-habitos\/#breadcrumb","itemListElement":[{"@type":"ListItem","position":1,"name":"In\u00edcio","item":"https:\/\/www.correiobraziliense.com.br\/cbradar\/"},{"@type":"ListItem","position":2,"name":"Como baixar o \u00e1cido \u00farico com alimenta\u00e7\u00e3o e h\u00e1bitos"}]},{"@type":"WebSite","@id":"https:\/\/www.correiobraziliense.com.br\/cbradar\/#website","url":"https:\/\/www.correiobraziliense.com.br\/cbradar\/","name":"Correio Braziliense - Radar","description":"Acompanhe as \u00faltimas not\u00edcias e fique bem informado sobre tudo o que acontece no Brasil e no mundo.","potentialAction":[{"@type":"SearchAction","target":{"@type":"EntryPoint","urlTemplate":"https:\/\/www.correiobraziliense.com.br\/cbradar\/?s={search_term_string}"},"query-input":{"@type":"PropertyValueSpecification","valueRequired":true,"valueName":"search_term_string"}}],"inLanguage":"pt-BR"},{"@type":"Person","@id":"https:\/\/www.correiobraziliense.com.br\/cbradar\/#\/schema\/person\/5aa4bf3c8fa699c267933611de12978b","name":"guilherme_saude","image":{"@type":"ImageObject","inLanguage":"pt-BR","@id":"https:\/\/www.correiobraziliense.com.br\/cbradar\/#\/schema\/person\/image\/","url":"https:\/\/secure.gravatar.com\/avatar\/df9adfb835d344bc0af109d41756253f?s=96&d=mm&r=g","contentUrl":"https:\/\/secure.gravatar.com\/avatar\/df9adfb835d344bc0af109d41756253f?s=96&d=mm&r=g","caption":"guilherme_saude"},"url":"https:\/\/www.correiobraziliense.com.br\/cbradar\/author\/guilherme_saude\/"}]}},"_links":{"self":[{"href":"https:\/\/www.correiobraziliense.com.br\/cbradar\/wp-json\/wp\/v2\/posts\/135209","targetHints":{"allow":["GET"]}}],"collection":[{"href":"https:\/\/www.correiobraziliense.com.br\/cbradar\/wp-json\/wp\/v2\/posts"}],"about":[{"href":"https:\/\/www.correiobraziliense.com.br\/cbradar\/wp-json\/wp\/v2\/types\/post"}],"author":[{"embeddable":true,"href":"https:\/\/www.correiobraziliense.com.br\/cbradar\/wp-json\/wp\/v2\/users\/14"}],"replies":[{"embeddable":true,"href":"https:\/\/www.correiobraziliense.com.br\/cbradar\/wp-json\/wp\/v2\/comments?post=135209"}],"version-history":[{"count":1,"href":"https:\/\/www.correiobraziliense.com.br\/cbradar\/wp-json\/wp\/v2\/posts\/135209\/revisions"}],"predecessor-version":[{"id":135212,"href":"https:\/\/www.correiobraziliense.com.br\/cbradar\/wp-json\/wp\/v2\/posts\/135209\/revisions\/135212"}],"wp:featuredmedia":[{"embeddable":true,"href":"https:\/\/www.correiobraziliense.com.br\/cbradar\/wp-json\/wp\/v2\/media\/135210"}],"wp:attachment":[{"href":"https:\/\/www.correiobraziliense.com.br\/cbradar\/wp-json\/wp\/v2\/media?parent=135209"}],"wp:term":[{"taxonomy":"category","embeddable":true,"href":"https:\/\/www.correiobraziliense.com.br\/cbradar\/wp-json\/wp\/v2\/categories?post=135209"},{"taxonomy":"post_tag","embeddable":true,"href":"https:\/\/www.correiobraziliense.com.br\/cbradar\/wp-json\/wp\/v2\/post_tag?post=135209"}],"curies":[{"name":"wp","href":"https:\/\/api.w.org\/{rel}","templated":true}]}}