{"id":135247,"date":"2025-11-11T19:05:22","date_gmt":"2025-11-11T22:05:22","guid":{"rendered":"https:\/\/www.correiobraziliense.com.br\/cbradar\/?p=135247"},"modified":"2025-11-10T10:22:56","modified_gmt":"2025-11-10T13:22:56","slug":"o-que-significa-quando-um-predio-antigo-fica-verde-com-o-tempo","status":"publish","type":"post","link":"https:\/\/www.correiobraziliense.com.br\/cbradar\/o-que-significa-quando-um-predio-antigo-fica-verde-com-o-tempo\/","title":{"rendered":"O que significa quando um pr\u00e9dio antigo fica verde com o tempo"},"content":{"rendered":"\n<p>Muitos detalhes passam despercebidos nas <strong>cidades,<\/strong> especialmente em edif\u00edcios e monumentos antigos, cuja colora\u00e7\u00e3o esverdeada guarda n\u00e3o apenas charme, mas hist\u00f3rias fascinantes ligadas a processos qu\u00edmicos naturais e \u00e0 preserva\u00e7\u00e3o do patrim\u00f4nio.<\/p>\n\n\n\n<h2 class=\"wp-block-heading\">Como a colora\u00e7\u00e3o esverdeada surge em constru\u00e7\u00f5es hist\u00f3ricas de cobre?<\/h2>\n\n\n\n<p>Com o passar dos anos, monumentos como a<strong> Est\u00e1tua da Liberdade <\/strong>perdem o brilho met\u00e1lico original do cobre e ganham tons de <strong>verde claro.<\/strong> Isso ocorre devido a uma rea\u00e7\u00e3o qu\u00edmica entre o cobre, a <strong>umidade<\/strong> e o <strong>oxig\u00eanio<\/strong> presente na atmosfera.<\/p>\n\n\n\n<p>Esse fen\u00f4meno \u00e9 conhecido como <strong>oxida\u00e7\u00e3o<\/strong> e resulta na forma\u00e7\u00e3o de uma camada de p\u00e1tina ou verdete. Essa camada, al\u00e9m de conferir apelo visual, age como um escudo protetor ao cobre das estruturas.<\/p>\n\n\n<div class=\"wp-block-image\">\n<figure class=\"aligncenter size-large\"><img decoding=\"async\" width=\"1024\" height=\"576\" src=\"https:\/\/www.correiobraziliense.com.br\/cbradar\/wp-content\/uploads\/2025\/11\/estatua-verde_1762780304291-1024x576.jpg\" alt=\"\" class=\"wp-image-135267\" srcset=\"https:\/\/www.correiobraziliense.com.br\/cbradar\/wp-content\/uploads\/2025\/11\/estatua-verde_1762780304291-1024x576.jpg 1024w, https:\/\/www.correiobraziliense.com.br\/cbradar\/wp-content\/uploads\/2025\/11\/estatua-verde_1762780304291-300x169.jpg 300w, https:\/\/www.correiobraziliense.com.br\/cbradar\/wp-content\/uploads\/2025\/11\/estatua-verde_1762780304291-768x432.jpg 768w, https:\/\/www.correiobraziliense.com.br\/cbradar\/wp-content\/uploads\/2025\/11\/estatua-verde_1762780304291-750x422.jpg 750w, https:\/\/www.correiobraziliense.com.br\/cbradar\/wp-content\/uploads\/2025\/11\/estatua-verde_1762780304291-1140x641.jpg 1140w, https:\/\/www.correiobraziliense.com.br\/cbradar\/wp-content\/uploads\/2025\/11\/estatua-verde_1762780304291.jpg 1280w\" sizes=\"(max-width: 1024px) 100vw, 1024px\" \/><figcaption class=\"wp-element-caption\">Com o passar dos anos, monumentos como a Est\u00e1tua da Liberdade perdem o brilho met\u00e1lico original do cobre e ganham tons de verde claro &#8211; Cr\u00e9ditos: depositphotos.com \/ Jkirsch13<\/figcaption><\/figure><\/div>\n\n\n<h2 class=\"wp-block-heading\">O que causa o surgimento da camada verde nos edif\u00edcios hist\u00f3ricos?<\/h2>\n\n\n\n<p>A exposi\u00e7\u00e3o prolongada ao ar livre leva as superf\u00edcies de <strong>cobre<\/strong> a passar por um processo de <strong>oxida\u00e7\u00e3o-redu\u00e7\u00e3o,<\/strong> dando origem \u00e0 p\u00e1tina verde que reconhecemos em muitos pr\u00e9dios hist\u00f3ricos. Esse revestimento, al\u00e9m de ser esteticamente marcante, contribui significativamente para a preserva\u00e7\u00e3o das constru\u00e7\u00f5es.<\/p>\n\n\n\n<p>A intensidade e velocidade dessa transforma\u00e7\u00e3o dependem de fatores como o clima, a presen\u00e7a de poluentes e a proximidade com o mar. Essas vari\u00e1veis tamb\u00e9m influenciam as diferentes tonalidades de verde vistas ao redor do mundo.<\/p>\n\n\n\n<p>Leia tamb\u00e9m:&nbsp;<a href=\"https:\/\/www.correiobraziliense.com.br\/cbradar\/o-que-significa-quando-seu-parceiro-nao-gosta-das-mesmas-coisas-que-voce-conforme-especialistas\/\" target=\"_blank\" rel=\"noopener\">O que significa quando seu parceiro n\u00e3o gosta das mesmas coisas que voc\u00ea, conforme especialistas<\/a><\/p>\n\n\n\n<h2 class=\"wp-block-heading\">Quais s\u00e3o exemplos not\u00e1veis de edif\u00edcios com telhados e c\u00fapulas esverdeadas?<\/h2>\n\n\n\n<p>Ao longo do tempo, v\u00e1rias obras arquitet\u00f4nicas ganharam destaque gra\u00e7as a seus <strong>telhados<\/strong> e <strong>c\u00fapulas verdes,<\/strong> resultado do processo natural de oxida\u00e7\u00e3o do cobre. Abaixo, confira alguns exemplos marcantes desse fen\u00f4meno em diferentes pa\u00edses.<\/p>\n\n\n\n<ul class=\"wp-block-list\">\n<li>Congresso da Na\u00e7\u00e3o Argentina, cuja c\u00fapula cobreada \u00e9 s\u00edmbolo marcante do pa\u00eds<\/li>\n\n\n\n<li>Pal\u00e1cio Belvedere, em Viena, famoso por seus telhados verdes na arquitetura barroca<\/li>\n\n\n\n<li>Catedral de Berlim, conhecidamente adornada com c\u00fapulas de tom esverdeado<\/li>\n\n\n\n<li>Diversas igrejas hist\u00f3ricas europeias, especialmente na <strong>Europa<\/strong> <strong>Central<\/strong>, com c\u00fapulas revestidas em cobre oxidado<\/li>\n<\/ul>\n\n\n<div class=\"wp-block-image\">\n<figure class=\"aligncenter size-large\"><img decoding=\"async\" width=\"1024\" height=\"576\" src=\"https:\/\/www.correiobraziliense.com.br\/cbradar\/wp-content\/uploads\/2025\/11\/estatua-edificio-verde_1762780843028-1024x576.jpg\" alt=\"\" class=\"wp-image-135269\" srcset=\"https:\/\/www.correiobraziliense.com.br\/cbradar\/wp-content\/uploads\/2025\/11\/estatua-edificio-verde_1762780843028-1024x576.jpg 1024w, https:\/\/www.correiobraziliense.com.br\/cbradar\/wp-content\/uploads\/2025\/11\/estatua-edificio-verde_1762780843028-300x169.jpg 300w, https:\/\/www.correiobraziliense.com.br\/cbradar\/wp-content\/uploads\/2025\/11\/estatua-edificio-verde_1762780843028-768x432.jpg 768w, https:\/\/www.correiobraziliense.com.br\/cbradar\/wp-content\/uploads\/2025\/11\/estatua-edificio-verde_1762780843028-750x422.jpg 750w, https:\/\/www.correiobraziliense.com.br\/cbradar\/wp-content\/uploads\/2025\/11\/estatua-edificio-verde_1762780843028-1140x641.jpg 1140w, https:\/\/www.correiobraziliense.com.br\/cbradar\/wp-content\/uploads\/2025\/11\/estatua-edificio-verde_1762780843028.jpg 1280w\" sizes=\"(max-width: 1024px) 100vw, 1024px\" \/><figcaption class=\"wp-element-caption\">Al\u00e9m disso, a p\u00e1tina destaca a maneira engenhosa com que antigas civiliza\u00e7\u00f5es integravam arte, ci\u00eancia e natureza &#8211; Cr\u00e9ditos: depositphotos.com \/ VictorJiang<\/figcaption><\/figure><\/div>\n\n\n<h2 class=\"wp-block-heading\">Como a p\u00e1tina verde contribui para contar a hist\u00f3ria desses monumentos?<\/h2>\n\n\n\n<p>A colora\u00e7\u00e3o verde das estruturas hist\u00f3ricas \u00e9 mais do que um efeito do tempo. Ela revela aspectos dos materiais utilizados e das t\u00e9cnicas construtivas desenvolvidas para garantir maior durabilidade aos monumentos.<\/p>\n\n\n\n<p>Al\u00e9m disso, a p\u00e1tina destaca a maneira engenhosa com que antigas civiliza\u00e7\u00f5es integravam arte, ci\u00eancia e natureza, usando o comportamento qu\u00edmico dos materiais em favor da arquitetura e da sua preserva\u00e7\u00e3o.<\/p>\n\n\n\n<h2 class=\"wp-block-heading\">Qual a import\u00e2ncia da p\u00e1tina verde na preserva\u00e7\u00e3o de patrim\u00f4nios hist\u00f3ricos?<\/h2>\n\n\n\n<p>Observar a p\u00e1tina verde nas constru\u00e7\u00f5es antigas indica n\u00e3o s\u00f3 a passagem do tempo, mas tamb\u00e9m sua fun\u00e7\u00e3o protetora, que reduz a necessidade de restaura\u00e7\u00f5es frequentes. Assim, a pr\u00f3pria natureza coopera para a conserva\u00e7\u00e3o dessas obras.<\/p>\n\n\n\n<p>Essas estruturas permanecem como importantes testemunhos hist\u00f3ricos, ilustrando como ci\u00eancia, arte e hist\u00f3ria caminham lado a lado na valoriza\u00e7\u00e3o e preserva\u00e7\u00e3o do patrim\u00f4nio mundial.<\/p>\n","protected":false},"excerpt":{"rendered":"<p>Muitos detalhes passam despercebidos nas cidades, especialmente em edif\u00edcios e monumentos antigos, cuja colora\u00e7\u00e3o esverdeada guarda n\u00e3o apenas charme, mas hist\u00f3rias fascinantes ligadas a processos qu\u00edmicos naturais e \u00e0 preserva\u00e7\u00e3o do patrim\u00f4nio. Como a colora\u00e7\u00e3o esverdeada surge em constru\u00e7\u00f5es hist\u00f3ricas de cobre? Com o passar dos anos, monumentos como a Est\u00e1tua da Liberdade perdem o [&hellip;]<\/p>\n","protected":false},"author":9,"featured_media":135268,"comment_status":"open","ping_status":"open","sticky":false,"template":"","format":"standard","meta":{"_yoast_wpseo_focuskw":"pr\u00e9dio antigo","_yoast_wpseo_title":"%%title%% %%page%%","_yoast_wpseo_metadesc":"A cor verde em pr\u00e9dios hist\u00f3ricos guarda um segredo qu\u00edmico fascinante que ajuda a proteger o patrim\u00f4nio mundial.","jnews-multi-image_gallery":[],"jnews_single_post":{"format":"standard"},"jnews_primary_category":[],"jnews_social_meta":[],"jnews_override_counter":[],"footnotes":""},"categories":[112],"tags":[11541,4623,6441],"class_list":["post-135247","post","type-post","status-publish","format-standard","has-post-thumbnail","hentry","category-curiosidades","tag-construcao","tag-misterio","tag-verde"],"yoast_head":"<!-- This site is optimized with the Yoast SEO plugin v24.6 - https:\/\/yoast.com\/wordpress\/plugins\/seo\/ -->\n<title>O que significa quando um pr\u00e9dio antigo fica verde com o tempo<\/title>\n<meta name=\"description\" content=\"A cor verde em pr\u00e9dios hist\u00f3ricos guarda um segredo qu\u00edmico fascinante que ajuda a proteger o patrim\u00f4nio mundial.\" \/>\n<meta name=\"robots\" content=\"index, follow, max-snippet:-1, max-image-preview:large, max-video-preview:-1\" \/>\n<link rel=\"canonical\" href=\"https:\/\/www.correiobraziliense.com.br\/cbradar\/o-que-significa-quando-um-predio-antigo-fica-verde-com-o-tempo\/\" \/>\n<meta property=\"og:locale\" content=\"pt_BR\" \/>\n<meta property=\"og:type\" content=\"article\" \/>\n<meta property=\"og:title\" content=\"O que significa quando um pr\u00e9dio antigo fica verde com o tempo\" \/>\n<meta property=\"og:description\" content=\"A cor verde em pr\u00e9dios hist\u00f3ricos guarda um segredo qu\u00edmico fascinante que ajuda a proteger o patrim\u00f4nio mundial.\" \/>\n<meta property=\"og:url\" content=\"https:\/\/www.correiobraziliense.com.br\/cbradar\/o-que-significa-quando-um-predio-antigo-fica-verde-com-o-tempo\/\" \/>\n<meta property=\"og:site_name\" content=\"Correio Braziliense - Radar\" \/>\n<meta property=\"article:published_time\" content=\"2025-11-11T22:05:22+00:00\" \/>\n<meta property=\"og:image\" content=\"https:\/\/www.correiobraziliense.com.br\/cbradar\/wp-content\/uploads\/2025\/11\/estatua-da-liberdade-verde_1762780689193.jpg\" \/>\n\t<meta property=\"og:image:width\" content=\"1280\" \/>\n\t<meta property=\"og:image:height\" content=\"720\" \/>\n\t<meta property=\"og:image:type\" content=\"image\/jpeg\" \/>\n<meta name=\"author\" content=\"Daniely Cardoso\" \/>\n<meta name=\"twitter:card\" content=\"summary_large_image\" \/>\n<meta name=\"twitter:label1\" content=\"Escrito por\" \/>\n\t<meta name=\"twitter:data1\" content=\"Daniely Cardoso\" \/>\n\t<meta name=\"twitter:label2\" content=\"Est. tempo de leitura\" \/>\n\t<meta name=\"twitter:data2\" content=\"4 minutos\" \/>\n<!-- \/ Yoast SEO plugin. -->","yoast_head_json":{"title":"O que significa quando um pr\u00e9dio antigo fica verde com o tempo","description":"A cor verde em pr\u00e9dios hist\u00f3ricos guarda um segredo qu\u00edmico fascinante que ajuda a proteger o patrim\u00f4nio mundial.","robots":{"index":"index","follow":"follow","max-snippet":"max-snippet:-1","max-image-preview":"max-image-preview:large","max-video-preview":"max-video-preview:-1"},"canonical":"https:\/\/www.correiobraziliense.com.br\/cbradar\/o-que-significa-quando-um-predio-antigo-fica-verde-com-o-tempo\/","og_locale":"pt_BR","og_type":"article","og_title":"O que significa quando um pr\u00e9dio antigo fica verde com o tempo","og_description":"A cor verde em pr\u00e9dios hist\u00f3ricos guarda um segredo qu\u00edmico fascinante que ajuda a proteger o patrim\u00f4nio mundial.","og_url":"https:\/\/www.correiobraziliense.com.br\/cbradar\/o-que-significa-quando-um-predio-antigo-fica-verde-com-o-tempo\/","og_site_name":"Correio Braziliense - Radar","article_published_time":"2025-11-11T22:05:22+00:00","og_image":[{"width":1280,"height":720,"url":"https:\/\/www.correiobraziliense.com.br\/cbradar\/wp-content\/uploads\/2025\/11\/estatua-da-liberdade-verde_1762780689193.jpg","type":"image\/jpeg"}],"author":"Daniely Cardoso","twitter_card":"summary_large_image","twitter_misc":{"Escrito por":"Daniely Cardoso","Est. tempo de leitura":"4 minutos"},"schema":{"@context":"https:\/\/schema.org","@graph":[{"@type":"WebPage","@id":"https:\/\/www.correiobraziliense.com.br\/cbradar\/o-que-significa-quando-um-predio-antigo-fica-verde-com-o-tempo\/","url":"https:\/\/www.correiobraziliense.com.br\/cbradar\/o-que-significa-quando-um-predio-antigo-fica-verde-com-o-tempo\/","name":"O que significa quando um pr\u00e9dio antigo fica verde com o tempo","isPartOf":{"@id":"https:\/\/www.correiobraziliense.com.br\/cbradar\/#website"},"primaryImageOfPage":{"@id":"https:\/\/www.correiobraziliense.com.br\/cbradar\/o-que-significa-quando-um-predio-antigo-fica-verde-com-o-tempo\/#primaryimage"},"image":{"@id":"https:\/\/www.correiobraziliense.com.br\/cbradar\/o-que-significa-quando-um-predio-antigo-fica-verde-com-o-tempo\/#primaryimage"},"thumbnailUrl":"https:\/\/www.correiobraziliense.com.br\/cbradar\/wp-content\/uploads\/2025\/11\/estatua-da-liberdade-verde_1762780689193.jpg","datePublished":"2025-11-11T22:05:22+00:00","author":{"@id":"https:\/\/www.correiobraziliense.com.br\/cbradar\/#\/schema\/person\/7356666e12ec0ee53f348ee5db227032"},"description":"A cor verde em pr\u00e9dios hist\u00f3ricos guarda um segredo qu\u00edmico fascinante que ajuda a proteger o patrim\u00f4nio mundial.","breadcrumb":{"@id":"https:\/\/www.correiobraziliense.com.br\/cbradar\/o-que-significa-quando-um-predio-antigo-fica-verde-com-o-tempo\/#breadcrumb"},"inLanguage":"pt-BR","potentialAction":[{"@type":"ReadAction","target":["https:\/\/www.correiobraziliense.com.br\/cbradar\/o-que-significa-quando-um-predio-antigo-fica-verde-com-o-tempo\/"]}]},{"@type":"ImageObject","inLanguage":"pt-BR","@id":"https:\/\/www.correiobraziliense.com.br\/cbradar\/o-que-significa-quando-um-predio-antigo-fica-verde-com-o-tempo\/#primaryimage","url":"https:\/\/www.correiobraziliense.com.br\/cbradar\/wp-content\/uploads\/2025\/11\/estatua-da-liberdade-verde_1762780689193.jpg","contentUrl":"https:\/\/www.correiobraziliense.com.br\/cbradar\/wp-content\/uploads\/2025\/11\/estatua-da-liberdade-verde_1762780689193.jpg","width":1280,"height":720,"caption":"Observar a p\u00e1tina verde nas constru\u00e7\u00f5es antigas indica n\u00e3o s\u00f3 a passagem do tempo - Cr\u00e9ditos: depositphotos.com \/ urmoments"},{"@type":"BreadcrumbList","@id":"https:\/\/www.correiobraziliense.com.br\/cbradar\/o-que-significa-quando-um-predio-antigo-fica-verde-com-o-tempo\/#breadcrumb","itemListElement":[{"@type":"ListItem","position":1,"name":"In\u00edcio","item":"https:\/\/www.correiobraziliense.com.br\/cbradar\/"},{"@type":"ListItem","position":2,"name":"O que significa quando um pr\u00e9dio antigo fica verde com o tempo"}]},{"@type":"WebSite","@id":"https:\/\/www.correiobraziliense.com.br\/cbradar\/#website","url":"https:\/\/www.correiobraziliense.com.br\/cbradar\/","name":"Correio Braziliense - Radar","description":"Acompanhe as \u00faltimas not\u00edcias e fique bem informado sobre tudo o que acontece no Brasil e no mundo.","potentialAction":[{"@type":"SearchAction","target":{"@type":"EntryPoint","urlTemplate":"https:\/\/www.correiobraziliense.com.br\/cbradar\/?s={search_term_string}"},"query-input":{"@type":"PropertyValueSpecification","valueRequired":true,"valueName":"search_term_string"}}],"inLanguage":"pt-BR"},{"@type":"Person","@id":"https:\/\/www.correiobraziliense.com.br\/cbradar\/#\/schema\/person\/7356666e12ec0ee53f348ee5db227032","name":"Daniely Cardoso","image":{"@type":"ImageObject","inLanguage":"pt-BR","@id":"https:\/\/www.correiobraziliense.com.br\/cbradar\/#\/schema\/person\/image\/","url":"https:\/\/secure.gravatar.com\/avatar\/4b80ddbd124d1f071b626d52d62e5dff?s=96&d=mm&r=g","contentUrl":"https:\/\/secure.gravatar.com\/avatar\/4b80ddbd124d1f071b626d52d62e5dff?s=96&d=mm&r=g","caption":"Daniely Cardoso"},"description":"Redatora nos portais CB Radar e EM Foco, formada pela Universidade Federal de Goi\u00e1s, em Goi\u00e2nia. Apaixonada por comunica\u00e7\u00e3o, arte, decora\u00e7\u00e3o e tend\u00eancias, atuo na produ\u00e7\u00e3o de conte\u00fados envolventes sobre curiosidades, moda, beleza e paisagismo, sempre com um olhar atento \u00e0s novidades do momento.","sameAs":["https:\/\/www.correiobraziliense.com.br\/cbradar"],"url":"https:\/\/www.correiobraziliense.com.br\/cbradar\/author\/danielymyth\/"}]}},"_links":{"self":[{"href":"https:\/\/www.correiobraziliense.com.br\/cbradar\/wp-json\/wp\/v2\/posts\/135247","targetHints":{"allow":["GET"]}}],"collection":[{"href":"https:\/\/www.correiobraziliense.com.br\/cbradar\/wp-json\/wp\/v2\/posts"}],"about":[{"href":"https:\/\/www.correiobraziliense.com.br\/cbradar\/wp-json\/wp\/v2\/types\/post"}],"author":[{"embeddable":true,"href":"https:\/\/www.correiobraziliense.com.br\/cbradar\/wp-json\/wp\/v2\/users\/9"}],"replies":[{"embeddable":true,"href":"https:\/\/www.correiobraziliense.com.br\/cbradar\/wp-json\/wp\/v2\/comments?post=135247"}],"version-history":[{"count":2,"href":"https:\/\/www.correiobraziliense.com.br\/cbradar\/wp-json\/wp\/v2\/posts\/135247\/revisions"}],"predecessor-version":[{"id":135270,"href":"https:\/\/www.correiobraziliense.com.br\/cbradar\/wp-json\/wp\/v2\/posts\/135247\/revisions\/135270"}],"wp:featuredmedia":[{"embeddable":true,"href":"https:\/\/www.correiobraziliense.com.br\/cbradar\/wp-json\/wp\/v2\/media\/135268"}],"wp:attachment":[{"href":"https:\/\/www.correiobraziliense.com.br\/cbradar\/wp-json\/wp\/v2\/media?parent=135247"}],"wp:term":[{"taxonomy":"category","embeddable":true,"href":"https:\/\/www.correiobraziliense.com.br\/cbradar\/wp-json\/wp\/v2\/categories?post=135247"},{"taxonomy":"post_tag","embeddable":true,"href":"https:\/\/www.correiobraziliense.com.br\/cbradar\/wp-json\/wp\/v2\/tags?post=135247"}],"curies":[{"name":"wp","href":"https:\/\/api.w.org\/{rel}","templated":true}]}}