{"id":135400,"date":"2025-11-11T08:00:00","date_gmt":"2025-11-11T11:00:00","guid":{"rendered":"https:\/\/www.correiobraziliense.com.br\/cbradar\/?p=135400"},"modified":"2025-11-10T21:32:37","modified_gmt":"2025-11-11T00:32:37","slug":"o-comportamento-que-o-seu-cachorro-odeia-que-voce-faca-e-voce-nao-percebe","status":"publish","type":"post","link":"https:\/\/www.correiobraziliense.com.br\/cbradar\/o-comportamento-que-o-seu-cachorro-odeia-que-voce-faca-e-voce-nao-percebe\/","title":{"rendered":"O comportamento que o seu cachorro odeia que voc\u00ea fa\u00e7a e voc\u00ea n\u00e3o percebe"},"content":{"rendered":"\n<p>Os c\u00e3es, apesar de sua natureza soci\u00e1vel, podem apresentar rea\u00e7\u00f5es inesperadas diante de algumas formas de afeto humano, como os <strong>abra\u00e7os<\/strong>. Embora o contato f\u00edsico seja uma maneira comum de manifestar carinho, tal gesto pode provocar desconforto ou estresse nesses animais, principalmente se interpretado como restri\u00e7\u00e3o de movimento.<\/p>\n\n\n\n<h2 class=\"wp-block-heading\">Por que o gesto de abra\u00e7ar pode deixar o c\u00e3o desconfort\u00e1vel<\/h2>\n\n\n\n<p>Muitos c\u00e3es veem o <strong>abra\u00e7o<\/strong> como uma forma de controle ou conten\u00e7\u00e3o, o que n\u00e3o corresponde ao seu comportamento natural. Diferentes ra\u00e7as ou temperamentos at\u00e9 podem tolerar, mas a maioria dos c\u00e3es sente <strong>invas\u00e3o de espa\u00e7o<\/strong> e restri\u00e7\u00e3o de liberdade quando abra\u00e7ados.<\/p>\n\n\n\n<p>\u00c9 prefer\u00edvel substituir os abra\u00e7os por car\u00edcias em regi\u00f5es de prefer\u00eancia do animal, respeitando sua vontade de iniciar o contato f\u00edsico. Essa adapta\u00e7\u00e3o ajuda a tornar a intera\u00e7\u00e3o mais positiva tanto para o c\u00e3o quanto para o tutor.<\/p>\n\n\n\n<figure class=\"wp-block-image size-large\"><img decoding=\"async\" width=\"1024\" height=\"576\" src=\"https:\/\/www.correiobraziliense.com.br\/cbradar\/wp-content\/uploads\/2025\/11\/cachorro-abracado-dono_1762821131835-1024x576.jpg\" alt=\"O comportamento que o seu cachorro odeia que voc\u00ea fa\u00e7a e voc\u00ea n\u00e3o percebe\" class=\"wp-image-135403\" srcset=\"https:\/\/www.correiobraziliense.com.br\/cbradar\/wp-content\/uploads\/2025\/11\/cachorro-abracado-dono_1762821131835-1024x576.jpg 1024w, https:\/\/www.correiobraziliense.com.br\/cbradar\/wp-content\/uploads\/2025\/11\/cachorro-abracado-dono_1762821131835-300x169.jpg 300w, https:\/\/www.correiobraziliense.com.br\/cbradar\/wp-content\/uploads\/2025\/11\/cachorro-abracado-dono_1762821131835-768x432.jpg 768w, https:\/\/www.correiobraziliense.com.br\/cbradar\/wp-content\/uploads\/2025\/11\/cachorro-abracado-dono_1762821131835-750x422.jpg 750w, https:\/\/www.correiobraziliense.com.br\/cbradar\/wp-content\/uploads\/2025\/11\/cachorro-abracado-dono_1762821131835-1140x641.jpg 1140w, https:\/\/www.correiobraziliense.com.br\/cbradar\/wp-content\/uploads\/2025\/11\/cachorro-abracado-dono_1762821131835.jpg 1280w\" sizes=\"(max-width: 1024px) 100vw, 1024px\" \/><figcaption class=\"wp-element-caption\">Nem todo c\u00e3o curte aquele abra\u00e7o apertado; preste aten\u00e7\u00e3o nos sinais do seu amiguinho para evitar desconfortos. Cr\u00e9ditos: depositphotos.com \/ HayDmitriy<\/figcaption><\/figure>\n\n\n\n<h2 class=\"wp-block-heading\">Entendendo a linguagem corporal dos c\u00e3es \u00e9 fundamental para evitar desconforto<\/h2>\n\n\n\n<p>Reconhecer o <strong>comportamento canino<\/strong> e seus sinais de estresse \u00e9 essencial para um conv\u00edvio harmonioso. Alguns c\u00e3es podem demonstrar desconforto de forma sutil, como lamber os l\u00e1bios, se esquivar ou tentar se afastar ap\u00f3s um gesto afetivo inconveniente.<\/p>\n\n\n\n<p>Se perceber sinais de tens\u00e3o ou irrita\u00e7\u00e3o, respeite o espa\u00e7o do animal e ajuste a forma de interagir. Dessa forma, o c\u00e3o fica mais seguro e a rela\u00e7\u00e3o se fortalece.<\/p>\n\n\n\n<h2 class=\"wp-block-heading\">Quais atitudes humanas s\u00e3o comuns e podem incomodar os c\u00e3es<\/h2>\n\n\n\n<p>Al\u00e9m dos abra\u00e7os, outros comportamentos humanos podem causar desconforto nos c\u00e3es. \u00c9 importante entender essas atitudes para evitar provocar rea\u00e7\u00f5es negativas ou estresse no animal.<\/p>\n\n\n\n<p>Confira algumas a\u00e7\u00f5es que podem ser mal interpretadas pelos c\u00e3es:<\/p>\n\n\n\n<ul class=\"wp-block-list\">\n<li><strong>Contato visual fixo e prolongado<\/strong>, observado como amea\u00e7a<\/li>\n\n\n\n<li><strong>Tocar nas patas, cauda ou orelhas<\/strong> sem pr\u00e9via adapta\u00e7\u00e3o<\/li>\n\n\n\n<li>Aproxima\u00e7\u00e3o direta e repentina<\/li>\n\n\n\n<li>Barulhos altos ou movimentos bruscos perto do animal<\/li>\n<\/ul>\n\n\n\n<blockquote class=\"tiktok-embed\" cite=\"https:\/\/www.tiktok.com\/@bernardo.adestra\/video\/7306188560955198726\" data-video-id=\"7306188560955198726\" style=\"max-width: 605px;min-width: 325px;\" > <section> <a target=\"_blank\" title=\"@bernardo.adestra\" href=\"https:\/\/www.tiktok.com\/@bernardo.adestra?refer=embed\">@bernardo.adestra<\/a> 5 sinais que o seu cachorro n\u00e3o gosta do seu abra\u00e7o <a title=\"adestramento\" target=\"_blank\" href=\"https:\/\/www.tiktok.com\/tag\/adestramento?refer=embed\">#adestramento<\/a> <a title=\"foryou\" target=\"_blank\" href=\"https:\/\/www.tiktok.com\/tag\/foryou?refer=embed\">#foryou<\/a> <a title=\"caestiktok\" target=\"_blank\" href=\"https:\/\/www.tiktok.com\/tag\/caestiktok?refer=embed\">#caestiktok<\/a> <a target=\"_blank\" title=\"\u266c som original - Bernardo Repsold\" href=\"https:\/\/www.tiktok.com\/music\/som-original-7306188583110183686?refer=embed\">\u266c som original &#8211; Bernardo Repsold<\/a> <\/section> <\/blockquote> <script async src=\"https:\/\/www.tiktok.com\/embed.js\"><\/script>\n\n\n\n<h2 class=\"wp-block-heading\">Como saber se o c\u00e3o est\u00e1 sentindo desconforto com algum gesto<\/h2>\n\n\n\n<p>O <strong>American Kennel Club<\/strong> destaca sinais espec\u00edficos de que um c\u00e3o est\u00e1 desconfort\u00e1vel. Observar atentamente esses ind\u00edcios permite adaptar a abordagem antes que o animal sofra estresse.<\/p>\n\n\n\n<p>Entre os principais sinais est\u00e3o o <strong>\u201colho de baleia\u201d<\/strong> (quando o c\u00e3o mostra a parte branca dos olhos), a <strong>mirada fixa<\/strong>, o bocejo fora de contexto social e tentativas de se afastar da situa\u00e7\u00e3o.<\/p>\n\n\n\n<p>Leia tamb\u00e9m: <a href=\"https:\/\/www.correiobraziliense.com.br\/cbradar\/o-que-significa-quando-o-cachorro-late-para-o-nada\/\" target=\"_blank\" rel=\"noreferrer noopener\">O que significa quando o cachorro late para o nada?<\/a><\/p>\n\n\n\n<h2 class=\"wp-block-heading\">Saiba como respeitar os limites do c\u00e3o para melhorar a conviv\u00eancia<\/h2>\n\n\n\n<p>Para evitar situa\u00e7\u00f5es desagrad\u00e1veis, observe o comportamento do seu c\u00e3o e adapte as formas de contato a partir das prefer\u00eancias dele. O respeito aos sinais e limites proporciona uma conviv\u00eancia mais saud\u00e1vel e refor\u00e7a o v\u00ednculo de confian\u00e7a.<\/p>\n\n\n\n<p>Permita que o c\u00e3o proponha o ritmo e intensidade do contato f\u00edsico, priorize car\u00edcias e evite gestos que restrinjam sua mobilidade ou aumentem seu n\u00edvel de ansiedade.<\/p>\n\n\n\n<p>Em resumo, o entendimento e o respeito ao <strong>comportamento canino<\/strong> s\u00e3o determinantes para garantir que as intera\u00e7\u00f5es entre humanos e c\u00e3es sejam prazerosas para ambos. Essa abordagem aumenta a confian\u00e7a m\u00fatua e refor\u00e7a a conex\u00e3o emocional entre o tutor e o animal.<\/p>\n","protected":false},"excerpt":{"rendered":"<p>Descubra por que os abra\u00e7os podem estressar seu c\u00e3o e aprenda a interpretar seu comportamento para melhorar o relacionamento com seu pet.<\/p>\n","protected":false},"author":3,"featured_media":135402,"comment_status":"open","ping_status":"open","sticky":false,"template":"","format":"standard","meta":{"_yoast_wpseo_focuskw":"comportamento cachorro odeia","_yoast_wpseo_title":"%%title%%","_yoast_wpseo_metadesc":"Descubra por que os abra\u00e7os podem estressar seu c\u00e3o e aprenda a interpretar seu comportamento para melhorar o relacionamento com seu pet.","jnews-multi-image_gallery":[],"jnews_single_post":{"format":"standard"},"jnews_primary_category":[],"jnews_social_meta":[],"jnews_override_counter":[],"footnotes":""},"categories":[112],"post_tag":[230,1977,378,144],"class_list":["post-135400","post","type-post","status-publish","format-standard","has-post-thumbnail","hentry","category-curiosidades","tag-animais","tag-animais-de-estimacao","tag-cachorro","tag-curiosidades"],"yoast_head":"<!-- This site is optimized with the Yoast SEO plugin v24.6 - https:\/\/yoast.com\/wordpress\/plugins\/seo\/ -->\n<title>O comportamento que o seu cachorro odeia que voc\u00ea fa\u00e7a e voc\u00ea n\u00e3o percebe<\/title>\n<meta name=\"description\" content=\"Descubra por que os abra\u00e7os podem estressar seu c\u00e3o e aprenda a interpretar seu comportamento para melhorar o relacionamento com seu pet.\" \/>\n<meta name=\"robots\" content=\"index, follow, max-snippet:-1, max-image-preview:large, max-video-preview:-1\" \/>\n<link rel=\"canonical\" href=\"https:\/\/www.correiobraziliense.com.br\/cbradar\/o-comportamento-que-o-seu-cachorro-odeia-que-voce-faca-e-voce-nao-percebe\/\" \/>\n<meta property=\"og:locale\" content=\"pt_BR\" \/>\n<meta property=\"og:type\" content=\"article\" \/>\n<meta property=\"og:title\" content=\"O comportamento que o seu cachorro odeia que voc\u00ea fa\u00e7a e voc\u00ea n\u00e3o percebe\" \/>\n<meta property=\"og:description\" content=\"Descubra por que os abra\u00e7os podem estressar seu c\u00e3o e aprenda a interpretar seu comportamento para melhorar o relacionamento com seu pet.\" \/>\n<meta property=\"og:url\" content=\"https:\/\/www.correiobraziliense.com.br\/cbradar\/o-comportamento-que-o-seu-cachorro-odeia-que-voce-faca-e-voce-nao-percebe\/\" \/>\n<meta property=\"og:site_name\" content=\"Correio Braziliense - Radar\" \/>\n<meta property=\"article:published_time\" content=\"2025-11-11T11:00:00+00:00\" \/>\n<meta property=\"og:image\" content=\"https:\/\/www.correiobraziliense.com.br\/cbradar\/wp-content\/uploads\/2025\/11\/Caes-e-Abracos.png\" \/>\n\t<meta property=\"og:image:width\" content=\"1344\" \/>\n\t<meta property=\"og:image:height\" content=\"768\" \/>\n\t<meta property=\"og:image:type\" content=\"image\/png\" \/>\n<meta name=\"author\" content=\"Larissa Carvalho\" \/>\n<meta name=\"twitter:card\" content=\"summary_large_image\" \/>\n<meta name=\"twitter:label1\" content=\"Escrito por\" \/>\n\t<meta name=\"twitter:data1\" content=\"Larissa Carvalho\" \/>\n\t<meta name=\"twitter:label2\" content=\"Est. tempo de leitura\" \/>\n\t<meta name=\"twitter:data2\" content=\"4 minutos\" \/>\n<!-- \/ Yoast SEO plugin. -->","yoast_head_json":{"title":"O comportamento que o seu cachorro odeia que voc\u00ea fa\u00e7a e voc\u00ea n\u00e3o percebe","description":"Descubra por que os abra\u00e7os podem estressar seu c\u00e3o e aprenda a interpretar seu comportamento para melhorar o relacionamento com seu pet.","robots":{"index":"index","follow":"follow","max-snippet":"max-snippet:-1","max-image-preview":"max-image-preview:large","max-video-preview":"max-video-preview:-1"},"canonical":"https:\/\/www.correiobraziliense.com.br\/cbradar\/o-comportamento-que-o-seu-cachorro-odeia-que-voce-faca-e-voce-nao-percebe\/","og_locale":"pt_BR","og_type":"article","og_title":"O comportamento que o seu cachorro odeia que voc\u00ea fa\u00e7a e voc\u00ea n\u00e3o percebe","og_description":"Descubra por que os abra\u00e7os podem estressar seu c\u00e3o e aprenda a interpretar seu comportamento para melhorar o relacionamento com seu pet.","og_url":"https:\/\/www.correiobraziliense.com.br\/cbradar\/o-comportamento-que-o-seu-cachorro-odeia-que-voce-faca-e-voce-nao-percebe\/","og_site_name":"Correio Braziliense - Radar","article_published_time":"2025-11-11T11:00:00+00:00","og_image":[{"width":1344,"height":768,"url":"https:\/\/www.correiobraziliense.com.br\/cbradar\/wp-content\/uploads\/2025\/11\/Caes-e-Abracos.png","type":"image\/png"}],"author":"Larissa Carvalho","twitter_card":"summary_large_image","twitter_misc":{"Escrito por":"Larissa Carvalho","Est. tempo de leitura":"4 minutos"},"schema":{"@context":"https:\/\/schema.org","@graph":[{"@type":"WebPage","@id":"https:\/\/www.correiobraziliense.com.br\/cbradar\/o-comportamento-que-o-seu-cachorro-odeia-que-voce-faca-e-voce-nao-percebe\/","url":"https:\/\/www.correiobraziliense.com.br\/cbradar\/o-comportamento-que-o-seu-cachorro-odeia-que-voce-faca-e-voce-nao-percebe\/","name":"O comportamento que o seu cachorro odeia que voc\u00ea fa\u00e7a e voc\u00ea n\u00e3o percebe","isPartOf":{"@id":"https:\/\/www.correiobraziliense.com.br\/cbradar\/#website"},"primaryImageOfPage":{"@id":"https:\/\/www.correiobraziliense.com.br\/cbradar\/o-comportamento-que-o-seu-cachorro-odeia-que-voce-faca-e-voce-nao-percebe\/#primaryimage"},"image":{"@id":"https:\/\/www.correiobraziliense.com.br\/cbradar\/o-comportamento-que-o-seu-cachorro-odeia-que-voce-faca-e-voce-nao-percebe\/#primaryimage"},"thumbnailUrl":"https:\/\/www.correiobraziliense.com.br\/cbradar\/wp-content\/uploads\/2025\/11\/Caes-e-Abracos.png","datePublished":"2025-11-11T11:00:00+00:00","author":{"@id":"https:\/\/www.correiobraziliense.com.br\/cbradar\/#\/schema\/person\/58422787644df994b53a19d3e56c1513"},"description":"Descubra por que os abra\u00e7os podem estressar seu c\u00e3o e aprenda a interpretar seu comportamento para melhorar o relacionamento com seu pet.","breadcrumb":{"@id":"https:\/\/www.correiobraziliense.com.br\/cbradar\/o-comportamento-que-o-seu-cachorro-odeia-que-voce-faca-e-voce-nao-percebe\/#breadcrumb"},"inLanguage":"pt-BR","potentialAction":[{"@type":"ReadAction","target":["https:\/\/www.correiobraziliense.com.br\/cbradar\/o-comportamento-que-o-seu-cachorro-odeia-que-voce-faca-e-voce-nao-percebe\/"]}]},{"@type":"ImageObject","inLanguage":"pt-BR","@id":"https:\/\/www.correiobraziliense.com.br\/cbradar\/o-comportamento-que-o-seu-cachorro-odeia-que-voce-faca-e-voce-nao-percebe\/#primaryimage","url":"https:\/\/www.correiobraziliense.com.br\/cbradar\/wp-content\/uploads\/2025\/11\/Caes-e-Abracos.png","contentUrl":"https:\/\/www.correiobraziliense.com.br\/cbradar\/wp-content\/uploads\/2025\/11\/Caes-e-Abracos.png","width":1344,"height":768,"caption":"Respeite o jeito do seu c\u00e3o; carinho verdadeiro vai al\u00e9m de abra\u00e7os, \u00e9 conex\u00e3o e cuidado sinceros."},{"@type":"BreadcrumbList","@id":"https:\/\/www.correiobraziliense.com.br\/cbradar\/o-comportamento-que-o-seu-cachorro-odeia-que-voce-faca-e-voce-nao-percebe\/#breadcrumb","itemListElement":[{"@type":"ListItem","position":1,"name":"In\u00edcio","item":"https:\/\/www.correiobraziliense.com.br\/cbradar\/"},{"@type":"ListItem","position":2,"name":"O comportamento que o seu cachorro odeia que voc\u00ea fa\u00e7a e voc\u00ea n\u00e3o percebe"}]},{"@type":"WebSite","@id":"https:\/\/www.correiobraziliense.com.br\/cbradar\/#website","url":"https:\/\/www.correiobraziliense.com.br\/cbradar\/","name":"Correio Braziliense - Radar","description":"Acompanhe as \u00faltimas not\u00edcias e fique bem informado sobre tudo o que acontece no Brasil e no mundo.","potentialAction":[{"@type":"SearchAction","target":{"@type":"EntryPoint","urlTemplate":"https:\/\/www.correiobraziliense.com.br\/cbradar\/?s={search_term_string}"},"query-input":{"@type":"PropertyValueSpecification","valueRequired":true,"valueName":"search_term_string"}}],"inLanguage":"pt-BR"},{"@type":"Person","@id":"https:\/\/www.correiobraziliense.com.br\/cbradar\/#\/schema\/person\/58422787644df994b53a19d3e56c1513","name":"Larissa Carvalho","image":{"@type":"ImageObject","inLanguage":"pt-BR","@id":"https:\/\/www.correiobraziliense.com.br\/cbradar\/#\/schema\/person\/image\/","url":"https:\/\/secure.gravatar.com\/avatar\/fe4f91a0de32b52a838d0d612abdc1aa?s=96&d=mm&r=g","contentUrl":"https:\/\/secure.gravatar.com\/avatar\/fe4f91a0de32b52a838d0d612abdc1aa?s=96&d=mm&r=g","caption":"Larissa Carvalho"},"url":"https:\/\/www.correiobraziliense.com.br\/cbradar\/author\/larissamyth\/"}]}},"_links":{"self":[{"href":"https:\/\/www.correiobraziliense.com.br\/cbradar\/wp-json\/wp\/v2\/posts\/135400","targetHints":{"allow":["GET"]}}],"collection":[{"href":"https:\/\/www.correiobraziliense.com.br\/cbradar\/wp-json\/wp\/v2\/posts"}],"about":[{"href":"https:\/\/www.correiobraziliense.com.br\/cbradar\/wp-json\/wp\/v2\/types\/post"}],"author":[{"embeddable":true,"href":"https:\/\/www.correiobraziliense.com.br\/cbradar\/wp-json\/wp\/v2\/users\/3"}],"replies":[{"embeddable":true,"href":"https:\/\/www.correiobraziliense.com.br\/cbradar\/wp-json\/wp\/v2\/comments?post=135400"}],"version-history":[{"count":2,"href":"https:\/\/www.correiobraziliense.com.br\/cbradar\/wp-json\/wp\/v2\/posts\/135400\/revisions"}],"predecessor-version":[{"id":135404,"href":"https:\/\/www.correiobraziliense.com.br\/cbradar\/wp-json\/wp\/v2\/posts\/135400\/revisions\/135404"}],"wp:featuredmedia":[{"embeddable":true,"href":"https:\/\/www.correiobraziliense.com.br\/cbradar\/wp-json\/wp\/v2\/media\/135402"}],"wp:attachment":[{"href":"https:\/\/www.correiobraziliense.com.br\/cbradar\/wp-json\/wp\/v2\/media?parent=135400"}],"wp:term":[{"taxonomy":"category","embeddable":true,"href":"https:\/\/www.correiobraziliense.com.br\/cbradar\/wp-json\/wp\/v2\/categories?post=135400"},{"taxonomy":"post_tag","embeddable":true,"href":"https:\/\/www.correiobraziliense.com.br\/cbradar\/wp-json\/wp\/v2\/post_tag?post=135400"}],"curies":[{"name":"wp","href":"https:\/\/api.w.org\/{rel}","templated":true}]}}