{"id":13544,"date":"2025-03-20T20:30:00","date_gmt":"2025-03-20T23:30:00","guid":{"rendered":"https:\/\/www.correiobraziliense.com.br\/cbradar\/?p=13544"},"modified":"2025-03-19T21:28:53","modified_gmt":"2025-03-20T00:28:53","slug":"como-plantar-oregano-com-o-guia-pratico-para-cultivo-caseiro","status":"publish","type":"post","link":"https:\/\/www.correiobraziliense.com.br\/cbradar\/como-plantar-oregano-com-o-guia-pratico-para-cultivo-caseiro\/","title":{"rendered":"Como plantar or\u00e9gano com o guia pr\u00e1tico para cultivo caseiro"},"content":{"rendered":"\n<p>O or\u00e9gano \u00e9 uma erva arom\u00e1tica amplamente utilizada na culin\u00e1ria mediterr\u00e2nea, famosa por seu sabor marcante e propriedades ben\u00e9ficas \u00e0 sa\u00fade. Al\u00e9m de ser um tempero vers\u00e1til, o or\u00e9gano possui propriedades antioxidantes e antimicrobianas, tornando-se um aliado na preserva\u00e7\u00e3o de alimentos. Este artigo explora como cultivar or\u00e9gano em casa, seja em canteiros ou vasos, para aproveitar ao m\u00e1ximo seus benef\u00edcios.<\/p>\n\n\n\n<p>O cultivo do or\u00e9gano pode ser realizado de diversas formas, incluindo o plantio por sementes, divis\u00e3o de touceiras ou estaquia. Cada m\u00e9todo possui suas particularidades e vantagens, permitindo que o jardineiro escolha a t\u00e9cnica que melhor se adapta \u00e0s suas necessidades e condi\u00e7\u00f5es de cultivo.<\/p>\n\n\n\n<h2 class=\"wp-block-heading\">Quais s\u00e3o os m\u00e9todos de plantio do or\u00e9gano?<\/h2>\n\n\n\n<p>Existem tr\u00eas m\u00e9todos principais para plantar or\u00e9gano: por sementes, divis\u00e3o de touceiras e estaquia. O plantio por sementes \u00e9 o mais demorado, mas \u00e9 eficaz. As sementes podem ser plantadas diretamente no solo ou em recipientes, como vasos ou copinhos de papel. A germina\u00e7\u00e3o ocorre em cerca de duas semanas, e as mudas devem ser transplantadas quando apresentarem quatro pares de folhas definitivas.<\/p>\n\n\n\n<figure class=\"wp-block-image size-large\"><img decoding=\"async\" width=\"1024\" height=\"576\" src=\"https:\/\/www.correiobraziliense.com.br\/cbradar\/wp-content\/uploads\/2025\/03\/Plantar-Oregano_1742305421838-1024x576.jpg\" alt=\"Como Plantar Or\u00e9gano: Guia Pr\u00e1tico para Cultivo Caseiro\" class=\"wp-image-13554\" srcset=\"https:\/\/www.correiobraziliense.com.br\/cbradar\/wp-content\/uploads\/2025\/03\/Plantar-Oregano_1742305421838-1024x576.jpg 1024w, https:\/\/www.correiobraziliense.com.br\/cbradar\/wp-content\/uploads\/2025\/03\/Plantar-Oregano_1742305421838-300x169.jpg 300w, https:\/\/www.correiobraziliense.com.br\/cbradar\/wp-content\/uploads\/2025\/03\/Plantar-Oregano_1742305421838-768x432.jpg 768w, https:\/\/www.correiobraziliense.com.br\/cbradar\/wp-content\/uploads\/2025\/03\/Plantar-Oregano_1742305421838-750x422.jpg 750w, https:\/\/www.correiobraziliense.com.br\/cbradar\/wp-content\/uploads\/2025\/03\/Plantar-Oregano_1742305421838-1140x641.jpg 1140w, https:\/\/www.correiobraziliense.com.br\/cbradar\/wp-content\/uploads\/2025\/03\/Plantar-Oregano_1742305421838.jpg 1280w\" sizes=\"(max-width: 1024px) 100vw, 1024px\" \/><figcaption class=\"wp-element-caption\">Plantar Or\u00e9gano.Cr\u00e9ditos: depositphotos.com \/ ildi_papp<\/figcaption><\/figure>\n\n\n\n<p>O plantio por estaquia \u00e9 uma alternativa mais r\u00e1pida, pois as plantas crescem a partir de ramos da planta m\u00e3e. Para isso, corte ramos de aproximadamente 15 cm, remova as folhas inferiores e coloque a parte inferior em \u00e1gua at\u00e9 que as ra\u00edzes se formem. Em seguida, plante no local definitivo. Este m\u00e9todo garante plantas id\u00eanticas \u00e0 planta original.<\/p>\n\n\n\n<h2 class=\"wp-block-heading\">Qual \u00e9 o solo ideal para o cultivo de or\u00e9gano?<\/h2>\n\n\n\n<p>O or\u00e9gano \u00e9 uma planta perene que pode atingir entre 20 cm e 80 cm de altura. O solo ideal para seu cultivo deve ser bem drenado e, preferencialmente, f\u00e9rtil. No entanto, o or\u00e9gano tamb\u00e9m se adapta a solos pobres. O pH do solo deve estar entre 6 e 8, sendo que solos calc\u00e1rios favorecem o crescimento da planta. \u00c9 importante manter o solo levemente \u00famido, evitando tanto a falta quanto o excesso de \u00e1gua, que podem prejudicar o desenvolvimento do or\u00e9gano.<\/p>\n\n\n\n<h2 class=\"wp-block-heading\">Quais s\u00e3o as condi\u00e7\u00f5es clim\u00e1ticas e de luminosidade adequadas?<\/h2>\n\n\n\n<p>O or\u00e9gano se desenvolve melhor em climas amenos ou moderadamente quentes, com temperaturas ideais entre 21\u00b0C e 25\u00b0C. No entanto, a planta \u00e9 bastante resistente e pode ser cultivada em temperaturas que variam de 4\u00b0C a 32\u00b0C. A luminosidade \u00e9 crucial para o cultivo do or\u00e9gano, que deve receber luz solar direta por algumas horas di\u00e1rias. Quanto mais luz solar, mais arom\u00e1ticas ser\u00e3o suas folhas.<\/p>\n\n\n\n<h2 class=\"wp-block-heading\">Como e quando colher o or\u00e9gano?<\/h2>\n\n\n\n<p>A colheita do or\u00e9gano deve ser iniciada quando a planta atingir pelo menos 20 cm de altura. As folhas s\u00e3o mais saborosas quando come\u00e7am a surgir as flores, que tamb\u00e9m podem ser utilizadas como condimento. As folhas frescas podem ser secas em um local escuro, quente e bem ventilado, pois o sabor se intensifica quando secas. Com condi\u00e7\u00f5es adequadas de cultivo, o or\u00e9gano pode produzir bem por at\u00e9 cinco anos.<\/p>\n\n\n\n<p>O cultivo de or\u00e9gano em casa \u00e9 uma pr\u00e1tica gratificante que proporciona um tempero fresco e saud\u00e1vel para diversas receitas. Com cuidados simples e aten\u00e7\u00e3o \u00e0s condi\u00e7\u00f5es de solo, clima e luminosidade, \u00e9 poss\u00edvel desfrutar dos benef\u00edcios dessa erva arom\u00e1tica por muitos anos.<\/p>\n","protected":false},"excerpt":{"rendered":"<p>Aprenda a plantar or\u00e9gano em casa, um tempero delicioso e saud\u00e1vel. Guia completo com dicas de plantio, solo, luminosidade e colheita.<\/p>\n","protected":false},"author":3,"featured_media":13552,"comment_status":"open","ping_status":"open","sticky":false,"template":"","format":"standard","meta":{"_yoast_wpseo_focuskw":"plantar or\u00e9gano","_yoast_wpseo_title":"%%title%%","_yoast_wpseo_metadesc":"Aprenda a plantar or\u00e9gano em casa, um tempero delicioso e saud\u00e1vel. Guia completo com dicas de plantio, solo, luminosidade e colheita.","jnews-multi-image_gallery":[],"jnews_single_post":{"format":"standard"},"jnews_primary_category":[],"jnews_social_meta":[],"jnews_override_counter":[],"footnotes":""},"categories":[136],"post_tag":[137,2162],"class_list":["post-13544","post","type-post","status-publish","format-standard","has-post-thumbnail","hentry","category-jardinagem","tag-como-plantar","tag-oregano"],"yoast_head":"<!-- This site is optimized with the Yoast SEO plugin v24.6 - https:\/\/yoast.com\/wordpress\/plugins\/seo\/ -->\n<title>Como plantar or\u00e9gano com o guia pr\u00e1tico para cultivo caseiro<\/title>\n<meta name=\"description\" content=\"Aprenda a plantar or\u00e9gano em casa, um tempero delicioso e saud\u00e1vel. Guia completo com dicas de plantio, solo, luminosidade e colheita.\" \/>\n<meta name=\"robots\" content=\"index, follow, max-snippet:-1, max-image-preview:large, max-video-preview:-1\" \/>\n<link rel=\"canonical\" href=\"https:\/\/www.correiobraziliense.com.br\/cbradar\/como-plantar-oregano-com-o-guia-pratico-para-cultivo-caseiro\/\" \/>\n<meta property=\"og:locale\" content=\"pt_BR\" \/>\n<meta property=\"og:type\" content=\"article\" \/>\n<meta property=\"og:title\" content=\"Como plantar or\u00e9gano com o guia pr\u00e1tico para cultivo caseiro\" \/>\n<meta property=\"og:description\" content=\"Aprenda a plantar or\u00e9gano em casa, um tempero delicioso e saud\u00e1vel. Guia completo com dicas de plantio, solo, luminosidade e colheita.\" \/>\n<meta property=\"og:url\" content=\"https:\/\/www.correiobraziliense.com.br\/cbradar\/como-plantar-oregano-com-o-guia-pratico-para-cultivo-caseiro\/\" \/>\n<meta property=\"og:site_name\" content=\"Correio Braziliense - Radar\" \/>\n<meta property=\"article:published_time\" content=\"2025-03-20T23:30:00+00:00\" \/>\n<meta property=\"og:image\" content=\"https:\/\/www.correiobraziliense.com.br\/cbradar\/wp-content\/uploads\/2025\/03\/Plantar-Oregano_1742305392407.jpg\" \/>\n\t<meta property=\"og:image:width\" content=\"1280\" \/>\n\t<meta property=\"og:image:height\" content=\"720\" \/>\n\t<meta property=\"og:image:type\" content=\"image\/jpeg\" \/>\n<meta name=\"author\" content=\"Larissa Carvalho\" \/>\n<meta name=\"twitter:card\" content=\"summary_large_image\" \/>\n<meta name=\"twitter:label1\" content=\"Escrito por\" \/>\n\t<meta name=\"twitter:data1\" content=\"Larissa Carvalho\" \/>\n\t<meta name=\"twitter:label2\" content=\"Est. tempo de leitura\" \/>\n\t<meta name=\"twitter:data2\" content=\"4 minutos\" \/>\n<!-- \/ Yoast SEO plugin. -->","yoast_head_json":{"title":"Como plantar or\u00e9gano com o guia pr\u00e1tico para cultivo caseiro","description":"Aprenda a plantar or\u00e9gano em casa, um tempero delicioso e saud\u00e1vel. Guia completo com dicas de plantio, solo, luminosidade e colheita.","robots":{"index":"index","follow":"follow","max-snippet":"max-snippet:-1","max-image-preview":"max-image-preview:large","max-video-preview":"max-video-preview:-1"},"canonical":"https:\/\/www.correiobraziliense.com.br\/cbradar\/como-plantar-oregano-com-o-guia-pratico-para-cultivo-caseiro\/","og_locale":"pt_BR","og_type":"article","og_title":"Como plantar or\u00e9gano com o guia pr\u00e1tico para cultivo caseiro","og_description":"Aprenda a plantar or\u00e9gano em casa, um tempero delicioso e saud\u00e1vel. Guia completo com dicas de plantio, solo, luminosidade e colheita.","og_url":"https:\/\/www.correiobraziliense.com.br\/cbradar\/como-plantar-oregano-com-o-guia-pratico-para-cultivo-caseiro\/","og_site_name":"Correio Braziliense - Radar","article_published_time":"2025-03-20T23:30:00+00:00","og_image":[{"width":1280,"height":720,"url":"https:\/\/www.correiobraziliense.com.br\/cbradar\/wp-content\/uploads\/2025\/03\/Plantar-Oregano_1742305392407.jpg","type":"image\/jpeg"}],"author":"Larissa Carvalho","twitter_card":"summary_large_image","twitter_misc":{"Escrito por":"Larissa Carvalho","Est. tempo de leitura":"4 minutos"},"schema":{"@context":"https:\/\/schema.org","@graph":[{"@type":"WebPage","@id":"https:\/\/www.correiobraziliense.com.br\/cbradar\/como-plantar-oregano-com-o-guia-pratico-para-cultivo-caseiro\/","url":"https:\/\/www.correiobraziliense.com.br\/cbradar\/como-plantar-oregano-com-o-guia-pratico-para-cultivo-caseiro\/","name":"Como plantar or\u00e9gano com o guia pr\u00e1tico para cultivo caseiro","isPartOf":{"@id":"https:\/\/www.correiobraziliense.com.br\/cbradar\/#website"},"primaryImageOfPage":{"@id":"https:\/\/www.correiobraziliense.com.br\/cbradar\/como-plantar-oregano-com-o-guia-pratico-para-cultivo-caseiro\/#primaryimage"},"image":{"@id":"https:\/\/www.correiobraziliense.com.br\/cbradar\/como-plantar-oregano-com-o-guia-pratico-para-cultivo-caseiro\/#primaryimage"},"thumbnailUrl":"https:\/\/www.correiobraziliense.com.br\/cbradar\/wp-content\/uploads\/2025\/03\/Plantar-Oregano_1742305392407.jpg","datePublished":"2025-03-20T23:30:00+00:00","author":{"@id":"https:\/\/www.correiobraziliense.com.br\/cbradar\/#\/schema\/person\/58422787644df994b53a19d3e56c1513"},"description":"Aprenda a plantar or\u00e9gano em casa, um tempero delicioso e saud\u00e1vel. Guia completo com dicas de plantio, solo, luminosidade e colheita.","breadcrumb":{"@id":"https:\/\/www.correiobraziliense.com.br\/cbradar\/como-plantar-oregano-com-o-guia-pratico-para-cultivo-caseiro\/#breadcrumb"},"inLanguage":"pt-BR","potentialAction":[{"@type":"ReadAction","target":["https:\/\/www.correiobraziliense.com.br\/cbradar\/como-plantar-oregano-com-o-guia-pratico-para-cultivo-caseiro\/"]}]},{"@type":"ImageObject","inLanguage":"pt-BR","@id":"https:\/\/www.correiobraziliense.com.br\/cbradar\/como-plantar-oregano-com-o-guia-pratico-para-cultivo-caseiro\/#primaryimage","url":"https:\/\/www.correiobraziliense.com.br\/cbradar\/wp-content\/uploads\/2025\/03\/Plantar-Oregano_1742305392407.jpg","contentUrl":"https:\/\/www.correiobraziliense.com.br\/cbradar\/wp-content\/uploads\/2025\/03\/Plantar-Oregano_1742305392407.jpg","width":1280,"height":720,"caption":"Plantar Or\u00e9gano.Cr\u00e9ditos: depositphotos.com \/ AlexNazaruk"},{"@type":"BreadcrumbList","@id":"https:\/\/www.correiobraziliense.com.br\/cbradar\/como-plantar-oregano-com-o-guia-pratico-para-cultivo-caseiro\/#breadcrumb","itemListElement":[{"@type":"ListItem","position":1,"name":"In\u00edcio","item":"https:\/\/www.correiobraziliense.com.br\/cbradar\/"},{"@type":"ListItem","position":2,"name":"Como plantar or\u00e9gano com o guia pr\u00e1tico para cultivo caseiro"}]},{"@type":"WebSite","@id":"https:\/\/www.correiobraziliense.com.br\/cbradar\/#website","url":"https:\/\/www.correiobraziliense.com.br\/cbradar\/","name":"Correio Braziliense - Radar","description":"Acompanhe as \u00faltimas not\u00edcias e fique bem informado sobre tudo o que acontece no Brasil e no mundo.","potentialAction":[{"@type":"SearchAction","target":{"@type":"EntryPoint","urlTemplate":"https:\/\/www.correiobraziliense.com.br\/cbradar\/?s={search_term_string}"},"query-input":{"@type":"PropertyValueSpecification","valueRequired":true,"valueName":"search_term_string"}}],"inLanguage":"pt-BR"},{"@type":"Person","@id":"https:\/\/www.correiobraziliense.com.br\/cbradar\/#\/schema\/person\/58422787644df994b53a19d3e56c1513","name":"Larissa Carvalho","image":{"@type":"ImageObject","inLanguage":"pt-BR","@id":"https:\/\/www.correiobraziliense.com.br\/cbradar\/#\/schema\/person\/image\/","url":"https:\/\/secure.gravatar.com\/avatar\/fe4f91a0de32b52a838d0d612abdc1aa?s=96&d=mm&r=g","contentUrl":"https:\/\/secure.gravatar.com\/avatar\/fe4f91a0de32b52a838d0d612abdc1aa?s=96&d=mm&r=g","caption":"Larissa Carvalho"},"url":"https:\/\/www.correiobraziliense.com.br\/cbradar\/author\/larissamyth\/"}]}},"_links":{"self":[{"href":"https:\/\/www.correiobraziliense.com.br\/cbradar\/wp-json\/wp\/v2\/posts\/13544","targetHints":{"allow":["GET"]}}],"collection":[{"href":"https:\/\/www.correiobraziliense.com.br\/cbradar\/wp-json\/wp\/v2\/posts"}],"about":[{"href":"https:\/\/www.correiobraziliense.com.br\/cbradar\/wp-json\/wp\/v2\/types\/post"}],"author":[{"embeddable":true,"href":"https:\/\/www.correiobraziliense.com.br\/cbradar\/wp-json\/wp\/v2\/users\/3"}],"replies":[{"embeddable":true,"href":"https:\/\/www.correiobraziliense.com.br\/cbradar\/wp-json\/wp\/v2\/comments?post=13544"}],"version-history":[{"count":2,"href":"https:\/\/www.correiobraziliense.com.br\/cbradar\/wp-json\/wp\/v2\/posts\/13544\/revisions"}],"predecessor-version":[{"id":13927,"href":"https:\/\/www.correiobraziliense.com.br\/cbradar\/wp-json\/wp\/v2\/posts\/13544\/revisions\/13927"}],"wp:featuredmedia":[{"embeddable":true,"href":"https:\/\/www.correiobraziliense.com.br\/cbradar\/wp-json\/wp\/v2\/media\/13552"}],"wp:attachment":[{"href":"https:\/\/www.correiobraziliense.com.br\/cbradar\/wp-json\/wp\/v2\/media?parent=13544"}],"wp:term":[{"taxonomy":"category","embeddable":true,"href":"https:\/\/www.correiobraziliense.com.br\/cbradar\/wp-json\/wp\/v2\/categories?post=13544"},{"taxonomy":"post_tag","embeddable":true,"href":"https:\/\/www.correiobraziliense.com.br\/cbradar\/wp-json\/wp\/v2\/post_tag?post=13544"}],"curies":[{"name":"wp","href":"https:\/\/api.w.org\/{rel}","templated":true}]}}