{"id":13545,"date":"2025-03-19T18:10:00","date_gmt":"2025-03-19T21:10:00","guid":{"rendered":"https:\/\/www.correiobraziliense.com.br\/cbradar\/?p=13545"},"modified":"2025-03-18T13:29:36","modified_gmt":"2025-03-18T16:29:36","slug":"1883-vai-ter-segunda-temporada","status":"publish","type":"post","link":"https:\/\/www.correiobraziliense.com.br\/cbradar\/1883-vai-ter-segunda-temporada\/","title":{"rendered":"1883 vai ter segunda temporada?"},"content":{"rendered":"\n<p>O sucesso de\u00a0<strong>Yellowstone<\/strong>\u00a0na <strong>Netflix <\/strong>abriu caminho para que outras produ\u00e7\u00f5es do mesmo universo ganhassem destaque na plataforma. Entre elas, a s\u00e9rie\u00a0<strong><em><a href=\"https:\/\/www.correiobraziliense.com.br\/cbradar\/o-que-voce-precisa-saber-antes-de-assistir-1883\/\" target=\"_blank\" rel=\"noreferrer noopener\">1883<\/a><\/em>\u00a0<\/strong>rapidamente conquistou o p\u00fablico, alcan\u00e7ando o segundo lugar no Top 10 do streaming no Brasil. Esta produ\u00e7\u00e3o oferece uma vis\u00e3o aprofundada sobre a hist\u00f3ria da fam\u00edlia <strong>Dutton<\/strong>, ambientada muito antes dos eventos que envolvem John Dutton na s\u00e9rie original.<\/p>\n\n\n\n<p>Exibida entre 2021 e 2022,\u00a0<em>1883<\/em>\u00a0narra a jornada da fam\u00edlia Dutton ao deixar o <strong>Texas <\/strong>em busca de uma vida melhor em <strong>Montana<\/strong>. A s\u00e9rie apresenta <strong>John Dutton<\/strong> como uma crian\u00e7a, interpretada por <strong>Audie Rick<\/strong>, permitindo ao p\u00fablico explorar os anos formativos do personagem. A trama, embora n\u00e3o leve o nome\u00a0<strong>Yellowstone<\/strong>, conseguiu conquistar uma popularidade semelhante durante sua exibi\u00e7\u00e3o inicial.<\/p>\n\n\n\n<h2 class=\"wp-block-heading\">1883 ter\u00e1 uma segunda temporada?<\/h2>\n\n\n\n<p>Com a chegada de&nbsp;<em>1883<\/em>&nbsp;\u00e0 Netflix, muitos f\u00e3s come\u00e7aram a especular sobre a possibilidade de uma segunda temporada. Em fevereiro de 2022, a Paramount chegou a anunciar novos epis\u00f3dios, mas posteriormente voltou atr\u00e1s, e at\u00e9 o momento, n\u00e3o h\u00e1 sinais de continuidade. O criador da s\u00e9rie, Taylor Sheridan, afirmou que a hist\u00f3ria foi conclu\u00edda em sua primeira temporada, composta por 10 epis\u00f3dios.<\/p>\n\n\n\n<p>Em entrevista, Sheridan explicou que sua inten\u00e7\u00e3o era contar uma jornada espec\u00edfica, e que a narrativa de&nbsp;<em>1883<\/em>&nbsp;foi concebida para ser completa em si mesma. Ele preferiu deixar certas quest\u00f5es em aberto, permitindo que o p\u00fablico imagine o destino dos personagens. Essa abordagem visa proporcionar uma experi\u00eancia \u00fanica, mesmo para aqueles que n\u00e3o assistiram a&nbsp;<strong>Yellowstone<\/strong>.<\/p>\n\n\n\n<figure class=\"wp-block-image size-large\"><img decoding=\"async\" width=\"1024\" height=\"576\" src=\"https:\/\/www.correiobraziliense.com.br\/cbradar\/wp-content\/uploads\/2025\/03\/1883-2-1-1024x576.png\" alt=\"1883 vai ter segunda temporada?\" class=\"wp-image-13558\" srcset=\"https:\/\/www.correiobraziliense.com.br\/cbradar\/wp-content\/uploads\/2025\/03\/1883-2-1-1024x576.png 1024w, https:\/\/www.correiobraziliense.com.br\/cbradar\/wp-content\/uploads\/2025\/03\/1883-2-1-300x169.png 300w, https:\/\/www.correiobraziliense.com.br\/cbradar\/wp-content\/uploads\/2025\/03\/1883-2-1-768x432.png 768w, https:\/\/www.correiobraziliense.com.br\/cbradar\/wp-content\/uploads\/2025\/03\/1883-2-1-750x422.png 750w, https:\/\/www.correiobraziliense.com.br\/cbradar\/wp-content\/uploads\/2025\/03\/1883-2-1-1140x641.png 1140w, https:\/\/www.correiobraziliense.com.br\/cbradar\/wp-content\/uploads\/2025\/03\/1883-2-1.png 1280w\" sizes=\"(max-width: 1024px) 100vw, 1024px\" \/><figcaption class=\"wp-element-caption\">1883. Fonte: divulga\u00e7\u00e3o \/ Paramount+<\/figcaption><\/figure>\n\n\n\n<h2 class=\"wp-block-heading\">Como 1883 se conecta ao universo de Yellowstone?<\/h2>\n\n\n\n<p>Embora&nbsp;<em>1883<\/em>&nbsp;n\u00e3o tenha uma segunda temporada, a s\u00e9rie faz parte de um universo expandido que inclui outras produ\u00e7\u00f5es. Uma delas \u00e9&nbsp;<em>1923<\/em>, que continua a saga da fam\u00edlia Dutton em um novo contexto temporal. Lan\u00e7ada em 2022,&nbsp;<em>1923<\/em>&nbsp;j\u00e1 tem uma segunda temporada em produ\u00e7\u00e3o, prometendo explorar ainda mais a hist\u00f3ria da fam\u00edlia.<\/p>\n\n\n\n<p>Al\u00e9m disso, a <strong>Paramount <\/strong>est\u00e1 desenvolvendo novos projetos dentro deste universo, como\u00a0<em><strong>The Madison<\/strong><\/em>,\u00a0<em><strong>6666<\/strong><\/em>,\u00a0<em><strong>1944<\/strong><\/em>, e uma narrativa in\u00e9dita centrada nos personagens <strong>Beth Dutton <\/strong>e <strong>Rip Wheeler<\/strong>. Este vasto universo conectado oferece in\u00fameras possibilidades para futuras hist\u00f3rias e spin-offs, garantindo que a franquia continue a se expandir nos pr\u00f3ximos anos.<\/p>\n\n\n\n<h2 class=\"wp-block-heading\">Quais s\u00e3o as expectativas para o futuro da franquia?<\/h2>\n\n\n\n<p>O universo de&nbsp;<strong>Yellowstone<\/strong>, criado por Taylor Sheridan, tem potencial para se desenvolver por muitos anos. Com a produ\u00e7\u00e3o de novos spin-offs e a expans\u00e3o das hist\u00f3rias existentes, a franquia promete continuar a atrair a aten\u00e7\u00e3o do p\u00fablico. No entanto, a presen\u00e7a de Kevin Costner em futuras produ\u00e7\u00f5es \u00e9 incerta, o que pode influenciar a recep\u00e7\u00e3o dos novos projetos.<\/p>\n\n\n\n<p>Enquanto os f\u00e3s aguardam por novidades, a s\u00e9rie&nbsp;<em>1883<\/em>&nbsp;continua a ser uma pe\u00e7a fundamental para entender as origens da fam\u00edlia Dutton. Com uma narrativa envolvente e personagens cativantes, a s\u00e9rie oferece uma experi\u00eancia rica e gratificante para os espectadores, consolidando seu lugar no universo de&nbsp;<strong>Yellowstone<\/strong>.<\/p>\n","protected":false},"excerpt":{"rendered":"<p>Explore o universo expandido de Yellowstone, incluindo a s\u00e9rie 1883, sua conex\u00e3o com a franquia e as expectativas para o futuro da franquia.<\/p>\n","protected":false},"author":3,"featured_media":13556,"comment_status":"open","ping_status":"open","sticky":false,"template":"","format":"standard","meta":{"_yoast_wpseo_focuskw":"1883","_yoast_wpseo_title":"%%title%%","_yoast_wpseo_metadesc":"Explore o universo expandido de Yellowstone, incluindo a s\u00e9rie 1883, sua conex\u00e3o com a franquia e as expectativas para o futuro da franquia.","jnews-multi-image_gallery":[],"jnews_single_post":{"format":"standard"},"jnews_primary_category":[],"jnews_social_meta":[],"jnews_override_counter":[],"footnotes":""},"categories":[140],"post_tag":[568],"class_list":["post-13545","post","type-post","status-publish","format-standard","has-post-thumbnail","hentry","category-entretenimento","tag-series-e-filmes"],"yoast_head":"<!-- This site is optimized with the Yoast SEO plugin v24.6 - https:\/\/yoast.com\/wordpress\/plugins\/seo\/ -->\n<title>1883 vai ter segunda temporada?<\/title>\n<meta name=\"description\" content=\"Explore o universo expandido de Yellowstone, incluindo a s\u00e9rie 1883, sua conex\u00e3o com a franquia e as expectativas para o futuro da franquia.\" \/>\n<meta name=\"robots\" content=\"index, follow, max-snippet:-1, max-image-preview:large, max-video-preview:-1\" \/>\n<link rel=\"canonical\" href=\"https:\/\/www.correiobraziliense.com.br\/cbradar\/1883-vai-ter-segunda-temporada\/\" \/>\n<meta property=\"og:locale\" content=\"pt_BR\" \/>\n<meta property=\"og:type\" content=\"article\" \/>\n<meta property=\"og:title\" content=\"1883 vai ter segunda temporada?\" \/>\n<meta property=\"og:description\" content=\"Explore o universo expandido de Yellowstone, incluindo a s\u00e9rie 1883, sua conex\u00e3o com a franquia e as expectativas para o futuro da franquia.\" \/>\n<meta property=\"og:url\" content=\"https:\/\/www.correiobraziliense.com.br\/cbradar\/1883-vai-ter-segunda-temporada\/\" \/>\n<meta property=\"og:site_name\" content=\"Correio Braziliense - Radar\" \/>\n<meta property=\"article:published_time\" content=\"2025-03-19T21:10:00+00:00\" \/>\n<meta property=\"og:image\" content=\"https:\/\/www.correiobraziliense.com.br\/cbradar\/wp-content\/uploads\/2025\/03\/1883-1.png\" \/>\n\t<meta property=\"og:image:width\" content=\"1280\" \/>\n\t<meta property=\"og:image:height\" content=\"720\" \/>\n\t<meta property=\"og:image:type\" content=\"image\/png\" \/>\n<meta name=\"author\" content=\"Larissa Carvalho\" \/>\n<meta name=\"twitter:card\" content=\"summary_large_image\" \/>\n<meta name=\"twitter:label1\" content=\"Escrito por\" \/>\n\t<meta name=\"twitter:data1\" content=\"Larissa Carvalho\" \/>\n\t<meta name=\"twitter:label2\" content=\"Est. tempo de leitura\" \/>\n\t<meta name=\"twitter:data2\" content=\"4 minutos\" \/>\n<!-- \/ Yoast SEO plugin. -->","yoast_head_json":{"title":"1883 vai ter segunda temporada?","description":"Explore o universo expandido de Yellowstone, incluindo a s\u00e9rie 1883, sua conex\u00e3o com a franquia e as expectativas para o futuro da franquia.","robots":{"index":"index","follow":"follow","max-snippet":"max-snippet:-1","max-image-preview":"max-image-preview:large","max-video-preview":"max-video-preview:-1"},"canonical":"https:\/\/www.correiobraziliense.com.br\/cbradar\/1883-vai-ter-segunda-temporada\/","og_locale":"pt_BR","og_type":"article","og_title":"1883 vai ter segunda temporada?","og_description":"Explore o universo expandido de Yellowstone, incluindo a s\u00e9rie 1883, sua conex\u00e3o com a franquia e as expectativas para o futuro da franquia.","og_url":"https:\/\/www.correiobraziliense.com.br\/cbradar\/1883-vai-ter-segunda-temporada\/","og_site_name":"Correio Braziliense - Radar","article_published_time":"2025-03-19T21:10:00+00:00","og_image":[{"width":1280,"height":720,"url":"https:\/\/www.correiobraziliense.com.br\/cbradar\/wp-content\/uploads\/2025\/03\/1883-1.png","type":"image\/png"}],"author":"Larissa Carvalho","twitter_card":"summary_large_image","twitter_misc":{"Escrito por":"Larissa Carvalho","Est. tempo de leitura":"4 minutos"},"schema":{"@context":"https:\/\/schema.org","@graph":[{"@type":"WebPage","@id":"https:\/\/www.correiobraziliense.com.br\/cbradar\/1883-vai-ter-segunda-temporada\/","url":"https:\/\/www.correiobraziliense.com.br\/cbradar\/1883-vai-ter-segunda-temporada\/","name":"1883 vai ter segunda temporada?","isPartOf":{"@id":"https:\/\/www.correiobraziliense.com.br\/cbradar\/#website"},"primaryImageOfPage":{"@id":"https:\/\/www.correiobraziliense.com.br\/cbradar\/1883-vai-ter-segunda-temporada\/#primaryimage"},"image":{"@id":"https:\/\/www.correiobraziliense.com.br\/cbradar\/1883-vai-ter-segunda-temporada\/#primaryimage"},"thumbnailUrl":"https:\/\/www.correiobraziliense.com.br\/cbradar\/wp-content\/uploads\/2025\/03\/1883-1.png","datePublished":"2025-03-19T21:10:00+00:00","author":{"@id":"https:\/\/www.correiobraziliense.com.br\/cbradar\/#\/schema\/person\/58422787644df994b53a19d3e56c1513"},"description":"Explore o universo expandido de Yellowstone, incluindo a s\u00e9rie 1883, sua conex\u00e3o com a franquia e as expectativas para o futuro da franquia.","breadcrumb":{"@id":"https:\/\/www.correiobraziliense.com.br\/cbradar\/1883-vai-ter-segunda-temporada\/#breadcrumb"},"inLanguage":"pt-BR","potentialAction":[{"@type":"ReadAction","target":["https:\/\/www.correiobraziliense.com.br\/cbradar\/1883-vai-ter-segunda-temporada\/"]}]},{"@type":"ImageObject","inLanguage":"pt-BR","@id":"https:\/\/www.correiobraziliense.com.br\/cbradar\/1883-vai-ter-segunda-temporada\/#primaryimage","url":"https:\/\/www.correiobraziliense.com.br\/cbradar\/wp-content\/uploads\/2025\/03\/1883-1.png","contentUrl":"https:\/\/www.correiobraziliense.com.br\/cbradar\/wp-content\/uploads\/2025\/03\/1883-1.png","width":1280,"height":720,"caption":"1883. Fonte: divulga\u00e7\u00e3o \/ Paramount+"},{"@type":"BreadcrumbList","@id":"https:\/\/www.correiobraziliense.com.br\/cbradar\/1883-vai-ter-segunda-temporada\/#breadcrumb","itemListElement":[{"@type":"ListItem","position":1,"name":"In\u00edcio","item":"https:\/\/www.correiobraziliense.com.br\/cbradar\/"},{"@type":"ListItem","position":2,"name":"1883 vai ter segunda temporada?"}]},{"@type":"WebSite","@id":"https:\/\/www.correiobraziliense.com.br\/cbradar\/#website","url":"https:\/\/www.correiobraziliense.com.br\/cbradar\/","name":"Correio Braziliense - Radar","description":"Acompanhe as \u00faltimas not\u00edcias e fique bem informado sobre tudo o que acontece no Brasil e no mundo.","potentialAction":[{"@type":"SearchAction","target":{"@type":"EntryPoint","urlTemplate":"https:\/\/www.correiobraziliense.com.br\/cbradar\/?s={search_term_string}"},"query-input":{"@type":"PropertyValueSpecification","valueRequired":true,"valueName":"search_term_string"}}],"inLanguage":"pt-BR"},{"@type":"Person","@id":"https:\/\/www.correiobraziliense.com.br\/cbradar\/#\/schema\/person\/58422787644df994b53a19d3e56c1513","name":"Larissa Carvalho","image":{"@type":"ImageObject","inLanguage":"pt-BR","@id":"https:\/\/www.correiobraziliense.com.br\/cbradar\/#\/schema\/person\/image\/","url":"https:\/\/secure.gravatar.com\/avatar\/fe4f91a0de32b52a838d0d612abdc1aa?s=96&d=mm&r=g","contentUrl":"https:\/\/secure.gravatar.com\/avatar\/fe4f91a0de32b52a838d0d612abdc1aa?s=96&d=mm&r=g","caption":"Larissa Carvalho"},"url":"https:\/\/www.correiobraziliense.com.br\/cbradar\/author\/larissamyth\/"}]}},"_links":{"self":[{"href":"https:\/\/www.correiobraziliense.com.br\/cbradar\/wp-json\/wp\/v2\/posts\/13545","targetHints":{"allow":["GET"]}}],"collection":[{"href":"https:\/\/www.correiobraziliense.com.br\/cbradar\/wp-json\/wp\/v2\/posts"}],"about":[{"href":"https:\/\/www.correiobraziliense.com.br\/cbradar\/wp-json\/wp\/v2\/types\/post"}],"author":[{"embeddable":true,"href":"https:\/\/www.correiobraziliense.com.br\/cbradar\/wp-json\/wp\/v2\/users\/3"}],"replies":[{"embeddable":true,"href":"https:\/\/www.correiobraziliense.com.br\/cbradar\/wp-json\/wp\/v2\/comments?post=13545"}],"version-history":[{"count":1,"href":"https:\/\/www.correiobraziliense.com.br\/cbradar\/wp-json\/wp\/v2\/posts\/13545\/revisions"}],"predecessor-version":[{"id":13560,"href":"https:\/\/www.correiobraziliense.com.br\/cbradar\/wp-json\/wp\/v2\/posts\/13545\/revisions\/13560"}],"wp:featuredmedia":[{"embeddable":true,"href":"https:\/\/www.correiobraziliense.com.br\/cbradar\/wp-json\/wp\/v2\/media\/13556"}],"wp:attachment":[{"href":"https:\/\/www.correiobraziliense.com.br\/cbradar\/wp-json\/wp\/v2\/media?parent=13545"}],"wp:term":[{"taxonomy":"category","embeddable":true,"href":"https:\/\/www.correiobraziliense.com.br\/cbradar\/wp-json\/wp\/v2\/categories?post=13545"},{"taxonomy":"post_tag","embeddable":true,"href":"https:\/\/www.correiobraziliense.com.br\/cbradar\/wp-json\/wp\/v2\/post_tag?post=13545"}],"curies":[{"name":"wp","href":"https:\/\/api.w.org\/{rel}","templated":true}]}}