{"id":135537,"date":"2025-11-11T17:15:00","date_gmt":"2025-11-11T20:15:00","guid":{"rendered":"https:\/\/www.correiobraziliense.com.br\/cbradar\/?p=135537"},"modified":"2025-11-11T00:59:57","modified_gmt":"2025-11-11T03:59:57","slug":"falar-dois-idiomas-pode-retardar-o-envelhecimento","status":"publish","type":"post","link":"https:\/\/www.correiobraziliense.com.br\/cbradar\/falar-dois-idiomas-pode-retardar-o-envelhecimento\/","title":{"rendered":"Falar dois idiomas pode retardar o envelhecimento"},"content":{"rendered":"\n<p>Estudos recentes t\u00eam indicado que a capacidade de falar mais de um idioma pode ter efeitos significativos na sa\u00fade mental e f\u00edsica, especialmente ao analisarmos o processo de envelhecimento. Muitos acreditam que o <strong>Bilinguismo <\/strong>pode funcionar como uma forma de treinamento cont\u00ednuo para o c\u00e9rebro, estimulando redes neurais e promovendo uma maior longevidade cognitive.<\/p>\n\n\n\n<p>Uma pesquisa publicada na revista&nbsp;<em>Nature Aging<\/em>&nbsp;revelou que o multilinguismo pode estar associado a uma redu\u00e7\u00e3o no risco de envelhecimento acelerado. Os dados foram extra\u00eddos de um estudo com 86 mil adultos, com idades entre 51 e 90 anos, de 27 pa\u00edses europeus. Os pesquisadores mediram a &#8220;idade biocomportamental&#8221; dos participantes, um \u00edndice que combina aspectos f\u00edsicos e mentais, como mem\u00f3ria, presen\u00e7a de doen\u00e7as cr\u00f4nicas e capacidade funcional.<\/p>\n\n\n\n<h2 class=\"wp-block-heading\">Como o Bilinguismo influencia a sa\u00fade cerebral?<\/h2>\n\n\n\n<p>Os resultados mostraram que aqueles que falavam dois ou mais idiomas tinham uma diferen\u00e7a menor entre a idade biocomportamental e a idade cronol\u00f3gica. Isso sugere que essas pessoas envelheciam de forma mais lenta. O ato de utilizar diferentes idiomas pode representar um desafio mental regular, ajudando a fortalecer as conex\u00f5es cognitivas e melhorando a resili\u00eancia do c\u00e9rebro ao envelhecimento.<\/p>\n\n\n\n<p>Mesmo ap\u00f3s ajustes por fatores como n\u00edvel de escolaridade, exposi\u00e7\u00e3o \u00e0 polui\u00e7\u00e3o e contexto social, o impacto positivo do Bilinguismo persistiu. Isso indica que a pr\u00e1tica regular de mais de uma l\u00edngua pode ser um componente chave para um envelhecimento saud\u00e1vel.<\/p>\n\n\n<div class=\"wp-block-image\">\n<figure class=\"aligncenter size-large\"><img decoding=\"async\" width=\"1024\" height=\"576\" src=\"https:\/\/www.correiobraziliense.com.br\/cbradar\/wp-content\/uploads\/2025\/11\/Bilingue_1762833610452-1024x576.jpg\" alt=\"\" class=\"wp-image-135542\" srcset=\"https:\/\/www.correiobraziliense.com.br\/cbradar\/wp-content\/uploads\/2025\/11\/Bilingue_1762833610452-1024x576.jpg 1024w, https:\/\/www.correiobraziliense.com.br\/cbradar\/wp-content\/uploads\/2025\/11\/Bilingue_1762833610452-300x169.jpg 300w, https:\/\/www.correiobraziliense.com.br\/cbradar\/wp-content\/uploads\/2025\/11\/Bilingue_1762833610452-768x432.jpg 768w, https:\/\/www.correiobraziliense.com.br\/cbradar\/wp-content\/uploads\/2025\/11\/Bilingue_1762833610452-750x422.jpg 750w, https:\/\/www.correiobraziliense.com.br\/cbradar\/wp-content\/uploads\/2025\/11\/Bilingue_1762833610452-1140x641.jpg 1140w, https:\/\/www.correiobraziliense.com.br\/cbradar\/wp-content\/uploads\/2025\/11\/Bilingue_1762833610452.jpg 1280w\" sizes=\"(max-width: 1024px) 100vw, 1024px\" \/><figcaption class=\"wp-element-caption\">Bilinguismo &#8211; Cr\u00e9ditos: depositphotos.com \/ Fidaolga<\/figcaption><\/figure><\/div>\n\n\n<h2 class=\"wp-block-heading\">Aprender novos idiomas realmente retarda o envelhecimento?<\/h2>\n\n\n\n<p>Embora os resultados do estudo sejam promissores, \u00e9 importante ressaltar que ele n\u00e3o estabelece uma rela\u00e7\u00e3o direta de causa e efeito. Ainda n\u00e3o se sabe se aprender mais idiomas realmente retarda o envelhecimento ou se pessoas com c\u00e9rebros naturalmente mais saud\u00e1veis tendem a aprender v\u00e1rias l\u00ednguas. No entanto, as evid\u00eancias sugerem que o aprendizado de idiomas pode integrar um estilo de vida ben\u00e9fico, assim como a pr\u00e1tica regular de atividades f\u00edsicas e a manuten\u00e7\u00e3o de uma vida social ativa.<\/p>\n\n\n\n<h2 class=\"wp-block-heading\">Quais outros benef\u00edcios o aprendizado de idiomas pode proporcionar?<\/h2>\n\n\n\n<p>A aquisi\u00e7\u00e3o de compet\u00eancias lingu\u00edsticas pode trazer benef\u00edcios al\u00e9m da sa\u00fade mental. Aprender novos idiomas facilita a comunica\u00e7\u00e3o em contextos multiculturais, enriquece a experi\u00eancia de viagens internacionais e melhora as perspectivas de carreira em um mundo globalizado. Al\u00e9m disso, o esfor\u00e7o constante despendido na aprendizagem pode tamb\u00e9m aumentar habilidades cr\u00edticas e de resolu\u00e7\u00e3o de problemas.<\/p>\n\n\n\n<p>Em suma, independentemente de as raz\u00f5es sejam puramente cognitivas ou comportamentais, investir no aprendizado de novos idiomas ao longo da vida pode ser uma estrat\u00e9gia valiosa para promover um envelhecimento saud\u00e1vel e ativo. Adotar essa pr\u00e1tica pode n\u00e3o apenas fortalecer o c\u00e9rebro, mas tamb\u00e9m enriquecer a vida de forma ampla e significativa.<\/p>\n\n\n<a href=\"https:\/\/www.instagram.com\/dra.annaluisabf\/\" target=\"_blank\" rel=\"noopener\" style=\"text-decoration: none; color: inherit;\">\n    <span style=\"display: inline-block; border: 1px solid #ccc; border-radius: 10px; padding: 15px; max-width: 550px; font-family: sans-serif; box-shadow: 0 2px 5px rgba(0,0,0,0.1); width: 100%;\">\n\n      <!-- T\u00edtulo -->\n      <span style=\"display: block; margin: 0 0 15px 0; font-weight: bold; color: #2c3e50; text-align: center;\">\n        Entre em contato:\n      <\/span>\n\n      <!-- Linha do perfil -->\n      <span style=\"display: flex; align-items: center; gap: 15px;\">\n        <img decoding=\"async\"\n          src=\"https:\/\/www.correiobraziliense.com.br\/cbradar\/wp-content\/uploads\/2025\/08\/dra_anna_luisa.jpeg\"\n          alt=\"Foto da Dra. Anna Lu\u00edsa\"\n          style=\"border-radius: 50%; width: 80px; height: 80px; object-fit: cover;\"\n        \/>\n        <span style=\"display: flex; flex-direction: column;\">\n          <span style=\"font-size: 18px; font-weight: 700; color: #2c3e50;\">Dra. Anna Lu\u00edsa Barbosa Fernandes<\/span>\n          <span style=\"color: #555;\">CRM-GO 33.271<\/span>\n        <\/span>\n      <\/span>\n\n      <!-- Redes -->\n      <span style=\"display: flex; align-items: center; gap: 10px; margin-top: 12px;\">\n        <img decoding=\"async\" src=\"https:\/\/cdn-icons-png.flaticon.com\/24\/1384\/1384063.png\" alt=\"Instagram\" width=\"24\" height=\"24\" \/>\n        <span style=\"text-decoration: underline; color: #2c3e50;\">@dra.annaluisabf<\/span>\n      <\/span>\n\n    <\/span>\n  <\/a>","protected":false},"excerpt":{"rendered":"<p>Estudos recentes t\u00eam indicado que a capacidade de falar mais de um idioma pode ter efeitos significativos na sa\u00fade mental e f\u00edsica, especialmente ao analisarmos o processo de envelhecimento. Muitos acreditam que o Bilinguismo pode funcionar como uma forma de treinamento cont\u00ednuo para o c\u00e9rebro, estimulando redes neurais e promovendo uma maior longevidade cognitive. Uma [&hellip;]<\/p>\n","protected":false},"author":14,"featured_media":135541,"comment_status":"open","ping_status":"open","sticky":false,"template":"","format":"standard","meta":{"_yoast_wpseo_focuskw":"Bilinguismo","_yoast_wpseo_title":"","_yoast_wpseo_metadesc":"Estudo revela que falar dois ou mais idiomas pode retardar o envelhecimento e proteger o c\u00e9rebro. Entenda os benef\u00edcios do bilinguismo.","jnews-multi-image_gallery":[],"jnews_single_post":{"format":"standard"},"jnews_primary_category":[],"jnews_social_meta":[],"jnews_override_counter":[],"footnotes":""},"categories":[4404],"post_tag":[120,11553,1318],"class_list":["post-135537","post","type-post","status-publish","format-standard","has-post-thumbnail","hentry","category-saude","tag-bem-estar","tag-bilinguismo","tag-saude-2"],"yoast_head":"<!-- This site is optimized with the Yoast SEO plugin v24.6 - https:\/\/yoast.com\/wordpress\/plugins\/seo\/ -->\n<title>Falar dois idiomas pode retardar o envelhecimento - Correio Braziliense - Radar<\/title>\n<meta name=\"description\" content=\"Estudo revela que falar dois ou mais idiomas pode retardar o envelhecimento e proteger o c\u00e9rebro. Entenda os benef\u00edcios do bilinguismo.\" \/>\n<meta name=\"robots\" content=\"index, follow, max-snippet:-1, max-image-preview:large, max-video-preview:-1\" \/>\n<link rel=\"canonical\" href=\"https:\/\/www.correiobraziliense.com.br\/cbradar\/falar-dois-idiomas-pode-retardar-o-envelhecimento\/\" \/>\n<meta property=\"og:locale\" content=\"pt_BR\" \/>\n<meta property=\"og:type\" content=\"article\" \/>\n<meta property=\"og:title\" content=\"Falar dois idiomas pode retardar o envelhecimento - Correio Braziliense - Radar\" \/>\n<meta property=\"og:description\" content=\"Estudo revela que falar dois ou mais idiomas pode retardar o envelhecimento e proteger o c\u00e9rebro. Entenda os benef\u00edcios do bilinguismo.\" \/>\n<meta property=\"og:url\" content=\"https:\/\/www.correiobraziliense.com.br\/cbradar\/falar-dois-idiomas-pode-retardar-o-envelhecimento\/\" \/>\n<meta property=\"og:site_name\" content=\"Correio Braziliense - Radar\" \/>\n<meta property=\"article:published_time\" content=\"2025-11-11T20:15:00+00:00\" \/>\n<meta property=\"og:image\" content=\"https:\/\/www.correiobraziliense.com.br\/cbradar\/wp-content\/uploads\/2025\/11\/Bilingue_1762833592574.jpg\" \/>\n\t<meta property=\"og:image:width\" content=\"1280\" \/>\n\t<meta property=\"og:image:height\" content=\"720\" \/>\n\t<meta property=\"og:image:type\" content=\"image\/jpeg\" \/>\n<meta name=\"author\" content=\"guilherme_saude\" \/>\n<meta name=\"twitter:card\" content=\"summary_large_image\" \/>\n<meta name=\"twitter:label1\" content=\"Escrito por\" \/>\n\t<meta name=\"twitter:data1\" content=\"guilherme_saude\" \/>\n\t<meta name=\"twitter:label2\" content=\"Est. tempo de leitura\" \/>\n\t<meta name=\"twitter:data2\" content=\"4 minutos\" \/>\n<!-- \/ Yoast SEO plugin. -->","yoast_head_json":{"title":"Falar dois idiomas pode retardar o envelhecimento - Correio Braziliense - Radar","description":"Estudo revela que falar dois ou mais idiomas pode retardar o envelhecimento e proteger o c\u00e9rebro. Entenda os benef\u00edcios do bilinguismo.","robots":{"index":"index","follow":"follow","max-snippet":"max-snippet:-1","max-image-preview":"max-image-preview:large","max-video-preview":"max-video-preview:-1"},"canonical":"https:\/\/www.correiobraziliense.com.br\/cbradar\/falar-dois-idiomas-pode-retardar-o-envelhecimento\/","og_locale":"pt_BR","og_type":"article","og_title":"Falar dois idiomas pode retardar o envelhecimento - Correio Braziliense - Radar","og_description":"Estudo revela que falar dois ou mais idiomas pode retardar o envelhecimento e proteger o c\u00e9rebro. Entenda os benef\u00edcios do bilinguismo.","og_url":"https:\/\/www.correiobraziliense.com.br\/cbradar\/falar-dois-idiomas-pode-retardar-o-envelhecimento\/","og_site_name":"Correio Braziliense - Radar","article_published_time":"2025-11-11T20:15:00+00:00","og_image":[{"width":1280,"height":720,"url":"https:\/\/www.correiobraziliense.com.br\/cbradar\/wp-content\/uploads\/2025\/11\/Bilingue_1762833592574.jpg","type":"image\/jpeg"}],"author":"guilherme_saude","twitter_card":"summary_large_image","twitter_misc":{"Escrito por":"guilherme_saude","Est. tempo de leitura":"4 minutos"},"schema":{"@context":"https:\/\/schema.org","@graph":[{"@type":"WebPage","@id":"https:\/\/www.correiobraziliense.com.br\/cbradar\/falar-dois-idiomas-pode-retardar-o-envelhecimento\/","url":"https:\/\/www.correiobraziliense.com.br\/cbradar\/falar-dois-idiomas-pode-retardar-o-envelhecimento\/","name":"Falar dois idiomas pode retardar o envelhecimento - Correio Braziliense - Radar","isPartOf":{"@id":"https:\/\/www.correiobraziliense.com.br\/cbradar\/#website"},"primaryImageOfPage":{"@id":"https:\/\/www.correiobraziliense.com.br\/cbradar\/falar-dois-idiomas-pode-retardar-o-envelhecimento\/#primaryimage"},"image":{"@id":"https:\/\/www.correiobraziliense.com.br\/cbradar\/falar-dois-idiomas-pode-retardar-o-envelhecimento\/#primaryimage"},"thumbnailUrl":"https:\/\/www.correiobraziliense.com.br\/cbradar\/wp-content\/uploads\/2025\/11\/Bilingue_1762833592574.jpg","datePublished":"2025-11-11T20:15:00+00:00","author":{"@id":"https:\/\/www.correiobraziliense.com.br\/cbradar\/#\/schema\/person\/5aa4bf3c8fa699c267933611de12978b"},"description":"Estudo revela que falar dois ou mais idiomas pode retardar o envelhecimento e proteger o c\u00e9rebro. Entenda os benef\u00edcios do bilinguismo.","breadcrumb":{"@id":"https:\/\/www.correiobraziliense.com.br\/cbradar\/falar-dois-idiomas-pode-retardar-o-envelhecimento\/#breadcrumb"},"inLanguage":"pt-BR","potentialAction":[{"@type":"ReadAction","target":["https:\/\/www.correiobraziliense.com.br\/cbradar\/falar-dois-idiomas-pode-retardar-o-envelhecimento\/"]}]},{"@type":"ImageObject","inLanguage":"pt-BR","@id":"https:\/\/www.correiobraziliense.com.br\/cbradar\/falar-dois-idiomas-pode-retardar-o-envelhecimento\/#primaryimage","url":"https:\/\/www.correiobraziliense.com.br\/cbradar\/wp-content\/uploads\/2025\/11\/Bilingue_1762833592574.jpg","contentUrl":"https:\/\/www.correiobraziliense.com.br\/cbradar\/wp-content\/uploads\/2025\/11\/Bilingue_1762833592574.jpg","width":1280,"height":720,"caption":"Bilinguismo - Cr\u00e9ditos: depositphotos.com \/ XiXinXing"},{"@type":"BreadcrumbList","@id":"https:\/\/www.correiobraziliense.com.br\/cbradar\/falar-dois-idiomas-pode-retardar-o-envelhecimento\/#breadcrumb","itemListElement":[{"@type":"ListItem","position":1,"name":"In\u00edcio","item":"https:\/\/www.correiobraziliense.com.br\/cbradar\/"},{"@type":"ListItem","position":2,"name":"Falar dois idiomas pode retardar o envelhecimento"}]},{"@type":"WebSite","@id":"https:\/\/www.correiobraziliense.com.br\/cbradar\/#website","url":"https:\/\/www.correiobraziliense.com.br\/cbradar\/","name":"Correio Braziliense - Radar","description":"Acompanhe as \u00faltimas not\u00edcias e fique bem informado sobre tudo o que acontece no Brasil e no mundo.","potentialAction":[{"@type":"SearchAction","target":{"@type":"EntryPoint","urlTemplate":"https:\/\/www.correiobraziliense.com.br\/cbradar\/?s={search_term_string}"},"query-input":{"@type":"PropertyValueSpecification","valueRequired":true,"valueName":"search_term_string"}}],"inLanguage":"pt-BR"},{"@type":"Person","@id":"https:\/\/www.correiobraziliense.com.br\/cbradar\/#\/schema\/person\/5aa4bf3c8fa699c267933611de12978b","name":"guilherme_saude","image":{"@type":"ImageObject","inLanguage":"pt-BR","@id":"https:\/\/www.correiobraziliense.com.br\/cbradar\/#\/schema\/person\/image\/","url":"https:\/\/secure.gravatar.com\/avatar\/df9adfb835d344bc0af109d41756253f?s=96&d=mm&r=g","contentUrl":"https:\/\/secure.gravatar.com\/avatar\/df9adfb835d344bc0af109d41756253f?s=96&d=mm&r=g","caption":"guilherme_saude"},"url":"https:\/\/www.correiobraziliense.com.br\/cbradar\/author\/guilherme_saude\/"}]}},"_links":{"self":[{"href":"https:\/\/www.correiobraziliense.com.br\/cbradar\/wp-json\/wp\/v2\/posts\/135537","targetHints":{"allow":["GET"]}}],"collection":[{"href":"https:\/\/www.correiobraziliense.com.br\/cbradar\/wp-json\/wp\/v2\/posts"}],"about":[{"href":"https:\/\/www.correiobraziliense.com.br\/cbradar\/wp-json\/wp\/v2\/types\/post"}],"author":[{"embeddable":true,"href":"https:\/\/www.correiobraziliense.com.br\/cbradar\/wp-json\/wp\/v2\/users\/14"}],"replies":[{"embeddable":true,"href":"https:\/\/www.correiobraziliense.com.br\/cbradar\/wp-json\/wp\/v2\/comments?post=135537"}],"version-history":[{"count":1,"href":"https:\/\/www.correiobraziliense.com.br\/cbradar\/wp-json\/wp\/v2\/posts\/135537\/revisions"}],"predecessor-version":[{"id":135543,"href":"https:\/\/www.correiobraziliense.com.br\/cbradar\/wp-json\/wp\/v2\/posts\/135537\/revisions\/135543"}],"wp:featuredmedia":[{"embeddable":true,"href":"https:\/\/www.correiobraziliense.com.br\/cbradar\/wp-json\/wp\/v2\/media\/135541"}],"wp:attachment":[{"href":"https:\/\/www.correiobraziliense.com.br\/cbradar\/wp-json\/wp\/v2\/media?parent=135537"}],"wp:term":[{"taxonomy":"category","embeddable":true,"href":"https:\/\/www.correiobraziliense.com.br\/cbradar\/wp-json\/wp\/v2\/categories?post=135537"},{"taxonomy":"post_tag","embeddable":true,"href":"https:\/\/www.correiobraziliense.com.br\/cbradar\/wp-json\/wp\/v2\/post_tag?post=135537"}],"curies":[{"name":"wp","href":"https:\/\/api.w.org\/{rel}","templated":true}]}}